{"id":96886,"date":"2024-01-20T18:17:56","date_gmt":"2024-01-20T17:17:56","guid":{"rendered":"https:\/\/www.sonnenseite.com\/?p=96886"},"modified":"2024-02-07T13:42:35","modified_gmt":"2024-02-07T12:42:35","slug":"deutschland-wacht-auf-endlich","status":"publish","type":"post","link":"https:\/\/www.sonnenseite.com\/de\/franz-alt\/kommentare-interviews\/deutschland-wacht-auf-endlich\/","title":{"rendered":"Deutschland wacht auf \u2013 endlich!"},"content":{"rendered":"\n<p>In diesen Tagen gehen Millionen Deutsche auf die Stra\u00dfe: F\u00fcr ihre liberale Demokratie, die von der AfD bedroht ist wie nie zuvor nach der Nazi-Herrschaft. <\/p>\n\n\n\n<p>Die 102-j\u00e4hrige Holocaust-\u00dcberlebende Margot Friedl\u00e4nder sagt: So wie jetzt mit der Afd hat es auch in der Weimarer Republik mit den Nazis angefangen. Ein Alarmzeichen! Niemand kann k\u00fcnftig sagen, dass wir nicht wissen konnten, wohin das f\u00fchrt mit der AfD.<\/p>\n\n\n\n<p>Gegen die AfD gibt es jetzt in diesen Tagen <a href=\"https:\/\/www.zdf.de\/nachrichten\/politik\/deutschland\/demonstrationen-protest-gegen-rechts-100.html\">massenhaft Demonstration<\/a>: In Berlin und Hamburg, in K\u00f6ln und M\u00fcnchen, in Frankfurt und Freiburg, in Mannheim, in Heidelberg und in Baden-Baden. In \u00fcber 70 St\u00e4dten sind bereits Demonstrationen angemeldet. Die Demokratie lebt. Die bislang schweigende Mehrheit wacht auf \u2013 endlich! In Deutschland soll es keine Diktatur geben wie sie in den USA &nbsp;unter Trump droht. <\/p>\n\n\n\n<p>Die AfD ist f\u00fcr Deutschland was Trump f\u00fcr die USA ist. Das wird immer deutlicher. Trump hat die Demokratie zum Feind erkl\u00e4rt. Und die Deutschen wollen nie wieder Auschwitz. &nbsp;Die Zivilgesellschaft erhebt sich jetzt gegen Rechtsau\u00dfen und gegen Neo-Faschismus. Immer mehr fordern gar ein Verbot der AfD. Fraglich ist freilich, ob das wirklich hilft.<\/p>\n\n\n\n<p>Fast eineinhalb Millionen Menschen fordern in einer Petition, dem th\u00fcringischen AfD-Vorsitzenden Bj\u00f6rn H\u00f6cke das Recht zu entziehen, sich f\u00fcr Wahlen aufstellen zu lassen. H\u00f6cke ist laut Gerichtsbeschluss ein Nazi. Und in drei ostdeutschen Bundesl\u00e4ndern ist die AfD \u2013 nach dem Bundesverfassungsschutz \u201egesichert rechtsextrem\u201c und steht nicht auf dem Boden des Grundgesetzes.<\/p>\n\n\n\n<p>Die bisher zur Schau gestellte B\u00fcrgerlichkeit und \u201eVerfassungstreue\u201c der AfD ist lediglich Fassade. Diese Partei will die Demokratie abschaffen und damit unsere Freiheit. <strong>Beispiele daf\u00fcr:<\/strong><\/p>\n\n\n\n<ul class=\"wp-block-list\">\n<li>Am 29 August 2020 wollte ein Mob mit Reichsflaggen am Rande einer Corona-Demonstration den Bundestag st\u00fcrmen.<\/li>\n\n\n\n<li>Im September 2020 schleusen AfD-Abgeordnete p\u00f6belnde rechtsextremistische Aktivisten in den Bundestag, um das Parlament f\u00fcr einen bewaffneten Umsturz auszuspionieren. Waffen und Munition&nbsp; lagen schon bereit. Das ist eine Parallele zum Umsturzversuch in den USA \u2013gebilligt von Trump nach seiner Wahlniederlage. Die AfD zieht den deutschen Umsturzversuch treuherzig ins L\u00e4cherliche.<\/li>\n\n\n\n<li>Ende 2023 das Geheimtreffen der AfD mit Mitgliedern der sogenannten Werteunion, Rechtsextremisten und Gesch\u00e4ftsleuten sowie dem pers\u00f6nlichen Berater von AfD-Chefin Alice Weidel in Potsdam.<\/li>\n<\/ul>\n\n\n\n<p><a href=\"https:\/\/correctiv.org\/aktuelles\/neue-rechte\/2024\/01\/10\/geheimplan-remigration-vertreibung-afd-rechtsextreme-november-treffen\/\">Bei diesem Treffen<\/a>, welches das <a href=\"https:\/\/correctiv.org\/\">Netzwerk \u201eCorrectiv\u201c<\/a> in dankenswerter Recherche aufgedeckt hat, ging es prim\u00e4r um \u201eRemigration\u201c. Das hei\u00dft tats\u00e4chlich um Deportation von Millionen Menschen aus Deutschland: Fl\u00fcchtlingen, Asylsuchenden und um alle, die nicht wirklich den v\u00f6lkischen Reinheitsphantasien der AfD entsprechen, um insgesamt 25 Millionen Menschen, die hier mit Migrationshintergrund leben, also auch um Millionen Menschen mit deutschem Pass. <\/p>\n\n\n\n<p>Diese <a href=\"https:\/\/de.wikipedia.org\/wiki\/Remigration\">\u201eRemigration\u201c<\/a> sei kein Verbrechen, \u201esondern ein Versprechen\u201c, sagt dazu ein AfD-Abgeordneter. Deutlicher geht\u00b4s kaum. Eine Ungeheuerlichkeit. Deshalb unsere Bitte an die \u201eRemigranten\u201c in Deutschland: Bitte lasst uns mit diesen AfD-Deutschen nicht allein!<\/p>\n\n\n\n<p>Alle Umfragen zu den Wahlen 2024 (Europa-Wahlen und drei Landtagswahlen in Ostdeutschland) zeigen, dass die AfD immer st\u00e4rker wird und eine Gefahr f\u00fcr die Demokratie. Nicht weil so viele Deutsche wieder Nazis geworden sind, sondern weil sie zu wenig \u00fcber die wahren Absichten der AfD wissen oder wissen wollen oder weil sie von den demokratischen Parteien entt\u00e4uscht sind. Diese Tatsache ist \u2013 gelinde gesagt \u2013 leichtfertig, leichtsinnig \u2013 und vor allem gef\u00e4hrlich f\u00fcr die Demokratie.<\/p>\n\n\n\n<p>In dieser Situation hat der Staat die Pflicht, zumindest ein Verbotsverfahren gegen die AfD zu pr\u00fcfen und einzuleiten. Zumindest die radikale <a href=\"https:\/\/netzseite.jungealternative.online\/\">\u201eJunge Alternative\u201c (JA)<\/a> ist reif f\u00fcr ein Verbot. Das ist die Lehre der Nazi-Zeit: Nie wieder Faschismus, nie wieder Auschwitz, nie wieder Fremdenfeindlichkeit.<\/p>\n\n\n\n<p>Der <a href=\"https:\/\/www.haz.de\/lokales\/hannover\/demo-gegen-rechts-in-hannover-rede-von-ex-bundespraesident-christian-wulff-2OJ4URO7MZALZMJ3VHTJ4TOIYI.html\">fr\u00fchere Bundespr\u00e4sident Christian Wulff erinnerte in Hannover vor 35.000 Demonstranten<\/a> daran, dass auf den Tag genau vor <a href=\"https:\/\/www.haz.de\/politik\/regional\/holocaust-wannsee-konferenz-wird-80-buerokraten-des-nationalsozialismus-4HDYI7PW7GKIHFO4KCFH2YXMCE.html\">82 Jahren die Wannseekonferenz<\/a> in Berlin stattgefunden habe. Sie sei zum Symbol geplanter, systematisierter T\u00f6tung der Juden Europas geworden. <\/p>\n\n\n\n<blockquote class=\"wp-block-quote is-layout-flow wp-block-quote-is-layout-flow\">\n<p><em>\u201eDeshalb d\u00fcrfen wir nie wieder zulassen, dass in Deutschland \u00fcber die Selektion von Menschen nach Herkunft, nach Aussehen, nach Religion, nach Handicap oder irgendeines Kriteriums beraten wird<\/em>.&#8220;<\/p>\n<cite>Alt-Bundespr\u00e4sident Christian Wulff<\/cite><\/blockquote>\n\n\n\n<p>Noch besser und demokratischer als ein Verbot der AfD ist es freilich, dass sich die B\u00fcrgerinnen und B\u00fcrger, die W\u00e4hlerinnen und W\u00e4hler selbst erheben und auf die Gefahr aufmerksam machen. Gut so, dass jetzt Millionen Deutsche aus Protest gegen die AfD auf die Stra\u00dfe gehen. Daf\u00fcr ist es h\u00f6chste Zeit. Das <a href=\"https:\/\/www.nachrichtenleicht.de\/das-grundgesetz-einfach-erklaert-artikel-134.html\">Grundgesetz sieht in den &nbsp;Artikeln 18<\/a> und <a href=\"https:\/\/de.wikipedia.org\/wiki\/Artikel_20_des_Grundgesetzes_f%C3%BCr_die_Bundesrepublik_Deutschland\">20 <\/a>vor: keine Freiheit f\u00fcr die erkl\u00e4rten Feinde der Freiheit.<\/p>\n\n\n\n<p>Der Kampf gegen den Rechtsextremismus ist allerdings eine langfristige Aufgabe aller Demokraten, ein Marathon, kein Sprint. Die AfD darf nicht zum Super-Gau unserer Demokratie werden. Jetzt kommt es prim\u00e4r auf unsere Zivilgesellschaft an, auf uns! Auch auf die Freunde dieser Sonnenseite! <\/p>\n\n\n\n<p>Denn die AfD leugnet auch den menschengemachten Klimawandel. Das&nbsp; tut sie gegen jede Erkenntnis der Wissenschaft. Die AfD ist keine Alternative f\u00fcr Deutschland, sondern die derzeit gr\u00f6\u00dfte Gefahr f\u00fcr Deutschland. Doch wir d\u00fcrfen gerade erleben, dass unsere Demokratie eine wehrhafte Demokratie ist. <\/p>\n\n\n<h5 class=\"green\">Quelle<\/h5>\r\n\n\n\n<p><a href=\"mailto:franzalt@sonnenseite.com\">Franz Alt 2024<\/a><\/p>\n<div class=\"shariff shariff-align-flex-start shariff-widget-align-flex-start\"><div class=\"ShariffHeadline\">Diese Meldung teilen<\/div><ul class=\"shariff-buttons theme-round orientation-horizontal buttonsize-medium\"><li class=\"shariff-button facebook shariff-nocustomcolor\" style=\"background-color:#4273c8;border-radius:1%\"><a href=\"https:\/\/www.facebook.com\/sharer\/sharer.php?u=https%3A%2F%2Fwww.sonnenseite.com%2Fde%2Ffranz-alt%2Fkommentare-interviews%2Fdeutschland-wacht-auf-endlich%2F\" title=\"Bei Facebook teilen\" aria-label=\"Bei Facebook teilen\" role=\"button\" rel=\"nofollow\" class=\"shariff-link\" style=\";border-radius:1%; background-color:#3b5998; color:#fff\" target=\"_blank\"><span class=\"shariff-icon\" style=\"\"><svg width=\"32px\" height=\"20px\" xmlns=\"http:\/\/www.w3.org\/2000\/svg\" viewBox=\"0 0 18 32\"><path fill=\"#3b5998\" d=\"M17.1 0.2v4.7h-2.8q-1.5 0-2.1 0.6t-0.5 1.9v3.4h5.2l-0.7 5.3h-4.5v13.6h-5.5v-13.6h-4.5v-5.3h4.5v-3.9q0-3.3 1.9-5.2t5-1.8q2.6 0 4.1 0.2z\"\/><\/svg><\/span><\/a><\/li><li class=\"shariff-button twitter shariff-nocustomcolor\" style=\"background-color:#595959;border-radius:1%\"><a href=\"https:\/\/twitter.com\/share?url=https%3A%2F%2Fwww.sonnenseite.com%2Fde%2Ffranz-alt%2Fkommentare-interviews%2Fdeutschland-wacht-auf-endlich%2F&text=Deutschland%20wacht%20auf%20%E2%80%93%20endlich%21\" title=\"Bei X teilen\" aria-label=\"Bei X teilen\" role=\"button\" rel=\"noopener nofollow\" class=\"shariff-link\" style=\";border-radius:1%; background-color:#000; color:#fff\" target=\"_blank\"><span class=\"shariff-icon\" style=\"\"><svg width=\"32px\" height=\"20px\" xmlns=\"http:\/\/www.w3.org\/2000\/svg\" viewBox=\"0 0 24 24\"><path fill=\"#000\" d=\"M14.258 10.152L23.176 0h-2.113l-7.747 8.813L7.133 0H0l9.352 13.328L0 23.973h2.113l8.176-9.309 6.531 9.309h7.133zm-2.895 3.293l-.949-1.328L2.875 1.56h3.246l6.086 8.523.945 1.328 7.91 11.078h-3.246zm0 0\"\/><\/svg><\/span><\/a><\/li><li class=\"shariff-button xing shariff-nocustomcolor\" style=\"background-color:#29888a;border-radius:1%\"><a href=\"https:\/\/www.xing.com\/spi\/shares\/new?url=https%3A%2F%2Fwww.sonnenseite.com%2Fde%2Ffranz-alt%2Fkommentare-interviews%2Fdeutschland-wacht-auf-endlich%2F\" title=\"Bei XING teilen\" aria-label=\"Bei XING teilen\" role=\"button\" rel=\"noopener nofollow\" class=\"shariff-link\" style=\";border-radius:1%; background-color:#126567; color:#fff\" target=\"_blank\"><span class=\"shariff-icon\" style=\"\"><svg width=\"32px\" height=\"20px\" xmlns=\"http:\/\/www.w3.org\/2000\/svg\" viewBox=\"0 0 25 32\"><path fill=\"#126567\" d=\"M10.7 11.9q-0.2 0.3-4.6 8.2-0.5 0.8-1.2 0.8h-4.3q-0.4 0-0.5-0.3t0-0.6l4.5-8q0 0 0 0l-2.9-5q-0.2-0.4 0-0.7 0.2-0.3 0.5-0.3h4.3q0.7 0 1.2 0.8zM25.1 0.4q0.2 0.3 0 0.7l-9.4 16.7 6 11q0.2 0.4 0 0.6-0.2 0.3-0.6 0.3h-4.3q-0.7 0-1.2-0.8l-6-11.1q0.3-0.6 9.5-16.8 0.4-0.8 1.2-0.8h4.3q0.4 0 0.5 0.3z\"\/><\/svg><\/span><\/a><\/li><li class=\"shariff-button linkedin shariff-nocustomcolor\" style=\"background-color:#1488bf;border-radius:1%\"><a href=\"https:\/\/www.linkedin.com\/sharing\/share-offsite\/?url=https%3A%2F%2Fwww.sonnenseite.com%2Fde%2Ffranz-alt%2Fkommentare-interviews%2Fdeutschland-wacht-auf-endlich%2F\" title=\"Bei LinkedIn teilen\" aria-label=\"Bei LinkedIn teilen\" role=\"button\" rel=\"noopener nofollow\" class=\"shariff-link\" style=\";border-radius:1%; background-color:#0077b5; color:#fff\" target=\"_blank\"><span class=\"shariff-icon\" style=\"\"><svg width=\"32px\" height=\"20px\" xmlns=\"http:\/\/www.w3.org\/2000\/svg\" viewBox=\"0 0 27 32\"><path fill=\"#0077b5\" d=\"M6.2 11.2v17.7h-5.9v-17.7h5.9zM6.6 5.7q0 1.3-0.9 2.2t-2.4 0.9h0q-1.5 0-2.4-0.9t-0.9-2.2 0.9-2.2 2.4-0.9 2.4 0.9 0.9 2.2zM27.4 18.7v10.1h-5.9v-9.5q0-1.9-0.7-2.9t-2.3-1.1q-1.1 0-1.9 0.6t-1.2 1.5q-0.2 0.5-0.2 1.4v9.9h-5.9q0-7.1 0-11.6t0-5.3l0-0.9h5.9v2.6h0q0.4-0.6 0.7-1t1-0.9 1.6-0.8 2-0.3q3 0 4.9 2t1.9 6z\"\/><\/svg><\/span><\/a><\/li><li class=\"shariff-button printer shariff-nocustomcolor\" style=\"background-color:#a8a8a8;border-radius:1%\"><a href=\"javascript:window.print()\" title=\"drucken\" aria-label=\"drucken\" role=\"button\" rel=\"noopener nofollow\" class=\"shariff-link\" style=\";border-radius:1%; background-color:#999; color:#fff\"><span class=\"shariff-icon\" style=\"\"><svg width=\"32px\" height=\"20px\" xmlns=\"http:\/\/www.w3.org\/2000\/svg\" viewBox=\"0 0 30 32\"><path fill=\"#999\" d=\"M6.8 27.4h16v-4.6h-16v4.6zM6.8 16h16v-6.8h-2.8q-0.7 0-1.2-0.5t-0.5-1.2v-2.8h-11.4v11.4zM27.4 17.2q0-0.5-0.3-0.8t-0.8-0.4-0.8 0.4-0.3 0.8 0.3 0.8 0.8 0.3 0.8-0.3 0.3-0.8zM29.7 17.2v7.4q0 0.2-0.2 0.4t-0.4 0.2h-4v2.8q0 0.7-0.5 1.2t-1.2 0.5h-17.2q-0.7 0-1.2-0.5t-0.5-1.2v-2.8h-4q-0.2 0-0.4-0.2t-0.2-0.4v-7.4q0-1.4 1-2.4t2.4-1h1.2v-9.7q0-0.7 0.5-1.2t1.2-0.5h12q0.7 0 1.6 0.4t1.3 0.8l2.7 2.7q0.5 0.5 0.9 1.4t0.4 1.6v4.6h1.1q1.4 0 2.4 1t1 2.4z\"\/><\/svg><\/span><\/a><\/li><li class=\"shariff-button mailto shariff-nocustomcolor\" style=\"background-color:#a8a8a8;border-radius:1%\"><a href=\"mailto:?body=https%3A%2F%2Fwww.sonnenseite.com%2Fde%2Ffranz-alt%2Fkommentare-interviews%2Fdeutschland-wacht-auf-endlich%2F&subject=Deutschland%20wacht%20auf%20%E2%80%93%20endlich%21\" title=\"Per E-Mail versenden\" aria-label=\"Per E-Mail versenden\" role=\"button\" rel=\"noopener nofollow\" class=\"shariff-link\" style=\";border-radius:1%; background-color:#999; color:#fff\"><span class=\"shariff-icon\" style=\"\"><svg width=\"32px\" height=\"20px\" xmlns=\"http:\/\/www.w3.org\/2000\/svg\" viewBox=\"0 0 32 32\"><path fill=\"#999\" d=\"M32 12.7v14.2q0 1.2-0.8 2t-2 0.9h-26.3q-1.2 0-2-0.9t-0.8-2v-14.2q0.8 0.9 1.8 1.6 6.5 4.4 8.9 6.1 1 0.8 1.6 1.2t1.7 0.9 2 0.4h0.1q0.9 0 2-0.4t1.7-0.9 1.6-1.2q3-2.2 8.9-6.1 1-0.7 1.8-1.6zM32 7.4q0 1.4-0.9 2.7t-2.2 2.2q-6.7 4.7-8.4 5.8-0.2 0.1-0.7 0.5t-1 0.7-0.9 0.6-1.1 0.5-0.9 0.2h-0.1q-0.4 0-0.9-0.2t-1.1-0.5-0.9-0.6-1-0.7-0.7-0.5q-1.6-1.1-4.7-3.2t-3.6-2.6q-1.1-0.7-2.1-2t-1-2.5q0-1.4 0.7-2.3t2.1-0.9h26.3q1.2 0 2 0.8t0.9 2z\"\/><\/svg><\/span><\/a><\/li><\/ul><\/div>","protected":false},"excerpt":{"rendered":"<p>In diesen Tagen gehen Millionen Deutsche auf die Stra\u00dfe: F\u00fcr ihre liberale Demokratie, die von der [&hellip;]<\/p>\n","protected":false},"author":3,"featured_media":96888,"comment_status":"closed","ping_status":"closed","sticky":false,"template":"","format":"standard","meta":{"inline_featured_image":false,"footnotes":""},"categories":[29],"tags":[],"class_list":["post-96886","post","type-post","status-publish","format-standard","has-post-thumbnail","hentry","category-kommentare-interviews"],"yoast_head":"<!-- This site is optimized with the Yoast SEO plugin v26.5 - https:\/\/yoast.com\/wordpress\/plugins\/seo\/ -->\n<title>Deutschland wacht auf \u2013 endlich! - Sonnenseite - \u00d6kologische Kommunikation mit Franz Alt<\/title>\n<meta name=\"description\" content=\"In diesen Tagen gehen Millionen Deutsche auf die Stra\u00dfe: F\u00fcr ihre liberale Demokratie, die von der AfD bedroht ist wie nie zuvor nach der Nazi-Herrschaft.\" \/>\n<meta name=\"robots\" content=\"index, follow, max-snippet:-1, max-image-preview:large, max-video-preview:-1\" \/>\n<link rel=\"canonical\" href=\"https:\/\/www.sonnenseite.com\/de\/franz-alt\/kommentare-interviews\/deutschland-wacht-auf-endlich\/\" \/>\n<meta property=\"og:locale\" content=\"de_DE\" \/>\n<meta property=\"og:type\" content=\"article\" \/>\n<meta property=\"og:title\" content=\"Deutschland wacht auf \u2013 endlich! - Sonnenseite - \u00d6kologische Kommunikation mit Franz Alt\" \/>\n<meta property=\"og:description\" content=\"In diesen Tagen gehen Millionen Deutsche auf die Stra\u00dfe: F\u00fcr ihre liberale Demokratie, die von der AfD bedroht ist wie nie zuvor nach der Nazi-Herrschaft.\" \/>\n<meta property=\"og:url\" content=\"https:\/\/www.sonnenseite.com\/de\/franz-alt\/kommentare-interviews\/deutschland-wacht-auf-endlich\/\" \/>\n<meta property=\"og:site_name\" content=\"Sonnenseite\" \/>\n<meta property=\"article:publisher\" content=\"https:\/\/www.facebook.com\/pages\/Franz-Alt-SONNENSEITECOM\/221072987903953?fref=ts\" \/>\n<meta property=\"article:published_time\" content=\"2024-01-20T17:17:56+00:00\" \/>\n<meta property=\"article:modified_time\" content=\"2024-02-07T12:42:35+00:00\" \/>\n<meta property=\"og:image\" content=\"https:\/\/www.sonnenseite.com\/wp-content\/uploads\/2024\/01\/Demo_tartila.stock_.gmail_.jpg\" \/>\n\t<meta property=\"og:image:width\" content=\"770\" \/>\n\t<meta property=\"og:image:height\" content=\"420\" \/>\n\t<meta property=\"og:image:type\" content=\"image\/jpeg\" \/>\n<meta name=\"author\" content=\"Bigi Alt\" \/>\n<meta name=\"twitter:card\" content=\"summary_large_image\" \/>\n<meta name=\"twitter:creator\" content=\"@franzalt\" \/>\n<meta name=\"twitter:site\" content=\"@franzalt\" \/>\n<meta name=\"twitter:label1\" content=\"Verfasst von\" \/>\n\t<meta name=\"twitter:data1\" content=\"Bigi Alt\" \/>\n\t<meta name=\"twitter:label2\" content=\"Gesch\u00e4tzte Lesezeit\" \/>\n\t<meta name=\"twitter:data2\" content=\"5\u00a0Minuten\" \/>\n<script type=\"application\/ld+json\" class=\"yoast-schema-graph\">{\"@context\":\"https:\/\/schema.org\",\"@graph\":[{\"@type\":\"Article\",\"@id\":\"https:\/\/www.sonnenseite.com\/de\/franz-alt\/kommentare-interviews\/deutschland-wacht-auf-endlich\/#article\",\"isPartOf\":{\"@id\":\"https:\/\/www.sonnenseite.com\/de\/franz-alt\/kommentare-interviews\/deutschland-wacht-auf-endlich\/\"},\"author\":{\"name\":\"Bigi Alt\",\"@id\":\"https:\/\/www.sonnenseite.com\/de\/#\/schema\/person\/50fda0e926597684c7cc6695238a4eb9\"},\"headline\":\"Deutschland wacht auf \u2013 endlich!\",\"datePublished\":\"2024-01-20T17:17:56+00:00\",\"dateModified\":\"2024-02-07T12:42:35+00:00\",\"mainEntityOfPage\":{\"@id\":\"https:\/\/www.sonnenseite.com\/de\/franz-alt\/kommentare-interviews\/deutschland-wacht-auf-endlich\/\"},\"wordCount\":832,\"publisher\":{\"@id\":\"https:\/\/www.sonnenseite.com\/de\/#organization\"},\"image\":{\"@id\":\"https:\/\/www.sonnenseite.com\/de\/franz-alt\/kommentare-interviews\/deutschland-wacht-auf-endlich\/#primaryimage\"},\"thumbnailUrl\":\"https:\/\/www.sonnenseite.com\/wp-content\/uploads\/2024\/01\/Demo_tartila.stock_.gmail_.jpg\",\"articleSection\":[\"Kommentare &amp; Interviews\"],\"inLanguage\":\"de\"},{\"@type\":\"WebPage\",\"@id\":\"https:\/\/www.sonnenseite.com\/de\/franz-alt\/kommentare-interviews\/deutschland-wacht-auf-endlich\/\",\"url\":\"https:\/\/www.sonnenseite.com\/de\/franz-alt\/kommentare-interviews\/deutschland-wacht-auf-endlich\/\",\"name\":\"Deutschland wacht auf \u2013 endlich! - Sonnenseite - \u00d6kologische Kommunikation mit Franz Alt\",\"isPartOf\":{\"@id\":\"https:\/\/www.sonnenseite.com\/de\/#website\"},\"primaryImageOfPage\":{\"@id\":\"https:\/\/www.sonnenseite.com\/de\/franz-alt\/kommentare-interviews\/deutschland-wacht-auf-endlich\/#primaryimage\"},\"image\":{\"@id\":\"https:\/\/www.sonnenseite.com\/de\/franz-alt\/kommentare-interviews\/deutschland-wacht-auf-endlich\/#primaryimage\"},\"thumbnailUrl\":\"https:\/\/www.sonnenseite.com\/wp-content\/uploads\/2024\/01\/Demo_tartila.stock_.gmail_.jpg\",\"datePublished\":\"2024-01-20T17:17:56+00:00\",\"dateModified\":\"2024-02-07T12:42:35+00:00\",\"description\":\"In diesen Tagen gehen Millionen Deutsche auf die Stra\u00dfe: F\u00fcr ihre liberale Demokratie, die von der AfD bedroht ist wie nie zuvor nach der Nazi-Herrschaft.\",\"breadcrumb\":{\"@id\":\"https:\/\/www.sonnenseite.com\/de\/franz-alt\/kommentare-interviews\/deutschland-wacht-auf-endlich\/#breadcrumb\"},\"inLanguage\":\"de\",\"potentialAction\":[{\"@type\":\"ReadAction\",\"target\":[\"https:\/\/www.sonnenseite.com\/de\/franz-alt\/kommentare-interviews\/deutschland-wacht-auf-endlich\/\"]}]},{\"@type\":\"ImageObject\",\"inLanguage\":\"de\",\"@id\":\"https:\/\/www.sonnenseite.com\/de\/franz-alt\/kommentare-interviews\/deutschland-wacht-auf-endlich\/#primaryimage\",\"url\":\"https:\/\/www.sonnenseite.com\/wp-content\/uploads\/2024\/01\/Demo_tartila.stock_.gmail_.jpg\",\"contentUrl\":\"https:\/\/www.sonnenseite.com\/wp-content\/uploads\/2024\/01\/Demo_tartila.stock_.gmail_.jpg\",\"width\":770,\"height\":420,\"caption\":\"Depositphotos.com | tartila.stock.gmail | Demo\"},{\"@type\":\"BreadcrumbList\",\"@id\":\"https:\/\/www.sonnenseite.com\/de\/franz-alt\/kommentare-interviews\/deutschland-wacht-auf-endlich\/#breadcrumb\",\"itemListElement\":[{\"@type\":\"ListItem\",\"position\":1,\"name\":\"Startseite\",\"item\":\"https:\/\/www.sonnenseite.com\/de\/\"},{\"@type\":\"ListItem\",\"position\":2,\"name\":\"Deutschland wacht auf \u2013 endlich!\"}]},{\"@type\":\"WebSite\",\"@id\":\"https:\/\/www.sonnenseite.com\/de\/#website\",\"url\":\"https:\/\/www.sonnenseite.com\/de\/\",\"name\":\"Sonnenseite\",\"description\":\"\u00d6kologische Kommunikation mit Franz Alt\",\"publisher\":{\"@id\":\"https:\/\/www.sonnenseite.com\/de\/#organization\"},\"potentialAction\":[{\"@type\":\"SearchAction\",\"target\":{\"@type\":\"EntryPoint\",\"urlTemplate\":\"https:\/\/www.sonnenseite.com\/de\/?s={search_term_string}\"},\"query-input\":{\"@type\":\"PropertyValueSpecification\",\"valueRequired\":true,\"valueName\":\"search_term_string\"}}],\"inLanguage\":\"de\"},{\"@type\":\"Organization\",\"@id\":\"https:\/\/www.sonnenseite.com\/de\/#organization\",\"name\":\"Sonnenseite\",\"url\":\"https:\/\/www.sonnenseite.com\/de\/\",\"logo\":{\"@type\":\"ImageObject\",\"inLanguage\":\"de\",\"@id\":\"https:\/\/www.sonnenseite.com\/de\/#\/schema\/logo\/image\/\",\"url\":\"https:\/\/www.sonnenseite.com\/wp-content\/uploads\/2020\/05\/Sonnenseite_Logo.png\",\"contentUrl\":\"https:\/\/www.sonnenseite.com\/wp-content\/uploads\/2020\/05\/Sonnenseite_Logo.png\",\"width\":377,\"height\":90,\"caption\":\"Sonnenseite\"},\"image\":{\"@id\":\"https:\/\/www.sonnenseite.com\/de\/#\/schema\/logo\/image\/\"},\"sameAs\":[\"https:\/\/www.facebook.com\/pages\/Franz-Alt-SONNENSEITECOM\/221072987903953?fref=ts\",\"https:\/\/x.com\/franzalt\",\"http:\/\/www.youtube.com\/results?search_query&amp;amp;quot;franz_alt&amp;amp;quot;&amp;amp;amp;amp;search_type&amp;amp;amp;amp;aq=f\"]},{\"@type\":\"Person\",\"@id\":\"https:\/\/www.sonnenseite.com\/de\/#\/schema\/person\/50fda0e926597684c7cc6695238a4eb9\",\"name\":\"Bigi Alt\"}]}<\/script>\n<!-- \/ Yoast SEO plugin. -->","yoast_head_json":{"title":"Deutschland wacht auf \u2013 endlich! - Sonnenseite - \u00d6kologische Kommunikation mit Franz Alt","description":"In diesen Tagen gehen Millionen Deutsche auf die Stra\u00dfe: F\u00fcr ihre liberale Demokratie, die von der AfD bedroht ist wie nie zuvor nach der Nazi-Herrschaft.","robots":{"index":"index","follow":"follow","max-snippet":"max-snippet:-1","max-image-preview":"max-image-preview:large","max-video-preview":"max-video-preview:-1"},"canonical":"https:\/\/www.sonnenseite.com\/de\/franz-alt\/kommentare-interviews\/deutschland-wacht-auf-endlich\/","og_locale":"de_DE","og_type":"article","og_title":"Deutschland wacht auf \u2013 endlich! - Sonnenseite - \u00d6kologische Kommunikation mit Franz Alt","og_description":"In diesen Tagen gehen Millionen Deutsche auf die Stra\u00dfe: F\u00fcr ihre liberale Demokratie, die von der AfD bedroht ist wie nie zuvor nach der Nazi-Herrschaft.","og_url":"https:\/\/www.sonnenseite.com\/de\/franz-alt\/kommentare-interviews\/deutschland-wacht-auf-endlich\/","og_site_name":"Sonnenseite","article_publisher":"https:\/\/www.facebook.com\/pages\/Franz-Alt-SONNENSEITECOM\/221072987903953?fref=ts","article_published_time":"2024-01-20T17:17:56+00:00","article_modified_time":"2024-02-07T12:42:35+00:00","og_image":[{"width":770,"height":420,"url":"https:\/\/www.sonnenseite.com\/wp-content\/uploads\/2024\/01\/Demo_tartila.stock_.gmail_.jpg","type":"image\/jpeg"}],"author":"Bigi Alt","twitter_card":"summary_large_image","twitter_creator":"@franzalt","twitter_site":"@franzalt","twitter_misc":{"Verfasst von":"Bigi Alt","Gesch\u00e4tzte Lesezeit":"5\u00a0Minuten"},"schema":{"@context":"https:\/\/schema.org","@graph":[{"@type":"Article","@id":"https:\/\/www.sonnenseite.com\/de\/franz-alt\/kommentare-interviews\/deutschland-wacht-auf-endlich\/#article","isPartOf":{"@id":"https:\/\/www.sonnenseite.com\/de\/franz-alt\/kommentare-interviews\/deutschland-wacht-auf-endlich\/"},"author":{"name":"Bigi Alt","@id":"https:\/\/www.sonnenseite.com\/de\/#\/schema\/person\/50fda0e926597684c7cc6695238a4eb9"},"headline":"Deutschland wacht auf \u2013 endlich!","datePublished":"2024-01-20T17:17:56+00:00","dateModified":"2024-02-07T12:42:35+00:00","mainEntityOfPage":{"@id":"https:\/\/www.sonnenseite.com\/de\/franz-alt\/kommentare-interviews\/deutschland-wacht-auf-endlich\/"},"wordCount":832,"publisher":{"@id":"https:\/\/www.sonnenseite.com\/de\/#organization"},"image":{"@id":"https:\/\/www.sonnenseite.com\/de\/franz-alt\/kommentare-interviews\/deutschland-wacht-auf-endlich\/#primaryimage"},"thumbnailUrl":"https:\/\/www.sonnenseite.com\/wp-content\/uploads\/2024\/01\/Demo_tartila.stock_.gmail_.jpg","articleSection":["Kommentare &amp; Interviews"],"inLanguage":"de"},{"@type":"WebPage","@id":"https:\/\/www.sonnenseite.com\/de\/franz-alt\/kommentare-interviews\/deutschland-wacht-auf-endlich\/","url":"https:\/\/www.sonnenseite.com\/de\/franz-alt\/kommentare-interviews\/deutschland-wacht-auf-endlich\/","name":"Deutschland wacht auf \u2013 endlich! - Sonnenseite - \u00d6kologische Kommunikation mit Franz Alt","isPartOf":{"@id":"https:\/\/www.sonnenseite.com\/de\/#website"},"primaryImageOfPage":{"@id":"https:\/\/www.sonnenseite.com\/de\/franz-alt\/kommentare-interviews\/deutschland-wacht-auf-endlich\/#primaryimage"},"image":{"@id":"https:\/\/www.sonnenseite.com\/de\/franz-alt\/kommentare-interviews\/deutschland-wacht-auf-endlich\/#primaryimage"},"thumbnailUrl":"https:\/\/www.sonnenseite.com\/wp-content\/uploads\/2024\/01\/Demo_tartila.stock_.gmail_.jpg","datePublished":"2024-01-20T17:17:56+00:00","dateModified":"2024-02-07T12:42:35+00:00","description":"In diesen Tagen gehen Millionen Deutsche auf die Stra\u00dfe: F\u00fcr ihre liberale Demokratie, die von der AfD bedroht ist wie nie zuvor nach der Nazi-Herrschaft.","breadcrumb":{"@id":"https:\/\/www.sonnenseite.com\/de\/franz-alt\/kommentare-interviews\/deutschland-wacht-auf-endlich\/#breadcrumb"},"inLanguage":"de","potentialAction":[{"@type":"ReadAction","target":["https:\/\/www.sonnenseite.com\/de\/franz-alt\/kommentare-interviews\/deutschland-wacht-auf-endlich\/"]}]},{"@type":"ImageObject","inLanguage":"de","@id":"https:\/\/www.sonnenseite.com\/de\/franz-alt\/kommentare-interviews\/deutschland-wacht-auf-endlich\/#primaryimage","url":"https:\/\/www.sonnenseite.com\/wp-content\/uploads\/2024\/01\/Demo_tartila.stock_.gmail_.jpg","contentUrl":"https:\/\/www.sonnenseite.com\/wp-content\/uploads\/2024\/01\/Demo_tartila.stock_.gmail_.jpg","width":770,"height":420,"caption":"Depositphotos.com | tartila.stock.gmail | Demo"},{"@type":"BreadcrumbList","@id":"https:\/\/www.sonnenseite.com\/de\/franz-alt\/kommentare-interviews\/deutschland-wacht-auf-endlich\/#breadcrumb","itemListElement":[{"@type":"ListItem","position":1,"name":"Startseite","item":"https:\/\/www.sonnenseite.com\/de\/"},{"@type":"ListItem","position":2,"name":"Deutschland wacht auf \u2013 endlich!"}]},{"@type":"WebSite","@id":"https:\/\/www.sonnenseite.com\/de\/#website","url":"https:\/\/www.sonnenseite.com\/de\/","name":"Sonnenseite","description":"\u00d6kologische Kommunikation mit Franz Alt","publisher":{"@id":"https:\/\/www.sonnenseite.com\/de\/#organization"},"potentialAction":[{"@type":"SearchAction","target":{"@type":"EntryPoint","urlTemplate":"https:\/\/www.sonnenseite.com\/de\/?s={search_term_string}"},"query-input":{"@type":"PropertyValueSpecification","valueRequired":true,"valueName":"search_term_string"}}],"inLanguage":"de"},{"@type":"Organization","@id":"https:\/\/www.sonnenseite.com\/de\/#organization","name":"Sonnenseite","url":"https:\/\/www.sonnenseite.com\/de\/","logo":{"@type":"ImageObject","inLanguage":"de","@id":"https:\/\/www.sonnenseite.com\/de\/#\/schema\/logo\/image\/","url":"https:\/\/www.sonnenseite.com\/wp-content\/uploads\/2020\/05\/Sonnenseite_Logo.png","contentUrl":"https:\/\/www.sonnenseite.com\/wp-content\/uploads\/2020\/05\/Sonnenseite_Logo.png","width":377,"height":90,"caption":"Sonnenseite"},"image":{"@id":"https:\/\/www.sonnenseite.com\/de\/#\/schema\/logo\/image\/"},"sameAs":["https:\/\/www.facebook.com\/pages\/Franz-Alt-SONNENSEITECOM\/221072987903953?fref=ts","https:\/\/x.com\/franzalt","http:\/\/www.youtube.com\/results?search_query&amp;amp;quot;franz_alt&amp;amp;quot;&amp;amp;amp;amp;search_type&amp;amp;amp;amp;aq=f"]},{"@type":"Person","@id":"https:\/\/www.sonnenseite.com\/de\/#\/schema\/person\/50fda0e926597684c7cc6695238a4eb9","name":"Bigi Alt"}]}},"_links":{"self":[{"href":"https:\/\/www.sonnenseite.com\/de\/wp-json\/wp\/v2\/posts\/96886","targetHints":{"allow":["GET"]}}],"collection":[{"href":"https:\/\/www.sonnenseite.com\/de\/wp-json\/wp\/v2\/posts"}],"about":[{"href":"https:\/\/www.sonnenseite.com\/de\/wp-json\/wp\/v2\/types\/post"}],"author":[{"embeddable":true,"href":"https:\/\/www.sonnenseite.com\/de\/wp-json\/wp\/v2\/users\/3"}],"replies":[{"embeddable":true,"href":"https:\/\/www.sonnenseite.com\/de\/wp-json\/wp\/v2\/comments?post=96886"}],"version-history":[{"count":5,"href":"https:\/\/www.sonnenseite.com\/de\/wp-json\/wp\/v2\/posts\/96886\/revisions"}],"predecessor-version":[{"id":96898,"href":"https:\/\/www.sonnenseite.com\/de\/wp-json\/wp\/v2\/posts\/96886\/revisions\/96898"}],"wp:featuredmedia":[{"embeddable":true,"href":"https:\/\/www.sonnenseite.com\/de\/wp-json\/wp\/v2\/media\/96888"}],"wp:attachment":[{"href":"https:\/\/www.sonnenseite.com\/de\/wp-json\/wp\/v2\/media?parent=96886"}],"wp:term":[{"taxonomy":"category","embeddable":true,"href":"https:\/\/www.sonnenseite.com\/de\/wp-json\/wp\/v2\/categories?post=96886"},{"taxonomy":"post_tag","embeddable":true,"href":"https:\/\/www.sonnenseite.com\/de\/wp-json\/wp\/v2\/tags?post=96886"}],"curies":[{"name":"wp","href":"https:\/\/api.w.org\/{rel}","templated":true}]}}