{"id":96899,"date":"2024-01-22T02:54:00","date_gmt":"2024-01-22T01:54:00","guid":{"rendered":"https:\/\/www.sonnenseite.com\/?p=96899"},"modified":"2024-01-21T12:55:44","modified_gmt":"2024-01-21T11:55:44","slug":"eu-kommission-will-bis-2040-90-prozent-co2-einsparen","status":"publish","type":"post","link":"https:\/\/www.sonnenseite.com\/de\/politik\/eu-kommission-will-bis-2040-90-prozent-co2-einsparen\/","title":{"rendered":"EU-Kommission will bis 2040 90 Prozent CO2 einsparen"},"content":{"rendered":"\n<p>Bericht des Europ\u00e4ischen Wissenschaftlichen Beirats zum Klimawandel mit Zwischenziel<\/p>\n\n\n\n<p>Die EU-Kommission will Anfang Februar ein neues Zwischenziel f\u00fcr Klimaneutralit\u00e4t bis 2050 vorlegen, um bis 2040 den CO<sub>2<\/sub>-Aussto\u00df um 90 Prozent im Vergleich zu 1990 zu verringern. So steht es im <a href=\"https:\/\/climate-advisory-board.europa.eu\/reports-and-publications\/towards-eu-climate-neutrality-progress-policy-gaps-and-opportunities\" target=\"_blank\" rel=\"noreferrer noopener\">Bericht des Europ\u00e4ischen Wissenschaftlichen Beirats zum Klimawandel<\/a>. Damit w\u00fcrde die Kommission den Empfehlungen von Klimaforschern folgen, welche die EU offiziell beraten und ein Minus von 90 bis 95 Prozent empfohlen haben. Bis 2050 streben die EU-L\u00e4nder Netto-Null-Emissionen an.<\/p>\n\n\n\n<p>Um die EU-Klimaziele f\u00fcr den Zeitraum 2030 bis 2050 zu erreichen, sind in allen Sektoren gr\u00f6\u00dfere Anstrengungen erforderlich, hei\u00dft es im neuen Bericht des Europ\u00e4ischen Wissenschaftlichen Beirats zum Klimawandel (ESABCC). Der Bericht \u201eTowards EU climate neutrality: progress, policy gaps and opportunities\u201c (Auf dem Weg zur Klimaneutralit\u00e4t der EU: Fortschritte, politische L\u00fccken und M\u00f6glichkeiten) zeigt die wichtigsten L\u00fccken in der EU-Klimapolitik f\u00fcr die Zeit nach 2030 auf. Vorsitzender des Gremiums ist <a href=\"https:\/\/www.mcc-berlin.net\/ueber-uns\/team\/edenhofer-ottmar.html\">Ottmar Edenhofer<\/a>, Direktor des <a href=\"https:\/\/www.mcc-berlin.net\/news\/meldungen\/meldungen-detail\/article\/europaeische-klimapolitik-wir-koennen-es-uns-nicht-leisten-uns-jetzt-zurueckzulehnen.html\" target=\"_blank\" rel=\"noreferrer noopener\">Berliner Klimaforschungsinstituts MCC (Mercator Research Institute on Global Commons and Climate Change)<\/a> sowie des <a href=\"https:\/\/www.pik-potsdam.de\/de\/personen\/direktorium\" target=\"_blank\" rel=\"noreferrer noopener\">Potsdam-Instituts f\u00fcr Klimafolgenforschung<\/a>.<\/p>\n\n\n\n<p>Als dringende Ma\u00dfnahmen nennt der Bericht die Schaffung stabiler Investitionsaussichten f\u00fcr erneuerbare Energien und die \u00dcberarbeitung der EU-Energiesteuer. \u201eDas Erreichen der Klimaneutralit\u00e4t bis 2050 ist ein Wettlauf mit der Zeit, und wir k\u00f6nnen es uns nicht leisten, uns jetzt zur\u00fcckzulehnen\u201c, sagt Edenhofer. \u201eUm auf dem richtigen Weg zu bleiben, m\u00fcssen wir sicherstellen, dass unsere heutigen Ma\u00dfnahmen mit unseren langfristigen Zielen \u00fcbereinstimmen. Und wir m\u00fcssen damit beginnen, uns auf noch st\u00e4rkere Reduktionen nach 2030 vorzubereiten\u201c.<\/p>\n\n\n\n<p>Der Bericht enth\u00e4lt wichtige Empfehlungen f\u00fcr eine wirksamere Umsetzung und Gestaltung des klimapolitischen Rahmens der EU in allen Sektoren, insbesondere in den Bereichen Geb\u00e4ude, Verkehr, Land- und Forstwirtschaft. Der ESABCC stellt fest, dass die EU-Politik noch nicht vollst\u00e4ndig auf die Notwendigkeit des Ausstiegs aus fossilen Brennstoffen abgestimmt ist. Der Beirat empfiehlt, die bestehenden EU-Politiken f\u00fcr die Zeit nach 2030 zu reformieren, einschlie\u00dflich zus\u00e4tzlicher Anpassungen des existierenden EU-Emissionshandelssystems (EU-ETS). Neue politische Ma\u00dfnahmen sind erforderlich, um eine ehrgeizigere Verringerung der Nachfrage nach material-, energie- und treibhausgasintensiven Produkten zu erreichen.<\/p>\n\n\n\n<p>Der Beirat empfiehlt, die sch\u00e4dlichen Subventionen f\u00fcr fossile Brennstoffe, die sich EU-weit auf 50 Milliarden Euro pro Jahr belaufen, vollst\u00e4ndig abzuschaffen. Da die Emissionen in der Landwirtschaft nicht zur\u00fcckgehen, schl\u00e4gt der Bericht vor, die Unterst\u00fctzung von emissionsintensiven landwirtschaftlichen Praktiken wie der Viehzucht auf emissions\u00e4rmere Produkte und T\u00e4tigkeiten zu verlagern. Dar\u00fcber hinaus muss bis sp\u00e4testens 2031 eine Form der Emissionsbepreisung im Agrar- und Landnutzungssektor eingef\u00fchrt werden. Die Umsetzung von Umverteilungsma\u00dfnahmen, die auf die am st\u00e4rksten gef\u00e4hrdeten und betroffenen Haushalte und Unternehmen abzielen, k\u00f6nnte dazu beitragen, dass die \u00f6ffentliche Unterst\u00fctzung f\u00fcr Klimaschutzma\u00dfnahmen erhalten bleibt.<\/p>\n\n\n\n<p>Zun\u00e4chst sieht die EU-Kommossion 55 Prozent Reduzierung bis 2030 vor. Derzeit arbeitet die EU an dem Ziel f\u00fcr 2040. Das 90-Prozent-Ziel soll am 06.02.2024 vorgestellt werden \u2013 am <a href=\"https:\/\/climate-advisory-board.europa.eu\/news\/webinar-presentation-of-the-report-towards-eu-climate-neutrality-22-january\" target=\"_blank\" rel=\"noreferrer noopener\">22.01.2024 der Bericht in&nbsp; einem Webinar<\/a>. Vor der Europa-Wahl im Juni gilt das Etappenziel als Test f\u00fcr den R\u00fcckhalt f\u00fcr die Klimaziele in der Gemeinschaft ist.<\/p>\n\n\n\n<p>Bei der Vorstellung der Ziele will die Kommission auf die steigenden Kosten f\u00fcr Klimasch\u00e4den in Europa und auf die Vorz\u00fcge einer CO<sub>2<\/sub>-Verringerung verweisen \u2013 darunter weniger Ausgaben f\u00fcr den Import fossiler Energietr\u00e4ger. Auch soll auf Pl\u00e4ne verwiesen werden, wie den verschiedenen Industriezweigen beim Erreichen des Zwischenziels 2040 geholfen werden k\u00f6nnte.<\/p>\n\n\n\n<p><strong>Quellen:<\/strong><\/p>\n\n\n\n<ul class=\"wp-block-list\">\n<li><a href=\"https:\/\/www.finanzen.net\/nachricht\/aktien\/co2-zwischenziel-eu-kommission-will-90-prozent-bis-2040-einsparen-13188757\" target=\"_blank\" rel=\"noreferrer noopener\">finanzen.net\/co2-zwischenziel-eu-kommission-will-90-prozent-bis-2040-einsparen<\/a><\/li>\n\n\n\n<li><a href=\"https:\/\/background.tagesspiegel.de\/energie-klima\/eu-will-90-prozent-co2-bis-2040-einsparen\" target=\"_blank\" rel=\"noreferrer noopener\">background.tagesspiegel.de\/eu-will-90-prozent-co2-bis-2040-einsparen<\/a><\/li>\n\n\n\n<li><a href=\"https:\/\/climate-advisory-board.europa.eu\/reports-and-publications\/towards-eu-climate-neutrality-progress-policy-gaps-and-opportunities\" target=\"_blank\" rel=\"noreferrer noopener\">climate-advisory-board.europa.eu\/towards-eu-climate-neutrality-progress-policy-gaps-and-opportunities<\/a><\/li>\n<\/ul>\n\n\n<h5 class=\"green\">Quelle<\/h5>\r\n\n\n\n<p>Der Bericht wurde von der\u00a0<a href=\"https:\/\/www.solarify.eu\/2024\/01\/20\/352-eu-kommission-wil-bis-2040-90-prozent-co2-einsparen\/\">Redaktion &#8222;SOLARIFY\u201c 2024<\/a>\u00a0verfasst!\u00a0<\/p>\n<div class=\"shariff shariff-align-flex-start shariff-widget-align-flex-start\"><div class=\"ShariffHeadline\">Diese Meldung teilen<\/div><ul class=\"shariff-buttons theme-round orientation-horizontal buttonsize-medium\"><li class=\"shariff-button facebook shariff-nocustomcolor\" style=\"background-color:#4273c8;border-radius:1%\"><a href=\"https:\/\/www.facebook.com\/sharer\/sharer.php?u=https%3A%2F%2Fwww.sonnenseite.com%2Fde%2Fpolitik%2Feu-kommission-will-bis-2040-90-prozent-co2-einsparen%2F\" title=\"Bei Facebook teilen\" aria-label=\"Bei Facebook teilen\" role=\"button\" rel=\"nofollow\" class=\"shariff-link\" style=\";border-radius:1%; background-color:#3b5998; color:#fff\" target=\"_blank\"><span class=\"shariff-icon\" style=\"\"><svg width=\"32px\" height=\"20px\" xmlns=\"http:\/\/www.w3.org\/2000\/svg\" viewBox=\"0 0 18 32\"><path fill=\"#3b5998\" d=\"M17.1 0.2v4.7h-2.8q-1.5 0-2.1 0.6t-0.5 1.9v3.4h5.2l-0.7 5.3h-4.5v13.6h-5.5v-13.6h-4.5v-5.3h4.5v-3.9q0-3.3 1.9-5.2t5-1.8q2.6 0 4.1 0.2z\"\/><\/svg><\/span><\/a><\/li><li class=\"shariff-button twitter shariff-nocustomcolor\" style=\"background-color:#595959;border-radius:1%\"><a href=\"https:\/\/twitter.com\/share?url=https%3A%2F%2Fwww.sonnenseite.com%2Fde%2Fpolitik%2Feu-kommission-will-bis-2040-90-prozent-co2-einsparen%2F&text=EU-Kommission%20will%20bis%202040%2090%20Prozent%20CO2%20einsparen\" title=\"Bei X teilen\" aria-label=\"Bei X teilen\" role=\"button\" rel=\"noopener nofollow\" class=\"shariff-link\" style=\";border-radius:1%; background-color:#000; color:#fff\" target=\"_blank\"><span class=\"shariff-icon\" style=\"\"><svg width=\"32px\" height=\"20px\" xmlns=\"http:\/\/www.w3.org\/2000\/svg\" viewBox=\"0 0 24 24\"><path fill=\"#000\" d=\"M14.258 10.152L23.176 0h-2.113l-7.747 8.813L7.133 0H0l9.352 13.328L0 23.973h2.113l8.176-9.309 6.531 9.309h7.133zm-2.895 3.293l-.949-1.328L2.875 1.56h3.246l6.086 8.523.945 1.328 7.91 11.078h-3.246zm0 0\"\/><\/svg><\/span><\/a><\/li><li class=\"shariff-button xing shariff-nocustomcolor\" style=\"background-color:#29888a;border-radius:1%\"><a href=\"https:\/\/www.xing.com\/spi\/shares\/new?url=https%3A%2F%2Fwww.sonnenseite.com%2Fde%2Fpolitik%2Feu-kommission-will-bis-2040-90-prozent-co2-einsparen%2F\" title=\"Bei XING teilen\" aria-label=\"Bei XING teilen\" role=\"button\" rel=\"noopener nofollow\" class=\"shariff-link\" style=\";border-radius:1%; background-color:#126567; color:#fff\" target=\"_blank\"><span class=\"shariff-icon\" style=\"\"><svg width=\"32px\" height=\"20px\" xmlns=\"http:\/\/www.w3.org\/2000\/svg\" viewBox=\"0 0 25 32\"><path fill=\"#126567\" d=\"M10.7 11.9q-0.2 0.3-4.6 8.2-0.5 0.8-1.2 0.8h-4.3q-0.4 0-0.5-0.3t0-0.6l4.5-8q0 0 0 0l-2.9-5q-0.2-0.4 0-0.7 0.2-0.3 0.5-0.3h4.3q0.7 0 1.2 0.8zM25.1 0.4q0.2 0.3 0 0.7l-9.4 16.7 6 11q0.2 0.4 0 0.6-0.2 0.3-0.6 0.3h-4.3q-0.7 0-1.2-0.8l-6-11.1q0.3-0.6 9.5-16.8 0.4-0.8 1.2-0.8h4.3q0.4 0 0.5 0.3z\"\/><\/svg><\/span><\/a><\/li><li class=\"shariff-button linkedin shariff-nocustomcolor\" style=\"background-color:#1488bf;border-radius:1%\"><a href=\"https:\/\/www.linkedin.com\/sharing\/share-offsite\/?url=https%3A%2F%2Fwww.sonnenseite.com%2Fde%2Fpolitik%2Feu-kommission-will-bis-2040-90-prozent-co2-einsparen%2F\" title=\"Bei LinkedIn teilen\" aria-label=\"Bei LinkedIn teilen\" role=\"button\" rel=\"noopener nofollow\" class=\"shariff-link\" style=\";border-radius:1%; background-color:#0077b5; color:#fff\" target=\"_blank\"><span class=\"shariff-icon\" style=\"\"><svg width=\"32px\" height=\"20px\" xmlns=\"http:\/\/www.w3.org\/2000\/svg\" viewBox=\"0 0 27 32\"><path fill=\"#0077b5\" d=\"M6.2 11.2v17.7h-5.9v-17.7h5.9zM6.6 5.7q0 1.3-0.9 2.2t-2.4 0.9h0q-1.5 0-2.4-0.9t-0.9-2.2 0.9-2.2 2.4-0.9 2.4 0.9 0.9 2.2zM27.4 18.7v10.1h-5.9v-9.5q0-1.9-0.7-2.9t-2.3-1.1q-1.1 0-1.9 0.6t-1.2 1.5q-0.2 0.5-0.2 1.4v9.9h-5.9q0-7.1 0-11.6t0-5.3l0-0.9h5.9v2.6h0q0.4-0.6 0.7-1t1-0.9 1.6-0.8 2-0.3q3 0 4.9 2t1.9 6z\"\/><\/svg><\/span><\/a><\/li><li class=\"shariff-button printer shariff-nocustomcolor\" style=\"background-color:#a8a8a8;border-radius:1%\"><a href=\"javascript:window.print()\" title=\"drucken\" aria-label=\"drucken\" role=\"button\" rel=\"noopener nofollow\" class=\"shariff-link\" style=\";border-radius:1%; background-color:#999; color:#fff\"><span class=\"shariff-icon\" style=\"\"><svg width=\"32px\" height=\"20px\" xmlns=\"http:\/\/www.w3.org\/2000\/svg\" viewBox=\"0 0 30 32\"><path fill=\"#999\" d=\"M6.8 27.4h16v-4.6h-16v4.6zM6.8 16h16v-6.8h-2.8q-0.7 0-1.2-0.5t-0.5-1.2v-2.8h-11.4v11.4zM27.4 17.2q0-0.5-0.3-0.8t-0.8-0.4-0.8 0.4-0.3 0.8 0.3 0.8 0.8 0.3 0.8-0.3 0.3-0.8zM29.7 17.2v7.4q0 0.2-0.2 0.4t-0.4 0.2h-4v2.8q0 0.7-0.5 1.2t-1.2 0.5h-17.2q-0.7 0-1.2-0.5t-0.5-1.2v-2.8h-4q-0.2 0-0.4-0.2t-0.2-0.4v-7.4q0-1.4 1-2.4t2.4-1h1.2v-9.7q0-0.7 0.5-1.2t1.2-0.5h12q0.7 0 1.6 0.4t1.3 0.8l2.7 2.7q0.5 0.5 0.9 1.4t0.4 1.6v4.6h1.1q1.4 0 2.4 1t1 2.4z\"\/><\/svg><\/span><\/a><\/li><li class=\"shariff-button mailto shariff-nocustomcolor\" style=\"background-color:#a8a8a8;border-radius:1%\"><a href=\"mailto:?body=https%3A%2F%2Fwww.sonnenseite.com%2Fde%2Fpolitik%2Feu-kommission-will-bis-2040-90-prozent-co2-einsparen%2F&subject=EU-Kommission%20will%20bis%202040%2090%20Prozent%20CO2%20einsparen\" title=\"Per E-Mail versenden\" aria-label=\"Per E-Mail versenden\" role=\"button\" rel=\"noopener nofollow\" class=\"shariff-link\" style=\";border-radius:1%; background-color:#999; color:#fff\"><span class=\"shariff-icon\" style=\"\"><svg width=\"32px\" height=\"20px\" xmlns=\"http:\/\/www.w3.org\/2000\/svg\" viewBox=\"0 0 32 32\"><path fill=\"#999\" d=\"M32 12.7v14.2q0 1.2-0.8 2t-2 0.9h-26.3q-1.2 0-2-0.9t-0.8-2v-14.2q0.8 0.9 1.8 1.6 6.5 4.4 8.9 6.1 1 0.8 1.6 1.2t1.7 0.9 2 0.4h0.1q0.9 0 2-0.4t1.7-0.9 1.6-1.2q3-2.2 8.9-6.1 1-0.7 1.8-1.6zM32 7.4q0 1.4-0.9 2.7t-2.2 2.2q-6.7 4.7-8.4 5.8-0.2 0.1-0.7 0.5t-1 0.7-0.9 0.6-1.1 0.5-0.9 0.2h-0.1q-0.4 0-0.9-0.2t-1.1-0.5-0.9-0.6-1-0.7-0.7-0.5q-1.6-1.1-4.7-3.2t-3.6-2.6q-1.1-0.7-2.1-2t-1-2.5q0-1.4 0.7-2.3t2.1-0.9h26.3q1.2 0 2 0.8t0.9 2z\"\/><\/svg><\/span><\/a><\/li><\/ul><\/div>","protected":false},"excerpt":{"rendered":"<p>Bericht des Europ\u00e4ischen Wissenschaftlichen Beirats zum Klimawandel mit Zwischenziel Die EU-Kommission will Anfang Februar ein neues [&hellip;]<\/p>\n","protected":false},"author":3,"featured_media":80276,"comment_status":"closed","ping_status":"closed","sticky":false,"template":"","format":"standard","meta":{"inline_featured_image":false,"footnotes":""},"categories":[21],"tags":[],"class_list":["post-96899","post","type-post","status-publish","format-standard","has-post-thumbnail","hentry","category-politik"],"yoast_head":"<!-- This site is optimized with the Yoast SEO plugin v26.5 - https:\/\/yoast.com\/wordpress\/plugins\/seo\/ -->\n<title>EU-Kommission will bis 2040 90 Prozent CO2 einsparen - Sonnenseite - \u00d6kologische Kommunikation mit Franz Alt<\/title>\n<meta name=\"description\" content=\"Bericht des Europ\u00e4ischen Wissenschaftlichen Beirats zum Klimawandel mit Zwischenziel Die EU-Kommission will Anfang Februar ein neues Zwischenziel f\u00fcr\" \/>\n<meta name=\"robots\" content=\"index, follow, max-snippet:-1, max-image-preview:large, max-video-preview:-1\" \/>\n<link rel=\"canonical\" href=\"https:\/\/www.sonnenseite.com\/de\/politik\/eu-kommission-will-bis-2040-90-prozent-co2-einsparen\/\" \/>\n<meta property=\"og:locale\" content=\"de_DE\" \/>\n<meta property=\"og:type\" content=\"article\" \/>\n<meta property=\"og:title\" content=\"EU-Kommission will bis 2040 90 Prozent CO2 einsparen - Sonnenseite - \u00d6kologische Kommunikation mit Franz Alt\" \/>\n<meta property=\"og:description\" content=\"Bericht des Europ\u00e4ischen Wissenschaftlichen Beirats zum Klimawandel mit Zwischenziel Die EU-Kommission will Anfang Februar ein neues Zwischenziel f\u00fcr\" \/>\n<meta property=\"og:url\" content=\"https:\/\/www.sonnenseite.com\/de\/politik\/eu-kommission-will-bis-2040-90-prozent-co2-einsparen\/\" \/>\n<meta property=\"og:site_name\" content=\"Sonnenseite\" \/>\n<meta property=\"article:publisher\" content=\"https:\/\/www.facebook.com\/pages\/Franz-Alt-SONNENSEITECOM\/221072987903953?fref=ts\" \/>\n<meta property=\"article:published_time\" content=\"2024-01-22T01:54:00+00:00\" \/>\n<meta property=\"og:image\" content=\"https:\/\/www.sonnenseite.com\/wp-content\/uploads\/2022\/03\/Europa_8926.jpg\" \/>\n\t<meta property=\"og:image:width\" content=\"770\" \/>\n\t<meta property=\"og:image:height\" content=\"420\" \/>\n\t<meta property=\"og:image:type\" content=\"image\/jpeg\" \/>\n<meta name=\"author\" content=\"Bigi Alt\" \/>\n<meta name=\"twitter:card\" content=\"summary_large_image\" \/>\n<meta name=\"twitter:creator\" content=\"@franzalt\" \/>\n<meta name=\"twitter:site\" content=\"@franzalt\" \/>\n<meta name=\"twitter:label1\" content=\"Verfasst von\" \/>\n\t<meta name=\"twitter:data1\" content=\"Bigi Alt\" \/>\n\t<meta name=\"twitter:label2\" content=\"Gesch\u00e4tzte Lesezeit\" \/>\n\t<meta name=\"twitter:data2\" content=\"4\u00a0Minuten\" \/>\n<script type=\"application\/ld+json\" class=\"yoast-schema-graph\">{\"@context\":\"https:\/\/schema.org\",\"@graph\":[{\"@type\":\"Article\",\"@id\":\"https:\/\/www.sonnenseite.com\/de\/politik\/eu-kommission-will-bis-2040-90-prozent-co2-einsparen\/#article\",\"isPartOf\":{\"@id\":\"https:\/\/www.sonnenseite.com\/de\/politik\/eu-kommission-will-bis-2040-90-prozent-co2-einsparen\/\"},\"author\":{\"name\":\"Bigi Alt\",\"@id\":\"https:\/\/www.sonnenseite.com\/de\/#\/schema\/person\/50fda0e926597684c7cc6695238a4eb9\"},\"headline\":\"EU-Kommission will bis 2040 90 Prozent CO2 einsparen\",\"datePublished\":\"2024-01-22T01:54:00+00:00\",\"mainEntityOfPage\":{\"@id\":\"https:\/\/www.sonnenseite.com\/de\/politik\/eu-kommission-will-bis-2040-90-prozent-co2-einsparen\/\"},\"wordCount\":601,\"publisher\":{\"@id\":\"https:\/\/www.sonnenseite.com\/de\/#organization\"},\"image\":{\"@id\":\"https:\/\/www.sonnenseite.com\/de\/politik\/eu-kommission-will-bis-2040-90-prozent-co2-einsparen\/#primaryimage\"},\"thumbnailUrl\":\"https:\/\/www.sonnenseite.com\/wp-content\/uploads\/2022\/03\/Europa_8926.jpg\",\"articleSection\":[\"Politik\"],\"inLanguage\":\"de\"},{\"@type\":\"WebPage\",\"@id\":\"https:\/\/www.sonnenseite.com\/de\/politik\/eu-kommission-will-bis-2040-90-prozent-co2-einsparen\/\",\"url\":\"https:\/\/www.sonnenseite.com\/de\/politik\/eu-kommission-will-bis-2040-90-prozent-co2-einsparen\/\",\"name\":\"EU-Kommission will bis 2040 90 Prozent CO2 einsparen - Sonnenseite - \u00d6kologische Kommunikation mit Franz Alt\",\"isPartOf\":{\"@id\":\"https:\/\/www.sonnenseite.com\/de\/#website\"},\"primaryImageOfPage\":{\"@id\":\"https:\/\/www.sonnenseite.com\/de\/politik\/eu-kommission-will-bis-2040-90-prozent-co2-einsparen\/#primaryimage\"},\"image\":{\"@id\":\"https:\/\/www.sonnenseite.com\/de\/politik\/eu-kommission-will-bis-2040-90-prozent-co2-einsparen\/#primaryimage\"},\"thumbnailUrl\":\"https:\/\/www.sonnenseite.com\/wp-content\/uploads\/2022\/03\/Europa_8926.jpg\",\"datePublished\":\"2024-01-22T01:54:00+00:00\",\"description\":\"Bericht des Europ\u00e4ischen Wissenschaftlichen Beirats zum Klimawandel mit Zwischenziel Die EU-Kommission will Anfang Februar ein neues Zwischenziel f\u00fcr\",\"breadcrumb\":{\"@id\":\"https:\/\/www.sonnenseite.com\/de\/politik\/eu-kommission-will-bis-2040-90-prozent-co2-einsparen\/#breadcrumb\"},\"inLanguage\":\"de\",\"potentialAction\":[{\"@type\":\"ReadAction\",\"target\":[\"https:\/\/www.sonnenseite.com\/de\/politik\/eu-kommission-will-bis-2040-90-prozent-co2-einsparen\/\"]}]},{\"@type\":\"ImageObject\",\"inLanguage\":\"de\",\"@id\":\"https:\/\/www.sonnenseite.com\/de\/politik\/eu-kommission-will-bis-2040-90-prozent-co2-einsparen\/#primaryimage\",\"url\":\"https:\/\/www.sonnenseite.com\/wp-content\/uploads\/2022\/03\/Europa_8926.jpg\",\"contentUrl\":\"https:\/\/www.sonnenseite.com\/wp-content\/uploads\/2022\/03\/Europa_8926.jpg\",\"width\":770,\"height\":420,\"caption\":\"Depositphotos.com | 8926 | Europa\"},{\"@type\":\"BreadcrumbList\",\"@id\":\"https:\/\/www.sonnenseite.com\/de\/politik\/eu-kommission-will-bis-2040-90-prozent-co2-einsparen\/#breadcrumb\",\"itemListElement\":[{\"@type\":\"ListItem\",\"position\":1,\"name\":\"Startseite\",\"item\":\"https:\/\/www.sonnenseite.com\/de\/\"},{\"@type\":\"ListItem\",\"position\":2,\"name\":\"EU-Kommission will bis 2040 90 Prozent CO2 einsparen\"}]},{\"@type\":\"WebSite\",\"@id\":\"https:\/\/www.sonnenseite.com\/de\/#website\",\"url\":\"https:\/\/www.sonnenseite.com\/de\/\",\"name\":\"Sonnenseite\",\"description\":\"\u00d6kologische Kommunikation mit Franz Alt\",\"publisher\":{\"@id\":\"https:\/\/www.sonnenseite.com\/de\/#organization\"},\"potentialAction\":[{\"@type\":\"SearchAction\",\"target\":{\"@type\":\"EntryPoint\",\"urlTemplate\":\"https:\/\/www.sonnenseite.com\/de\/?s={search_term_string}\"},\"query-input\":{\"@type\":\"PropertyValueSpecification\",\"valueRequired\":true,\"valueName\":\"search_term_string\"}}],\"inLanguage\":\"de\"},{\"@type\":\"Organization\",\"@id\":\"https:\/\/www.sonnenseite.com\/de\/#organization\",\"name\":\"Sonnenseite\",\"url\":\"https:\/\/www.sonnenseite.com\/de\/\",\"logo\":{\"@type\":\"ImageObject\",\"inLanguage\":\"de\",\"@id\":\"https:\/\/www.sonnenseite.com\/de\/#\/schema\/logo\/image\/\",\"url\":\"https:\/\/www.sonnenseite.com\/wp-content\/uploads\/2020\/05\/Sonnenseite_Logo.png\",\"contentUrl\":\"https:\/\/www.sonnenseite.com\/wp-content\/uploads\/2020\/05\/Sonnenseite_Logo.png\",\"width\":377,\"height\":90,\"caption\":\"Sonnenseite\"},\"image\":{\"@id\":\"https:\/\/www.sonnenseite.com\/de\/#\/schema\/logo\/image\/\"},\"sameAs\":[\"https:\/\/www.facebook.com\/pages\/Franz-Alt-SONNENSEITECOM\/221072987903953?fref=ts\",\"https:\/\/x.com\/franzalt\",\"http:\/\/www.youtube.com\/results?search_query&amp;amp;quot;franz_alt&amp;amp;quot;&amp;amp;amp;amp;search_type&amp;amp;amp;amp;aq=f\"]},{\"@type\":\"Person\",\"@id\":\"https:\/\/www.sonnenseite.com\/de\/#\/schema\/person\/50fda0e926597684c7cc6695238a4eb9\",\"name\":\"Bigi Alt\"}]}<\/script>\n<!-- \/ Yoast SEO plugin. -->","yoast_head_json":{"title":"EU-Kommission will bis 2040 90 Prozent CO2 einsparen - Sonnenseite - \u00d6kologische Kommunikation mit Franz Alt","description":"Bericht des Europ\u00e4ischen Wissenschaftlichen Beirats zum Klimawandel mit Zwischenziel Die EU-Kommission will Anfang Februar ein neues Zwischenziel f\u00fcr","robots":{"index":"index","follow":"follow","max-snippet":"max-snippet:-1","max-image-preview":"max-image-preview:large","max-video-preview":"max-video-preview:-1"},"canonical":"https:\/\/www.sonnenseite.com\/de\/politik\/eu-kommission-will-bis-2040-90-prozent-co2-einsparen\/","og_locale":"de_DE","og_type":"article","og_title":"EU-Kommission will bis 2040 90 Prozent CO2 einsparen - Sonnenseite - \u00d6kologische Kommunikation mit Franz Alt","og_description":"Bericht des Europ\u00e4ischen Wissenschaftlichen Beirats zum Klimawandel mit Zwischenziel Die EU-Kommission will Anfang Februar ein neues Zwischenziel f\u00fcr","og_url":"https:\/\/www.sonnenseite.com\/de\/politik\/eu-kommission-will-bis-2040-90-prozent-co2-einsparen\/","og_site_name":"Sonnenseite","article_publisher":"https:\/\/www.facebook.com\/pages\/Franz-Alt-SONNENSEITECOM\/221072987903953?fref=ts","article_published_time":"2024-01-22T01:54:00+00:00","og_image":[{"width":770,"height":420,"url":"https:\/\/www.sonnenseite.com\/wp-content\/uploads\/2022\/03\/Europa_8926.jpg","type":"image\/jpeg"}],"author":"Bigi Alt","twitter_card":"summary_large_image","twitter_creator":"@franzalt","twitter_site":"@franzalt","twitter_misc":{"Verfasst von":"Bigi Alt","Gesch\u00e4tzte Lesezeit":"4\u00a0Minuten"},"schema":{"@context":"https:\/\/schema.org","@graph":[{"@type":"Article","@id":"https:\/\/www.sonnenseite.com\/de\/politik\/eu-kommission-will-bis-2040-90-prozent-co2-einsparen\/#article","isPartOf":{"@id":"https:\/\/www.sonnenseite.com\/de\/politik\/eu-kommission-will-bis-2040-90-prozent-co2-einsparen\/"},"author":{"name":"Bigi Alt","@id":"https:\/\/www.sonnenseite.com\/de\/#\/schema\/person\/50fda0e926597684c7cc6695238a4eb9"},"headline":"EU-Kommission will bis 2040 90 Prozent CO2 einsparen","datePublished":"2024-01-22T01:54:00+00:00","mainEntityOfPage":{"@id":"https:\/\/www.sonnenseite.com\/de\/politik\/eu-kommission-will-bis-2040-90-prozent-co2-einsparen\/"},"wordCount":601,"publisher":{"@id":"https:\/\/www.sonnenseite.com\/de\/#organization"},"image":{"@id":"https:\/\/www.sonnenseite.com\/de\/politik\/eu-kommission-will-bis-2040-90-prozent-co2-einsparen\/#primaryimage"},"thumbnailUrl":"https:\/\/www.sonnenseite.com\/wp-content\/uploads\/2022\/03\/Europa_8926.jpg","articleSection":["Politik"],"inLanguage":"de"},{"@type":"WebPage","@id":"https:\/\/www.sonnenseite.com\/de\/politik\/eu-kommission-will-bis-2040-90-prozent-co2-einsparen\/","url":"https:\/\/www.sonnenseite.com\/de\/politik\/eu-kommission-will-bis-2040-90-prozent-co2-einsparen\/","name":"EU-Kommission will bis 2040 90 Prozent CO2 einsparen - Sonnenseite - \u00d6kologische Kommunikation mit Franz Alt","isPartOf":{"@id":"https:\/\/www.sonnenseite.com\/de\/#website"},"primaryImageOfPage":{"@id":"https:\/\/www.sonnenseite.com\/de\/politik\/eu-kommission-will-bis-2040-90-prozent-co2-einsparen\/#primaryimage"},"image":{"@id":"https:\/\/www.sonnenseite.com\/de\/politik\/eu-kommission-will-bis-2040-90-prozent-co2-einsparen\/#primaryimage"},"thumbnailUrl":"https:\/\/www.sonnenseite.com\/wp-content\/uploads\/2022\/03\/Europa_8926.jpg","datePublished":"2024-01-22T01:54:00+00:00","description":"Bericht des Europ\u00e4ischen Wissenschaftlichen Beirats zum Klimawandel mit Zwischenziel Die EU-Kommission will Anfang Februar ein neues Zwischenziel f\u00fcr","breadcrumb":{"@id":"https:\/\/www.sonnenseite.com\/de\/politik\/eu-kommission-will-bis-2040-90-prozent-co2-einsparen\/#breadcrumb"},"inLanguage":"de","potentialAction":[{"@type":"ReadAction","target":["https:\/\/www.sonnenseite.com\/de\/politik\/eu-kommission-will-bis-2040-90-prozent-co2-einsparen\/"]}]},{"@type":"ImageObject","inLanguage":"de","@id":"https:\/\/www.sonnenseite.com\/de\/politik\/eu-kommission-will-bis-2040-90-prozent-co2-einsparen\/#primaryimage","url":"https:\/\/www.sonnenseite.com\/wp-content\/uploads\/2022\/03\/Europa_8926.jpg","contentUrl":"https:\/\/www.sonnenseite.com\/wp-content\/uploads\/2022\/03\/Europa_8926.jpg","width":770,"height":420,"caption":"Depositphotos.com | 8926 | Europa"},{"@type":"BreadcrumbList","@id":"https:\/\/www.sonnenseite.com\/de\/politik\/eu-kommission-will-bis-2040-90-prozent-co2-einsparen\/#breadcrumb","itemListElement":[{"@type":"ListItem","position":1,"name":"Startseite","item":"https:\/\/www.sonnenseite.com\/de\/"},{"@type":"ListItem","position":2,"name":"EU-Kommission will bis 2040 90 Prozent CO2 einsparen"}]},{"@type":"WebSite","@id":"https:\/\/www.sonnenseite.com\/de\/#website","url":"https:\/\/www.sonnenseite.com\/de\/","name":"Sonnenseite","description":"\u00d6kologische Kommunikation mit Franz Alt","publisher":{"@id":"https:\/\/www.sonnenseite.com\/de\/#organization"},"potentialAction":[{"@type":"SearchAction","target":{"@type":"EntryPoint","urlTemplate":"https:\/\/www.sonnenseite.com\/de\/?s={search_term_string}"},"query-input":{"@type":"PropertyValueSpecification","valueRequired":true,"valueName":"search_term_string"}}],"inLanguage":"de"},{"@type":"Organization","@id":"https:\/\/www.sonnenseite.com\/de\/#organization","name":"Sonnenseite","url":"https:\/\/www.sonnenseite.com\/de\/","logo":{"@type":"ImageObject","inLanguage":"de","@id":"https:\/\/www.sonnenseite.com\/de\/#\/schema\/logo\/image\/","url":"https:\/\/www.sonnenseite.com\/wp-content\/uploads\/2020\/05\/Sonnenseite_Logo.png","contentUrl":"https:\/\/www.sonnenseite.com\/wp-content\/uploads\/2020\/05\/Sonnenseite_Logo.png","width":377,"height":90,"caption":"Sonnenseite"},"image":{"@id":"https:\/\/www.sonnenseite.com\/de\/#\/schema\/logo\/image\/"},"sameAs":["https:\/\/www.facebook.com\/pages\/Franz-Alt-SONNENSEITECOM\/221072987903953?fref=ts","https:\/\/x.com\/franzalt","http:\/\/www.youtube.com\/results?search_query&amp;amp;quot;franz_alt&amp;amp;quot;&amp;amp;amp;amp;search_type&amp;amp;amp;amp;aq=f"]},{"@type":"Person","@id":"https:\/\/www.sonnenseite.com\/de\/#\/schema\/person\/50fda0e926597684c7cc6695238a4eb9","name":"Bigi Alt"}]}},"_links":{"self":[{"href":"https:\/\/www.sonnenseite.com\/de\/wp-json\/wp\/v2\/posts\/96899","targetHints":{"allow":["GET"]}}],"collection":[{"href":"https:\/\/www.sonnenseite.com\/de\/wp-json\/wp\/v2\/posts"}],"about":[{"href":"https:\/\/www.sonnenseite.com\/de\/wp-json\/wp\/v2\/types\/post"}],"author":[{"embeddable":true,"href":"https:\/\/www.sonnenseite.com\/de\/wp-json\/wp\/v2\/users\/3"}],"replies":[{"embeddable":true,"href":"https:\/\/www.sonnenseite.com\/de\/wp-json\/wp\/v2\/comments?post=96899"}],"version-history":[{"count":2,"href":"https:\/\/www.sonnenseite.com\/de\/wp-json\/wp\/v2\/posts\/96899\/revisions"}],"predecessor-version":[{"id":96901,"href":"https:\/\/www.sonnenseite.com\/de\/wp-json\/wp\/v2\/posts\/96899\/revisions\/96901"}],"wp:featuredmedia":[{"embeddable":true,"href":"https:\/\/www.sonnenseite.com\/de\/wp-json\/wp\/v2\/media\/80276"}],"wp:attachment":[{"href":"https:\/\/www.sonnenseite.com\/de\/wp-json\/wp\/v2\/media?parent=96899"}],"wp:term":[{"taxonomy":"category","embeddable":true,"href":"https:\/\/www.sonnenseite.com\/de\/wp-json\/wp\/v2\/categories?post=96899"},{"taxonomy":"post_tag","embeddable":true,"href":"https:\/\/www.sonnenseite.com\/de\/wp-json\/wp\/v2\/tags?post=96899"}],"curies":[{"name":"wp","href":"https:\/\/api.w.org\/{rel}","templated":true}]}}