{"id":97179,"date":"2024-02-01T03:23:00","date_gmt":"2024-02-01T02:23:00","guid":{"rendered":"https:\/\/www.sonnenseite.com\/?p=97179"},"modified":"2024-02-16T11:29:58","modified_gmt":"2024-02-16T10:29:58","slug":"letzte-generation-die-aera-des-klebens-ist-zu-ende","status":"publish","type":"post","link":"https:\/\/www.sonnenseite.com\/de\/politik\/letzte-generation-die-aera-des-klebens-ist-zu-ende\/","title":{"rendered":"&#8222;Letzte Generation&#8220; &#8211; Die \u00c4ra des Klebens ist zu\u00a0Ende"},"content":{"rendered":"\n<p>Die &#8222;Letzte Generation&#8220; k\u00fcndigt einen Strategiewechsel an: Die Aktivist:innen wollen sich nicht mehr auf Stra\u00dfen festkleben, sondern &#8222;ungehorsame Versammlungen&#8220; abhalten und die Verantwortlichen f\u00fcr die Klimakrise &#8222;direkt konfrontieren&#8220;.<\/p>\n\n\n\n<p>Keine andere Gruppe der Klimabewegung hat mit ihren Aktionen in den letzten beiden Jahren so viel Aufsehen erregt wie die &#8222;Letzte Generation&#8220;. Von ihrer Hauptaktionsform&nbsp;\u2013 ihrem Markenzeichen sozusagen&nbsp;\u2013, der Stra\u00dfenblockade, wollen sich die Aktivist:innen nun verabschieden.<\/p>\n\n\n\n<p>Dazu <a href=\"https:\/\/letztegeneration.org\/pm\/naechstes-kapitel-des-widerstands-letzte-generation-stellt-strategie-fuer-2024-vor\/\" target=\"_blank\" rel=\"noreferrer noopener\">erkl\u00e4rt die Gruppe<\/a>: &#8222;Statt uns in Kleingruppen aufzuteilen und Stra\u00dfenblockaden zu machen, werden wir gemeinsam mit vielen Menschen ungehorsame Versammlungen machen.&#8220;<\/p>\n\n\n\n<p>Das Kapitel des Klebens und der Stra\u00dfenblockaden w\u00fcrde damit enden, &#8222;unignorierbar&#8220; sollen aber auch die kommenden Aktionen sein.<\/p>\n\n\n\n<p>Wie diese &#8222;neue \u00c4ra des friedlichen Widerstandes&#8220; und die neue Protestform aussehen werden, kann <a href=\"https:\/\/letztegeneration.org\/pm\/zusammenfassung-pressekonferenzgesellschaftlicher-wendepunkt-im-herbst-weg-von-fossil-hin-zu-gerecht\/\" target=\"_blank\" rel=\"noreferrer noopener\">Rolf Meyer<\/a>, Sprecher der Letzten Generation, noch nicht sagen. Das werde sich in den konkreten Einzelaktionen zeigen, erkl\u00e4rt er.<\/p>\n\n\n\n<p>Das Besondere an der &#8222;ungehorsamen Versammlung&#8220; ist Meyer zufolge, dass sie anschlussf\u00e4higer sei und dennoch radikal. Denn auf die Vorgaben der Polizei wolle man nicht h\u00f6ren. &#8222;Das&nbsp;Interesse&nbsp;der&nbsp;Polizei&nbsp;ist&nbsp;es,&nbsp;die&nbsp;St\u00f6rung&nbsp;m\u00f6glichst&nbsp;gering&nbsp;zu halten. Aber die Klimakatastrophe zwingt uns, st\u00f6rend zu sein&#8220;, k\u00fcndigt Meyer an.<\/p>\n\n\n\n<p>Au\u00dferdem wollen die Klimaaktivist:innen &#8222;die Verantwortlichen f\u00fcr die Klimazerst\u00f6rung in Zukunft verst\u00e4rkt direkt konfrontieren&#8220;. Vorbild sind dabei Aktionen der US-amerikanischen Klimagerechtigkeitsgruppe <a href=\"https:\/\/www.climatedefiance.org\/\" target=\"_blank\" rel=\"noreferrer noopener\">Climate Defiance<\/a>.<\/p>\n\n\n\n<p>Erst vor wenigen Tagen hat die Gruppe den Gesch\u00e4ftsf\u00fchrer der Bank of America, <a href=\"https:\/\/de.wikipedia.org\/wiki\/Brian_Moynihan\" target=\"_blank\" rel=\"noreferrer noopener\">Brian Moynihan<\/a>, w\u00e4hrend einer Rede damit konfrontiert, seit 2016 rund 200 Milliarden Dollar in fossile Energien investiert zu haben. Ein <a href=\"https:\/\/twitter.com\/ClimateDefiance\/status\/1751408292528542103\" target=\"_blank\" rel=\"noreferrer noopener\">Video<\/a> dazu postete sie auf ihrem Account bei X, vormals Twitter.<\/p>\n\n\n\n<h4 class=\"wp-block-heading\">Scharfer Gegenwind und Erfolglosigkeit f\u00fchren zu Strategiewechsel<\/h4>\n\n\n\n<p>Zum ersten Mal tauchte der Name &#8222;Letzte Generation&#8220; bei <a href=\"https:\/\/www.klimareporter.de\/protest\/wir-sind-komplett-am-arsch\" target=\"_blank\" rel=\"noreferrer noopener\">einem Hungerstreik<\/a> w\u00e4hrend des Bundestagswahlkampfs 2021 im Berliner Regierungsviertel auf. Wenige Monate sp\u00e4ter folgten die <a href=\"https:\/\/www.klimareporter.de\/protest\/wir-werden-immer-wiederkommen\" target=\"_blank\" rel=\"noreferrer noopener\">ersten Stra\u00dfenblockaden<\/a>, damals noch mit der Kernforderung an die Politik, Sofortma\u00dfnahmen gegen die Lebensmittelverschwendung zu ergreifen.<\/p>\n\n\n\n<p>Seitdem gab es allein in Berlin 550 Blockadeaktionen \u2013 und in der Folge mehr als 3.700 Verfahren. Aber nicht nur mit rechtlichen Konsequenzen mussten sich die Aktivist:innen herumschlagen.<\/p>\n\n\n\n<p><a href=\"https:\/\/www.klimareporter.de\/protest\/wir-brechen-das-gesetz\" target=\"_blank\" rel=\"noreferrer noopener\">Immer h\u00e4ufiger<\/a> \u00e4u\u00dferte sich die Wut von Autofahrer:innen in Gewalt gegen Aktivist:innen. Die scharfe Verurteilung der Aktionen durch Politiker:innen, die die Gruppe als &#8222;Klima-RAF&#8220; oder &#8222;Klimaterroristen&#8220; bezeichneten, und die emotionalisierte <a href=\"https:\/\/www.klimareporter.de\/protest\/klimaprotest-erreicht-abendprogramm-klimakrise-nicht\" target=\"_blank\" rel=\"noreferrer noopener\">Berichterstattung<\/a> etwa in den Springer-Medien heizten die Stimmung weiter an.<\/p>\n\n\n\n<p>Die heftige Kritik an den Klebeaktionen war einer der Gr\u00fcnde f\u00fcr die Umorientierung \u2013 oder &#8222;Weiterentwicklung&#8220;, wie es Rolf Meyer ausdr\u00fcckt. &#8222;Solche Kampagnen verfestigen sich und irgendwann l\u00e4sst sich ihnen kaum mehr etwas entgegensetzen.&#8220;<\/p>\n\n\n\n<p>Bereits im vergangenen November <a href=\"https:\/\/www.tagesschau.de\/investigativ\/mdr\/letztegeneration-strategie-100.html\" target=\"_blank\" rel=\"noreferrer noopener\">berichtete der <em>MDR<\/em><\/a> von einem internen Strategiepapier der Gruppe. Demnach war die Letzte Generation entt\u00e4uscht, dass es zu keinem <a href=\"https:\/\/www.klimareporter.de\/finanzen-wirtschaft\/wir-muessen-ehrlich-bilanzieren-was-der-status-quo-kostet\" target=\"_blank\" rel=\"noreferrer noopener\">&#8222;sozialen Kipppunkt&#8220;<\/a> gekommen ist. Stattdessen habe es eine Normalisierung der Aktionen gegeben und es sei immer schwieriger geworden, gro\u00dfe \u00d6ffentlichkeit herzustellen.<\/p>\n\n\n\n<p>Der Strategiewechsel ist auch eine Einsicht, mit einigen Annahmen falsch gelegen zu haben. So war die Letzte Generation lange davon ausgegangen, dass harte Urteile bis hin zu Gef\u00e4ngnisstrafen gegen Aktivist:innen zu einem gesellschaftlichen Aufschrei f\u00fchren w\u00fcrden. Der ist weitestgehend ausgeblieben.<\/p>\n\n\n\n<h4 class=\"wp-block-heading\">Radikale Aktionen f\u00fcr b\u00fcrgerliche Forderungen<\/h4>\n\n\n\n<p>Bereits in der Vergangenheit fiel die Letzte Generation durch <a href=\"https:\/\/www.klimareporter.de\/protest\/wirkungsvoller-protest-mit-und-fuer-die-naechsten-generationen\" target=\"_blank\" rel=\"noreferrer noopener\">eine Diskrepanz<\/a> zwischen ihren Aktionsformen und ihren Forderungen auf. W\u00e4hrend die Aktionen zu den &#8222;radikalsten&#8220; der deutschen Klimabewegung z\u00e4hlten, waren die Forderungen immer \u00fcberraschend milde.<\/p>\n\n\n\n<p>Aktivist:innen klebten sich auf den Stra\u00dfen fest und forderten dann etwa nur ein Tempolimit auf Autobahnen.<\/p>\n\n\n\n<p>In dieser Disbalance bleibt sich die Gruppe treu. Sie will mit ihren Versammlungen st\u00f6ren und Verantwortliche direkt vor der Kamera mit ihren Verfehlungen konfrontieren.<\/p>\n\n\n\n<p>Die Forderung ist aber kein Systemwandel, schon gar kein Ende des <a href=\"https:\/\/www.klimareporter.de\/finanzen-wirtschaft\/am-ende-sind-wir-alle-kapitalistinnen\" target=\"_blank\" rel=\"noreferrer noopener\">Kapitalismus<\/a>, sondern ein Appell der Ehrlichkeit&#8220; von Bundespr\u00e4sident <a href=\"https:\/\/de.wikipedia.org\/wiki\/Frank-Walter_Steinmeier\" target=\"_blank\" rel=\"noreferrer noopener\">Frank-Walter Steinmeier<\/a>. Dieser soll &#8222;\u00f6ffentlich und ehrlich \u00fcber die Klimazerst\u00f6rung und das notwendige Umsteuern sprechen&#8220;.<\/p>\n\n\n\n<p>Ihre n\u00e4chste geplante Gro\u00dfaktion am kommenden Samstag hat die Letzte Generation abgesagt. Stattdessen will sie sich der <a href=\"https:\/\/www.rbb24.de\/politik\/beitrag\/2024\/01\/berlin-brandenburg-menschenkette-reichstag-wir-sind-die-brandmauer-recherche-correctiv.html\" target=\"_blank\" rel=\"noreferrer noopener\">Menschenkette um den Reichstag<\/a> anschlie\u00dfen und gegen Rechtsextremismus mitprotestieren.<\/p>\n\n\n\n<p>Eine Warnung vor den rechten Kr\u00e4ften findet sich auch in dem Strategietext: &#8222;Menschenfeindliche und faschistische Kr\u00e4fte legen die Axt an das Fundament unserer freiheitlichen, demokratischen Grundordnung.&#8220;<\/p>\n\n\n\n<p>Auch <a href=\"https:\/\/taz.de\/Luisa-Neubauer-ueber-AfD-Proteste\/!5984327\/\" target=\"_blank\" rel=\"noreferrer noopener\">andere Gruppen<\/a> der Klimabewegung legen ihren Fokus gegenw\u00e4rtig auf den Kampf gegen rechts. Das ergibt aus Klima-Perspektive durchaus Sinn. Die AfD etwa zweifelt nach wie vor am menschengemachten Klimawandel.<\/p>\n\n\n<h5 class=\"green\">Quelle<\/h5>\r\n\n\n\n<p>Der Bericht wurde von der\u00a0R<a href=\"https:\/\/www.klimareporter.de\/protest\/letzte-generation-die-aera-des-klebens-ist-zu-ende\">edaktion \u201eklimareporter.de\u201c (David Zauner) 2024<\/a>\u00a0verfasst &#8211; der Artikel darf nicht ohne Genehmigung\u00a0(<a href=\"mailto:post@klimareporter.de\">post@klimareporter.de<\/a>) weiterverbreitet werden!\u00a0<\/p>\n<div class=\"shariff shariff-align-flex-start shariff-widget-align-flex-start\"><div class=\"ShariffHeadline\">Diese Meldung teilen<\/div><ul class=\"shariff-buttons theme-round orientation-horizontal buttonsize-medium\"><li class=\"shariff-button facebook shariff-nocustomcolor\" style=\"background-color:#4273c8;border-radius:1%\"><a href=\"https:\/\/www.facebook.com\/sharer\/sharer.php?u=https%3A%2F%2Fwww.sonnenseite.com%2Fde%2Fpolitik%2Fletzte-generation-die-aera-des-klebens-ist-zu-ende%2F\" title=\"Bei Facebook teilen\" aria-label=\"Bei Facebook teilen\" role=\"button\" rel=\"nofollow\" class=\"shariff-link\" style=\";border-radius:1%; background-color:#3b5998; color:#fff\" target=\"_blank\"><span class=\"shariff-icon\" style=\"\"><svg width=\"32px\" height=\"20px\" xmlns=\"http:\/\/www.w3.org\/2000\/svg\" viewBox=\"0 0 18 32\"><path fill=\"#3b5998\" d=\"M17.1 0.2v4.7h-2.8q-1.5 0-2.1 0.6t-0.5 1.9v3.4h5.2l-0.7 5.3h-4.5v13.6h-5.5v-13.6h-4.5v-5.3h4.5v-3.9q0-3.3 1.9-5.2t5-1.8q2.6 0 4.1 0.2z\"\/><\/svg><\/span><\/a><\/li><li class=\"shariff-button twitter shariff-nocustomcolor\" style=\"background-color:#595959;border-radius:1%\"><a href=\"https:\/\/twitter.com\/share?url=https%3A%2F%2Fwww.sonnenseite.com%2Fde%2Fpolitik%2Fletzte-generation-die-aera-des-klebens-ist-zu-ende%2F&text=%E2%80%9ELetzte%20Generation%E2%80%9C%20%E2%80%93%20Die%20%C3%84ra%20des%20Klebens%20ist%20zu%C2%A0Ende\" title=\"Bei X teilen\" aria-label=\"Bei X teilen\" role=\"button\" rel=\"noopener nofollow\" class=\"shariff-link\" style=\";border-radius:1%; background-color:#000; color:#fff\" target=\"_blank\"><span class=\"shariff-icon\" style=\"\"><svg width=\"32px\" height=\"20px\" xmlns=\"http:\/\/www.w3.org\/2000\/svg\" viewBox=\"0 0 24 24\"><path fill=\"#000\" d=\"M14.258 10.152L23.176 0h-2.113l-7.747 8.813L7.133 0H0l9.352 13.328L0 23.973h2.113l8.176-9.309 6.531 9.309h7.133zm-2.895 3.293l-.949-1.328L2.875 1.56h3.246l6.086 8.523.945 1.328 7.91 11.078h-3.246zm0 0\"\/><\/svg><\/span><\/a><\/li><li class=\"shariff-button xing shariff-nocustomcolor\" style=\"background-color:#29888a;border-radius:1%\"><a href=\"https:\/\/www.xing.com\/spi\/shares\/new?url=https%3A%2F%2Fwww.sonnenseite.com%2Fde%2Fpolitik%2Fletzte-generation-die-aera-des-klebens-ist-zu-ende%2F\" title=\"Bei XING teilen\" aria-label=\"Bei XING teilen\" role=\"button\" rel=\"noopener nofollow\" class=\"shariff-link\" style=\";border-radius:1%; background-color:#126567; color:#fff\" target=\"_blank\"><span class=\"shariff-icon\" style=\"\"><svg width=\"32px\" height=\"20px\" xmlns=\"http:\/\/www.w3.org\/2000\/svg\" viewBox=\"0 0 25 32\"><path fill=\"#126567\" d=\"M10.7 11.9q-0.2 0.3-4.6 8.2-0.5 0.8-1.2 0.8h-4.3q-0.4 0-0.5-0.3t0-0.6l4.5-8q0 0 0 0l-2.9-5q-0.2-0.4 0-0.7 0.2-0.3 0.5-0.3h4.3q0.7 0 1.2 0.8zM25.1 0.4q0.2 0.3 0 0.7l-9.4 16.7 6 11q0.2 0.4 0 0.6-0.2 0.3-0.6 0.3h-4.3q-0.7 0-1.2-0.8l-6-11.1q0.3-0.6 9.5-16.8 0.4-0.8 1.2-0.8h4.3q0.4 0 0.5 0.3z\"\/><\/svg><\/span><\/a><\/li><li class=\"shariff-button linkedin shariff-nocustomcolor\" style=\"background-color:#1488bf;border-radius:1%\"><a href=\"https:\/\/www.linkedin.com\/sharing\/share-offsite\/?url=https%3A%2F%2Fwww.sonnenseite.com%2Fde%2Fpolitik%2Fletzte-generation-die-aera-des-klebens-ist-zu-ende%2F\" title=\"Bei LinkedIn teilen\" aria-label=\"Bei LinkedIn teilen\" role=\"button\" rel=\"noopener nofollow\" class=\"shariff-link\" style=\";border-radius:1%; background-color:#0077b5; color:#fff\" target=\"_blank\"><span class=\"shariff-icon\" style=\"\"><svg width=\"32px\" height=\"20px\" xmlns=\"http:\/\/www.w3.org\/2000\/svg\" viewBox=\"0 0 27 32\"><path fill=\"#0077b5\" d=\"M6.2 11.2v17.7h-5.9v-17.7h5.9zM6.6 5.7q0 1.3-0.9 2.2t-2.4 0.9h0q-1.5 0-2.4-0.9t-0.9-2.2 0.9-2.2 2.4-0.9 2.4 0.9 0.9 2.2zM27.4 18.7v10.1h-5.9v-9.5q0-1.9-0.7-2.9t-2.3-1.1q-1.1 0-1.9 0.6t-1.2 1.5q-0.2 0.5-0.2 1.4v9.9h-5.9q0-7.1 0-11.6t0-5.3l0-0.9h5.9v2.6h0q0.4-0.6 0.7-1t1-0.9 1.6-0.8 2-0.3q3 0 4.9 2t1.9 6z\"\/><\/svg><\/span><\/a><\/li><li class=\"shariff-button printer shariff-nocustomcolor\" style=\"background-color:#a8a8a8;border-radius:1%\"><a href=\"javascript:window.print()\" title=\"drucken\" aria-label=\"drucken\" role=\"button\" rel=\"noopener nofollow\" class=\"shariff-link\" style=\";border-radius:1%; background-color:#999; color:#fff\"><span class=\"shariff-icon\" style=\"\"><svg width=\"32px\" height=\"20px\" xmlns=\"http:\/\/www.w3.org\/2000\/svg\" viewBox=\"0 0 30 32\"><path fill=\"#999\" d=\"M6.8 27.4h16v-4.6h-16v4.6zM6.8 16h16v-6.8h-2.8q-0.7 0-1.2-0.5t-0.5-1.2v-2.8h-11.4v11.4zM27.4 17.2q0-0.5-0.3-0.8t-0.8-0.4-0.8 0.4-0.3 0.8 0.3 0.8 0.8 0.3 0.8-0.3 0.3-0.8zM29.7 17.2v7.4q0 0.2-0.2 0.4t-0.4 0.2h-4v2.8q0 0.7-0.5 1.2t-1.2 0.5h-17.2q-0.7 0-1.2-0.5t-0.5-1.2v-2.8h-4q-0.2 0-0.4-0.2t-0.2-0.4v-7.4q0-1.4 1-2.4t2.4-1h1.2v-9.7q0-0.7 0.5-1.2t1.2-0.5h12q0.7 0 1.6 0.4t1.3 0.8l2.7 2.7q0.5 0.5 0.9 1.4t0.4 1.6v4.6h1.1q1.4 0 2.4 1t1 2.4z\"\/><\/svg><\/span><\/a><\/li><li class=\"shariff-button mailto shariff-nocustomcolor\" style=\"background-color:#a8a8a8;border-radius:1%\"><a href=\"mailto:?body=https%3A%2F%2Fwww.sonnenseite.com%2Fde%2Fpolitik%2Fletzte-generation-die-aera-des-klebens-ist-zu-ende%2F&subject=%E2%80%9ELetzte%20Generation%E2%80%9C%20%E2%80%93%20Die%20%C3%84ra%20des%20Klebens%20ist%20zu%C2%A0Ende\" title=\"Per E-Mail versenden\" aria-label=\"Per E-Mail versenden\" role=\"button\" rel=\"noopener nofollow\" class=\"shariff-link\" style=\";border-radius:1%; background-color:#999; color:#fff\"><span class=\"shariff-icon\" style=\"\"><svg width=\"32px\" height=\"20px\" xmlns=\"http:\/\/www.w3.org\/2000\/svg\" viewBox=\"0 0 32 32\"><path fill=\"#999\" d=\"M32 12.7v14.2q0 1.2-0.8 2t-2 0.9h-26.3q-1.2 0-2-0.9t-0.8-2v-14.2q0.8 0.9 1.8 1.6 6.5 4.4 8.9 6.1 1 0.8 1.6 1.2t1.7 0.9 2 0.4h0.1q0.9 0 2-0.4t1.7-0.9 1.6-1.2q3-2.2 8.9-6.1 1-0.7 1.8-1.6zM32 7.4q0 1.4-0.9 2.7t-2.2 2.2q-6.7 4.7-8.4 5.8-0.2 0.1-0.7 0.5t-1 0.7-0.9 0.6-1.1 0.5-0.9 0.2h-0.1q-0.4 0-0.9-0.2t-1.1-0.5-0.9-0.6-1-0.7-0.7-0.5q-1.6-1.1-4.7-3.2t-3.6-2.6q-1.1-0.7-2.1-2t-1-2.5q0-1.4 0.7-2.3t2.1-0.9h26.3q1.2 0 2 0.8t0.9 2z\"\/><\/svg><\/span><\/a><\/li><\/ul><\/div>","protected":false},"excerpt":{"rendered":"<p>Die &#8222;Letzte Generation&#8220; k\u00fcndigt einen Strategiewechsel an: Die Aktivist:innen wollen sich nicht mehr auf Stra\u00dfen festkleben, [&hellip;]<\/p>\n","protected":false},"author":3,"featured_media":86627,"comment_status":"closed","ping_status":"closed","sticky":false,"template":"","format":"standard","meta":{"inline_featured_image":false,"footnotes":""},"categories":[21],"tags":[],"class_list":["post-97179","post","type-post","status-publish","format-standard","has-post-thumbnail","hentry","category-politik"],"yoast_head":"<!-- This site is optimized with the Yoast SEO plugin v26.5 - https:\/\/yoast.com\/wordpress\/plugins\/seo\/ -->\n<title>&quot;Letzte Generation&quot; - Die \u00c4ra des Klebens ist zu\u00a0Ende - Sonnenseite - \u00d6kologische Kommunikation mit Franz Alt<\/title>\n<meta name=\"description\" content=\"Die &quot;Letzte Generation&quot; k\u00fcndigt einen Strategiewechsel an: Die Aktivist:innen wollen sich nicht mehr auf Stra\u00dfen festkleben, sondern &quot;ungehorsame\" \/>\n<meta name=\"robots\" content=\"index, follow, max-snippet:-1, max-image-preview:large, max-video-preview:-1\" \/>\n<link rel=\"canonical\" href=\"https:\/\/www.sonnenseite.com\/de\/politik\/letzte-generation-die-aera-des-klebens-ist-zu-ende\/\" \/>\n<meta property=\"og:locale\" content=\"de_DE\" \/>\n<meta property=\"og:type\" content=\"article\" \/>\n<meta property=\"og:title\" content=\"&quot;Letzte Generation&quot; - Die \u00c4ra des Klebens ist zu\u00a0Ende - Sonnenseite - \u00d6kologische Kommunikation mit Franz Alt\" \/>\n<meta property=\"og:description\" content=\"Die &quot;Letzte Generation&quot; k\u00fcndigt einen Strategiewechsel an: Die Aktivist:innen wollen sich nicht mehr auf Stra\u00dfen festkleben, sondern &quot;ungehorsame\" \/>\n<meta property=\"og:url\" content=\"https:\/\/www.sonnenseite.com\/de\/politik\/letzte-generation-die-aera-des-klebens-ist-zu-ende\/\" \/>\n<meta property=\"og:site_name\" content=\"Sonnenseite\" \/>\n<meta property=\"article:publisher\" content=\"https:\/\/www.facebook.com\/pages\/Franz-Alt-SONNENSEITECOM\/221072987903953?fref=ts\" \/>\n<meta property=\"article:published_time\" content=\"2024-02-01T02:23:00+00:00\" \/>\n<meta property=\"article:modified_time\" content=\"2024-02-16T10:29:58+00:00\" \/>\n<meta property=\"og:image\" content=\"https:\/\/www.sonnenseite.com\/wp-content\/uploads\/2022\/11\/LetzteGeneration_Stuttgart.jpg\" \/>\n\t<meta property=\"og:image:width\" content=\"770\" \/>\n\t<meta property=\"og:image:height\" content=\"420\" \/>\n\t<meta property=\"og:image:type\" content=\"image\/jpeg\" \/>\n<meta name=\"author\" content=\"Bigi Alt\" \/>\n<meta name=\"twitter:card\" content=\"summary_large_image\" \/>\n<meta name=\"twitter:creator\" content=\"@franzalt\" \/>\n<meta name=\"twitter:site\" content=\"@franzalt\" \/>\n<meta name=\"twitter:label1\" content=\"Verfasst von\" \/>\n\t<meta name=\"twitter:data1\" content=\"Bigi Alt\" \/>\n\t<meta name=\"twitter:label2\" content=\"Gesch\u00e4tzte Lesezeit\" \/>\n\t<meta name=\"twitter:data2\" content=\"4\u00a0Minuten\" \/>\n<script type=\"application\/ld+json\" class=\"yoast-schema-graph\">{\"@context\":\"https:\/\/schema.org\",\"@graph\":[{\"@type\":\"Article\",\"@id\":\"https:\/\/www.sonnenseite.com\/de\/politik\/letzte-generation-die-aera-des-klebens-ist-zu-ende\/#article\",\"isPartOf\":{\"@id\":\"https:\/\/www.sonnenseite.com\/de\/politik\/letzte-generation-die-aera-des-klebens-ist-zu-ende\/\"},\"author\":{\"name\":\"Bigi Alt\",\"@id\":\"https:\/\/www.sonnenseite.com\/de\/#\/schema\/person\/50fda0e926597684c7cc6695238a4eb9\"},\"headline\":\"&#8222;Letzte Generation&#8220; &#8211; Die \u00c4ra des Klebens ist zu\u00a0Ende\",\"datePublished\":\"2024-02-01T02:23:00+00:00\",\"dateModified\":\"2024-02-16T10:29:58+00:00\",\"mainEntityOfPage\":{\"@id\":\"https:\/\/www.sonnenseite.com\/de\/politik\/letzte-generation-die-aera-des-klebens-ist-zu-ende\/\"},\"wordCount\":780,\"publisher\":{\"@id\":\"https:\/\/www.sonnenseite.com\/de\/#organization\"},\"image\":{\"@id\":\"https:\/\/www.sonnenseite.com\/de\/politik\/letzte-generation-die-aera-des-klebens-ist-zu-ende\/#primaryimage\"},\"thumbnailUrl\":\"https:\/\/www.sonnenseite.com\/wp-content\/uploads\/2022\/11\/LetzteGeneration_Stuttgart.jpg\",\"articleSection\":[\"Politik\"],\"inLanguage\":\"de\"},{\"@type\":\"WebPage\",\"@id\":\"https:\/\/www.sonnenseite.com\/de\/politik\/letzte-generation-die-aera-des-klebens-ist-zu-ende\/\",\"url\":\"https:\/\/www.sonnenseite.com\/de\/politik\/letzte-generation-die-aera-des-klebens-ist-zu-ende\/\",\"name\":\"\\\"Letzte Generation\\\" - Die \u00c4ra des Klebens ist zu\u00a0Ende - Sonnenseite - \u00d6kologische Kommunikation mit Franz Alt\",\"isPartOf\":{\"@id\":\"https:\/\/www.sonnenseite.com\/de\/#website\"},\"primaryImageOfPage\":{\"@id\":\"https:\/\/www.sonnenseite.com\/de\/politik\/letzte-generation-die-aera-des-klebens-ist-zu-ende\/#primaryimage\"},\"image\":{\"@id\":\"https:\/\/www.sonnenseite.com\/de\/politik\/letzte-generation-die-aera-des-klebens-ist-zu-ende\/#primaryimage\"},\"thumbnailUrl\":\"https:\/\/www.sonnenseite.com\/wp-content\/uploads\/2022\/11\/LetzteGeneration_Stuttgart.jpg\",\"datePublished\":\"2024-02-01T02:23:00+00:00\",\"dateModified\":\"2024-02-16T10:29:58+00:00\",\"description\":\"Die \\\"Letzte Generation\\\" k\u00fcndigt einen Strategiewechsel an: Die Aktivist:innen wollen sich nicht mehr auf Stra\u00dfen festkleben, sondern \\\"ungehorsame\",\"breadcrumb\":{\"@id\":\"https:\/\/www.sonnenseite.com\/de\/politik\/letzte-generation-die-aera-des-klebens-ist-zu-ende\/#breadcrumb\"},\"inLanguage\":\"de\",\"potentialAction\":[{\"@type\":\"ReadAction\",\"target\":[\"https:\/\/www.sonnenseite.com\/de\/politik\/letzte-generation-die-aera-des-klebens-ist-zu-ende\/\"]}]},{\"@type\":\"ImageObject\",\"inLanguage\":\"de\",\"@id\":\"https:\/\/www.sonnenseite.com\/de\/politik\/letzte-generation-die-aera-des-klebens-ist-zu-ende\/#primaryimage\",\"url\":\"https:\/\/www.sonnenseite.com\/wp-content\/uploads\/2022\/11\/LetzteGeneration_Stuttgart.jpg\",\"contentUrl\":\"https:\/\/www.sonnenseite.com\/wp-content\/uploads\/2022\/11\/LetzteGeneration_Stuttgart.jpg\",\"width\":770,\"height\":420,\"caption\":\"Letzte Generation | letztegeneration.de | Stra\u00dfenblockaden mit festgeklebten H\u00e4nden haben die \\\"Letzte Generation\\\" in die Schlagzeilen gebracht. Nun soll damit Schluss sein.\"},{\"@type\":\"BreadcrumbList\",\"@id\":\"https:\/\/www.sonnenseite.com\/de\/politik\/letzte-generation-die-aera-des-klebens-ist-zu-ende\/#breadcrumb\",\"itemListElement\":[{\"@type\":\"ListItem\",\"position\":1,\"name\":\"Startseite\",\"item\":\"https:\/\/www.sonnenseite.com\/de\/\"},{\"@type\":\"ListItem\",\"position\":2,\"name\":\"&#8222;Letzte Generation&#8220; &#8211; Die \u00c4ra des Klebens ist zu\u00a0Ende\"}]},{\"@type\":\"WebSite\",\"@id\":\"https:\/\/www.sonnenseite.com\/de\/#website\",\"url\":\"https:\/\/www.sonnenseite.com\/de\/\",\"name\":\"Sonnenseite\",\"description\":\"\u00d6kologische Kommunikation mit Franz Alt\",\"publisher\":{\"@id\":\"https:\/\/www.sonnenseite.com\/de\/#organization\"},\"potentialAction\":[{\"@type\":\"SearchAction\",\"target\":{\"@type\":\"EntryPoint\",\"urlTemplate\":\"https:\/\/www.sonnenseite.com\/de\/?s={search_term_string}\"},\"query-input\":{\"@type\":\"PropertyValueSpecification\",\"valueRequired\":true,\"valueName\":\"search_term_string\"}}],\"inLanguage\":\"de\"},{\"@type\":\"Organization\",\"@id\":\"https:\/\/www.sonnenseite.com\/de\/#organization\",\"name\":\"Sonnenseite\",\"url\":\"https:\/\/www.sonnenseite.com\/de\/\",\"logo\":{\"@type\":\"ImageObject\",\"inLanguage\":\"de\",\"@id\":\"https:\/\/www.sonnenseite.com\/de\/#\/schema\/logo\/image\/\",\"url\":\"https:\/\/www.sonnenseite.com\/wp-content\/uploads\/2020\/05\/Sonnenseite_Logo.png\",\"contentUrl\":\"https:\/\/www.sonnenseite.com\/wp-content\/uploads\/2020\/05\/Sonnenseite_Logo.png\",\"width\":377,\"height\":90,\"caption\":\"Sonnenseite\"},\"image\":{\"@id\":\"https:\/\/www.sonnenseite.com\/de\/#\/schema\/logo\/image\/\"},\"sameAs\":[\"https:\/\/www.facebook.com\/pages\/Franz-Alt-SONNENSEITECOM\/221072987903953?fref=ts\",\"https:\/\/x.com\/franzalt\",\"http:\/\/www.youtube.com\/results?search_query&amp;amp;quot;franz_alt&amp;amp;quot;&amp;amp;amp;amp;search_type&amp;amp;amp;amp;aq=f\"]},{\"@type\":\"Person\",\"@id\":\"https:\/\/www.sonnenseite.com\/de\/#\/schema\/person\/50fda0e926597684c7cc6695238a4eb9\",\"name\":\"Bigi Alt\"}]}<\/script>\n<!-- \/ Yoast SEO plugin. -->","yoast_head_json":{"title":"\"Letzte Generation\" - Die \u00c4ra des Klebens ist zu\u00a0Ende - Sonnenseite - \u00d6kologische Kommunikation mit Franz Alt","description":"Die \"Letzte Generation\" k\u00fcndigt einen Strategiewechsel an: Die Aktivist:innen wollen sich nicht mehr auf Stra\u00dfen festkleben, sondern \"ungehorsame","robots":{"index":"index","follow":"follow","max-snippet":"max-snippet:-1","max-image-preview":"max-image-preview:large","max-video-preview":"max-video-preview:-1"},"canonical":"https:\/\/www.sonnenseite.com\/de\/politik\/letzte-generation-die-aera-des-klebens-ist-zu-ende\/","og_locale":"de_DE","og_type":"article","og_title":"\"Letzte Generation\" - Die \u00c4ra des Klebens ist zu\u00a0Ende - Sonnenseite - \u00d6kologische Kommunikation mit Franz Alt","og_description":"Die \"Letzte Generation\" k\u00fcndigt einen Strategiewechsel an: Die Aktivist:innen wollen sich nicht mehr auf Stra\u00dfen festkleben, sondern \"ungehorsame","og_url":"https:\/\/www.sonnenseite.com\/de\/politik\/letzte-generation-die-aera-des-klebens-ist-zu-ende\/","og_site_name":"Sonnenseite","article_publisher":"https:\/\/www.facebook.com\/pages\/Franz-Alt-SONNENSEITECOM\/221072987903953?fref=ts","article_published_time":"2024-02-01T02:23:00+00:00","article_modified_time":"2024-02-16T10:29:58+00:00","og_image":[{"width":770,"height":420,"url":"https:\/\/www.sonnenseite.com\/wp-content\/uploads\/2022\/11\/LetzteGeneration_Stuttgart.jpg","type":"image\/jpeg"}],"author":"Bigi Alt","twitter_card":"summary_large_image","twitter_creator":"@franzalt","twitter_site":"@franzalt","twitter_misc":{"Verfasst von":"Bigi Alt","Gesch\u00e4tzte Lesezeit":"4\u00a0Minuten"},"schema":{"@context":"https:\/\/schema.org","@graph":[{"@type":"Article","@id":"https:\/\/www.sonnenseite.com\/de\/politik\/letzte-generation-die-aera-des-klebens-ist-zu-ende\/#article","isPartOf":{"@id":"https:\/\/www.sonnenseite.com\/de\/politik\/letzte-generation-die-aera-des-klebens-ist-zu-ende\/"},"author":{"name":"Bigi Alt","@id":"https:\/\/www.sonnenseite.com\/de\/#\/schema\/person\/50fda0e926597684c7cc6695238a4eb9"},"headline":"&#8222;Letzte Generation&#8220; &#8211; Die \u00c4ra des Klebens ist zu\u00a0Ende","datePublished":"2024-02-01T02:23:00+00:00","dateModified":"2024-02-16T10:29:58+00:00","mainEntityOfPage":{"@id":"https:\/\/www.sonnenseite.com\/de\/politik\/letzte-generation-die-aera-des-klebens-ist-zu-ende\/"},"wordCount":780,"publisher":{"@id":"https:\/\/www.sonnenseite.com\/de\/#organization"},"image":{"@id":"https:\/\/www.sonnenseite.com\/de\/politik\/letzte-generation-die-aera-des-klebens-ist-zu-ende\/#primaryimage"},"thumbnailUrl":"https:\/\/www.sonnenseite.com\/wp-content\/uploads\/2022\/11\/LetzteGeneration_Stuttgart.jpg","articleSection":["Politik"],"inLanguage":"de"},{"@type":"WebPage","@id":"https:\/\/www.sonnenseite.com\/de\/politik\/letzte-generation-die-aera-des-klebens-ist-zu-ende\/","url":"https:\/\/www.sonnenseite.com\/de\/politik\/letzte-generation-die-aera-des-klebens-ist-zu-ende\/","name":"\"Letzte Generation\" - Die \u00c4ra des Klebens ist zu\u00a0Ende - Sonnenseite - \u00d6kologische Kommunikation mit Franz Alt","isPartOf":{"@id":"https:\/\/www.sonnenseite.com\/de\/#website"},"primaryImageOfPage":{"@id":"https:\/\/www.sonnenseite.com\/de\/politik\/letzte-generation-die-aera-des-klebens-ist-zu-ende\/#primaryimage"},"image":{"@id":"https:\/\/www.sonnenseite.com\/de\/politik\/letzte-generation-die-aera-des-klebens-ist-zu-ende\/#primaryimage"},"thumbnailUrl":"https:\/\/www.sonnenseite.com\/wp-content\/uploads\/2022\/11\/LetzteGeneration_Stuttgart.jpg","datePublished":"2024-02-01T02:23:00+00:00","dateModified":"2024-02-16T10:29:58+00:00","description":"Die \"Letzte Generation\" k\u00fcndigt einen Strategiewechsel an: Die Aktivist:innen wollen sich nicht mehr auf Stra\u00dfen festkleben, sondern \"ungehorsame","breadcrumb":{"@id":"https:\/\/www.sonnenseite.com\/de\/politik\/letzte-generation-die-aera-des-klebens-ist-zu-ende\/#breadcrumb"},"inLanguage":"de","potentialAction":[{"@type":"ReadAction","target":["https:\/\/www.sonnenseite.com\/de\/politik\/letzte-generation-die-aera-des-klebens-ist-zu-ende\/"]}]},{"@type":"ImageObject","inLanguage":"de","@id":"https:\/\/www.sonnenseite.com\/de\/politik\/letzte-generation-die-aera-des-klebens-ist-zu-ende\/#primaryimage","url":"https:\/\/www.sonnenseite.com\/wp-content\/uploads\/2022\/11\/LetzteGeneration_Stuttgart.jpg","contentUrl":"https:\/\/www.sonnenseite.com\/wp-content\/uploads\/2022\/11\/LetzteGeneration_Stuttgart.jpg","width":770,"height":420,"caption":"Letzte Generation | letztegeneration.de | Stra\u00dfenblockaden mit festgeklebten H\u00e4nden haben die \"Letzte Generation\" in die Schlagzeilen gebracht. Nun soll damit Schluss sein."},{"@type":"BreadcrumbList","@id":"https:\/\/www.sonnenseite.com\/de\/politik\/letzte-generation-die-aera-des-klebens-ist-zu-ende\/#breadcrumb","itemListElement":[{"@type":"ListItem","position":1,"name":"Startseite","item":"https:\/\/www.sonnenseite.com\/de\/"},{"@type":"ListItem","position":2,"name":"&#8222;Letzte Generation&#8220; &#8211; Die \u00c4ra des Klebens ist zu\u00a0Ende"}]},{"@type":"WebSite","@id":"https:\/\/www.sonnenseite.com\/de\/#website","url":"https:\/\/www.sonnenseite.com\/de\/","name":"Sonnenseite","description":"\u00d6kologische Kommunikation mit Franz Alt","publisher":{"@id":"https:\/\/www.sonnenseite.com\/de\/#organization"},"potentialAction":[{"@type":"SearchAction","target":{"@type":"EntryPoint","urlTemplate":"https:\/\/www.sonnenseite.com\/de\/?s={search_term_string}"},"query-input":{"@type":"PropertyValueSpecification","valueRequired":true,"valueName":"search_term_string"}}],"inLanguage":"de"},{"@type":"Organization","@id":"https:\/\/www.sonnenseite.com\/de\/#organization","name":"Sonnenseite","url":"https:\/\/www.sonnenseite.com\/de\/","logo":{"@type":"ImageObject","inLanguage":"de","@id":"https:\/\/www.sonnenseite.com\/de\/#\/schema\/logo\/image\/","url":"https:\/\/www.sonnenseite.com\/wp-content\/uploads\/2020\/05\/Sonnenseite_Logo.png","contentUrl":"https:\/\/www.sonnenseite.com\/wp-content\/uploads\/2020\/05\/Sonnenseite_Logo.png","width":377,"height":90,"caption":"Sonnenseite"},"image":{"@id":"https:\/\/www.sonnenseite.com\/de\/#\/schema\/logo\/image\/"},"sameAs":["https:\/\/www.facebook.com\/pages\/Franz-Alt-SONNENSEITECOM\/221072987903953?fref=ts","https:\/\/x.com\/franzalt","http:\/\/www.youtube.com\/results?search_query&amp;amp;quot;franz_alt&amp;amp;quot;&amp;amp;amp;amp;search_type&amp;amp;amp;amp;aq=f"]},{"@type":"Person","@id":"https:\/\/www.sonnenseite.com\/de\/#\/schema\/person\/50fda0e926597684c7cc6695238a4eb9","name":"Bigi Alt"}]}},"_links":{"self":[{"href":"https:\/\/www.sonnenseite.com\/de\/wp-json\/wp\/v2\/posts\/97179","targetHints":{"allow":["GET"]}}],"collection":[{"href":"https:\/\/www.sonnenseite.com\/de\/wp-json\/wp\/v2\/posts"}],"about":[{"href":"https:\/\/www.sonnenseite.com\/de\/wp-json\/wp\/v2\/types\/post"}],"author":[{"embeddable":true,"href":"https:\/\/www.sonnenseite.com\/de\/wp-json\/wp\/v2\/users\/3"}],"replies":[{"embeddable":true,"href":"https:\/\/www.sonnenseite.com\/de\/wp-json\/wp\/v2\/comments?post=97179"}],"version-history":[{"count":2,"href":"https:\/\/www.sonnenseite.com\/de\/wp-json\/wp\/v2\/posts\/97179\/revisions"}],"predecessor-version":[{"id":97181,"href":"https:\/\/www.sonnenseite.com\/de\/wp-json\/wp\/v2\/posts\/97179\/revisions\/97181"}],"wp:featuredmedia":[{"embeddable":true,"href":"https:\/\/www.sonnenseite.com\/de\/wp-json\/wp\/v2\/media\/86627"}],"wp:attachment":[{"href":"https:\/\/www.sonnenseite.com\/de\/wp-json\/wp\/v2\/media?parent=97179"}],"wp:term":[{"taxonomy":"category","embeddable":true,"href":"https:\/\/www.sonnenseite.com\/de\/wp-json\/wp\/v2\/categories?post=97179"},{"taxonomy":"post_tag","embeddable":true,"href":"https:\/\/www.sonnenseite.com\/de\/wp-json\/wp\/v2\/tags?post=97179"}],"curies":[{"name":"wp","href":"https:\/\/api.w.org\/{rel}","templated":true}]}}