{"id":97343,"date":"2024-02-09T08:39:00","date_gmt":"2024-02-09T07:39:00","guid":{"rendered":"https:\/\/www.sonnenseite.com\/?p=97343"},"modified":"2024-02-22T12:33:23","modified_gmt":"2024-02-22T11:33:23","slug":"e-fahrzeug-als-heimspeicher-nutzen","status":"publish","type":"post","link":"https:\/\/www.sonnenseite.com\/de\/energie\/e-fahrzeug-als-heimspeicher-nutzen\/","title":{"rendered":"E-Fahrzeug als Heimspeicher nutzen"},"content":{"rendered":"\n<p>Fraunhofer ISE erstellt Leitfaden zum bidirektionalen Laden. In Elektrofahrzeugen sind auf unseren Stra\u00dfen Batteriespeicher mit einer Gesamtkapazit\u00e4t von etwa 50 Gigawattstunden unterwegs. Das ist fast das F\u00fcnffache der in Deutschland installierten station\u00e4ren Batteriespeicher. <\/p>\n\n\n\n<p>Wie die Fahrzeugbatterie als Speicher f\u00fcr den eigenen Haushalthalt genutzt werden kann, hat das Fraunhofer-Institut f\u00fcr Solare Energiesysteme ISE im Leitfaden \u00bbBidirektionales Laden\u00ab untersucht. Dabei wurden verschiedene Haushaltstypen und Nutzungsm\u00f6glichkeiten betrachtet und miteinander verglichen. Das Forschungsteam untersuchte Eigenversorgungsquote und \u00f6konomisches Potenzial sowie die technischen Anforderungen an das bidirektionale Laden. Die Studie wurde durch das F\u00f6rderprogramm Sonnencent der Elektrizit\u00e4tswerke Sch\u00f6nau erm\u00f6glicht.<\/p>\n\n\n\n<p>Private PKW in Deutschland stehen im Schnitt 23 Stunden am Tag ungenutzt herum. Zumindest E-Fahrzeuge k\u00f6nnen in dieser Zeit sinnvoll zur Steuerung des Stromverbrauchs genutzt werden: Mit einer mittleren Speicherkapazit\u00e4t von 40 bis 100 Kilowattstunden haben sie eine rund 10-mal gr\u00f6\u00dfere Kapazit\u00e4t als normale Heimspeicher. Auf deutschen Parkpl\u00e4tzen steht also eine Gesamtkapazit\u00e4t von etwa 50 GWh. In Zukunft, wenn bis zu 40 Millionen Elektrofahrzeuge in Deutschland unterwegs sein werden, steigt diese Kapazit\u00e4t auf zwei Terawattstunden, etwa ein halbes Prozent des aktuellen deutschen Jahresstromverbrauchs.<\/p>\n\n\n\n<p>Um ein E-Fahrzeug als Batterieheimspeicher nutzen zu k\u00f6nnen, muss es \u00fcber bidirektionale Ladetechnik und eine geeignete Wallbox mit Stromfluss in beide Richtungen verf\u00fcgen. So kann in Zeiten hoher Produktion aus der eigenen Solaranlage und gleichzeitig geringem Verbrauch der Strom in der Fahrzeugbatterie zwischengespeichert werden und abends oder nachts wieder das Haus speisen.<\/p>\n\n\n\n<p>Anhand eines Einfamilienhauses mit Photovoltaik-Anlage und Wallbox untersuchte das Team, unter welchen Bedingungen sich die Nutzung der Fahrzeugbatterie als Speicher lohnt und wie gut dies mit einer heimischen Solaranlage abdeckbar ist. Betrachtet wurden unterschiedliche gro\u00dfe Haushalte mit verschiedenem Nutzungsverhalten (z.B. Home-Office, Senioren, Office-Arbeitende), unterschiedliche Jahresfahrleistungen sowie verschieden gro\u00dfe und unterschiedlich ausgerichtete PV-Anlagen. Daneben wurde das klassische unidirektionale Laden mit dem bidirektionalen verglichen.<\/p>\n\n\n\n<h4 class=\"wp-block-heading\">Hohe Eigenversorgungsquote durch gro\u00dfe PV-Anlage<\/h4>\n\n\n\n<p>Das Ergebnis: bidirektionales Laden erh\u00f6ht aufgrund des erh\u00f6hten Energiebedarfs durch das E-Fahrzeug die Eigenversorgungsquote, insbesondere bei gro\u00dfen PV-Anlagen ab einer Gr\u00f6\u00dfe von 10 kWp. Dies senkt in allen drei Fallbeispielen gleichzeitig die Stromkosten. Auch die Einspeisung ins \u00f6ffentliche Netz oder die Nutzung als Notstromversorgung sind m\u00f6glich. Erwartungsgem\u00e4\u00df sind die Haushalts-Profile \u00bbHome-Office\u00ab und \u00bbSenior\u00ab pr\u00e4destiniert f\u00fcr die Eigenstromnutzung. Besonders bei Haushalten mit geringer Eigenversorgung vom Typ \u00bbOffice\u00ab kann mit einem bidirektionalen E-Fahrzeug (gegen\u00fcber unidirektionalem) die Eigenverbrauchs-Quote um bis zu 6 Prozentpunkte erh\u00f6ht werden.<\/p>\n\n\n\n<h4 class=\"wp-block-heading\">Regulatorische Rahmenbedingungen fehlen<\/h4>\n\n\n\n<p>Die f\u00fcr die praktische Umsetzung des bidirektionalen Ladens notwendigen Technologien und Standards k\u00f6nnen bereits weitestgehend erf\u00fcllt werden. Allerdings ist momentan nur sehr wenig bidirektionale Ladeinfrastruktur verf\u00fcgbar. Aktuell mangelt es noch an der fehlenden Regulatorik, die die rechtlichen Rahmenbedingen f\u00fcr die Verwendung von bidirektionalem Laden festlegt.<\/p>\n\n\n\n<p>Betrachtet man die Wirtschaftlichkeit, bietet sich nur ein marginaler Vorteil f\u00fcr bidirektionales Laden gegen\u00fcber unidirektionalem Laden. Eine Ursache ist hier, dass sich das Ladeger\u00e4t (d.h. die Wallbox) bei der Speisung des Hauses aus dem Fahrzeug in einem niedrigen Teillastwirkungsgrad befindet. Diese Thematik ist bereits bekannt von station\u00e4ren Batteriespeichern, und die Forschenden am Fraunhofer ISE gehen davon aus, dass es auch f\u00fcr bidirektionale Ladel\u00f6sungen bald weitere technische Entwicklungen geben wird.<\/p>\n\n\n\n<p>\u00bbWenn es technisch gelingt, B\u00fcrger:innen nicht nur zu Produzent:innen von sauberem Strom zu machen, sondern ihre E-Fahrzeuge auch als flexible Speicher ins Energiesystem einzubinden, ist dies ein weiterer Schritt hin zu einer dezentralen Energiewende unter Beteiligung der B\u00fcrger:innen. Der Leitfaden erbringt hierzu wertvolle Erkenntnisse\u00ab, erkl\u00e4rt Stefanie Janssen, Leiterin des F\u00f6rderprogramms Sonnencent der Elektrizit\u00e4tswerke Sch\u00f6nau.\u00a0<\/p>\n\n\n\n<ul class=\"wp-block-list\">\n<li><a href=\"https:\/\/www.ise.fraunhofer.de\/content\/dam\/ise\/de\/documents\/news\/Leitfaden_bidirektionales_Laden_final.pdf\">Leitfaden_bidirektionales_Laden_final.pdf [\u00a0PDF\u00a0 1,55 MB\u00a0]<\/a><\/li>\n<\/ul>\n\n\n<h5 class=\"green\">Quelle<\/h5>\r\n\n\n\n<p><a href=\"https:\/\/www.ise.fraunhofer.de\/de\/presse-und-medien\/news\/2024\/e-fahrzeug-als-heimspeicher-nutzen-fraunhofer-ise-erstellt-leitfaden-zum-bidirektionalen-laden.html\">Fraunhofer ISE 2024<\/a><\/p>\n<div class=\"shariff shariff-align-flex-start shariff-widget-align-flex-start\"><div class=\"ShariffHeadline\">Diese Meldung teilen<\/div><ul class=\"shariff-buttons theme-round orientation-horizontal buttonsize-medium\"><li class=\"shariff-button facebook shariff-nocustomcolor\" style=\"background-color:#4273c8;border-radius:1%\"><a href=\"https:\/\/www.facebook.com\/sharer\/sharer.php?u=https%3A%2F%2Fwww.sonnenseite.com%2Fde%2Fenergie%2Fe-fahrzeug-als-heimspeicher-nutzen%2F\" title=\"Bei Facebook teilen\" aria-label=\"Bei Facebook teilen\" role=\"button\" rel=\"nofollow\" class=\"shariff-link\" style=\";border-radius:1%; background-color:#3b5998; color:#fff\" target=\"_blank\"><span class=\"shariff-icon\" style=\"\"><svg width=\"32px\" height=\"20px\" xmlns=\"http:\/\/www.w3.org\/2000\/svg\" viewBox=\"0 0 18 32\"><path fill=\"#3b5998\" d=\"M17.1 0.2v4.7h-2.8q-1.5 0-2.1 0.6t-0.5 1.9v3.4h5.2l-0.7 5.3h-4.5v13.6h-5.5v-13.6h-4.5v-5.3h4.5v-3.9q0-3.3 1.9-5.2t5-1.8q2.6 0 4.1 0.2z\"\/><\/svg><\/span><\/a><\/li><li class=\"shariff-button twitter shariff-nocustomcolor\" style=\"background-color:#595959;border-radius:1%\"><a href=\"https:\/\/twitter.com\/share?url=https%3A%2F%2Fwww.sonnenseite.com%2Fde%2Fenergie%2Fe-fahrzeug-als-heimspeicher-nutzen%2F&text=E-Fahrzeug%20als%20Heimspeicher%20nutzen\" title=\"Bei X teilen\" aria-label=\"Bei X teilen\" role=\"button\" rel=\"noopener nofollow\" class=\"shariff-link\" style=\";border-radius:1%; background-color:#000; color:#fff\" target=\"_blank\"><span class=\"shariff-icon\" style=\"\"><svg width=\"32px\" height=\"20px\" xmlns=\"http:\/\/www.w3.org\/2000\/svg\" viewBox=\"0 0 24 24\"><path fill=\"#000\" d=\"M14.258 10.152L23.176 0h-2.113l-7.747 8.813L7.133 0H0l9.352 13.328L0 23.973h2.113l8.176-9.309 6.531 9.309h7.133zm-2.895 3.293l-.949-1.328L2.875 1.56h3.246l6.086 8.523.945 1.328 7.91 11.078h-3.246zm0 0\"\/><\/svg><\/span><\/a><\/li><li class=\"shariff-button xing shariff-nocustomcolor\" style=\"background-color:#29888a;border-radius:1%\"><a href=\"https:\/\/www.xing.com\/spi\/shares\/new?url=https%3A%2F%2Fwww.sonnenseite.com%2Fde%2Fenergie%2Fe-fahrzeug-als-heimspeicher-nutzen%2F\" title=\"Bei XING teilen\" aria-label=\"Bei XING teilen\" role=\"button\" rel=\"noopener nofollow\" class=\"shariff-link\" style=\";border-radius:1%; background-color:#126567; color:#fff\" target=\"_blank\"><span class=\"shariff-icon\" style=\"\"><svg width=\"32px\" height=\"20px\" xmlns=\"http:\/\/www.w3.org\/2000\/svg\" viewBox=\"0 0 25 32\"><path fill=\"#126567\" d=\"M10.7 11.9q-0.2 0.3-4.6 8.2-0.5 0.8-1.2 0.8h-4.3q-0.4 0-0.5-0.3t0-0.6l4.5-8q0 0 0 0l-2.9-5q-0.2-0.4 0-0.7 0.2-0.3 0.5-0.3h4.3q0.7 0 1.2 0.8zM25.1 0.4q0.2 0.3 0 0.7l-9.4 16.7 6 11q0.2 0.4 0 0.6-0.2 0.3-0.6 0.3h-4.3q-0.7 0-1.2-0.8l-6-11.1q0.3-0.6 9.5-16.8 0.4-0.8 1.2-0.8h4.3q0.4 0 0.5 0.3z\"\/><\/svg><\/span><\/a><\/li><li class=\"shariff-button linkedin shariff-nocustomcolor\" style=\"background-color:#1488bf;border-radius:1%\"><a href=\"https:\/\/www.linkedin.com\/sharing\/share-offsite\/?url=https%3A%2F%2Fwww.sonnenseite.com%2Fde%2Fenergie%2Fe-fahrzeug-als-heimspeicher-nutzen%2F\" title=\"Bei LinkedIn teilen\" aria-label=\"Bei LinkedIn teilen\" role=\"button\" rel=\"noopener nofollow\" class=\"shariff-link\" style=\";border-radius:1%; background-color:#0077b5; color:#fff\" target=\"_blank\"><span class=\"shariff-icon\" style=\"\"><svg width=\"32px\" height=\"20px\" xmlns=\"http:\/\/www.w3.org\/2000\/svg\" viewBox=\"0 0 27 32\"><path fill=\"#0077b5\" d=\"M6.2 11.2v17.7h-5.9v-17.7h5.9zM6.6 5.7q0 1.3-0.9 2.2t-2.4 0.9h0q-1.5 0-2.4-0.9t-0.9-2.2 0.9-2.2 2.4-0.9 2.4 0.9 0.9 2.2zM27.4 18.7v10.1h-5.9v-9.5q0-1.9-0.7-2.9t-2.3-1.1q-1.1 0-1.9 0.6t-1.2 1.5q-0.2 0.5-0.2 1.4v9.9h-5.9q0-7.1 0-11.6t0-5.3l0-0.9h5.9v2.6h0q0.4-0.6 0.7-1t1-0.9 1.6-0.8 2-0.3q3 0 4.9 2t1.9 6z\"\/><\/svg><\/span><\/a><\/li><li class=\"shariff-button printer shariff-nocustomcolor\" style=\"background-color:#a8a8a8;border-radius:1%\"><a href=\"javascript:window.print()\" title=\"drucken\" aria-label=\"drucken\" role=\"button\" rel=\"noopener nofollow\" class=\"shariff-link\" style=\";border-radius:1%; background-color:#999; color:#fff\"><span class=\"shariff-icon\" style=\"\"><svg width=\"32px\" height=\"20px\" xmlns=\"http:\/\/www.w3.org\/2000\/svg\" viewBox=\"0 0 30 32\"><path fill=\"#999\" d=\"M6.8 27.4h16v-4.6h-16v4.6zM6.8 16h16v-6.8h-2.8q-0.7 0-1.2-0.5t-0.5-1.2v-2.8h-11.4v11.4zM27.4 17.2q0-0.5-0.3-0.8t-0.8-0.4-0.8 0.4-0.3 0.8 0.3 0.8 0.8 0.3 0.8-0.3 0.3-0.8zM29.7 17.2v7.4q0 0.2-0.2 0.4t-0.4 0.2h-4v2.8q0 0.7-0.5 1.2t-1.2 0.5h-17.2q-0.7 0-1.2-0.5t-0.5-1.2v-2.8h-4q-0.2 0-0.4-0.2t-0.2-0.4v-7.4q0-1.4 1-2.4t2.4-1h1.2v-9.7q0-0.7 0.5-1.2t1.2-0.5h12q0.7 0 1.6 0.4t1.3 0.8l2.7 2.7q0.5 0.5 0.9 1.4t0.4 1.6v4.6h1.1q1.4 0 2.4 1t1 2.4z\"\/><\/svg><\/span><\/a><\/li><li class=\"shariff-button mailto shariff-nocustomcolor\" style=\"background-color:#a8a8a8;border-radius:1%\"><a href=\"mailto:?body=https%3A%2F%2Fwww.sonnenseite.com%2Fde%2Fenergie%2Fe-fahrzeug-als-heimspeicher-nutzen%2F&subject=E-Fahrzeug%20als%20Heimspeicher%20nutzen\" title=\"Per E-Mail versenden\" aria-label=\"Per E-Mail versenden\" role=\"button\" rel=\"noopener nofollow\" class=\"shariff-link\" style=\";border-radius:1%; background-color:#999; color:#fff\"><span class=\"shariff-icon\" style=\"\"><svg width=\"32px\" height=\"20px\" xmlns=\"http:\/\/www.w3.org\/2000\/svg\" viewBox=\"0 0 32 32\"><path fill=\"#999\" d=\"M32 12.7v14.2q0 1.2-0.8 2t-2 0.9h-26.3q-1.2 0-2-0.9t-0.8-2v-14.2q0.8 0.9 1.8 1.6 6.5 4.4 8.9 6.1 1 0.8 1.6 1.2t1.7 0.9 2 0.4h0.1q0.9 0 2-0.4t1.7-0.9 1.6-1.2q3-2.2 8.9-6.1 1-0.7 1.8-1.6zM32 7.4q0 1.4-0.9 2.7t-2.2 2.2q-6.7 4.7-8.4 5.8-0.2 0.1-0.7 0.5t-1 0.7-0.9 0.6-1.1 0.5-0.9 0.2h-0.1q-0.4 0-0.9-0.2t-1.1-0.5-0.9-0.6-1-0.7-0.7-0.5q-1.6-1.1-4.7-3.2t-3.6-2.6q-1.1-0.7-2.1-2t-1-2.5q0-1.4 0.7-2.3t2.1-0.9h26.3q1.2 0 2 0.8t0.9 2z\"\/><\/svg><\/span><\/a><\/li><\/ul><\/div>","protected":false},"excerpt":{"rendered":"<p>Fraunhofer ISE erstellt Leitfaden zum bidirektionalen Laden. In Elektrofahrzeugen sind auf unseren Stra\u00dfen Batteriespeicher mit einer [&hellip;]<\/p>\n","protected":false},"author":3,"featured_media":97345,"comment_status":"closed","ping_status":"closed","sticky":false,"template":"","format":"standard","meta":{"inline_featured_image":false,"footnotes":""},"categories":[22],"tags":[],"class_list":["post-97343","post","type-post","status-publish","format-standard","has-post-thumbnail","hentry","category-energie"],"yoast_head":"<!-- This site is optimized with the Yoast SEO plugin v26.5 - https:\/\/yoast.com\/wordpress\/plugins\/seo\/ -->\n<title>E-Fahrzeug als Heimspeicher nutzen - Sonnenseite - \u00d6kologische Kommunikation mit Franz Alt<\/title>\n<meta name=\"description\" content=\"Fraunhofer ISE erstellt Leitfaden zum bidirektionalen Laden. In Elektrofahrzeugen sind auf unseren Stra\u00dfen Batteriespeicher mit einer Gesamtkapazit\u00e4t von\" \/>\n<meta name=\"robots\" content=\"index, follow, max-snippet:-1, max-image-preview:large, max-video-preview:-1\" \/>\n<link rel=\"canonical\" href=\"https:\/\/www.sonnenseite.com\/de\/energie\/e-fahrzeug-als-heimspeicher-nutzen\/\" \/>\n<meta property=\"og:locale\" content=\"de_DE\" \/>\n<meta property=\"og:type\" content=\"article\" \/>\n<meta property=\"og:title\" content=\"E-Fahrzeug als Heimspeicher nutzen - Sonnenseite - \u00d6kologische Kommunikation mit Franz Alt\" \/>\n<meta property=\"og:description\" content=\"Fraunhofer ISE erstellt Leitfaden zum bidirektionalen Laden. In Elektrofahrzeugen sind auf unseren Stra\u00dfen Batteriespeicher mit einer Gesamtkapazit\u00e4t von\" \/>\n<meta property=\"og:url\" content=\"https:\/\/www.sonnenseite.com\/de\/energie\/e-fahrzeug-als-heimspeicher-nutzen\/\" \/>\n<meta property=\"og:site_name\" content=\"Sonnenseite\" \/>\n<meta property=\"article:publisher\" content=\"https:\/\/www.facebook.com\/pages\/Franz-Alt-SONNENSEITECOM\/221072987903953?fref=ts\" \/>\n<meta property=\"article:published_time\" content=\"2024-02-09T07:39:00+00:00\" \/>\n<meta property=\"article:modified_time\" content=\"2024-02-22T11:33:23+00:00\" \/>\n<meta property=\"og:image\" content=\"https:\/\/www.sonnenseite.com\/wp-content\/uploads\/2024\/02\/ISE-fraunhofer-ZEROplus.jpg\" \/>\n\t<meta property=\"og:image:width\" content=\"770\" \/>\n\t<meta property=\"og:image:height\" content=\"420\" \/>\n\t<meta property=\"og:image:type\" content=\"image\/jpeg\" \/>\n<meta name=\"author\" content=\"Bigi Alt\" \/>\n<meta name=\"twitter:card\" content=\"summary_large_image\" \/>\n<meta name=\"twitter:creator\" content=\"@franzalt\" \/>\n<meta name=\"twitter:site\" content=\"@franzalt\" \/>\n<meta name=\"twitter:label1\" content=\"Verfasst von\" \/>\n\t<meta name=\"twitter:data1\" content=\"Bigi Alt\" \/>\n\t<meta name=\"twitter:label2\" content=\"Gesch\u00e4tzte Lesezeit\" \/>\n\t<meta name=\"twitter:data2\" content=\"4\u00a0Minuten\" \/>\n<script type=\"application\/ld+json\" class=\"yoast-schema-graph\">{\"@context\":\"https:\/\/schema.org\",\"@graph\":[{\"@type\":\"Article\",\"@id\":\"https:\/\/www.sonnenseite.com\/de\/energie\/e-fahrzeug-als-heimspeicher-nutzen\/#article\",\"isPartOf\":{\"@id\":\"https:\/\/www.sonnenseite.com\/de\/energie\/e-fahrzeug-als-heimspeicher-nutzen\/\"},\"author\":{\"name\":\"Bigi Alt\",\"@id\":\"https:\/\/www.sonnenseite.com\/de\/#\/schema\/person\/50fda0e926597684c7cc6695238a4eb9\"},\"headline\":\"E-Fahrzeug als Heimspeicher nutzen\",\"datePublished\":\"2024-02-09T07:39:00+00:00\",\"dateModified\":\"2024-02-22T11:33:23+00:00\",\"mainEntityOfPage\":{\"@id\":\"https:\/\/www.sonnenseite.com\/de\/energie\/e-fahrzeug-als-heimspeicher-nutzen\/\"},\"wordCount\":607,\"publisher\":{\"@id\":\"https:\/\/www.sonnenseite.com\/de\/#organization\"},\"image\":{\"@id\":\"https:\/\/www.sonnenseite.com\/de\/energie\/e-fahrzeug-als-heimspeicher-nutzen\/#primaryimage\"},\"thumbnailUrl\":\"https:\/\/www.sonnenseite.com\/wp-content\/uploads\/2024\/02\/ISE-fraunhofer-ZEROplus.jpg\",\"articleSection\":[\"Energie\"],\"inLanguage\":\"de\"},{\"@type\":\"WebPage\",\"@id\":\"https:\/\/www.sonnenseite.com\/de\/energie\/e-fahrzeug-als-heimspeicher-nutzen\/\",\"url\":\"https:\/\/www.sonnenseite.com\/de\/energie\/e-fahrzeug-als-heimspeicher-nutzen\/\",\"name\":\"E-Fahrzeug als Heimspeicher nutzen - Sonnenseite - \u00d6kologische Kommunikation mit Franz Alt\",\"isPartOf\":{\"@id\":\"https:\/\/www.sonnenseite.com\/de\/#website\"},\"primaryImageOfPage\":{\"@id\":\"https:\/\/www.sonnenseite.com\/de\/energie\/e-fahrzeug-als-heimspeicher-nutzen\/#primaryimage\"},\"image\":{\"@id\":\"https:\/\/www.sonnenseite.com\/de\/energie\/e-fahrzeug-als-heimspeicher-nutzen\/#primaryimage\"},\"thumbnailUrl\":\"https:\/\/www.sonnenseite.com\/wp-content\/uploads\/2024\/02\/ISE-fraunhofer-ZEROplus.jpg\",\"datePublished\":\"2024-02-09T07:39:00+00:00\",\"dateModified\":\"2024-02-22T11:33:23+00:00\",\"description\":\"Fraunhofer ISE erstellt Leitfaden zum bidirektionalen Laden. In Elektrofahrzeugen sind auf unseren Stra\u00dfen Batteriespeicher mit einer Gesamtkapazit\u00e4t von\",\"breadcrumb\":{\"@id\":\"https:\/\/www.sonnenseite.com\/de\/energie\/e-fahrzeug-als-heimspeicher-nutzen\/#breadcrumb\"},\"inLanguage\":\"de\",\"potentialAction\":[{\"@type\":\"ReadAction\",\"target\":[\"https:\/\/www.sonnenseite.com\/de\/energie\/e-fahrzeug-als-heimspeicher-nutzen\/\"]}]},{\"@type\":\"ImageObject\",\"inLanguage\":\"de\",\"@id\":\"https:\/\/www.sonnenseite.com\/de\/energie\/e-fahrzeug-als-heimspeicher-nutzen\/#primaryimage\",\"url\":\"https:\/\/www.sonnenseite.com\/wp-content\/uploads\/2024\/02\/ISE-fraunhofer-ZEROplus.jpg\",\"contentUrl\":\"https:\/\/www.sonnenseite.com\/wp-content\/uploads\/2024\/02\/ISE-fraunhofer-ZEROplus.jpg\",\"width\":770,\"height\":420,\"caption\":\"Fraunhofer ISE 2024 | Mit bidirektionaler Ladetechnik und einer entsprechenden Wallbox wird das Elektrofahrzeug zum Heimspeicher.\"},{\"@type\":\"BreadcrumbList\",\"@id\":\"https:\/\/www.sonnenseite.com\/de\/energie\/e-fahrzeug-als-heimspeicher-nutzen\/#breadcrumb\",\"itemListElement\":[{\"@type\":\"ListItem\",\"position\":1,\"name\":\"Startseite\",\"item\":\"https:\/\/www.sonnenseite.com\/de\/\"},{\"@type\":\"ListItem\",\"position\":2,\"name\":\"E-Fahrzeug als Heimspeicher nutzen\"}]},{\"@type\":\"WebSite\",\"@id\":\"https:\/\/www.sonnenseite.com\/de\/#website\",\"url\":\"https:\/\/www.sonnenseite.com\/de\/\",\"name\":\"Sonnenseite\",\"description\":\"\u00d6kologische Kommunikation mit Franz Alt\",\"publisher\":{\"@id\":\"https:\/\/www.sonnenseite.com\/de\/#organization\"},\"potentialAction\":[{\"@type\":\"SearchAction\",\"target\":{\"@type\":\"EntryPoint\",\"urlTemplate\":\"https:\/\/www.sonnenseite.com\/de\/?s={search_term_string}\"},\"query-input\":{\"@type\":\"PropertyValueSpecification\",\"valueRequired\":true,\"valueName\":\"search_term_string\"}}],\"inLanguage\":\"de\"},{\"@type\":\"Organization\",\"@id\":\"https:\/\/www.sonnenseite.com\/de\/#organization\",\"name\":\"Sonnenseite\",\"url\":\"https:\/\/www.sonnenseite.com\/de\/\",\"logo\":{\"@type\":\"ImageObject\",\"inLanguage\":\"de\",\"@id\":\"https:\/\/www.sonnenseite.com\/de\/#\/schema\/logo\/image\/\",\"url\":\"https:\/\/www.sonnenseite.com\/wp-content\/uploads\/2020\/05\/Sonnenseite_Logo.png\",\"contentUrl\":\"https:\/\/www.sonnenseite.com\/wp-content\/uploads\/2020\/05\/Sonnenseite_Logo.png\",\"width\":377,\"height\":90,\"caption\":\"Sonnenseite\"},\"image\":{\"@id\":\"https:\/\/www.sonnenseite.com\/de\/#\/schema\/logo\/image\/\"},\"sameAs\":[\"https:\/\/www.facebook.com\/pages\/Franz-Alt-SONNENSEITECOM\/221072987903953?fref=ts\",\"https:\/\/x.com\/franzalt\",\"http:\/\/www.youtube.com\/results?search_query&amp;amp;quot;franz_alt&amp;amp;quot;&amp;amp;amp;amp;search_type&amp;amp;amp;amp;aq=f\"]},{\"@type\":\"Person\",\"@id\":\"https:\/\/www.sonnenseite.com\/de\/#\/schema\/person\/50fda0e926597684c7cc6695238a4eb9\",\"name\":\"Bigi Alt\"}]}<\/script>\n<!-- \/ Yoast SEO plugin. -->","yoast_head_json":{"title":"E-Fahrzeug als Heimspeicher nutzen - Sonnenseite - \u00d6kologische Kommunikation mit Franz Alt","description":"Fraunhofer ISE erstellt Leitfaden zum bidirektionalen Laden. In Elektrofahrzeugen sind auf unseren Stra\u00dfen Batteriespeicher mit einer Gesamtkapazit\u00e4t von","robots":{"index":"index","follow":"follow","max-snippet":"max-snippet:-1","max-image-preview":"max-image-preview:large","max-video-preview":"max-video-preview:-1"},"canonical":"https:\/\/www.sonnenseite.com\/de\/energie\/e-fahrzeug-als-heimspeicher-nutzen\/","og_locale":"de_DE","og_type":"article","og_title":"E-Fahrzeug als Heimspeicher nutzen - Sonnenseite - \u00d6kologische Kommunikation mit Franz Alt","og_description":"Fraunhofer ISE erstellt Leitfaden zum bidirektionalen Laden. In Elektrofahrzeugen sind auf unseren Stra\u00dfen Batteriespeicher mit einer Gesamtkapazit\u00e4t von","og_url":"https:\/\/www.sonnenseite.com\/de\/energie\/e-fahrzeug-als-heimspeicher-nutzen\/","og_site_name":"Sonnenseite","article_publisher":"https:\/\/www.facebook.com\/pages\/Franz-Alt-SONNENSEITECOM\/221072987903953?fref=ts","article_published_time":"2024-02-09T07:39:00+00:00","article_modified_time":"2024-02-22T11:33:23+00:00","og_image":[{"width":770,"height":420,"url":"https:\/\/www.sonnenseite.com\/wp-content\/uploads\/2024\/02\/ISE-fraunhofer-ZEROplus.jpg","type":"image\/jpeg"}],"author":"Bigi Alt","twitter_card":"summary_large_image","twitter_creator":"@franzalt","twitter_site":"@franzalt","twitter_misc":{"Verfasst von":"Bigi Alt","Gesch\u00e4tzte Lesezeit":"4\u00a0Minuten"},"schema":{"@context":"https:\/\/schema.org","@graph":[{"@type":"Article","@id":"https:\/\/www.sonnenseite.com\/de\/energie\/e-fahrzeug-als-heimspeicher-nutzen\/#article","isPartOf":{"@id":"https:\/\/www.sonnenseite.com\/de\/energie\/e-fahrzeug-als-heimspeicher-nutzen\/"},"author":{"name":"Bigi Alt","@id":"https:\/\/www.sonnenseite.com\/de\/#\/schema\/person\/50fda0e926597684c7cc6695238a4eb9"},"headline":"E-Fahrzeug als Heimspeicher nutzen","datePublished":"2024-02-09T07:39:00+00:00","dateModified":"2024-02-22T11:33:23+00:00","mainEntityOfPage":{"@id":"https:\/\/www.sonnenseite.com\/de\/energie\/e-fahrzeug-als-heimspeicher-nutzen\/"},"wordCount":607,"publisher":{"@id":"https:\/\/www.sonnenseite.com\/de\/#organization"},"image":{"@id":"https:\/\/www.sonnenseite.com\/de\/energie\/e-fahrzeug-als-heimspeicher-nutzen\/#primaryimage"},"thumbnailUrl":"https:\/\/www.sonnenseite.com\/wp-content\/uploads\/2024\/02\/ISE-fraunhofer-ZEROplus.jpg","articleSection":["Energie"],"inLanguage":"de"},{"@type":"WebPage","@id":"https:\/\/www.sonnenseite.com\/de\/energie\/e-fahrzeug-als-heimspeicher-nutzen\/","url":"https:\/\/www.sonnenseite.com\/de\/energie\/e-fahrzeug-als-heimspeicher-nutzen\/","name":"E-Fahrzeug als Heimspeicher nutzen - Sonnenseite - \u00d6kologische Kommunikation mit Franz Alt","isPartOf":{"@id":"https:\/\/www.sonnenseite.com\/de\/#website"},"primaryImageOfPage":{"@id":"https:\/\/www.sonnenseite.com\/de\/energie\/e-fahrzeug-als-heimspeicher-nutzen\/#primaryimage"},"image":{"@id":"https:\/\/www.sonnenseite.com\/de\/energie\/e-fahrzeug-als-heimspeicher-nutzen\/#primaryimage"},"thumbnailUrl":"https:\/\/www.sonnenseite.com\/wp-content\/uploads\/2024\/02\/ISE-fraunhofer-ZEROplus.jpg","datePublished":"2024-02-09T07:39:00+00:00","dateModified":"2024-02-22T11:33:23+00:00","description":"Fraunhofer ISE erstellt Leitfaden zum bidirektionalen Laden. In Elektrofahrzeugen sind auf unseren Stra\u00dfen Batteriespeicher mit einer Gesamtkapazit\u00e4t von","breadcrumb":{"@id":"https:\/\/www.sonnenseite.com\/de\/energie\/e-fahrzeug-als-heimspeicher-nutzen\/#breadcrumb"},"inLanguage":"de","potentialAction":[{"@type":"ReadAction","target":["https:\/\/www.sonnenseite.com\/de\/energie\/e-fahrzeug-als-heimspeicher-nutzen\/"]}]},{"@type":"ImageObject","inLanguage":"de","@id":"https:\/\/www.sonnenseite.com\/de\/energie\/e-fahrzeug-als-heimspeicher-nutzen\/#primaryimage","url":"https:\/\/www.sonnenseite.com\/wp-content\/uploads\/2024\/02\/ISE-fraunhofer-ZEROplus.jpg","contentUrl":"https:\/\/www.sonnenseite.com\/wp-content\/uploads\/2024\/02\/ISE-fraunhofer-ZEROplus.jpg","width":770,"height":420,"caption":"Fraunhofer ISE 2024 | Mit bidirektionaler Ladetechnik und einer entsprechenden Wallbox wird das Elektrofahrzeug zum Heimspeicher."},{"@type":"BreadcrumbList","@id":"https:\/\/www.sonnenseite.com\/de\/energie\/e-fahrzeug-als-heimspeicher-nutzen\/#breadcrumb","itemListElement":[{"@type":"ListItem","position":1,"name":"Startseite","item":"https:\/\/www.sonnenseite.com\/de\/"},{"@type":"ListItem","position":2,"name":"E-Fahrzeug als Heimspeicher nutzen"}]},{"@type":"WebSite","@id":"https:\/\/www.sonnenseite.com\/de\/#website","url":"https:\/\/www.sonnenseite.com\/de\/","name":"Sonnenseite","description":"\u00d6kologische Kommunikation mit Franz Alt","publisher":{"@id":"https:\/\/www.sonnenseite.com\/de\/#organization"},"potentialAction":[{"@type":"SearchAction","target":{"@type":"EntryPoint","urlTemplate":"https:\/\/www.sonnenseite.com\/de\/?s={search_term_string}"},"query-input":{"@type":"PropertyValueSpecification","valueRequired":true,"valueName":"search_term_string"}}],"inLanguage":"de"},{"@type":"Organization","@id":"https:\/\/www.sonnenseite.com\/de\/#organization","name":"Sonnenseite","url":"https:\/\/www.sonnenseite.com\/de\/","logo":{"@type":"ImageObject","inLanguage":"de","@id":"https:\/\/www.sonnenseite.com\/de\/#\/schema\/logo\/image\/","url":"https:\/\/www.sonnenseite.com\/wp-content\/uploads\/2020\/05\/Sonnenseite_Logo.png","contentUrl":"https:\/\/www.sonnenseite.com\/wp-content\/uploads\/2020\/05\/Sonnenseite_Logo.png","width":377,"height":90,"caption":"Sonnenseite"},"image":{"@id":"https:\/\/www.sonnenseite.com\/de\/#\/schema\/logo\/image\/"},"sameAs":["https:\/\/www.facebook.com\/pages\/Franz-Alt-SONNENSEITECOM\/221072987903953?fref=ts","https:\/\/x.com\/franzalt","http:\/\/www.youtube.com\/results?search_query&amp;amp;quot;franz_alt&amp;amp;quot;&amp;amp;amp;amp;search_type&amp;amp;amp;amp;aq=f"]},{"@type":"Person","@id":"https:\/\/www.sonnenseite.com\/de\/#\/schema\/person\/50fda0e926597684c7cc6695238a4eb9","name":"Bigi Alt"}]}},"_links":{"self":[{"href":"https:\/\/www.sonnenseite.com\/de\/wp-json\/wp\/v2\/posts\/97343","targetHints":{"allow":["GET"]}}],"collection":[{"href":"https:\/\/www.sonnenseite.com\/de\/wp-json\/wp\/v2\/posts"}],"about":[{"href":"https:\/\/www.sonnenseite.com\/de\/wp-json\/wp\/v2\/types\/post"}],"author":[{"embeddable":true,"href":"https:\/\/www.sonnenseite.com\/de\/wp-json\/wp\/v2\/users\/3"}],"replies":[{"embeddable":true,"href":"https:\/\/www.sonnenseite.com\/de\/wp-json\/wp\/v2\/comments?post=97343"}],"version-history":[{"count":1,"href":"https:\/\/www.sonnenseite.com\/de\/wp-json\/wp\/v2\/posts\/97343\/revisions"}],"predecessor-version":[{"id":97344,"href":"https:\/\/www.sonnenseite.com\/de\/wp-json\/wp\/v2\/posts\/97343\/revisions\/97344"}],"wp:featuredmedia":[{"embeddable":true,"href":"https:\/\/www.sonnenseite.com\/de\/wp-json\/wp\/v2\/media\/97345"}],"wp:attachment":[{"href":"https:\/\/www.sonnenseite.com\/de\/wp-json\/wp\/v2\/media?parent=97343"}],"wp:term":[{"taxonomy":"category","embeddable":true,"href":"https:\/\/www.sonnenseite.com\/de\/wp-json\/wp\/v2\/categories?post=97343"},{"taxonomy":"post_tag","embeddable":true,"href":"https:\/\/www.sonnenseite.com\/de\/wp-json\/wp\/v2\/tags?post=97343"}],"curies":[{"name":"wp","href":"https:\/\/api.w.org\/{rel}","templated":true}]}}