{"id":97369,"date":"2024-02-10T02:35:00","date_gmt":"2024-02-10T01:35:00","guid":{"rendered":"https:\/\/www.sonnenseite.com\/?p=97369"},"modified":"2024-02-09T16:16:25","modified_gmt":"2024-02-09T15:16:25","slug":"bei-der-energiewende-wird-die-ressourcenknappheit-noch-nicht-genug-mitgedacht","status":"publish","type":"post","link":"https:\/\/www.sonnenseite.com\/de\/umwelt\/bei-der-energiewende-wird-die-ressourcenknappheit-noch-nicht-genug-mitgedacht\/","title":{"rendered":"&#8222;Bei der Energiewende wird die Ressourcenknappheit noch nicht genug mitgedacht&#8220;"},"content":{"rendered":"\n<p>Nora Griefahn, gesch\u00e4ftsf\u00fchrende Vorst\u00e4ndin der <a href=\"https:\/\/c2c.ngo\/\">Cradle to Cradle NGO<\/a>, gibt exklusive Einblicke in die entscheidende Rolle des Cradle to Cradle als ganzheitlichen Ansatz bei der Bew\u00e4ltigung von Klimakrise und Ressourcenknappheit. <\/p>\n\n\n\n<p>Dabei unterstreicht sie dessen umfassende Wirkung auf Treibhausgasemissionen, erl\u00e4utert finanzielle Vorteile f\u00fcr Unternehmen und spricht \u00fcber die Notwendigkeit gesetzlicher Anpassungen.<br><br><strong>Frau Griefahn, wie kann der Cradle-to-Cradle-Ansatz zur Reduzierung von<br>Treibhausgasemissionen im Vergleich zu herk\u00f6mmlichen Produktionsmethoden<br>beitragen?<\/strong><\/p>\n\n\n<div class=\"wp-block-image\">\n<figure class=\"alignleft size-full is-resized\"><img loading=\"lazy\" decoding=\"async\" width=\"448\" height=\"501\" src=\"https:\/\/www.sonnenseite.com\/wp-content\/uploads\/2024\/02\/Nora_Sophie_Griefahn_Max_Arens.jpg\" alt=\"\" class=\"wp-image-97370\" style=\"width:277px;height:auto\" srcset=\"https:\/\/www.sonnenseite.com\/wp-content\/uploads\/2024\/02\/Nora_Sophie_Griefahn_Max_Arens.jpg 448w, https:\/\/www.sonnenseite.com\/wp-content\/uploads\/2024\/02\/Nora_Sophie_Griefahn_Max_Arens-268x300.jpg 268w\" sizes=\"auto, (max-width: 448px) 100vw, 448px\" \/><figcaption class=\"wp-element-caption\">Cradle to Cradle NGO \/ Max Arens \/ Nora Sophie Griefahn<\/figcaption><\/figure>\n<\/div>\n\n\n<p><strong>Nora Griefahn:<\/strong> Die Klimakrise und die Ressourcenkrise sind zwei Probleme unserer Zeit, die nur gemeinsam gedacht und adressiert werden k\u00f6nnen. Die Ellen MacArthur Foundation hat das in einem gemeinsamen <a href=\"https:\/\/www.ellenmacarthurfoundation.org\/completing-the-picture\" target=\"_blank\" rel=\"noreferrer noopener\">Papier<\/a> mit Material Economics sehr eindeutig dargestellt: Wir k\u00f6nnen durch den Umstieg auf erneuerbare Energien etwa 55 Prozent der weltweiten Treibhausgasemissionen vermeiden. Aber um die aus unserer Sicht zu niedrig gesteckten UN-Klimaziele zu erreichen, m\u00fcssen wir die restlichen 45 Prozent in Angriff nehmen. Diese Emissionen entstehen durch unseren linearen Umgang mit Ressourcen und durch die Art und Weise, wie wir heute Produkte herstellen. Um das zu \u00e4ndern, brauchen wir eine echte Kreislaufwirtschaft nach Cradle to Cradle, f\u00fcr die wir grundlegend \u00e4ndern m\u00fcssen, wie wir Produkte designen, produzieren und auf den Markt bringen.<br><br>Cradle to Cradle ist also ein ganzheitlicher Ansatz, der nicht nur die Ressourcenkrise und das Thema Materialgesundheit adressiert, sondern auch die Klimakrise. Wenn Produkte und ihre Bestandteile nach ihrer Nutzung nicht zu M\u00fcll werden, der entsorgt oder verbrannt werden muss, sondern immer wieder N\u00e4hrstoff f\u00fcr ein neues Produkt werden k\u00f6nnen, entfallen klimasch\u00e4dliche Emissionen entlang der gesamten Wertsch\u00f6pfungskette. Zudem sieht das C2C-Designkonzept vor, dass die Produktion ausschlie\u00dflich mit erneuerbaren Energien aus kreislauff\u00e4higen Anlagen stattfindet.<br><br><strong>Die Umstellung auf ein Cradle-to-Cradle-Modell erfordert erhebliche<br>Anpassungen in Produktionsprozessen und Lieferketten. Dies kann f\u00fcr<br>Unternehmen teuer und logistisch anspruchsvoll sein. Was sagen Sie den<br>Unternehmen?<br><\/strong><br>C2C bringt Unternehmen langfristig auch finanzielle Vorteile. Nat\u00fcrlich muss in die<br>Entwicklung von C2C-Produkten und neue Produktionsprozesse investiert werden. Aber<br>wenn Produkte und Gesch\u00e4ftsmodelle so designt sind, dass Herstellerunternehmen die<br>verwendeten Materialien nach der Nutzung in guter Qualit\u00e4t zur\u00fcckerhalten, verringert<br>das ihre Rohstoffkosten. Zudem entfallen Entsorgungskosten und aufw\u00e4ndige<br>Umweltschutzma\u00dfnahmen, wenn durch Produktion und Produkte kein giftiger Abfall<br>erzeugt wird.<br><br>Viele mittelst\u00e4ndische Unternehmen arbeiten seit Jahren im Sinne von Cradle to Cradle,<br>und zwar finanziell erfolgreich. Das gleiche trifft auf gro\u00dfe b\u00f6rsennotierte<br>C2C-Unternehmen zu oder <a href=\"https:\/\/c2c.ngo\/\">C2C-Unternehmen<\/a> mit gro\u00dfen Finanzinvestoren als<br>Stakeholder. Diesen Unternehmen ist klar, dass abgeleitet vom EU-Ziel einer Circular<br>Economy zunehmend Regulierung in diese Richtung erfolgen wird. Wer also jetzt schon<br>auf Cradle to Cradle umstellt, hat k\u00fcnftig einen Wettbewerbsvorteil.<br><br><strong>Gibt es in Deutschland und der Europ\u00e4ischen Union Vorschriften und Gesetze, die im Sinne der<br>Kreislaufwirtschaft umgestaltet werden m\u00fcssten?<br><\/strong><br>Der Circular Economy Action Plan im Rahmen des European Green Deal geht in die<br>richtige Richtung. Diese Strategie betont, im Einklang mit Cradle to Cradle, dass beim<br>Design von Produkten angesetzt werden muss. Nun ist der n\u00e4chste Schritt, die Strategie<br>zu operationalisieren und daraus sinnvolle Gesetze wie die \u00d6kodesign-Verordnung<br>abzuleiten, die wirklich bei der Produktqualit\u00e4t und beim Design ansetzen und nicht nur<br>bei Recyclingquoten oder bei der Energieeffizienz. In Deutschland wird an der Nationalen<br>Kreislaufwirtschaftsstrategie gearbeitet, an der auch wir beteiligt sind. Auch hier ist es<br>wichtig, dass wir von der Strategie schnell hin zu neuen Gesetzen f\u00fcr eine echte<br>Kreislaufwirtschaft nach C2C kommen. Oder dass wir bestehende Rahmenwerke wie<br>das bislang unzureichende Kreislaufwirtschaftsgesetz oder die Abfallverordnung<br>dahingehend anpassen.<br><br><strong>Die genaue Bewertung des \u00f6kologischen Fu\u00dfabdrucks und der Auswirkungen<br>eines Produkts \u00fcber seinen gesamten Lebenszyklus hinweg kann komplex sein<br>und erfordert detaillierte Lebenszyklusanalysen. Gibt es denn eine \u00dcbersicht zu<br>bestimmten analysierten Produkten etc., wo sich Verbraucher*innen informieren<br>k\u00f6nnen?<br><\/strong><br>Lebenszyklusanalysen, wie sie aktuell meistens durchgef\u00fchrt werden, greifen aus<br>C2C-Sicht zu kurz. Wir m\u00fcssten vielmehr Nutzungszyklen analysieren, da bei Cradle to<br>Cradle alle eingesetzten Rohstoffe ihren Wert erhalten und immer wieder neu eingesetzt<br>werden k\u00f6nnen. Das C2C-Zertifikat, das vom Products Innovation Institute (PII) vergeben<br>wird, n\u00e4hert sich dem bei der Bewertung von Produkten an. Das Institut achtet darauf,<br>nicht nur einen Lebenszyklus zu betrachten, sondern die M\u00f6glichkeit mehrerer<br>Nutzungszyklen in die Auswertung einzubeziehen, indem neben der Materialgesundheit<br>auch die Kreislauff\u00e4higkeit der eingesetzten Materialien bewertet wird. Eine \u00dcbersicht<br>der zertifizierten Produkte k\u00f6nnen Verbraucher*innen auf der <a href=\"https:\/\/c2ccertified.org\/certified-products\" target=\"_blank\" rel=\"noreferrer noopener\">Website des PII<\/a> finden.<br><br><strong>Cradle2Cradle ist ein Konzept, das auf unsere gesamte Wirtschaft angewendet<br>werden sollte, um einen gr\u00f6\u00dftm\u00f6glichen Impact zu haben. Welche Rolle spielt in<br>diesem Zusammenhang die Finanzwelt mit ihren Finanzprodukten?<br><\/strong><br>Finanzinstitute haben durch gezielte Investitionen und von C2C-Kriterien abgeleitete<br>Kreditkonditionen die M\u00f6glichkeit, gro\u00dfen Einfluss zu nehmen. Indem sie in die<br>Entwicklung innovativer Produkte in C2C-Qualit\u00e4t investieren, k\u00f6nnen C2C-L\u00f6sungen<br>schneller umgesetzt werden. Allerdings braucht es daf\u00fcr Zirkularit\u00e4tskennzahlen, die in<br>Kreditvergaben und andere Finanzierungsmodelle einflie\u00dfen k\u00f6nnen. Was beispielsweise<br>bei Krediten f\u00fcr eine energetische Sanierung schon etabliert ist, fehlt f\u00fcr die<br>Kreislaufwirtschaft: Es existieren noch sehr wenig Kennziffern, \u00fcber die ein<br>C2C-Unternehmen beispielsweise bessere Kreditkonditionen erreichen kann, wenn das<br>Fremdkapital f\u00fcr das Thema C2C verwendet wird.<br><br>Viele junge Unternehmen gr\u00fcnden heute zudem direkt zirkul\u00e4re Gesch\u00e4ftsmodelle mit an<br>C2C orientierten Produkten. Diese Unternehmen brauchen in der Konzeptphase<br>finanzielle Unterst\u00fctzung, um Prototypen zu erstellen, um h\u00e4ufig sogar ganz neue<br>Materialien nach C2C zu entwickeln und um mit ihren Produkten auf den Markt zu<br>gehen. Auch f\u00fcr neue Gesch\u00e4ftsmodelle mit C2C-Produkten, beispielsweise<br>Produkt-Service-Modelle f\u00fcr in Geb\u00e4uden eingesetzte Baustoffe, brauchen wir neue<br>Finanzierungsformen. Wir sind zu diesen Themen im intensiven Austausch mit<br>C2C-Unternehmen, der Politik und mit unterschiedlichen Banken und sehen daher, dass<br>in diesem Bereich viel Bewegung ist und \u00fcberall gro\u00dfes Interesse an zukunftsf\u00e4higen<br>L\u00f6sungen besteht.<br><br><strong>Wie kann ein Umdenken hier das Klima sch\u00fctzen und auch die Erneuerbaren<br>voranbringen?<br><\/strong><br>Die Taxonomie-Verordnung der EU hat das Ziel, Finanzierungsstr\u00f6me in Richtung<br>Nachhaltigkeit zu lenken. Das ist grunds\u00e4tzlich auch der richtige Hebel, um eine<br>Finanzierungs- oder Investitionsentscheidung nicht von einer moralischen Bewertung<br>wirtschaftlichen Handelns abh\u00e4ngig zu machen, sondern von einer erzielbaren Rendite.<br>Denn die entscheidet eben in diesem Bereich. Im Bereich Klima und Energiewende zeigt<br>die EU-Taxonomie schon viele gute Ans\u00e4tze, allerdings fehlen die Themen Zirkularit\u00e4t<br>und Materialgesundheit als Handlungsfelder f\u00fcr nachhaltige Investitionen noch<br>komplett. Das muss sich dringend \u00e4ndern.<br><strong><br>Wie kann die Implementierung von Cradle-to-Cradle-Prinzipien in der Produktion<br>dazu beitragen, den \u00f6kologischen Fu\u00dfabdruck von erneuerbaren<br>Energiesystemen zu minimieren?<br><\/strong><br>Cradle to Cradle zielt nicht darauf ab, unseren negativen \u00f6kologischen Fu\u00dfabdruck zu<br>verringern, sondern darauf, durch unser Handeln einen m\u00f6glichst gro\u00dfen positiven<br>Fu\u00dfabdruck zu hinterlassen. Das gilt auch im Kontext erneuerbarer Energien, denn bei<br>der Energiewende wird die Ressourcenknappheit noch nicht genug mitgedacht. Eine<br>Solaranlage oder ein Windpark ist in der Betriebsphase an sich klimaneutral. Wenn wir<br>aber Windkraftwerke und Solarpanele produzieren, deren Materialien nach ihrer Nutzung<br>zu Sonderm\u00fcll werden, weil sie nicht kreislauff\u00e4hig designt sind, entstehen hier wieder<br>Emissionen. Die verbauten Materialien k\u00f6nnen nicht wiederverwendet werden, weil sie<br>zum Beispiel verklebt oder verschwei\u00dft und so nicht mehr sortenrein trennbar sind.<br>Dadurch gehen wertvolle Rohstoffe verloren und es entsteht sowohl eine Umwelt- als<br>auch eine Klimabelastung. Daher ist C2C-Design auch bei Energieerzeugungsanlagen<br>wichtig.<br><br><strong>Beim Einsatz von Elektroauto-Batterien gibt es bereits Entwicklungen hin zu mehr<br>Kreislauf, wie unser Projekt <a href=\"https:\/\/www.unendlich-viel-energie.de\/projekte\/fluxlicon\" target=\"_blank\" rel=\"noreferrer noopener\">Fluxlicon<\/a> zeigt. Hier werden Batterien, die mit einer<br>Kapazit\u00e4t von 80 Prozent nicht mehr f\u00fcr E-Autos einsetzbar sind, ein zweites<br>Leben in einem Batteriespeicher erhalten \u2013 ganz gleich welcher Hersteller.<br>Kennen Sie bereits andere Entwicklungen im Bereich der Erneuerbaren Energien?<br><\/strong><br>PV-Module oder auch Batterien, die heute designt und produziert werden, m\u00fcssen<br>kreislauff\u00e4hig sein. Das hei\u00dft, dass sie in ihre Einzelteile zerlegbar sein m\u00fcssen und<br>keine Schadstoffe freisetzen, die etwa Wasser oder Boden kontaminieren. Die Energie<br>f\u00fcr die Produktion muss dabei aus erneuerbaren Quellen gewonnen werden. Momentan<br>gibt es drei Hersteller von Solaranlagen, die ihre Produktion auf Cradle to Cradle<br>ausrichten. Die Unternehmen zielen zum Beispiel darauf ab, die Module so zu designen,<br>dass sie nach einem Nutzungszyklus auseinandergebaut und sortenrein recycelt werden<br>k\u00f6nnen, Schadstoffe zu vermeiden und f\u00fcr die Produktion ihrer Anlagen erneuerbare<br>Energien zu nutzen.<br><br><strong>Wo sehen Sie Deutschland im internationalen Vergleich, wenn es um<br>Kreislaufwirtschaft geht?<br><\/strong><br>Ein direkter Vergleich zwischen L\u00e4ndern ist schwierig. Es gibt in Deutschland viele Produkte und Unternehmen, die von Cradle to Cradle inspiriert oder zertifiziert sind. Doch auch<br>international sehen wir ein Bewusstsein f\u00fcr eine funktionierende Kreislaufwirtschaft. Beim<br>Thema kommunale Entwicklung nach C2C sind beispielsweise Skandinavien und die<br>Niederlande sehr fortschrittlich. In den USA empfiehlt die Environmental Protection Agency,<br>sich bei der \u00f6ffentlichen Beschaffung auch am Cradle to Cradle-Zertifikat zu orientieren. Eine<br>solche Empfehlung kann einer Verwaltung, die zur Kreislaufwirtschaft beitragen m\u00f6chte,<br>helfen, sich f\u00fcr C2C-Produkte zu entscheiden.<br><br>Letztlich m\u00fcssen alle Gesetzgebungen, die auf EU-Ebene beschlossen werden, auch in den<br>Mitgliedstaaten umgesetzt werden. Und das ist auch gut so, denn eigentlich br\u00e4uchten wir<br>eine \u00fcbergeordnete globale Strategie f\u00fcr eine echte Circular Economy nach C2C. Es reicht<br>nicht aus, dass sich ein Unternehmen, ein Land oder ein Kontinent mit diesem Thema<br>besch\u00e4ftigt, dazu ist die Transformation von linear zu zirkul\u00e4r viel zu wichtig und die Zeit viel<br>zu knapp. Wir m\u00fcssen weg von Pilotprojekten kommen und die vielen Ideen und<br>Innovationen skalieren, die bereits existieren und von denen wir wissen, dass sie gut<br>funktionieren. Wenn die Nationale Kreislaufwirtschaftsstrategie in Deutschland genau dazu<br>beitr\u00e4gt, dann sind wir schon einen gro\u00dfen Schritt weitergekommen.<\/p>\n\n\n<h5 class=\"green\">Quelle<\/h5>\r\n\n\n\n<p><a href=\"https:\/\/www.unendlich-viel-energie.de\/themen\/wirtschaft\/%e2%80%9ebei-der-energiewende-wird-die-ressourcenknappheit-noch-nicht-genug-mitgedacht%e2%80%9c\">Agentur f\u00fcr Erneuerbare Energien e.V. 2024<\/a> | Anika Schwalbe | Mail: <a href=\"mailto:a.schwalbe@unendlich-viel-energie.de\" target=\"_blank\" rel=\"noreferrer noopener\">a.schwalbe@unendlich-viel-energie.de<\/a> | <a href=\"https:\/\/www.unendlich-viel-energie.de\/media\/image\/86271.Nora_Sophie_Griefahn_2018_web%A9C2C_NGO_Max_Arens_72dpi.jpg\">Foto: Cradle to Cradle NGO \/ Max Arens<\/a><\/p>\n<div class=\"shariff shariff-align-flex-start shariff-widget-align-flex-start\"><div class=\"ShariffHeadline\">Diese Meldung teilen<\/div><ul class=\"shariff-buttons theme-round orientation-horizontal buttonsize-medium\"><li class=\"shariff-button facebook shariff-nocustomcolor\" style=\"background-color:#4273c8;border-radius:1%\"><a href=\"https:\/\/www.facebook.com\/sharer\/sharer.php?u=https%3A%2F%2Fwww.sonnenseite.com%2Fde%2Fumwelt%2Fbei-der-energiewende-wird-die-ressourcenknappheit-noch-nicht-genug-mitgedacht%2F\" title=\"Bei Facebook teilen\" aria-label=\"Bei Facebook teilen\" role=\"button\" rel=\"nofollow\" class=\"shariff-link\" style=\";border-radius:1%; background-color:#3b5998; color:#fff\" target=\"_blank\"><span class=\"shariff-icon\" style=\"\"><svg width=\"32px\" height=\"20px\" xmlns=\"http:\/\/www.w3.org\/2000\/svg\" viewBox=\"0 0 18 32\"><path fill=\"#3b5998\" d=\"M17.1 0.2v4.7h-2.8q-1.5 0-2.1 0.6t-0.5 1.9v3.4h5.2l-0.7 5.3h-4.5v13.6h-5.5v-13.6h-4.5v-5.3h4.5v-3.9q0-3.3 1.9-5.2t5-1.8q2.6 0 4.1 0.2z\"\/><\/svg><\/span><\/a><\/li><li class=\"shariff-button twitter shariff-nocustomcolor\" style=\"background-color:#595959;border-radius:1%\"><a href=\"https:\/\/twitter.com\/share?url=https%3A%2F%2Fwww.sonnenseite.com%2Fde%2Fumwelt%2Fbei-der-energiewende-wird-die-ressourcenknappheit-noch-nicht-genug-mitgedacht%2F&text=%E2%80%9EBei%20der%20Energiewende%20wird%20die%20Ressourcenknappheit%20noch%20nicht%20genug%20mitgedacht%E2%80%9C\" title=\"Bei X teilen\" aria-label=\"Bei X teilen\" role=\"button\" rel=\"noopener nofollow\" class=\"shariff-link\" style=\";border-radius:1%; background-color:#000; color:#fff\" target=\"_blank\"><span class=\"shariff-icon\" style=\"\"><svg width=\"32px\" height=\"20px\" xmlns=\"http:\/\/www.w3.org\/2000\/svg\" viewBox=\"0 0 24 24\"><path fill=\"#000\" d=\"M14.258 10.152L23.176 0h-2.113l-7.747 8.813L7.133 0H0l9.352 13.328L0 23.973h2.113l8.176-9.309 6.531 9.309h7.133zm-2.895 3.293l-.949-1.328L2.875 1.56h3.246l6.086 8.523.945 1.328 7.91 11.078h-3.246zm0 0\"\/><\/svg><\/span><\/a><\/li><li class=\"shariff-button xing shariff-nocustomcolor\" style=\"background-color:#29888a;border-radius:1%\"><a href=\"https:\/\/www.xing.com\/spi\/shares\/new?url=https%3A%2F%2Fwww.sonnenseite.com%2Fde%2Fumwelt%2Fbei-der-energiewende-wird-die-ressourcenknappheit-noch-nicht-genug-mitgedacht%2F\" title=\"Bei XING teilen\" aria-label=\"Bei XING teilen\" role=\"button\" rel=\"noopener nofollow\" class=\"shariff-link\" style=\";border-radius:1%; background-color:#126567; color:#fff\" target=\"_blank\"><span class=\"shariff-icon\" style=\"\"><svg width=\"32px\" height=\"20px\" xmlns=\"http:\/\/www.w3.org\/2000\/svg\" viewBox=\"0 0 25 32\"><path fill=\"#126567\" d=\"M10.7 11.9q-0.2 0.3-4.6 8.2-0.5 0.8-1.2 0.8h-4.3q-0.4 0-0.5-0.3t0-0.6l4.5-8q0 0 0 0l-2.9-5q-0.2-0.4 0-0.7 0.2-0.3 0.5-0.3h4.3q0.7 0 1.2 0.8zM25.1 0.4q0.2 0.3 0 0.7l-9.4 16.7 6 11q0.2 0.4 0 0.6-0.2 0.3-0.6 0.3h-4.3q-0.7 0-1.2-0.8l-6-11.1q0.3-0.6 9.5-16.8 0.4-0.8 1.2-0.8h4.3q0.4 0 0.5 0.3z\"\/><\/svg><\/span><\/a><\/li><li class=\"shariff-button linkedin shariff-nocustomcolor\" style=\"background-color:#1488bf;border-radius:1%\"><a href=\"https:\/\/www.linkedin.com\/sharing\/share-offsite\/?url=https%3A%2F%2Fwww.sonnenseite.com%2Fde%2Fumwelt%2Fbei-der-energiewende-wird-die-ressourcenknappheit-noch-nicht-genug-mitgedacht%2F\" title=\"Bei LinkedIn teilen\" aria-label=\"Bei LinkedIn teilen\" role=\"button\" rel=\"noopener nofollow\" class=\"shariff-link\" style=\";border-radius:1%; background-color:#0077b5; color:#fff\" target=\"_blank\"><span class=\"shariff-icon\" style=\"\"><svg width=\"32px\" height=\"20px\" xmlns=\"http:\/\/www.w3.org\/2000\/svg\" viewBox=\"0 0 27 32\"><path fill=\"#0077b5\" d=\"M6.2 11.2v17.7h-5.9v-17.7h5.9zM6.6 5.7q0 1.3-0.9 2.2t-2.4 0.9h0q-1.5 0-2.4-0.9t-0.9-2.2 0.9-2.2 2.4-0.9 2.4 0.9 0.9 2.2zM27.4 18.7v10.1h-5.9v-9.5q0-1.9-0.7-2.9t-2.3-1.1q-1.1 0-1.9 0.6t-1.2 1.5q-0.2 0.5-0.2 1.4v9.9h-5.9q0-7.1 0-11.6t0-5.3l0-0.9h5.9v2.6h0q0.4-0.6 0.7-1t1-0.9 1.6-0.8 2-0.3q3 0 4.9 2t1.9 6z\"\/><\/svg><\/span><\/a><\/li><li class=\"shariff-button printer shariff-nocustomcolor\" style=\"background-color:#a8a8a8;border-radius:1%\"><a href=\"javascript:window.print()\" title=\"drucken\" aria-label=\"drucken\" role=\"button\" rel=\"noopener nofollow\" class=\"shariff-link\" style=\";border-radius:1%; background-color:#999; color:#fff\"><span class=\"shariff-icon\" style=\"\"><svg width=\"32px\" height=\"20px\" xmlns=\"http:\/\/www.w3.org\/2000\/svg\" viewBox=\"0 0 30 32\"><path fill=\"#999\" d=\"M6.8 27.4h16v-4.6h-16v4.6zM6.8 16h16v-6.8h-2.8q-0.7 0-1.2-0.5t-0.5-1.2v-2.8h-11.4v11.4zM27.4 17.2q0-0.5-0.3-0.8t-0.8-0.4-0.8 0.4-0.3 0.8 0.3 0.8 0.8 0.3 0.8-0.3 0.3-0.8zM29.7 17.2v7.4q0 0.2-0.2 0.4t-0.4 0.2h-4v2.8q0 0.7-0.5 1.2t-1.2 0.5h-17.2q-0.7 0-1.2-0.5t-0.5-1.2v-2.8h-4q-0.2 0-0.4-0.2t-0.2-0.4v-7.4q0-1.4 1-2.4t2.4-1h1.2v-9.7q0-0.7 0.5-1.2t1.2-0.5h12q0.7 0 1.6 0.4t1.3 0.8l2.7 2.7q0.5 0.5 0.9 1.4t0.4 1.6v4.6h1.1q1.4 0 2.4 1t1 2.4z\"\/><\/svg><\/span><\/a><\/li><li class=\"shariff-button mailto shariff-nocustomcolor\" style=\"background-color:#a8a8a8;border-radius:1%\"><a href=\"mailto:?body=https%3A%2F%2Fwww.sonnenseite.com%2Fde%2Fumwelt%2Fbei-der-energiewende-wird-die-ressourcenknappheit-noch-nicht-genug-mitgedacht%2F&subject=%E2%80%9EBei%20der%20Energiewende%20wird%20die%20Ressourcenknappheit%20noch%20nicht%20genug%20mitgedacht%E2%80%9C\" title=\"Per E-Mail versenden\" aria-label=\"Per E-Mail versenden\" role=\"button\" rel=\"noopener nofollow\" class=\"shariff-link\" style=\";border-radius:1%; background-color:#999; color:#fff\"><span class=\"shariff-icon\" style=\"\"><svg width=\"32px\" height=\"20px\" xmlns=\"http:\/\/www.w3.org\/2000\/svg\" viewBox=\"0 0 32 32\"><path fill=\"#999\" d=\"M32 12.7v14.2q0 1.2-0.8 2t-2 0.9h-26.3q-1.2 0-2-0.9t-0.8-2v-14.2q0.8 0.9 1.8 1.6 6.5 4.4 8.9 6.1 1 0.8 1.6 1.2t1.7 0.9 2 0.4h0.1q0.9 0 2-0.4t1.7-0.9 1.6-1.2q3-2.2 8.9-6.1 1-0.7 1.8-1.6zM32 7.4q0 1.4-0.9 2.7t-2.2 2.2q-6.7 4.7-8.4 5.8-0.2 0.1-0.7 0.5t-1 0.7-0.9 0.6-1.1 0.5-0.9 0.2h-0.1q-0.4 0-0.9-0.2t-1.1-0.5-0.9-0.6-1-0.7-0.7-0.5q-1.6-1.1-4.7-3.2t-3.6-2.6q-1.1-0.7-2.1-2t-1-2.5q0-1.4 0.7-2.3t2.1-0.9h26.3q1.2 0 2 0.8t0.9 2z\"\/><\/svg><\/span><\/a><\/li><\/ul><\/div>","protected":false},"excerpt":{"rendered":"<p>Nora Griefahn, gesch\u00e4ftsf\u00fchrende Vorst\u00e4ndin der Cradle to Cradle NGO, gibt exklusive Einblicke in die entscheidende Rolle [&hellip;]<\/p>\n","protected":false},"author":3,"featured_media":12614,"comment_status":"closed","ping_status":"closed","sticky":false,"template":"","format":"standard","meta":{"inline_featured_image":false,"footnotes":""},"categories":[23],"tags":[],"class_list":["post-97369","post","type-post","status-publish","format-standard","has-post-thumbnail","hentry","category-umwelt"],"yoast_head":"<!-- This site is optimized with the Yoast SEO plugin v26.5 - https:\/\/yoast.com\/wordpress\/plugins\/seo\/ -->\n<title>&quot;Bei der Energiewende wird die Ressourcenknappheit noch nicht genug mitgedacht&quot; - Sonnenseite - \u00d6kologische Kommunikation mit Franz Alt<\/title>\n<meta name=\"description\" content=\"Nora Griefahn, gesch\u00e4ftsf\u00fchrende Vorst\u00e4ndin der Cradle to Cradle NGO, gibt exklusive Einblicke in die entscheidende Rolle des Cradle to Cradle als\" \/>\n<meta name=\"robots\" content=\"index, follow, max-snippet:-1, max-image-preview:large, max-video-preview:-1\" \/>\n<link rel=\"canonical\" href=\"https:\/\/www.sonnenseite.com\/de\/umwelt\/bei-der-energiewende-wird-die-ressourcenknappheit-noch-nicht-genug-mitgedacht\/\" \/>\n<meta property=\"og:locale\" content=\"de_DE\" \/>\n<meta property=\"og:type\" content=\"article\" \/>\n<meta property=\"og:title\" content=\"&quot;Bei der Energiewende wird die Ressourcenknappheit noch nicht genug mitgedacht&quot; - Sonnenseite - \u00d6kologische Kommunikation mit Franz Alt\" \/>\n<meta property=\"og:description\" content=\"Nora Griefahn, gesch\u00e4ftsf\u00fchrende Vorst\u00e4ndin der Cradle to Cradle NGO, gibt exklusive Einblicke in die entscheidende Rolle des Cradle to Cradle als\" \/>\n<meta property=\"og:url\" content=\"https:\/\/www.sonnenseite.com\/de\/umwelt\/bei-der-energiewende-wird-die-ressourcenknappheit-noch-nicht-genug-mitgedacht\/\" \/>\n<meta property=\"og:site_name\" content=\"Sonnenseite\" \/>\n<meta property=\"article:publisher\" content=\"https:\/\/www.facebook.com\/pages\/Franz-Alt-SONNENSEITECOM\/221072987903953?fref=ts\" \/>\n<meta property=\"article:published_time\" content=\"2024-02-10T01:35:00+00:00\" \/>\n<meta property=\"og:image\" content=\"https:\/\/www.sonnenseite.com\/wp-content\/uploads\/2019\/01\/Recycling_Eray-Haciosmanogl.jpg\" \/>\n\t<meta property=\"og:image:width\" content=\"770\" \/>\n\t<meta property=\"og:image:height\" content=\"420\" \/>\n\t<meta property=\"og:image:type\" content=\"image\/jpeg\" \/>\n<meta name=\"author\" content=\"Bigi Alt\" \/>\n<meta name=\"twitter:card\" content=\"summary_large_image\" \/>\n<meta name=\"twitter:creator\" content=\"@franzalt\" \/>\n<meta name=\"twitter:site\" content=\"@franzalt\" \/>\n<meta name=\"twitter:label1\" content=\"Verfasst von\" \/>\n\t<meta name=\"twitter:data1\" content=\"Bigi Alt\" \/>\n\t<meta name=\"twitter:label2\" content=\"Gesch\u00e4tzte Lesezeit\" \/>\n\t<meta name=\"twitter:data2\" content=\"9\u00a0Minuten\" \/>\n<script type=\"application\/ld+json\" class=\"yoast-schema-graph\">{\"@context\":\"https:\/\/schema.org\",\"@graph\":[{\"@type\":\"Article\",\"@id\":\"https:\/\/www.sonnenseite.com\/de\/umwelt\/bei-der-energiewende-wird-die-ressourcenknappheit-noch-nicht-genug-mitgedacht\/#article\",\"isPartOf\":{\"@id\":\"https:\/\/www.sonnenseite.com\/de\/umwelt\/bei-der-energiewende-wird-die-ressourcenknappheit-noch-nicht-genug-mitgedacht\/\"},\"author\":{\"name\":\"Bigi Alt\",\"@id\":\"https:\/\/www.sonnenseite.com\/de\/#\/schema\/person\/50fda0e926597684c7cc6695238a4eb9\"},\"headline\":\"&#8222;Bei der Energiewende wird die Ressourcenknappheit noch nicht genug mitgedacht&#8220;\",\"datePublished\":\"2024-02-10T01:35:00+00:00\",\"mainEntityOfPage\":{\"@id\":\"https:\/\/www.sonnenseite.com\/de\/umwelt\/bei-der-energiewende-wird-die-ressourcenknappheit-noch-nicht-genug-mitgedacht\/\"},\"wordCount\":1555,\"publisher\":{\"@id\":\"https:\/\/www.sonnenseite.com\/de\/#organization\"},\"image\":{\"@id\":\"https:\/\/www.sonnenseite.com\/de\/umwelt\/bei-der-energiewende-wird-die-ressourcenknappheit-noch-nicht-genug-mitgedacht\/#primaryimage\"},\"thumbnailUrl\":\"https:\/\/www.sonnenseite.com\/wp-content\/uploads\/2019\/01\/Recycling_Eray-Haciosmanogl.jpg\",\"articleSection\":[\"Umwelt\"],\"inLanguage\":\"de\"},{\"@type\":\"WebPage\",\"@id\":\"https:\/\/www.sonnenseite.com\/de\/umwelt\/bei-der-energiewende-wird-die-ressourcenknappheit-noch-nicht-genug-mitgedacht\/\",\"url\":\"https:\/\/www.sonnenseite.com\/de\/umwelt\/bei-der-energiewende-wird-die-ressourcenknappheit-noch-nicht-genug-mitgedacht\/\",\"name\":\"\\\"Bei der Energiewende wird die Ressourcenknappheit noch nicht genug mitgedacht\\\" - Sonnenseite - \u00d6kologische Kommunikation mit Franz Alt\",\"isPartOf\":{\"@id\":\"https:\/\/www.sonnenseite.com\/de\/#website\"},\"primaryImageOfPage\":{\"@id\":\"https:\/\/www.sonnenseite.com\/de\/umwelt\/bei-der-energiewende-wird-die-ressourcenknappheit-noch-nicht-genug-mitgedacht\/#primaryimage\"},\"image\":{\"@id\":\"https:\/\/www.sonnenseite.com\/de\/umwelt\/bei-der-energiewende-wird-die-ressourcenknappheit-noch-nicht-genug-mitgedacht\/#primaryimage\"},\"thumbnailUrl\":\"https:\/\/www.sonnenseite.com\/wp-content\/uploads\/2019\/01\/Recycling_Eray-Haciosmanogl.jpg\",\"datePublished\":\"2024-02-10T01:35:00+00:00\",\"description\":\"Nora Griefahn, gesch\u00e4ftsf\u00fchrende Vorst\u00e4ndin der Cradle to Cradle NGO, gibt exklusive Einblicke in die entscheidende Rolle des Cradle to Cradle als\",\"breadcrumb\":{\"@id\":\"https:\/\/www.sonnenseite.com\/de\/umwelt\/bei-der-energiewende-wird-die-ressourcenknappheit-noch-nicht-genug-mitgedacht\/#breadcrumb\"},\"inLanguage\":\"de\",\"potentialAction\":[{\"@type\":\"ReadAction\",\"target\":[\"https:\/\/www.sonnenseite.com\/de\/umwelt\/bei-der-energiewende-wird-die-ressourcenknappheit-noch-nicht-genug-mitgedacht\/\"]}]},{\"@type\":\"ImageObject\",\"inLanguage\":\"de\",\"@id\":\"https:\/\/www.sonnenseite.com\/de\/umwelt\/bei-der-energiewende-wird-die-ressourcenknappheit-noch-nicht-genug-mitgedacht\/#primaryimage\",\"url\":\"https:\/\/www.sonnenseite.com\/wp-content\/uploads\/2019\/01\/Recycling_Eray-Haciosmanogl.jpg\",\"contentUrl\":\"https:\/\/www.sonnenseite.com\/wp-content\/uploads\/2019\/01\/Recycling_Eray-Haciosmanogl.jpg\",\"width\":770,\"height\":420,\"caption\":\"Fotolia.com | Eray-Haciosmanogl\"},{\"@type\":\"BreadcrumbList\",\"@id\":\"https:\/\/www.sonnenseite.com\/de\/umwelt\/bei-der-energiewende-wird-die-ressourcenknappheit-noch-nicht-genug-mitgedacht\/#breadcrumb\",\"itemListElement\":[{\"@type\":\"ListItem\",\"position\":1,\"name\":\"Startseite\",\"item\":\"https:\/\/www.sonnenseite.com\/de\/\"},{\"@type\":\"ListItem\",\"position\":2,\"name\":\"&#8222;Bei der Energiewende wird die Ressourcenknappheit noch nicht genug mitgedacht&#8220;\"}]},{\"@type\":\"WebSite\",\"@id\":\"https:\/\/www.sonnenseite.com\/de\/#website\",\"url\":\"https:\/\/www.sonnenseite.com\/de\/\",\"name\":\"Sonnenseite\",\"description\":\"\u00d6kologische Kommunikation mit Franz Alt\",\"publisher\":{\"@id\":\"https:\/\/www.sonnenseite.com\/de\/#organization\"},\"potentialAction\":[{\"@type\":\"SearchAction\",\"target\":{\"@type\":\"EntryPoint\",\"urlTemplate\":\"https:\/\/www.sonnenseite.com\/de\/?s={search_term_string}\"},\"query-input\":{\"@type\":\"PropertyValueSpecification\",\"valueRequired\":true,\"valueName\":\"search_term_string\"}}],\"inLanguage\":\"de\"},{\"@type\":\"Organization\",\"@id\":\"https:\/\/www.sonnenseite.com\/de\/#organization\",\"name\":\"Sonnenseite\",\"url\":\"https:\/\/www.sonnenseite.com\/de\/\",\"logo\":{\"@type\":\"ImageObject\",\"inLanguage\":\"de\",\"@id\":\"https:\/\/www.sonnenseite.com\/de\/#\/schema\/logo\/image\/\",\"url\":\"https:\/\/www.sonnenseite.com\/wp-content\/uploads\/2020\/05\/Sonnenseite_Logo.png\",\"contentUrl\":\"https:\/\/www.sonnenseite.com\/wp-content\/uploads\/2020\/05\/Sonnenseite_Logo.png\",\"width\":377,\"height\":90,\"caption\":\"Sonnenseite\"},\"image\":{\"@id\":\"https:\/\/www.sonnenseite.com\/de\/#\/schema\/logo\/image\/\"},\"sameAs\":[\"https:\/\/www.facebook.com\/pages\/Franz-Alt-SONNENSEITECOM\/221072987903953?fref=ts\",\"https:\/\/x.com\/franzalt\",\"http:\/\/www.youtube.com\/results?search_query&amp;amp;quot;franz_alt&amp;amp;quot;&amp;amp;amp;amp;search_type&amp;amp;amp;amp;aq=f\"]},{\"@type\":\"Person\",\"@id\":\"https:\/\/www.sonnenseite.com\/de\/#\/schema\/person\/50fda0e926597684c7cc6695238a4eb9\",\"name\":\"Bigi Alt\"}]}<\/script>\n<!-- \/ Yoast SEO plugin. -->","yoast_head_json":{"title":"\"Bei der Energiewende wird die Ressourcenknappheit noch nicht genug mitgedacht\" - Sonnenseite - \u00d6kologische Kommunikation mit Franz Alt","description":"Nora Griefahn, gesch\u00e4ftsf\u00fchrende Vorst\u00e4ndin der Cradle to Cradle NGO, gibt exklusive Einblicke in die entscheidende Rolle des Cradle to Cradle als","robots":{"index":"index","follow":"follow","max-snippet":"max-snippet:-1","max-image-preview":"max-image-preview:large","max-video-preview":"max-video-preview:-1"},"canonical":"https:\/\/www.sonnenseite.com\/de\/umwelt\/bei-der-energiewende-wird-die-ressourcenknappheit-noch-nicht-genug-mitgedacht\/","og_locale":"de_DE","og_type":"article","og_title":"\"Bei der Energiewende wird die Ressourcenknappheit noch nicht genug mitgedacht\" - Sonnenseite - \u00d6kologische Kommunikation mit Franz Alt","og_description":"Nora Griefahn, gesch\u00e4ftsf\u00fchrende Vorst\u00e4ndin der Cradle to Cradle NGO, gibt exklusive Einblicke in die entscheidende Rolle des Cradle to Cradle als","og_url":"https:\/\/www.sonnenseite.com\/de\/umwelt\/bei-der-energiewende-wird-die-ressourcenknappheit-noch-nicht-genug-mitgedacht\/","og_site_name":"Sonnenseite","article_publisher":"https:\/\/www.facebook.com\/pages\/Franz-Alt-SONNENSEITECOM\/221072987903953?fref=ts","article_published_time":"2024-02-10T01:35:00+00:00","og_image":[{"width":770,"height":420,"url":"https:\/\/www.sonnenseite.com\/wp-content\/uploads\/2019\/01\/Recycling_Eray-Haciosmanogl.jpg","type":"image\/jpeg"}],"author":"Bigi Alt","twitter_card":"summary_large_image","twitter_creator":"@franzalt","twitter_site":"@franzalt","twitter_misc":{"Verfasst von":"Bigi Alt","Gesch\u00e4tzte Lesezeit":"9\u00a0Minuten"},"schema":{"@context":"https:\/\/schema.org","@graph":[{"@type":"Article","@id":"https:\/\/www.sonnenseite.com\/de\/umwelt\/bei-der-energiewende-wird-die-ressourcenknappheit-noch-nicht-genug-mitgedacht\/#article","isPartOf":{"@id":"https:\/\/www.sonnenseite.com\/de\/umwelt\/bei-der-energiewende-wird-die-ressourcenknappheit-noch-nicht-genug-mitgedacht\/"},"author":{"name":"Bigi Alt","@id":"https:\/\/www.sonnenseite.com\/de\/#\/schema\/person\/50fda0e926597684c7cc6695238a4eb9"},"headline":"&#8222;Bei der Energiewende wird die Ressourcenknappheit noch nicht genug mitgedacht&#8220;","datePublished":"2024-02-10T01:35:00+00:00","mainEntityOfPage":{"@id":"https:\/\/www.sonnenseite.com\/de\/umwelt\/bei-der-energiewende-wird-die-ressourcenknappheit-noch-nicht-genug-mitgedacht\/"},"wordCount":1555,"publisher":{"@id":"https:\/\/www.sonnenseite.com\/de\/#organization"},"image":{"@id":"https:\/\/www.sonnenseite.com\/de\/umwelt\/bei-der-energiewende-wird-die-ressourcenknappheit-noch-nicht-genug-mitgedacht\/#primaryimage"},"thumbnailUrl":"https:\/\/www.sonnenseite.com\/wp-content\/uploads\/2019\/01\/Recycling_Eray-Haciosmanogl.jpg","articleSection":["Umwelt"],"inLanguage":"de"},{"@type":"WebPage","@id":"https:\/\/www.sonnenseite.com\/de\/umwelt\/bei-der-energiewende-wird-die-ressourcenknappheit-noch-nicht-genug-mitgedacht\/","url":"https:\/\/www.sonnenseite.com\/de\/umwelt\/bei-der-energiewende-wird-die-ressourcenknappheit-noch-nicht-genug-mitgedacht\/","name":"\"Bei der Energiewende wird die Ressourcenknappheit noch nicht genug mitgedacht\" - Sonnenseite - \u00d6kologische Kommunikation mit Franz Alt","isPartOf":{"@id":"https:\/\/www.sonnenseite.com\/de\/#website"},"primaryImageOfPage":{"@id":"https:\/\/www.sonnenseite.com\/de\/umwelt\/bei-der-energiewende-wird-die-ressourcenknappheit-noch-nicht-genug-mitgedacht\/#primaryimage"},"image":{"@id":"https:\/\/www.sonnenseite.com\/de\/umwelt\/bei-der-energiewende-wird-die-ressourcenknappheit-noch-nicht-genug-mitgedacht\/#primaryimage"},"thumbnailUrl":"https:\/\/www.sonnenseite.com\/wp-content\/uploads\/2019\/01\/Recycling_Eray-Haciosmanogl.jpg","datePublished":"2024-02-10T01:35:00+00:00","description":"Nora Griefahn, gesch\u00e4ftsf\u00fchrende Vorst\u00e4ndin der Cradle to Cradle NGO, gibt exklusive Einblicke in die entscheidende Rolle des Cradle to Cradle als","breadcrumb":{"@id":"https:\/\/www.sonnenseite.com\/de\/umwelt\/bei-der-energiewende-wird-die-ressourcenknappheit-noch-nicht-genug-mitgedacht\/#breadcrumb"},"inLanguage":"de","potentialAction":[{"@type":"ReadAction","target":["https:\/\/www.sonnenseite.com\/de\/umwelt\/bei-der-energiewende-wird-die-ressourcenknappheit-noch-nicht-genug-mitgedacht\/"]}]},{"@type":"ImageObject","inLanguage":"de","@id":"https:\/\/www.sonnenseite.com\/de\/umwelt\/bei-der-energiewende-wird-die-ressourcenknappheit-noch-nicht-genug-mitgedacht\/#primaryimage","url":"https:\/\/www.sonnenseite.com\/wp-content\/uploads\/2019\/01\/Recycling_Eray-Haciosmanogl.jpg","contentUrl":"https:\/\/www.sonnenseite.com\/wp-content\/uploads\/2019\/01\/Recycling_Eray-Haciosmanogl.jpg","width":770,"height":420,"caption":"Fotolia.com | Eray-Haciosmanogl"},{"@type":"BreadcrumbList","@id":"https:\/\/www.sonnenseite.com\/de\/umwelt\/bei-der-energiewende-wird-die-ressourcenknappheit-noch-nicht-genug-mitgedacht\/#breadcrumb","itemListElement":[{"@type":"ListItem","position":1,"name":"Startseite","item":"https:\/\/www.sonnenseite.com\/de\/"},{"@type":"ListItem","position":2,"name":"&#8222;Bei der Energiewende wird die Ressourcenknappheit noch nicht genug mitgedacht&#8220;"}]},{"@type":"WebSite","@id":"https:\/\/www.sonnenseite.com\/de\/#website","url":"https:\/\/www.sonnenseite.com\/de\/","name":"Sonnenseite","description":"\u00d6kologische Kommunikation mit Franz Alt","publisher":{"@id":"https:\/\/www.sonnenseite.com\/de\/#organization"},"potentialAction":[{"@type":"SearchAction","target":{"@type":"EntryPoint","urlTemplate":"https:\/\/www.sonnenseite.com\/de\/?s={search_term_string}"},"query-input":{"@type":"PropertyValueSpecification","valueRequired":true,"valueName":"search_term_string"}}],"inLanguage":"de"},{"@type":"Organization","@id":"https:\/\/www.sonnenseite.com\/de\/#organization","name":"Sonnenseite","url":"https:\/\/www.sonnenseite.com\/de\/","logo":{"@type":"ImageObject","inLanguage":"de","@id":"https:\/\/www.sonnenseite.com\/de\/#\/schema\/logo\/image\/","url":"https:\/\/www.sonnenseite.com\/wp-content\/uploads\/2020\/05\/Sonnenseite_Logo.png","contentUrl":"https:\/\/www.sonnenseite.com\/wp-content\/uploads\/2020\/05\/Sonnenseite_Logo.png","width":377,"height":90,"caption":"Sonnenseite"},"image":{"@id":"https:\/\/www.sonnenseite.com\/de\/#\/schema\/logo\/image\/"},"sameAs":["https:\/\/www.facebook.com\/pages\/Franz-Alt-SONNENSEITECOM\/221072987903953?fref=ts","https:\/\/x.com\/franzalt","http:\/\/www.youtube.com\/results?search_query&amp;amp;quot;franz_alt&amp;amp;quot;&amp;amp;amp;amp;search_type&amp;amp;amp;amp;aq=f"]},{"@type":"Person","@id":"https:\/\/www.sonnenseite.com\/de\/#\/schema\/person\/50fda0e926597684c7cc6695238a4eb9","name":"Bigi Alt"}]}},"_links":{"self":[{"href":"https:\/\/www.sonnenseite.com\/de\/wp-json\/wp\/v2\/posts\/97369","targetHints":{"allow":["GET"]}}],"collection":[{"href":"https:\/\/www.sonnenseite.com\/de\/wp-json\/wp\/v2\/posts"}],"about":[{"href":"https:\/\/www.sonnenseite.com\/de\/wp-json\/wp\/v2\/types\/post"}],"author":[{"embeddable":true,"href":"https:\/\/www.sonnenseite.com\/de\/wp-json\/wp\/v2\/users\/3"}],"replies":[{"embeddable":true,"href":"https:\/\/www.sonnenseite.com\/de\/wp-json\/wp\/v2\/comments?post=97369"}],"version-history":[{"count":2,"href":"https:\/\/www.sonnenseite.com\/de\/wp-json\/wp\/v2\/posts\/97369\/revisions"}],"predecessor-version":[{"id":97373,"href":"https:\/\/www.sonnenseite.com\/de\/wp-json\/wp\/v2\/posts\/97369\/revisions\/97373"}],"wp:featuredmedia":[{"embeddable":true,"href":"https:\/\/www.sonnenseite.com\/de\/wp-json\/wp\/v2\/media\/12614"}],"wp:attachment":[{"href":"https:\/\/www.sonnenseite.com\/de\/wp-json\/wp\/v2\/media?parent=97369"}],"wp:term":[{"taxonomy":"category","embeddable":true,"href":"https:\/\/www.sonnenseite.com\/de\/wp-json\/wp\/v2\/categories?post=97369"},{"taxonomy":"post_tag","embeddable":true,"href":"https:\/\/www.sonnenseite.com\/de\/wp-json\/wp\/v2\/tags?post=97369"}],"curies":[{"name":"wp","href":"https:\/\/api.w.org\/{rel}","templated":true}]}}