{"id":97449,"date":"2024-02-15T03:18:00","date_gmt":"2024-02-15T02:18:00","guid":{"rendered":"https:\/\/www.sonnenseite.com\/?p=97449"},"modified":"2024-02-14T12:18:40","modified_gmt":"2024-02-14T11:18:40","slug":"wer-bauern-korrekt-bezahlt-kann-auch-subventionen-abbauen","status":"publish","type":"post","link":"https:\/\/www.sonnenseite.com\/de\/wirtschaft\/wer-bauern-korrekt-bezahlt-kann-auch-subventionen-abbauen\/","title":{"rendered":"&#8222;Wer Bauern korrekt bezahlt, kann auch Subventionen abbauen&#8220;"},"content":{"rendered":"\n<p>Bauern sollen daf\u00fcr honoriert werden, wenn sie nachhaltig ackern. Das Konzept der &#8222;Regionalwert-Leistungsrechnung&#8220; buchstabiert das aus. Erste Praxiserfahrungen zeigen, wie umfangreich die unbezahlte Arbeit ist.<\/p>\n\n\n\n<p>Die Bauernproteste gegen die K\u00fcrzung der Agrardiesel-Subventionen haben es noch einmal deutlich gemacht: Viele der rund 260.000 landwirtschaftlichen Betriebe hierzulande k\u00f6nnen von den Einnahmen allein nicht leben, die ihnen der Verkauf ihrer Produkte einbringt&nbsp;\u2013 von Getreide \u00fcber Obst bis Milch.<\/p>\n\n\n\n<p>So betragen die EU-Subventionen, die an deutsche Landwirte gehen, rund 6,3 Milliarden Euro (Stand 2022). Doch der Gro\u00dfteil dieser Gelder wird ohne R\u00fccksicht darauf verteilt, ob die Betriebe nachhaltig ackern oder nicht.<\/p>\n\n\n\n<p>Eine Initiative erarbeitet als Alternative dazu ein Konzept, wie die Hilfen k\u00fcnftig komplett an \u00f6kologische und soziale Kriterien gekoppelt werden k\u00f6nnen. Ziel: Die positiven Leistungen der Betriebe f\u00fcr biologische Vielfalt, F\u00f6rderung der Bodenfruchtbarkeit, Gew\u00e4sserschutz und Treibhausgas-Einsparung werden honoriert. Auf der seit Dienstag stattfindenden Expertenmesse <a href=\"https:\/\/de.wikipedia.org\/wiki\/BIOFACH\" target=\"_blank\" rel=\"noreferrer noopener\">&#8222;Biofach&#8220;<\/a> in N\u00fcrnberg wurde der aktuelle Forschungsstand vorgestellt.<\/p>\n\n\n\n<p>Es ist grotesk: Die Produktion von &#8222;Lebens-Mitteln&#8220; ist weltweit daf\u00fcr mitverantwortlich, dass ihre eigenen Grundlagen&nbsp;\u2013 Boden, <a href=\"https:\/\/www.klimareporter.de\/landwirtschaft\/wo-gespritzt-wird-leiden-die-baeche\" target=\"_blank\" rel=\"noreferrer noopener\">Wasser<\/a>, biologische Vielfalt, stabiles Klima&nbsp;\u2013 zunehmend in Mitleidenschaft gezogen werden.<\/p>\n\n\n\n<p>Auch hierzulande tr\u00e4gt die Landwirtschaft zur \u00d6ko-Krise bei. Rund 60 bis 70 Prozent der Lebensmittel werden so herstellt, dass die Belastungsgrenzen mehrerer Umweltindikatoren \u00fcberschritten werden, ergab 2020 eine gro\u00dfangelegte <a href=\"https:\/\/publications.pik-potsdam.de\/rest\/items\/item_23513_6\/component\/file_24312\/content\" target=\"_blank\" rel=\"noreferrer noopener\">Studie<\/a>, an der unter anderem das Potsdam-Institut f\u00fcr Klimafolgenforschung beteiligt war.<\/p>\n\n\n\n<h4 class=\"wp-block-heading\">Bio-Lebensmittel w\u00e4ren eigentlich billiger<\/h4>\n\n\n\n<p>Das Problem ist ganz offensichtlich, dass eine konsequent nachhaltige Bewirtschaftung sich f\u00fcr die meisten Betriebe nicht in Euro und Cent auszahlt.<\/p>\n\n\n\n<p>&#8222;Es wird falsch gerechnet&#8220;, sagt Agrarexpertin <a href=\"https:\/\/www.forstpolitik-umweltpolitik.uni-freiburg.de\/team\/ma-fopof\/J_Lay_Kumar\" target=\"_blank\" rel=\"noreferrer noopener\">Jenny Lay-Kumar<\/a> in Gespr\u00e4ch mit <em>Klimareporter\u00b0<\/em>. Die aktuellen Preise und die aktuelle Betriebswirtschaft bildeten die Realit\u00e4t nicht vollst\u00e4ndig ab, Umwelt- und Klimasch\u00e4den auf der einen und Nachhaltigkeitsleistungen auf der anderen Seite w\u00fcrden nicht eingerechnet, argumentiert die Gr\u00fcnderin der <a href=\"https:\/\/regionalwert-research.de\/ueber-uns\/\" target=\"_blank\" rel=\"noreferrer noopener\">Regionalwert Research GmbH<\/a> mit Sitz in Leipzig.<\/p>\n\n\n\n<p>Das private Institut, unter anderem gef\u00f6rdert vom Bundeslandwirtschaftsministerium, hat eine Art Blaupause daf\u00fcr entwickelt, wie die Nachhaltigkeitsleistungen erfasst und in Euro umgerechnet werden k\u00f6nnen. Das w\u00e4re ein Ansatz, um die Agrarsubventionen komplett zu \u00f6kologisieren.<\/p>\n\n\n\n<p>Bisher wird ein kleinerer Teil der EU-Subventionen f\u00fcr Umwelt-Leistungen gezahlt, zum Beispiel, wenn Betriebe Bl\u00fchstreifen auf \u00c4ckern anlegen, auf Pestizide verzichten oder eine vielf\u00e4ltige Fruchtfolge einhalten. Doch der weitaus gr\u00f6\u00dfte Teil der Zahlungen <a href=\"https:\/\/www.klimareporter.de\/landwirtschaft\/viel-flaeche-viel-geld-viel-treibhausgas\" target=\"_blank\" rel=\"noreferrer noopener\">bemisst sich nur an der Fl\u00e4che<\/a>, egal ob sie von einem Biobauern mit geschlossenem Anbaukreislauf oder einem industriell arbeitenden Agar-Gro\u00dfbetrieb bearbeitet wird, der Kunstd\u00fcnger, Pestizide und Wachstumsbeschleuniger einsetzt.<\/p>\n\n\n\n<p>Die von Lay-Kumar entwickelte Methode geht \u00fcber den Forschungsansatz hinaus, der die &#8222;wahren Kosten&#8220; der Lebensmittelproduktion ermittelt, indem auch die Folgesch\u00e4den f\u00fcr Umwelt und Gesundheit erhoben werden.<\/p>\n\n\n\n<p>Studien zeigen hier, dass konventionell erzeugte Lebensmittel, so gerechnet, teurer kommen als die meisten Bio-Lebensmittel. So ergab eine Sch\u00e4tzung der noch von der letzten Merkel-Bundesregierung eingesetzte &#8222;Zukunftskommission Landwirtschaft&#8220; 2021, dass die durch die Agrarproduktion in Deutschland erzeugten Umweltsch\u00e4den mindestens <a href=\"https:\/\/taz.de\/Bericht-der-Agrarkommission\/!5780642\/\" target=\"_blank\" rel=\"noreferrer noopener\">90\u00a0Milliarden Euro<\/a> j\u00e4hrlich betragen, unter anderem durch den Verlust von biologischer Vielfalt, belastetes Grundwasser oder Luftverschmutzung.<\/p>\n\n\n\n<ul class=\"wp-block-list\">\n<li><a href=\"https:\/\/www.klimareporter.de\/landwirtschaft\/wer-bauern-korrekt-bezahlt-kann-auch-subventionen-abbauen\">Hier k\u00f6nnen Sie den Artikel weiterlesen<\/a><\/li>\n<\/ul>\n\n\n<h5 class=\"green\">Quelle<\/h5>\r\n\n\n\n<p>Der Artikel wurde von der\u00a0<a href=\"https:\/\/www.klimareporter.de\/landwirtschaft\/wer-bauern-korrekt-bezahlt-kann-auch-subventionen-abbauen\">Redaktion \u201eklimareporter.de\u201c (Joachim Wille) 2024<\/a>\u00a0verfasst &#8211; der Artikel darf nicht ohne Genehmigung\u00a0(<a href=\"mailto:post@klimareporter.de\">post@klimareporter.de<\/a>) weiterverbreitet werden!\u00a0<\/p>\n<div class=\"shariff shariff-align-flex-start shariff-widget-align-flex-start\"><div class=\"ShariffHeadline\">Diese Meldung teilen<\/div><ul class=\"shariff-buttons theme-round orientation-horizontal buttonsize-medium\"><li class=\"shariff-button facebook shariff-nocustomcolor\" style=\"background-color:#4273c8;border-radius:1%\"><a href=\"https:\/\/www.facebook.com\/sharer\/sharer.php?u=https%3A%2F%2Fwww.sonnenseite.com%2Fde%2Fwirtschaft%2Fwer-bauern-korrekt-bezahlt-kann-auch-subventionen-abbauen%2F\" title=\"Bei Facebook teilen\" aria-label=\"Bei Facebook teilen\" role=\"button\" rel=\"nofollow\" class=\"shariff-link\" style=\";border-radius:1%; background-color:#3b5998; color:#fff\" target=\"_blank\"><span class=\"shariff-icon\" style=\"\"><svg width=\"32px\" height=\"20px\" xmlns=\"http:\/\/www.w3.org\/2000\/svg\" viewBox=\"0 0 18 32\"><path fill=\"#3b5998\" d=\"M17.1 0.2v4.7h-2.8q-1.5 0-2.1 0.6t-0.5 1.9v3.4h5.2l-0.7 5.3h-4.5v13.6h-5.5v-13.6h-4.5v-5.3h4.5v-3.9q0-3.3 1.9-5.2t5-1.8q2.6 0 4.1 0.2z\"\/><\/svg><\/span><\/a><\/li><li class=\"shariff-button twitter shariff-nocustomcolor\" style=\"background-color:#595959;border-radius:1%\"><a href=\"https:\/\/twitter.com\/share?url=https%3A%2F%2Fwww.sonnenseite.com%2Fde%2Fwirtschaft%2Fwer-bauern-korrekt-bezahlt-kann-auch-subventionen-abbauen%2F&text=%E2%80%9EWer%20Bauern%20korrekt%20bezahlt%2C%20kann%20auch%20Subventionen%20abbauen%E2%80%9C\" title=\"Bei X teilen\" aria-label=\"Bei X teilen\" role=\"button\" rel=\"noopener nofollow\" class=\"shariff-link\" style=\";border-radius:1%; background-color:#000; color:#fff\" target=\"_blank\"><span class=\"shariff-icon\" style=\"\"><svg width=\"32px\" height=\"20px\" xmlns=\"http:\/\/www.w3.org\/2000\/svg\" viewBox=\"0 0 24 24\"><path fill=\"#000\" d=\"M14.258 10.152L23.176 0h-2.113l-7.747 8.813L7.133 0H0l9.352 13.328L0 23.973h2.113l8.176-9.309 6.531 9.309h7.133zm-2.895 3.293l-.949-1.328L2.875 1.56h3.246l6.086 8.523.945 1.328 7.91 11.078h-3.246zm0 0\"\/><\/svg><\/span><\/a><\/li><li class=\"shariff-button xing shariff-nocustomcolor\" style=\"background-color:#29888a;border-radius:1%\"><a href=\"https:\/\/www.xing.com\/spi\/shares\/new?url=https%3A%2F%2Fwww.sonnenseite.com%2Fde%2Fwirtschaft%2Fwer-bauern-korrekt-bezahlt-kann-auch-subventionen-abbauen%2F\" title=\"Bei XING teilen\" aria-label=\"Bei XING teilen\" role=\"button\" rel=\"noopener nofollow\" class=\"shariff-link\" style=\";border-radius:1%; background-color:#126567; color:#fff\" target=\"_blank\"><span class=\"shariff-icon\" style=\"\"><svg width=\"32px\" height=\"20px\" xmlns=\"http:\/\/www.w3.org\/2000\/svg\" viewBox=\"0 0 25 32\"><path fill=\"#126567\" d=\"M10.7 11.9q-0.2 0.3-4.6 8.2-0.5 0.8-1.2 0.8h-4.3q-0.4 0-0.5-0.3t0-0.6l4.5-8q0 0 0 0l-2.9-5q-0.2-0.4 0-0.7 0.2-0.3 0.5-0.3h4.3q0.7 0 1.2 0.8zM25.1 0.4q0.2 0.3 0 0.7l-9.4 16.7 6 11q0.2 0.4 0 0.6-0.2 0.3-0.6 0.3h-4.3q-0.7 0-1.2-0.8l-6-11.1q0.3-0.6 9.5-16.8 0.4-0.8 1.2-0.8h4.3q0.4 0 0.5 0.3z\"\/><\/svg><\/span><\/a><\/li><li class=\"shariff-button linkedin shariff-nocustomcolor\" style=\"background-color:#1488bf;border-radius:1%\"><a href=\"https:\/\/www.linkedin.com\/sharing\/share-offsite\/?url=https%3A%2F%2Fwww.sonnenseite.com%2Fde%2Fwirtschaft%2Fwer-bauern-korrekt-bezahlt-kann-auch-subventionen-abbauen%2F\" title=\"Bei LinkedIn teilen\" aria-label=\"Bei LinkedIn teilen\" role=\"button\" rel=\"noopener nofollow\" class=\"shariff-link\" style=\";border-radius:1%; background-color:#0077b5; color:#fff\" target=\"_blank\"><span class=\"shariff-icon\" style=\"\"><svg width=\"32px\" height=\"20px\" xmlns=\"http:\/\/www.w3.org\/2000\/svg\" viewBox=\"0 0 27 32\"><path fill=\"#0077b5\" d=\"M6.2 11.2v17.7h-5.9v-17.7h5.9zM6.6 5.7q0 1.3-0.9 2.2t-2.4 0.9h0q-1.5 0-2.4-0.9t-0.9-2.2 0.9-2.2 2.4-0.9 2.4 0.9 0.9 2.2zM27.4 18.7v10.1h-5.9v-9.5q0-1.9-0.7-2.9t-2.3-1.1q-1.1 0-1.9 0.6t-1.2 1.5q-0.2 0.5-0.2 1.4v9.9h-5.9q0-7.1 0-11.6t0-5.3l0-0.9h5.9v2.6h0q0.4-0.6 0.7-1t1-0.9 1.6-0.8 2-0.3q3 0 4.9 2t1.9 6z\"\/><\/svg><\/span><\/a><\/li><li class=\"shariff-button printer shariff-nocustomcolor\" style=\"background-color:#a8a8a8;border-radius:1%\"><a href=\"javascript:window.print()\" title=\"drucken\" aria-label=\"drucken\" role=\"button\" rel=\"noopener nofollow\" class=\"shariff-link\" style=\";border-radius:1%; background-color:#999; color:#fff\"><span class=\"shariff-icon\" style=\"\"><svg width=\"32px\" height=\"20px\" xmlns=\"http:\/\/www.w3.org\/2000\/svg\" viewBox=\"0 0 30 32\"><path fill=\"#999\" d=\"M6.8 27.4h16v-4.6h-16v4.6zM6.8 16h16v-6.8h-2.8q-0.7 0-1.2-0.5t-0.5-1.2v-2.8h-11.4v11.4zM27.4 17.2q0-0.5-0.3-0.8t-0.8-0.4-0.8 0.4-0.3 0.8 0.3 0.8 0.8 0.3 0.8-0.3 0.3-0.8zM29.7 17.2v7.4q0 0.2-0.2 0.4t-0.4 0.2h-4v2.8q0 0.7-0.5 1.2t-1.2 0.5h-17.2q-0.7 0-1.2-0.5t-0.5-1.2v-2.8h-4q-0.2 0-0.4-0.2t-0.2-0.4v-7.4q0-1.4 1-2.4t2.4-1h1.2v-9.7q0-0.7 0.5-1.2t1.2-0.5h12q0.7 0 1.6 0.4t1.3 0.8l2.7 2.7q0.5 0.5 0.9 1.4t0.4 1.6v4.6h1.1q1.4 0 2.4 1t1 2.4z\"\/><\/svg><\/span><\/a><\/li><li class=\"shariff-button mailto shariff-nocustomcolor\" style=\"background-color:#a8a8a8;border-radius:1%\"><a href=\"mailto:?body=https%3A%2F%2Fwww.sonnenseite.com%2Fde%2Fwirtschaft%2Fwer-bauern-korrekt-bezahlt-kann-auch-subventionen-abbauen%2F&subject=%E2%80%9EWer%20Bauern%20korrekt%20bezahlt%2C%20kann%20auch%20Subventionen%20abbauen%E2%80%9C\" title=\"Per E-Mail versenden\" aria-label=\"Per E-Mail versenden\" role=\"button\" rel=\"noopener nofollow\" class=\"shariff-link\" style=\";border-radius:1%; background-color:#999; color:#fff\"><span class=\"shariff-icon\" style=\"\"><svg width=\"32px\" height=\"20px\" xmlns=\"http:\/\/www.w3.org\/2000\/svg\" viewBox=\"0 0 32 32\"><path fill=\"#999\" d=\"M32 12.7v14.2q0 1.2-0.8 2t-2 0.9h-26.3q-1.2 0-2-0.9t-0.8-2v-14.2q0.8 0.9 1.8 1.6 6.5 4.4 8.9 6.1 1 0.8 1.6 1.2t1.7 0.9 2 0.4h0.1q0.9 0 2-0.4t1.7-0.9 1.6-1.2q3-2.2 8.9-6.1 1-0.7 1.8-1.6zM32 7.4q0 1.4-0.9 2.7t-2.2 2.2q-6.7 4.7-8.4 5.8-0.2 0.1-0.7 0.5t-1 0.7-0.9 0.6-1.1 0.5-0.9 0.2h-0.1q-0.4 0-0.9-0.2t-1.1-0.5-0.9-0.6-1-0.7-0.7-0.5q-1.6-1.1-4.7-3.2t-3.6-2.6q-1.1-0.7-2.1-2t-1-2.5q0-1.4 0.7-2.3t2.1-0.9h26.3q1.2 0 2 0.8t0.9 2z\"\/><\/svg><\/span><\/a><\/li><\/ul><\/div>","protected":false},"excerpt":{"rendered":"<p>Bauern sollen daf\u00fcr honoriert werden, wenn sie nachhaltig ackern. Das Konzept der &#8222;Regionalwert-Leistungsrechnung&#8220; buchstabiert das aus. [&hellip;]<\/p>\n","protected":false},"author":3,"featured_media":97451,"comment_status":"closed","ping_status":"closed","sticky":false,"template":"","format":"standard","meta":{"inline_featured_image":false,"footnotes":""},"categories":[24],"tags":[],"class_list":["post-97449","post","type-post","status-publish","format-standard","has-post-thumbnail","hentry","category-wirtschaft"],"yoast_head":"<!-- This site is optimized with the Yoast SEO plugin v26.5 - https:\/\/yoast.com\/wordpress\/plugins\/seo\/ -->\n<title>&quot;Wer Bauern korrekt bezahlt, kann auch Subventionen abbauen&quot; - Sonnenseite - \u00d6kologische Kommunikation mit Franz Alt<\/title>\n<meta name=\"description\" content=\"Bauern sollen daf\u00fcr honoriert werden, wenn sie nachhaltig ackern. Das Konzept der &quot;Regionalwert-Leistungsrechnung&quot; buchstabiert das aus. Erste\" \/>\n<meta name=\"robots\" content=\"index, follow, max-snippet:-1, max-image-preview:large, max-video-preview:-1\" \/>\n<link rel=\"canonical\" href=\"https:\/\/www.sonnenseite.com\/de\/wirtschaft\/wer-bauern-korrekt-bezahlt-kann-auch-subventionen-abbauen\/\" \/>\n<meta property=\"og:locale\" content=\"de_DE\" \/>\n<meta property=\"og:type\" content=\"article\" \/>\n<meta property=\"og:title\" content=\"&quot;Wer Bauern korrekt bezahlt, kann auch Subventionen abbauen&quot; - Sonnenseite - \u00d6kologische Kommunikation mit Franz Alt\" \/>\n<meta property=\"og:description\" content=\"Bauern sollen daf\u00fcr honoriert werden, wenn sie nachhaltig ackern. Das Konzept der &quot;Regionalwert-Leistungsrechnung&quot; buchstabiert das aus. Erste\" \/>\n<meta property=\"og:url\" content=\"https:\/\/www.sonnenseite.com\/de\/wirtschaft\/wer-bauern-korrekt-bezahlt-kann-auch-subventionen-abbauen\/\" \/>\n<meta property=\"og:site_name\" content=\"Sonnenseite\" \/>\n<meta property=\"article:publisher\" content=\"https:\/\/www.facebook.com\/pages\/Franz-Alt-SONNENSEITECOM\/221072987903953?fref=ts\" \/>\n<meta property=\"article:published_time\" content=\"2024-02-15T02:18:00+00:00\" \/>\n<meta property=\"og:image\" content=\"https:\/\/www.sonnenseite.com\/wp-content\/uploads\/2024\/02\/Kartoffel_Waldrebell.jpg\" \/>\n\t<meta property=\"og:image:width\" content=\"770\" \/>\n\t<meta property=\"og:image:height\" content=\"420\" \/>\n\t<meta property=\"og:image:type\" content=\"image\/jpeg\" \/>\n<meta name=\"author\" content=\"Bigi Alt\" \/>\n<meta name=\"twitter:card\" content=\"summary_large_image\" \/>\n<meta name=\"twitter:creator\" content=\"@franzalt\" \/>\n<meta name=\"twitter:site\" content=\"@franzalt\" \/>\n<meta name=\"twitter:label1\" content=\"Verfasst von\" \/>\n\t<meta name=\"twitter:data1\" content=\"Bigi Alt\" \/>\n\t<meta name=\"twitter:label2\" content=\"Gesch\u00e4tzte Lesezeit\" \/>\n\t<meta name=\"twitter:data2\" content=\"3\u00a0Minuten\" \/>\n<script type=\"application\/ld+json\" class=\"yoast-schema-graph\">{\"@context\":\"https:\/\/schema.org\",\"@graph\":[{\"@type\":\"Article\",\"@id\":\"https:\/\/www.sonnenseite.com\/de\/wirtschaft\/wer-bauern-korrekt-bezahlt-kann-auch-subventionen-abbauen\/#article\",\"isPartOf\":{\"@id\":\"https:\/\/www.sonnenseite.com\/de\/wirtschaft\/wer-bauern-korrekt-bezahlt-kann-auch-subventionen-abbauen\/\"},\"author\":{\"name\":\"Bigi Alt\",\"@id\":\"https:\/\/www.sonnenseite.com\/de\/#\/schema\/person\/50fda0e926597684c7cc6695238a4eb9\"},\"headline\":\"&#8222;Wer Bauern korrekt bezahlt, kann auch Subventionen abbauen&#8220;\",\"datePublished\":\"2024-02-15T02:18:00+00:00\",\"mainEntityOfPage\":{\"@id\":\"https:\/\/www.sonnenseite.com\/de\/wirtschaft\/wer-bauern-korrekt-bezahlt-kann-auch-subventionen-abbauen\/\"},\"wordCount\":541,\"publisher\":{\"@id\":\"https:\/\/www.sonnenseite.com\/de\/#organization\"},\"image\":{\"@id\":\"https:\/\/www.sonnenseite.com\/de\/wirtschaft\/wer-bauern-korrekt-bezahlt-kann-auch-subventionen-abbauen\/#primaryimage\"},\"thumbnailUrl\":\"https:\/\/www.sonnenseite.com\/wp-content\/uploads\/2024\/02\/Kartoffel_Waldrebell.jpg\",\"articleSection\":[\"Wirtschaft\"],\"inLanguage\":\"de\"},{\"@type\":\"WebPage\",\"@id\":\"https:\/\/www.sonnenseite.com\/de\/wirtschaft\/wer-bauern-korrekt-bezahlt-kann-auch-subventionen-abbauen\/\",\"url\":\"https:\/\/www.sonnenseite.com\/de\/wirtschaft\/wer-bauern-korrekt-bezahlt-kann-auch-subventionen-abbauen\/\",\"name\":\"\\\"Wer Bauern korrekt bezahlt, kann auch Subventionen abbauen\\\" - Sonnenseite - \u00d6kologische Kommunikation mit Franz Alt\",\"isPartOf\":{\"@id\":\"https:\/\/www.sonnenseite.com\/de\/#website\"},\"primaryImageOfPage\":{\"@id\":\"https:\/\/www.sonnenseite.com\/de\/wirtschaft\/wer-bauern-korrekt-bezahlt-kann-auch-subventionen-abbauen\/#primaryimage\"},\"image\":{\"@id\":\"https:\/\/www.sonnenseite.com\/de\/wirtschaft\/wer-bauern-korrekt-bezahlt-kann-auch-subventionen-abbauen\/#primaryimage\"},\"thumbnailUrl\":\"https:\/\/www.sonnenseite.com\/wp-content\/uploads\/2024\/02\/Kartoffel_Waldrebell.jpg\",\"datePublished\":\"2024-02-15T02:18:00+00:00\",\"description\":\"Bauern sollen daf\u00fcr honoriert werden, wenn sie nachhaltig ackern. Das Konzept der \\\"Regionalwert-Leistungsrechnung\\\" buchstabiert das aus. Erste\",\"breadcrumb\":{\"@id\":\"https:\/\/www.sonnenseite.com\/de\/wirtschaft\/wer-bauern-korrekt-bezahlt-kann-auch-subventionen-abbauen\/#breadcrumb\"},\"inLanguage\":\"de\",\"potentialAction\":[{\"@type\":\"ReadAction\",\"target\":[\"https:\/\/www.sonnenseite.com\/de\/wirtschaft\/wer-bauern-korrekt-bezahlt-kann-auch-subventionen-abbauen\/\"]}]},{\"@type\":\"ImageObject\",\"inLanguage\":\"de\",\"@id\":\"https:\/\/www.sonnenseite.com\/de\/wirtschaft\/wer-bauern-korrekt-bezahlt-kann-auch-subventionen-abbauen\/#primaryimage\",\"url\":\"https:\/\/www.sonnenseite.com\/wp-content\/uploads\/2024\/02\/Kartoffel_Waldrebell.jpg\",\"contentUrl\":\"https:\/\/www.sonnenseite.com\/wp-content\/uploads\/2024\/02\/Kartoffel_Waldrebell.jpg\",\"width\":770,\"height\":420,\"caption\":\"pixabay.com | Waldrebell | Biologischer Anbau sch\u00fctzt B\u00f6den und Gew\u00e4sser. Honoriert wird das bisher kaum.\"},{\"@type\":\"BreadcrumbList\",\"@id\":\"https:\/\/www.sonnenseite.com\/de\/wirtschaft\/wer-bauern-korrekt-bezahlt-kann-auch-subventionen-abbauen\/#breadcrumb\",\"itemListElement\":[{\"@type\":\"ListItem\",\"position\":1,\"name\":\"Startseite\",\"item\":\"https:\/\/www.sonnenseite.com\/de\/\"},{\"@type\":\"ListItem\",\"position\":2,\"name\":\"&#8222;Wer Bauern korrekt bezahlt, kann auch Subventionen abbauen&#8220;\"}]},{\"@type\":\"WebSite\",\"@id\":\"https:\/\/www.sonnenseite.com\/de\/#website\",\"url\":\"https:\/\/www.sonnenseite.com\/de\/\",\"name\":\"Sonnenseite\",\"description\":\"\u00d6kologische Kommunikation mit Franz Alt\",\"publisher\":{\"@id\":\"https:\/\/www.sonnenseite.com\/de\/#organization\"},\"potentialAction\":[{\"@type\":\"SearchAction\",\"target\":{\"@type\":\"EntryPoint\",\"urlTemplate\":\"https:\/\/www.sonnenseite.com\/de\/?s={search_term_string}\"},\"query-input\":{\"@type\":\"PropertyValueSpecification\",\"valueRequired\":true,\"valueName\":\"search_term_string\"}}],\"inLanguage\":\"de\"},{\"@type\":\"Organization\",\"@id\":\"https:\/\/www.sonnenseite.com\/de\/#organization\",\"name\":\"Sonnenseite\",\"url\":\"https:\/\/www.sonnenseite.com\/de\/\",\"logo\":{\"@type\":\"ImageObject\",\"inLanguage\":\"de\",\"@id\":\"https:\/\/www.sonnenseite.com\/de\/#\/schema\/logo\/image\/\",\"url\":\"https:\/\/www.sonnenseite.com\/wp-content\/uploads\/2020\/05\/Sonnenseite_Logo.png\",\"contentUrl\":\"https:\/\/www.sonnenseite.com\/wp-content\/uploads\/2020\/05\/Sonnenseite_Logo.png\",\"width\":377,\"height\":90,\"caption\":\"Sonnenseite\"},\"image\":{\"@id\":\"https:\/\/www.sonnenseite.com\/de\/#\/schema\/logo\/image\/\"},\"sameAs\":[\"https:\/\/www.facebook.com\/pages\/Franz-Alt-SONNENSEITECOM\/221072987903953?fref=ts\",\"https:\/\/x.com\/franzalt\",\"http:\/\/www.youtube.com\/results?search_query&amp;amp;quot;franz_alt&amp;amp;quot;&amp;amp;amp;amp;search_type&amp;amp;amp;amp;aq=f\"]},{\"@type\":\"Person\",\"@id\":\"https:\/\/www.sonnenseite.com\/de\/#\/schema\/person\/50fda0e926597684c7cc6695238a4eb9\",\"name\":\"Bigi Alt\"}]}<\/script>\n<!-- \/ Yoast SEO plugin. -->","yoast_head_json":{"title":"\"Wer Bauern korrekt bezahlt, kann auch Subventionen abbauen\" - Sonnenseite - \u00d6kologische Kommunikation mit Franz Alt","description":"Bauern sollen daf\u00fcr honoriert werden, wenn sie nachhaltig ackern. Das Konzept der \"Regionalwert-Leistungsrechnung\" buchstabiert das aus. Erste","robots":{"index":"index","follow":"follow","max-snippet":"max-snippet:-1","max-image-preview":"max-image-preview:large","max-video-preview":"max-video-preview:-1"},"canonical":"https:\/\/www.sonnenseite.com\/de\/wirtschaft\/wer-bauern-korrekt-bezahlt-kann-auch-subventionen-abbauen\/","og_locale":"de_DE","og_type":"article","og_title":"\"Wer Bauern korrekt bezahlt, kann auch Subventionen abbauen\" - Sonnenseite - \u00d6kologische Kommunikation mit Franz Alt","og_description":"Bauern sollen daf\u00fcr honoriert werden, wenn sie nachhaltig ackern. Das Konzept der \"Regionalwert-Leistungsrechnung\" buchstabiert das aus. Erste","og_url":"https:\/\/www.sonnenseite.com\/de\/wirtschaft\/wer-bauern-korrekt-bezahlt-kann-auch-subventionen-abbauen\/","og_site_name":"Sonnenseite","article_publisher":"https:\/\/www.facebook.com\/pages\/Franz-Alt-SONNENSEITECOM\/221072987903953?fref=ts","article_published_time":"2024-02-15T02:18:00+00:00","og_image":[{"width":770,"height":420,"url":"https:\/\/www.sonnenseite.com\/wp-content\/uploads\/2024\/02\/Kartoffel_Waldrebell.jpg","type":"image\/jpeg"}],"author":"Bigi Alt","twitter_card":"summary_large_image","twitter_creator":"@franzalt","twitter_site":"@franzalt","twitter_misc":{"Verfasst von":"Bigi Alt","Gesch\u00e4tzte Lesezeit":"3\u00a0Minuten"},"schema":{"@context":"https:\/\/schema.org","@graph":[{"@type":"Article","@id":"https:\/\/www.sonnenseite.com\/de\/wirtschaft\/wer-bauern-korrekt-bezahlt-kann-auch-subventionen-abbauen\/#article","isPartOf":{"@id":"https:\/\/www.sonnenseite.com\/de\/wirtschaft\/wer-bauern-korrekt-bezahlt-kann-auch-subventionen-abbauen\/"},"author":{"name":"Bigi Alt","@id":"https:\/\/www.sonnenseite.com\/de\/#\/schema\/person\/50fda0e926597684c7cc6695238a4eb9"},"headline":"&#8222;Wer Bauern korrekt bezahlt, kann auch Subventionen abbauen&#8220;","datePublished":"2024-02-15T02:18:00+00:00","mainEntityOfPage":{"@id":"https:\/\/www.sonnenseite.com\/de\/wirtschaft\/wer-bauern-korrekt-bezahlt-kann-auch-subventionen-abbauen\/"},"wordCount":541,"publisher":{"@id":"https:\/\/www.sonnenseite.com\/de\/#organization"},"image":{"@id":"https:\/\/www.sonnenseite.com\/de\/wirtschaft\/wer-bauern-korrekt-bezahlt-kann-auch-subventionen-abbauen\/#primaryimage"},"thumbnailUrl":"https:\/\/www.sonnenseite.com\/wp-content\/uploads\/2024\/02\/Kartoffel_Waldrebell.jpg","articleSection":["Wirtschaft"],"inLanguage":"de"},{"@type":"WebPage","@id":"https:\/\/www.sonnenseite.com\/de\/wirtschaft\/wer-bauern-korrekt-bezahlt-kann-auch-subventionen-abbauen\/","url":"https:\/\/www.sonnenseite.com\/de\/wirtschaft\/wer-bauern-korrekt-bezahlt-kann-auch-subventionen-abbauen\/","name":"\"Wer Bauern korrekt bezahlt, kann auch Subventionen abbauen\" - Sonnenseite - \u00d6kologische Kommunikation mit Franz Alt","isPartOf":{"@id":"https:\/\/www.sonnenseite.com\/de\/#website"},"primaryImageOfPage":{"@id":"https:\/\/www.sonnenseite.com\/de\/wirtschaft\/wer-bauern-korrekt-bezahlt-kann-auch-subventionen-abbauen\/#primaryimage"},"image":{"@id":"https:\/\/www.sonnenseite.com\/de\/wirtschaft\/wer-bauern-korrekt-bezahlt-kann-auch-subventionen-abbauen\/#primaryimage"},"thumbnailUrl":"https:\/\/www.sonnenseite.com\/wp-content\/uploads\/2024\/02\/Kartoffel_Waldrebell.jpg","datePublished":"2024-02-15T02:18:00+00:00","description":"Bauern sollen daf\u00fcr honoriert werden, wenn sie nachhaltig ackern. Das Konzept der \"Regionalwert-Leistungsrechnung\" buchstabiert das aus. Erste","breadcrumb":{"@id":"https:\/\/www.sonnenseite.com\/de\/wirtschaft\/wer-bauern-korrekt-bezahlt-kann-auch-subventionen-abbauen\/#breadcrumb"},"inLanguage":"de","potentialAction":[{"@type":"ReadAction","target":["https:\/\/www.sonnenseite.com\/de\/wirtschaft\/wer-bauern-korrekt-bezahlt-kann-auch-subventionen-abbauen\/"]}]},{"@type":"ImageObject","inLanguage":"de","@id":"https:\/\/www.sonnenseite.com\/de\/wirtschaft\/wer-bauern-korrekt-bezahlt-kann-auch-subventionen-abbauen\/#primaryimage","url":"https:\/\/www.sonnenseite.com\/wp-content\/uploads\/2024\/02\/Kartoffel_Waldrebell.jpg","contentUrl":"https:\/\/www.sonnenseite.com\/wp-content\/uploads\/2024\/02\/Kartoffel_Waldrebell.jpg","width":770,"height":420,"caption":"pixabay.com | Waldrebell | Biologischer Anbau sch\u00fctzt B\u00f6den und Gew\u00e4sser. Honoriert wird das bisher kaum."},{"@type":"BreadcrumbList","@id":"https:\/\/www.sonnenseite.com\/de\/wirtschaft\/wer-bauern-korrekt-bezahlt-kann-auch-subventionen-abbauen\/#breadcrumb","itemListElement":[{"@type":"ListItem","position":1,"name":"Startseite","item":"https:\/\/www.sonnenseite.com\/de\/"},{"@type":"ListItem","position":2,"name":"&#8222;Wer Bauern korrekt bezahlt, kann auch Subventionen abbauen&#8220;"}]},{"@type":"WebSite","@id":"https:\/\/www.sonnenseite.com\/de\/#website","url":"https:\/\/www.sonnenseite.com\/de\/","name":"Sonnenseite","description":"\u00d6kologische Kommunikation mit Franz Alt","publisher":{"@id":"https:\/\/www.sonnenseite.com\/de\/#organization"},"potentialAction":[{"@type":"SearchAction","target":{"@type":"EntryPoint","urlTemplate":"https:\/\/www.sonnenseite.com\/de\/?s={search_term_string}"},"query-input":{"@type":"PropertyValueSpecification","valueRequired":true,"valueName":"search_term_string"}}],"inLanguage":"de"},{"@type":"Organization","@id":"https:\/\/www.sonnenseite.com\/de\/#organization","name":"Sonnenseite","url":"https:\/\/www.sonnenseite.com\/de\/","logo":{"@type":"ImageObject","inLanguage":"de","@id":"https:\/\/www.sonnenseite.com\/de\/#\/schema\/logo\/image\/","url":"https:\/\/www.sonnenseite.com\/wp-content\/uploads\/2020\/05\/Sonnenseite_Logo.png","contentUrl":"https:\/\/www.sonnenseite.com\/wp-content\/uploads\/2020\/05\/Sonnenseite_Logo.png","width":377,"height":90,"caption":"Sonnenseite"},"image":{"@id":"https:\/\/www.sonnenseite.com\/de\/#\/schema\/logo\/image\/"},"sameAs":["https:\/\/www.facebook.com\/pages\/Franz-Alt-SONNENSEITECOM\/221072987903953?fref=ts","https:\/\/x.com\/franzalt","http:\/\/www.youtube.com\/results?search_query&amp;amp;quot;franz_alt&amp;amp;quot;&amp;amp;amp;amp;search_type&amp;amp;amp;amp;aq=f"]},{"@type":"Person","@id":"https:\/\/www.sonnenseite.com\/de\/#\/schema\/person\/50fda0e926597684c7cc6695238a4eb9","name":"Bigi Alt"}]}},"_links":{"self":[{"href":"https:\/\/www.sonnenseite.com\/de\/wp-json\/wp\/v2\/posts\/97449","targetHints":{"allow":["GET"]}}],"collection":[{"href":"https:\/\/www.sonnenseite.com\/de\/wp-json\/wp\/v2\/posts"}],"about":[{"href":"https:\/\/www.sonnenseite.com\/de\/wp-json\/wp\/v2\/types\/post"}],"author":[{"embeddable":true,"href":"https:\/\/www.sonnenseite.com\/de\/wp-json\/wp\/v2\/users\/3"}],"replies":[{"embeddable":true,"href":"https:\/\/www.sonnenseite.com\/de\/wp-json\/wp\/v2\/comments?post=97449"}],"version-history":[{"count":2,"href":"https:\/\/www.sonnenseite.com\/de\/wp-json\/wp\/v2\/posts\/97449\/revisions"}],"predecessor-version":[{"id":97453,"href":"https:\/\/www.sonnenseite.com\/de\/wp-json\/wp\/v2\/posts\/97449\/revisions\/97453"}],"wp:featuredmedia":[{"embeddable":true,"href":"https:\/\/www.sonnenseite.com\/de\/wp-json\/wp\/v2\/media\/97451"}],"wp:attachment":[{"href":"https:\/\/www.sonnenseite.com\/de\/wp-json\/wp\/v2\/media?parent=97449"}],"wp:term":[{"taxonomy":"category","embeddable":true,"href":"https:\/\/www.sonnenseite.com\/de\/wp-json\/wp\/v2\/categories?post=97449"},{"taxonomy":"post_tag","embeddable":true,"href":"https:\/\/www.sonnenseite.com\/de\/wp-json\/wp\/v2\/tags?post=97449"}],"curies":[{"name":"wp","href":"https:\/\/api.w.org\/{rel}","templated":true}]}}