{"id":97466,"date":"2024-02-15T08:52:37","date_gmt":"2024-02-15T07:52:37","guid":{"rendered":"https:\/\/www.sonnenseite.com\/?p=97466"},"modified":"2024-02-22T12:31:54","modified_gmt":"2024-02-22T11:31:54","slug":"amazonas-regenwald-auf-der-kippe-waldverlust-verstaerkt-den-klimawandel","status":"publish","type":"post","link":"https:\/\/www.sonnenseite.com\/de\/wissenschaft\/amazonas-regenwald-auf-der-kippe-waldverlust-verstaerkt-den-klimawandel\/","title":{"rendered":"Amazonas-Regenwald auf der Kippe: Waldverlust verst\u00e4rkt den Klimawandel"},"content":{"rendered":"\n<p>Der Amazonas-Regenwald k\u00f6nnte sich einem Kipppunkt n\u00e4hern, der zu einem gro\u00dffl\u00e4chigen Zusammenbruch mit schwerwiegenden Auswirkungen auf das globale Klima f\u00fchren k\u00f6nnte. <\/p>\n\n\n\n<p>Eine im <a href=\"https:\/\/www.nature.com\/articles\/s41586-023-06970-0\">Fachmagazin Nature ver\u00f6ffentlichte Studie<\/a> eines internationalen Forscherteams unter Beteiligung des Potsdam-Instituts f\u00fcr Klimafolgenforschung (PIK) zeigt, dass bis zu 47 Prozent des Amazonaswaldes betroffen sein k\u00f6nnen und identifiziert zugleich kritische Grenzwerte f\u00fcr Klima- und Landnutzungsver\u00e4nderungen, die nicht \u00fcberschritten werden sollten, um die Widerstandsf\u00e4higkeit des Amazonas zu erhalten.<\/p>\n\n\n\n<p>&#8222;Bereits heute hat sich der s\u00fcd\u00f6stliche Amazonas von einer Kohlenstoffsenke zu einer Quelle entwickelt \u2013 was bedeutet, dass der aktuelle Umfang menschlicher Einfl\u00fcsse zu hoch ist, damit die Region langfristig ihren Status als Regenwald beibehalten kann. Aber das Problem h\u00f6rt hier nicht auf. Da Regenw\u00e4lder die Luft mit viel Feuchtigkeit anreichern, welche die Grundlage f\u00fcr Niederschl\u00e4ge weiter im Westen und S\u00fcden des Kontinents bilden, kann der Verlust von Wald an einem Ort zum Verlust von Wald an einem anderen f\u00fchren. Das nennt man dann eine sich selbst verst\u00e4rkende R\u00fcckkopplungsschleife, oder einfach &#8218;Kippen'&#8220;, erkl\u00e4rt PIK Forscher Boris Sakschewski, einer der Autoren der Studie.<\/p>\n\n\n\n<h4 class=\"wp-block-heading\">Bis zu 47 Prozent des Amazonas-Regenwaldes durch D\u00fcrren und Br\u00e4nde bedroht<\/h4>\n\n\n\n<p>Der gegenw\u00e4rtige Stress durch erh\u00f6hte Temperaturen, D\u00fcrren, Abholzung und Br\u00e4nde selbst in zentralen und abgelegenen Gebieten schw\u00e4cht die nat\u00fcrlichen Widerstandskr\u00e4fte des Amazonas und kann das System an eine kritische Schwelle bringen. Die Studie kommt zu dem Ergebnis, dass bis Mitte des Jahrhunderts 10-47 Prozent der Amazonasw\u00e4lder durch zunehmende St\u00f6rungen bedroht sein werden und die Gefahr besteht, dass ein Kipppunkt \u00fcberschritten wird.<\/p>\n\n\n\n<p>Auf der Grundlage zahlreicher wissenschaftlicher Ergebnisse identifizieren die Forscher f\u00fcnf kritische Faktoren, die mit diesem Kipppunkt in Verbindung stehen: die globale Erw\u00e4rmung, die j\u00e4hrlichen Niederschlagsmengen, die Intensit\u00e4t der saisonalen Niederschlagsver\u00e4nderungen, die L\u00e4nge der Trockenzeit und die fortschreitende Abholzung. F\u00fcr jeden dieser Faktoren schlagen sie klare Belastungsgrenzen vor, um die Widerstandsf\u00e4higkeit des Amazonas zu erhalten.<\/p>\n\n\n\n<p>&#8222;Wir haben beispielsweise festgestellt, dass der Amazonas-Regenwald bei einer mittleren Niederschlagsmenge von weniger als 1000 mm pro Jahr nicht l\u00e4nger \u00fcberleben kann. Bereits unterhalb von 1800 mm pro Jahr sind abrupte \u00dcberg\u00e4nge vom Regenwald zu einer savannenartigen Vegetation m\u00f6glich. Dies kann durch einzelne D\u00fcrren oder Waldbr\u00e4nde ausgel\u00f6st werden, die beide in den letzten Jahren h\u00e4ufiger und heftiger geworden sind&#8220;, erkl\u00e4rt Da Nian, PIK-Forscherin und ebenfalls Autorin der Studie.<\/p>\n\n\n\n<p>Die Auswirkungen des Waldverlustes machen an den Grenzen des Amazonasgebietes nicht halt. Die Feuchtigkeit, die \u00fcber die sogenannten &#8222;fliegenden Fl\u00fcsse&#8220; des Amazonas transportiert wird, ist ein wesentlicher Bestandteil des s\u00fcdamerikanischen Monsuns und somit essentiell f\u00fcr Regen in einem Gro\u00dfteil des Kontinents. Au\u00dferdem speichert der Amazonas Kohlenstoff im Umfang von 15-20 Jahren der derzeitigen menschlichen CO2-Emissionen. Der Verlust des Amazonaswaldes beschleunigt so die globale Erw\u00e4rmung und versch\u00e4rft die Folgen.<\/p>\n\n\n\n<h4 class=\"wp-block-heading\">&#8222;Abholzung und die Zerst\u00f6rung des Waldes m\u00fcssen gestoppt werden&#8220;<\/h4>\n\n\n\n<p>Um zu verstehen, was mit dem \u00d6kosystem geschehen k\u00f6nnte, analysieren die Forschenden gesch\u00e4digte W\u00e4lder in verschiedenen Teilen des Amazonasgebiets. In einigen F\u00e4llen kann sich der Wald in der Zukunft erholen, bleibt aber in einem geschw\u00e4chten Zustand, der von Pflanzen wie Lianen oder Bambus dominiert wird. In anderen F\u00e4llen regeneriert sich der Wald nicht mehr und bleibt in einem leicht entflammbaren Zustand mit offenem Laubdach. Die Ausbreitung offener, feuergef\u00e4hrdeter \u00d6kosysteme im Herzen des Amazonaswaldes ist besonders besorgniserregend, da Br\u00e4nde leicht auf die angrenzenden W\u00e4lder \u00fcbergreifen.<\/p>\n\n\n\n<p>&#8222;Um den Amazonaswald innerhalb von sicheren Belastungsgrenzen zu halten, m\u00fcssen lokale und globale Anstrengungen kombiniert werden. Abholzung und die Zerst\u00f6rung des Waldes m\u00fcssen gestoppt und die Wiederaufforstung muss ausgeweitet werden. Dar\u00fcber hinaus muss viel mehr unternommen werden, um die Treibhausgasemissionen weltweit zu stoppen&#8220;, schlie\u00dft Autor Niklas Boers, Leiter des Future Lab &#8218;Artificial Intelligence in the Anthropocene&#8216; am PIK und Professor f\u00fcr Erdsystemmodellierung an der Technischen Universit\u00e4t M\u00fcnchen.<\/p>\n\n\n\n<ul class=\"wp-block-list\">\n<li><a href=\"https:\/\/www.nature.com\/articles\/s41586-023-06970-0\">&#8222;Critical transitions in the Amazon forest system. Nature&#8220; [DOI: 10.1038\/s41586-023-06970-0]<\/a><\/li>\n<\/ul>\n\n\n<h5 class=\"green\">Quelle<\/h5>\r\n\n\n\n<p><a href=\"https:\/\/www.pik-potsdam.de\/\">Potsdam-Institut f\u00fcr Klimafolgenforschung (PIK) 2024<\/a><\/p>\n<div class=\"shariff shariff-align-flex-start shariff-widget-align-flex-start\"><div class=\"ShariffHeadline\">Diese Meldung teilen<\/div><ul class=\"shariff-buttons theme-round orientation-horizontal buttonsize-medium\"><li class=\"shariff-button facebook shariff-nocustomcolor\" style=\"background-color:#4273c8;border-radius:1%\"><a href=\"https:\/\/www.facebook.com\/sharer\/sharer.php?u=https%3A%2F%2Fwww.sonnenseite.com%2Fde%2Fwissenschaft%2Famazonas-regenwald-auf-der-kippe-waldverlust-verstaerkt-den-klimawandel%2F\" title=\"Bei Facebook teilen\" aria-label=\"Bei Facebook teilen\" role=\"button\" rel=\"nofollow\" class=\"shariff-link\" style=\";border-radius:1%; background-color:#3b5998; color:#fff\" target=\"_blank\"><span class=\"shariff-icon\" style=\"\"><svg width=\"32px\" height=\"20px\" xmlns=\"http:\/\/www.w3.org\/2000\/svg\" viewBox=\"0 0 18 32\"><path fill=\"#3b5998\" d=\"M17.1 0.2v4.7h-2.8q-1.5 0-2.1 0.6t-0.5 1.9v3.4h5.2l-0.7 5.3h-4.5v13.6h-5.5v-13.6h-4.5v-5.3h4.5v-3.9q0-3.3 1.9-5.2t5-1.8q2.6 0 4.1 0.2z\"\/><\/svg><\/span><\/a><\/li><li class=\"shariff-button twitter shariff-nocustomcolor\" style=\"background-color:#595959;border-radius:1%\"><a href=\"https:\/\/twitter.com\/share?url=https%3A%2F%2Fwww.sonnenseite.com%2Fde%2Fwissenschaft%2Famazonas-regenwald-auf-der-kippe-waldverlust-verstaerkt-den-klimawandel%2F&text=Amazonas-Regenwald%20auf%20der%20Kippe%3A%20Waldverlust%20verst%C3%A4rkt%20den%20Klimawandel\" title=\"Bei X teilen\" aria-label=\"Bei X teilen\" role=\"button\" rel=\"noopener nofollow\" class=\"shariff-link\" style=\";border-radius:1%; background-color:#000; color:#fff\" target=\"_blank\"><span class=\"shariff-icon\" style=\"\"><svg width=\"32px\" height=\"20px\" xmlns=\"http:\/\/www.w3.org\/2000\/svg\" viewBox=\"0 0 24 24\"><path fill=\"#000\" d=\"M14.258 10.152L23.176 0h-2.113l-7.747 8.813L7.133 0H0l9.352 13.328L0 23.973h2.113l8.176-9.309 6.531 9.309h7.133zm-2.895 3.293l-.949-1.328L2.875 1.56h3.246l6.086 8.523.945 1.328 7.91 11.078h-3.246zm0 0\"\/><\/svg><\/span><\/a><\/li><li class=\"shariff-button xing shariff-nocustomcolor\" style=\"background-color:#29888a;border-radius:1%\"><a href=\"https:\/\/www.xing.com\/spi\/shares\/new?url=https%3A%2F%2Fwww.sonnenseite.com%2Fde%2Fwissenschaft%2Famazonas-regenwald-auf-der-kippe-waldverlust-verstaerkt-den-klimawandel%2F\" title=\"Bei XING teilen\" aria-label=\"Bei XING teilen\" role=\"button\" rel=\"noopener nofollow\" class=\"shariff-link\" style=\";border-radius:1%; background-color:#126567; color:#fff\" target=\"_blank\"><span class=\"shariff-icon\" style=\"\"><svg width=\"32px\" height=\"20px\" xmlns=\"http:\/\/www.w3.org\/2000\/svg\" viewBox=\"0 0 25 32\"><path fill=\"#126567\" d=\"M10.7 11.9q-0.2 0.3-4.6 8.2-0.5 0.8-1.2 0.8h-4.3q-0.4 0-0.5-0.3t0-0.6l4.5-8q0 0 0 0l-2.9-5q-0.2-0.4 0-0.7 0.2-0.3 0.5-0.3h4.3q0.7 0 1.2 0.8zM25.1 0.4q0.2 0.3 0 0.7l-9.4 16.7 6 11q0.2 0.4 0 0.6-0.2 0.3-0.6 0.3h-4.3q-0.7 0-1.2-0.8l-6-11.1q0.3-0.6 9.5-16.8 0.4-0.8 1.2-0.8h4.3q0.4 0 0.5 0.3z\"\/><\/svg><\/span><\/a><\/li><li class=\"shariff-button linkedin shariff-nocustomcolor\" style=\"background-color:#1488bf;border-radius:1%\"><a href=\"https:\/\/www.linkedin.com\/sharing\/share-offsite\/?url=https%3A%2F%2Fwww.sonnenseite.com%2Fde%2Fwissenschaft%2Famazonas-regenwald-auf-der-kippe-waldverlust-verstaerkt-den-klimawandel%2F\" title=\"Bei LinkedIn teilen\" aria-label=\"Bei LinkedIn teilen\" role=\"button\" rel=\"noopener nofollow\" class=\"shariff-link\" style=\";border-radius:1%; background-color:#0077b5; color:#fff\" target=\"_blank\"><span class=\"shariff-icon\" style=\"\"><svg width=\"32px\" height=\"20px\" xmlns=\"http:\/\/www.w3.org\/2000\/svg\" viewBox=\"0 0 27 32\"><path fill=\"#0077b5\" d=\"M6.2 11.2v17.7h-5.9v-17.7h5.9zM6.6 5.7q0 1.3-0.9 2.2t-2.4 0.9h0q-1.5 0-2.4-0.9t-0.9-2.2 0.9-2.2 2.4-0.9 2.4 0.9 0.9 2.2zM27.4 18.7v10.1h-5.9v-9.5q0-1.9-0.7-2.9t-2.3-1.1q-1.1 0-1.9 0.6t-1.2 1.5q-0.2 0.5-0.2 1.4v9.9h-5.9q0-7.1 0-11.6t0-5.3l0-0.9h5.9v2.6h0q0.4-0.6 0.7-1t1-0.9 1.6-0.8 2-0.3q3 0 4.9 2t1.9 6z\"\/><\/svg><\/span><\/a><\/li><li class=\"shariff-button printer shariff-nocustomcolor\" style=\"background-color:#a8a8a8;border-radius:1%\"><a href=\"javascript:window.print()\" title=\"drucken\" aria-label=\"drucken\" role=\"button\" rel=\"noopener nofollow\" class=\"shariff-link\" style=\";border-radius:1%; background-color:#999; color:#fff\"><span class=\"shariff-icon\" style=\"\"><svg width=\"32px\" height=\"20px\" xmlns=\"http:\/\/www.w3.org\/2000\/svg\" viewBox=\"0 0 30 32\"><path fill=\"#999\" d=\"M6.8 27.4h16v-4.6h-16v4.6zM6.8 16h16v-6.8h-2.8q-0.7 0-1.2-0.5t-0.5-1.2v-2.8h-11.4v11.4zM27.4 17.2q0-0.5-0.3-0.8t-0.8-0.4-0.8 0.4-0.3 0.8 0.3 0.8 0.8 0.3 0.8-0.3 0.3-0.8zM29.7 17.2v7.4q0 0.2-0.2 0.4t-0.4 0.2h-4v2.8q0 0.7-0.5 1.2t-1.2 0.5h-17.2q-0.7 0-1.2-0.5t-0.5-1.2v-2.8h-4q-0.2 0-0.4-0.2t-0.2-0.4v-7.4q0-1.4 1-2.4t2.4-1h1.2v-9.7q0-0.7 0.5-1.2t1.2-0.5h12q0.7 0 1.6 0.4t1.3 0.8l2.7 2.7q0.5 0.5 0.9 1.4t0.4 1.6v4.6h1.1q1.4 0 2.4 1t1 2.4z\"\/><\/svg><\/span><\/a><\/li><li class=\"shariff-button mailto shariff-nocustomcolor\" style=\"background-color:#a8a8a8;border-radius:1%\"><a href=\"mailto:?body=https%3A%2F%2Fwww.sonnenseite.com%2Fde%2Fwissenschaft%2Famazonas-regenwald-auf-der-kippe-waldverlust-verstaerkt-den-klimawandel%2F&subject=Amazonas-Regenwald%20auf%20der%20Kippe%3A%20Waldverlust%20verst%C3%A4rkt%20den%20Klimawandel\" title=\"Per E-Mail versenden\" aria-label=\"Per E-Mail versenden\" role=\"button\" rel=\"noopener nofollow\" class=\"shariff-link\" style=\";border-radius:1%; background-color:#999; color:#fff\"><span class=\"shariff-icon\" style=\"\"><svg width=\"32px\" height=\"20px\" xmlns=\"http:\/\/www.w3.org\/2000\/svg\" viewBox=\"0 0 32 32\"><path fill=\"#999\" d=\"M32 12.7v14.2q0 1.2-0.8 2t-2 0.9h-26.3q-1.2 0-2-0.9t-0.8-2v-14.2q0.8 0.9 1.8 1.6 6.5 4.4 8.9 6.1 1 0.8 1.6 1.2t1.7 0.9 2 0.4h0.1q0.9 0 2-0.4t1.7-0.9 1.6-1.2q3-2.2 8.9-6.1 1-0.7 1.8-1.6zM32 7.4q0 1.4-0.9 2.7t-2.2 2.2q-6.7 4.7-8.4 5.8-0.2 0.1-0.7 0.5t-1 0.7-0.9 0.6-1.1 0.5-0.9 0.2h-0.1q-0.4 0-0.9-0.2t-1.1-0.5-0.9-0.6-1-0.7-0.7-0.5q-1.6-1.1-4.7-3.2t-3.6-2.6q-1.1-0.7-2.1-2t-1-2.5q0-1.4 0.7-2.3t2.1-0.9h26.3q1.2 0 2 0.8t0.9 2z\"\/><\/svg><\/span><\/a><\/li><\/ul><\/div>","protected":false},"excerpt":{"rendered":"<p>Der Amazonas-Regenwald k\u00f6nnte sich einem Kipppunkt n\u00e4hern, der zu einem gro\u00dffl\u00e4chigen Zusammenbruch mit schwerwiegenden Auswirkungen auf [&hellip;]<\/p>\n","protected":false},"author":3,"featured_media":97468,"comment_status":"closed","ping_status":"closed","sticky":false,"template":"","format":"standard","meta":{"inline_featured_image":false,"footnotes":""},"categories":[26],"tags":[],"class_list":["post-97466","post","type-post","status-publish","format-standard","has-post-thumbnail","hentry","category-wissenschaft"],"yoast_head":"<!-- This site is optimized with the Yoast SEO plugin v26.5 - https:\/\/yoast.com\/wordpress\/plugins\/seo\/ -->\n<title>Amazonas-Regenwald auf der Kippe: Waldverlust verst\u00e4rkt den Klimawandel - Sonnenseite - \u00d6kologische Kommunikation mit Franz Alt<\/title>\n<meta name=\"description\" content=\"Der Amazonas-Regenwald k\u00f6nnte sich einem Kipppunkt n\u00e4hern, der zu einem gro\u00dffl\u00e4chigen Zusammenbruch mit schwerwiegenden Auswirkungen auf das globale Klima\" \/>\n<meta name=\"robots\" content=\"index, follow, max-snippet:-1, max-image-preview:large, max-video-preview:-1\" \/>\n<link rel=\"canonical\" href=\"https:\/\/www.sonnenseite.com\/de\/wissenschaft\/amazonas-regenwald-auf-der-kippe-waldverlust-verstaerkt-den-klimawandel\/\" \/>\n<meta property=\"og:locale\" content=\"de_DE\" \/>\n<meta property=\"og:type\" content=\"article\" \/>\n<meta property=\"og:title\" content=\"Amazonas-Regenwald auf der Kippe: Waldverlust verst\u00e4rkt den Klimawandel - Sonnenseite - \u00d6kologische Kommunikation mit Franz Alt\" \/>\n<meta property=\"og:description\" content=\"Der Amazonas-Regenwald k\u00f6nnte sich einem Kipppunkt n\u00e4hern, der zu einem gro\u00dffl\u00e4chigen Zusammenbruch mit schwerwiegenden Auswirkungen auf das globale Klima\" \/>\n<meta property=\"og:url\" content=\"https:\/\/www.sonnenseite.com\/de\/wissenschaft\/amazonas-regenwald-auf-der-kippe-waldverlust-verstaerkt-den-klimawandel\/\" \/>\n<meta property=\"og:site_name\" content=\"Sonnenseite\" \/>\n<meta property=\"article:publisher\" content=\"https:\/\/www.facebook.com\/pages\/Franz-Alt-SONNENSEITECOM\/221072987903953?fref=ts\" \/>\n<meta property=\"article:published_time\" content=\"2024-02-15T07:52:37+00:00\" \/>\n<meta property=\"article:modified_time\" content=\"2024-02-22T11:31:54+00:00\" \/>\n<meta property=\"og:image\" content=\"https:\/\/www.sonnenseite.com\/wp-content\/uploads\/2024\/02\/Amazonas_TomFisk.jpg\" \/>\n\t<meta property=\"og:image:width\" content=\"770\" \/>\n\t<meta property=\"og:image:height\" content=\"420\" \/>\n\t<meta property=\"og:image:type\" content=\"image\/jpeg\" \/>\n<meta name=\"author\" content=\"Bigi Alt\" \/>\n<meta name=\"twitter:card\" content=\"summary_large_image\" \/>\n<meta name=\"twitter:creator\" content=\"@franzalt\" \/>\n<meta name=\"twitter:site\" content=\"@franzalt\" \/>\n<meta name=\"twitter:label1\" content=\"Verfasst von\" \/>\n\t<meta name=\"twitter:data1\" content=\"Bigi Alt\" \/>\n\t<meta name=\"twitter:label2\" content=\"Gesch\u00e4tzte Lesezeit\" \/>\n\t<meta name=\"twitter:data2\" content=\"4\u00a0Minuten\" \/>\n<script type=\"application\/ld+json\" class=\"yoast-schema-graph\">{\"@context\":\"https:\/\/schema.org\",\"@graph\":[{\"@type\":\"Article\",\"@id\":\"https:\/\/www.sonnenseite.com\/de\/wissenschaft\/amazonas-regenwald-auf-der-kippe-waldverlust-verstaerkt-den-klimawandel\/#article\",\"isPartOf\":{\"@id\":\"https:\/\/www.sonnenseite.com\/de\/wissenschaft\/amazonas-regenwald-auf-der-kippe-waldverlust-verstaerkt-den-klimawandel\/\"},\"author\":{\"name\":\"Bigi Alt\",\"@id\":\"https:\/\/www.sonnenseite.com\/de\/#\/schema\/person\/50fda0e926597684c7cc6695238a4eb9\"},\"headline\":\"Amazonas-Regenwald auf der Kippe: Waldverlust verst\u00e4rkt den Klimawandel\",\"datePublished\":\"2024-02-15T07:52:37+00:00\",\"dateModified\":\"2024-02-22T11:31:54+00:00\",\"mainEntityOfPage\":{\"@id\":\"https:\/\/www.sonnenseite.com\/de\/wissenschaft\/amazonas-regenwald-auf-der-kippe-waldverlust-verstaerkt-den-klimawandel\/\"},\"wordCount\":693,\"publisher\":{\"@id\":\"https:\/\/www.sonnenseite.com\/de\/#organization\"},\"image\":{\"@id\":\"https:\/\/www.sonnenseite.com\/de\/wissenschaft\/amazonas-regenwald-auf-der-kippe-waldverlust-verstaerkt-den-klimawandel\/#primaryimage\"},\"thumbnailUrl\":\"https:\/\/www.sonnenseite.com\/wp-content\/uploads\/2024\/02\/Amazonas_TomFisk.jpg\",\"articleSection\":[\"Wissenschaft\"],\"inLanguage\":\"de\"},{\"@type\":\"WebPage\",\"@id\":\"https:\/\/www.sonnenseite.com\/de\/wissenschaft\/amazonas-regenwald-auf-der-kippe-waldverlust-verstaerkt-den-klimawandel\/\",\"url\":\"https:\/\/www.sonnenseite.com\/de\/wissenschaft\/amazonas-regenwald-auf-der-kippe-waldverlust-verstaerkt-den-klimawandel\/\",\"name\":\"Amazonas-Regenwald auf der Kippe: Waldverlust verst\u00e4rkt den Klimawandel - Sonnenseite - \u00d6kologische Kommunikation mit Franz Alt\",\"isPartOf\":{\"@id\":\"https:\/\/www.sonnenseite.com\/de\/#website\"},\"primaryImageOfPage\":{\"@id\":\"https:\/\/www.sonnenseite.com\/de\/wissenschaft\/amazonas-regenwald-auf-der-kippe-waldverlust-verstaerkt-den-klimawandel\/#primaryimage\"},\"image\":{\"@id\":\"https:\/\/www.sonnenseite.com\/de\/wissenschaft\/amazonas-regenwald-auf-der-kippe-waldverlust-verstaerkt-den-klimawandel\/#primaryimage\"},\"thumbnailUrl\":\"https:\/\/www.sonnenseite.com\/wp-content\/uploads\/2024\/02\/Amazonas_TomFisk.jpg\",\"datePublished\":\"2024-02-15T07:52:37+00:00\",\"dateModified\":\"2024-02-22T11:31:54+00:00\",\"description\":\"Der Amazonas-Regenwald k\u00f6nnte sich einem Kipppunkt n\u00e4hern, der zu einem gro\u00dffl\u00e4chigen Zusammenbruch mit schwerwiegenden Auswirkungen auf das globale Klima\",\"breadcrumb\":{\"@id\":\"https:\/\/www.sonnenseite.com\/de\/wissenschaft\/amazonas-regenwald-auf-der-kippe-waldverlust-verstaerkt-den-klimawandel\/#breadcrumb\"},\"inLanguage\":\"de\",\"potentialAction\":[{\"@type\":\"ReadAction\",\"target\":[\"https:\/\/www.sonnenseite.com\/de\/wissenschaft\/amazonas-regenwald-auf-der-kippe-waldverlust-verstaerkt-den-klimawandel\/\"]}]},{\"@type\":\"ImageObject\",\"inLanguage\":\"de\",\"@id\":\"https:\/\/www.sonnenseite.com\/de\/wissenschaft\/amazonas-regenwald-auf-der-kippe-waldverlust-verstaerkt-den-klimawandel\/#primaryimage\",\"url\":\"https:\/\/www.sonnenseite.com\/wp-content\/uploads\/2024\/02\/Amazonas_TomFisk.jpg\",\"contentUrl\":\"https:\/\/www.sonnenseite.com\/wp-content\/uploads\/2024\/02\/Amazonas_TomFisk.jpg\",\"width\":770,\"height\":420,\"caption\":\"Pexels.com | Tom Fisk\"},{\"@type\":\"BreadcrumbList\",\"@id\":\"https:\/\/www.sonnenseite.com\/de\/wissenschaft\/amazonas-regenwald-auf-der-kippe-waldverlust-verstaerkt-den-klimawandel\/#breadcrumb\",\"itemListElement\":[{\"@type\":\"ListItem\",\"position\":1,\"name\":\"Startseite\",\"item\":\"https:\/\/www.sonnenseite.com\/de\/\"},{\"@type\":\"ListItem\",\"position\":2,\"name\":\"Amazonas-Regenwald auf der Kippe: Waldverlust verst\u00e4rkt den Klimawandel\"}]},{\"@type\":\"WebSite\",\"@id\":\"https:\/\/www.sonnenseite.com\/de\/#website\",\"url\":\"https:\/\/www.sonnenseite.com\/de\/\",\"name\":\"Sonnenseite\",\"description\":\"\u00d6kologische Kommunikation mit Franz Alt\",\"publisher\":{\"@id\":\"https:\/\/www.sonnenseite.com\/de\/#organization\"},\"potentialAction\":[{\"@type\":\"SearchAction\",\"target\":{\"@type\":\"EntryPoint\",\"urlTemplate\":\"https:\/\/www.sonnenseite.com\/de\/?s={search_term_string}\"},\"query-input\":{\"@type\":\"PropertyValueSpecification\",\"valueRequired\":true,\"valueName\":\"search_term_string\"}}],\"inLanguage\":\"de\"},{\"@type\":\"Organization\",\"@id\":\"https:\/\/www.sonnenseite.com\/de\/#organization\",\"name\":\"Sonnenseite\",\"url\":\"https:\/\/www.sonnenseite.com\/de\/\",\"logo\":{\"@type\":\"ImageObject\",\"inLanguage\":\"de\",\"@id\":\"https:\/\/www.sonnenseite.com\/de\/#\/schema\/logo\/image\/\",\"url\":\"https:\/\/www.sonnenseite.com\/wp-content\/uploads\/2020\/05\/Sonnenseite_Logo.png\",\"contentUrl\":\"https:\/\/www.sonnenseite.com\/wp-content\/uploads\/2020\/05\/Sonnenseite_Logo.png\",\"width\":377,\"height\":90,\"caption\":\"Sonnenseite\"},\"image\":{\"@id\":\"https:\/\/www.sonnenseite.com\/de\/#\/schema\/logo\/image\/\"},\"sameAs\":[\"https:\/\/www.facebook.com\/pages\/Franz-Alt-SONNENSEITECOM\/221072987903953?fref=ts\",\"https:\/\/x.com\/franzalt\",\"http:\/\/www.youtube.com\/results?search_query&amp;amp;quot;franz_alt&amp;amp;quot;&amp;amp;amp;amp;search_type&amp;amp;amp;amp;aq=f\"]},{\"@type\":\"Person\",\"@id\":\"https:\/\/www.sonnenseite.com\/de\/#\/schema\/person\/50fda0e926597684c7cc6695238a4eb9\",\"name\":\"Bigi Alt\"}]}<\/script>\n<!-- \/ Yoast SEO plugin. -->","yoast_head_json":{"title":"Amazonas-Regenwald auf der Kippe: Waldverlust verst\u00e4rkt den Klimawandel - Sonnenseite - \u00d6kologische Kommunikation mit Franz Alt","description":"Der Amazonas-Regenwald k\u00f6nnte sich einem Kipppunkt n\u00e4hern, der zu einem gro\u00dffl\u00e4chigen Zusammenbruch mit schwerwiegenden Auswirkungen auf das globale Klima","robots":{"index":"index","follow":"follow","max-snippet":"max-snippet:-1","max-image-preview":"max-image-preview:large","max-video-preview":"max-video-preview:-1"},"canonical":"https:\/\/www.sonnenseite.com\/de\/wissenschaft\/amazonas-regenwald-auf-der-kippe-waldverlust-verstaerkt-den-klimawandel\/","og_locale":"de_DE","og_type":"article","og_title":"Amazonas-Regenwald auf der Kippe: Waldverlust verst\u00e4rkt den Klimawandel - Sonnenseite - \u00d6kologische Kommunikation mit Franz Alt","og_description":"Der Amazonas-Regenwald k\u00f6nnte sich einem Kipppunkt n\u00e4hern, der zu einem gro\u00dffl\u00e4chigen Zusammenbruch mit schwerwiegenden Auswirkungen auf das globale Klima","og_url":"https:\/\/www.sonnenseite.com\/de\/wissenschaft\/amazonas-regenwald-auf-der-kippe-waldverlust-verstaerkt-den-klimawandel\/","og_site_name":"Sonnenseite","article_publisher":"https:\/\/www.facebook.com\/pages\/Franz-Alt-SONNENSEITECOM\/221072987903953?fref=ts","article_published_time":"2024-02-15T07:52:37+00:00","article_modified_time":"2024-02-22T11:31:54+00:00","og_image":[{"width":770,"height":420,"url":"https:\/\/www.sonnenseite.com\/wp-content\/uploads\/2024\/02\/Amazonas_TomFisk.jpg","type":"image\/jpeg"}],"author":"Bigi Alt","twitter_card":"summary_large_image","twitter_creator":"@franzalt","twitter_site":"@franzalt","twitter_misc":{"Verfasst von":"Bigi Alt","Gesch\u00e4tzte Lesezeit":"4\u00a0Minuten"},"schema":{"@context":"https:\/\/schema.org","@graph":[{"@type":"Article","@id":"https:\/\/www.sonnenseite.com\/de\/wissenschaft\/amazonas-regenwald-auf-der-kippe-waldverlust-verstaerkt-den-klimawandel\/#article","isPartOf":{"@id":"https:\/\/www.sonnenseite.com\/de\/wissenschaft\/amazonas-regenwald-auf-der-kippe-waldverlust-verstaerkt-den-klimawandel\/"},"author":{"name":"Bigi Alt","@id":"https:\/\/www.sonnenseite.com\/de\/#\/schema\/person\/50fda0e926597684c7cc6695238a4eb9"},"headline":"Amazonas-Regenwald auf der Kippe: Waldverlust verst\u00e4rkt den Klimawandel","datePublished":"2024-02-15T07:52:37+00:00","dateModified":"2024-02-22T11:31:54+00:00","mainEntityOfPage":{"@id":"https:\/\/www.sonnenseite.com\/de\/wissenschaft\/amazonas-regenwald-auf-der-kippe-waldverlust-verstaerkt-den-klimawandel\/"},"wordCount":693,"publisher":{"@id":"https:\/\/www.sonnenseite.com\/de\/#organization"},"image":{"@id":"https:\/\/www.sonnenseite.com\/de\/wissenschaft\/amazonas-regenwald-auf-der-kippe-waldverlust-verstaerkt-den-klimawandel\/#primaryimage"},"thumbnailUrl":"https:\/\/www.sonnenseite.com\/wp-content\/uploads\/2024\/02\/Amazonas_TomFisk.jpg","articleSection":["Wissenschaft"],"inLanguage":"de"},{"@type":"WebPage","@id":"https:\/\/www.sonnenseite.com\/de\/wissenschaft\/amazonas-regenwald-auf-der-kippe-waldverlust-verstaerkt-den-klimawandel\/","url":"https:\/\/www.sonnenseite.com\/de\/wissenschaft\/amazonas-regenwald-auf-der-kippe-waldverlust-verstaerkt-den-klimawandel\/","name":"Amazonas-Regenwald auf der Kippe: Waldverlust verst\u00e4rkt den Klimawandel - Sonnenseite - \u00d6kologische Kommunikation mit Franz Alt","isPartOf":{"@id":"https:\/\/www.sonnenseite.com\/de\/#website"},"primaryImageOfPage":{"@id":"https:\/\/www.sonnenseite.com\/de\/wissenschaft\/amazonas-regenwald-auf-der-kippe-waldverlust-verstaerkt-den-klimawandel\/#primaryimage"},"image":{"@id":"https:\/\/www.sonnenseite.com\/de\/wissenschaft\/amazonas-regenwald-auf-der-kippe-waldverlust-verstaerkt-den-klimawandel\/#primaryimage"},"thumbnailUrl":"https:\/\/www.sonnenseite.com\/wp-content\/uploads\/2024\/02\/Amazonas_TomFisk.jpg","datePublished":"2024-02-15T07:52:37+00:00","dateModified":"2024-02-22T11:31:54+00:00","description":"Der Amazonas-Regenwald k\u00f6nnte sich einem Kipppunkt n\u00e4hern, der zu einem gro\u00dffl\u00e4chigen Zusammenbruch mit schwerwiegenden Auswirkungen auf das globale Klima","breadcrumb":{"@id":"https:\/\/www.sonnenseite.com\/de\/wissenschaft\/amazonas-regenwald-auf-der-kippe-waldverlust-verstaerkt-den-klimawandel\/#breadcrumb"},"inLanguage":"de","potentialAction":[{"@type":"ReadAction","target":["https:\/\/www.sonnenseite.com\/de\/wissenschaft\/amazonas-regenwald-auf-der-kippe-waldverlust-verstaerkt-den-klimawandel\/"]}]},{"@type":"ImageObject","inLanguage":"de","@id":"https:\/\/www.sonnenseite.com\/de\/wissenschaft\/amazonas-regenwald-auf-der-kippe-waldverlust-verstaerkt-den-klimawandel\/#primaryimage","url":"https:\/\/www.sonnenseite.com\/wp-content\/uploads\/2024\/02\/Amazonas_TomFisk.jpg","contentUrl":"https:\/\/www.sonnenseite.com\/wp-content\/uploads\/2024\/02\/Amazonas_TomFisk.jpg","width":770,"height":420,"caption":"Pexels.com | Tom Fisk"},{"@type":"BreadcrumbList","@id":"https:\/\/www.sonnenseite.com\/de\/wissenschaft\/amazonas-regenwald-auf-der-kippe-waldverlust-verstaerkt-den-klimawandel\/#breadcrumb","itemListElement":[{"@type":"ListItem","position":1,"name":"Startseite","item":"https:\/\/www.sonnenseite.com\/de\/"},{"@type":"ListItem","position":2,"name":"Amazonas-Regenwald auf der Kippe: Waldverlust verst\u00e4rkt den Klimawandel"}]},{"@type":"WebSite","@id":"https:\/\/www.sonnenseite.com\/de\/#website","url":"https:\/\/www.sonnenseite.com\/de\/","name":"Sonnenseite","description":"\u00d6kologische Kommunikation mit Franz Alt","publisher":{"@id":"https:\/\/www.sonnenseite.com\/de\/#organization"},"potentialAction":[{"@type":"SearchAction","target":{"@type":"EntryPoint","urlTemplate":"https:\/\/www.sonnenseite.com\/de\/?s={search_term_string}"},"query-input":{"@type":"PropertyValueSpecification","valueRequired":true,"valueName":"search_term_string"}}],"inLanguage":"de"},{"@type":"Organization","@id":"https:\/\/www.sonnenseite.com\/de\/#organization","name":"Sonnenseite","url":"https:\/\/www.sonnenseite.com\/de\/","logo":{"@type":"ImageObject","inLanguage":"de","@id":"https:\/\/www.sonnenseite.com\/de\/#\/schema\/logo\/image\/","url":"https:\/\/www.sonnenseite.com\/wp-content\/uploads\/2020\/05\/Sonnenseite_Logo.png","contentUrl":"https:\/\/www.sonnenseite.com\/wp-content\/uploads\/2020\/05\/Sonnenseite_Logo.png","width":377,"height":90,"caption":"Sonnenseite"},"image":{"@id":"https:\/\/www.sonnenseite.com\/de\/#\/schema\/logo\/image\/"},"sameAs":["https:\/\/www.facebook.com\/pages\/Franz-Alt-SONNENSEITECOM\/221072987903953?fref=ts","https:\/\/x.com\/franzalt","http:\/\/www.youtube.com\/results?search_query&amp;amp;quot;franz_alt&amp;amp;quot;&amp;amp;amp;amp;search_type&amp;amp;amp;amp;aq=f"]},{"@type":"Person","@id":"https:\/\/www.sonnenseite.com\/de\/#\/schema\/person\/50fda0e926597684c7cc6695238a4eb9","name":"Bigi Alt"}]}},"_links":{"self":[{"href":"https:\/\/www.sonnenseite.com\/de\/wp-json\/wp\/v2\/posts\/97466","targetHints":{"allow":["GET"]}}],"collection":[{"href":"https:\/\/www.sonnenseite.com\/de\/wp-json\/wp\/v2\/posts"}],"about":[{"href":"https:\/\/www.sonnenseite.com\/de\/wp-json\/wp\/v2\/types\/post"}],"author":[{"embeddable":true,"href":"https:\/\/www.sonnenseite.com\/de\/wp-json\/wp\/v2\/users\/3"}],"replies":[{"embeddable":true,"href":"https:\/\/www.sonnenseite.com\/de\/wp-json\/wp\/v2\/comments?post=97466"}],"version-history":[{"count":2,"href":"https:\/\/www.sonnenseite.com\/de\/wp-json\/wp\/v2\/posts\/97466\/revisions"}],"predecessor-version":[{"id":97470,"href":"https:\/\/www.sonnenseite.com\/de\/wp-json\/wp\/v2\/posts\/97466\/revisions\/97470"}],"wp:featuredmedia":[{"embeddable":true,"href":"https:\/\/www.sonnenseite.com\/de\/wp-json\/wp\/v2\/media\/97468"}],"wp:attachment":[{"href":"https:\/\/www.sonnenseite.com\/de\/wp-json\/wp\/v2\/media?parent=97466"}],"wp:term":[{"taxonomy":"category","embeddable":true,"href":"https:\/\/www.sonnenseite.com\/de\/wp-json\/wp\/v2\/categories?post=97466"},{"taxonomy":"post_tag","embeddable":true,"href":"https:\/\/www.sonnenseite.com\/de\/wp-json\/wp\/v2\/tags?post=97466"}],"curies":[{"name":"wp","href":"https:\/\/api.w.org\/{rel}","templated":true}]}}