{"id":97694,"date":"2024-02-24T03:33:00","date_gmt":"2024-02-24T02:33:00","guid":{"rendered":"https:\/\/www.sonnenseite.com\/?p=97694"},"modified":"2024-02-22T17:33:45","modified_gmt":"2024-02-22T16:33:45","slug":"zwoelferhorn-st-gilgen-erste-energieautarke-seilbahn","status":"publish","type":"post","link":"https:\/\/www.sonnenseite.com\/de\/tipps\/zwoelferhorn-st-gilgen-erste-energieautarke-seilbahn\/","title":{"rendered":"Zw\u00f6lferhorn St. Gilgen: Erste energieautarke Seilbahn"},"content":{"rendered":"\n<p>Die erste energieautarke Seilbahn weltweit f\u00fchrt auf den Hausberg in St. Gilgen am Wolfgangsee.<\/p>\n\n\n\n<p>Die Zw\u00f6lferhorn Seilbahn, die seit Herbst 2020 in neuem Glanz erstrahlt, bringt ihre G\u00e4ste auf das von Natur aus sch\u00f6ne \u201eZw\u00f6lferh\u00f6rndl\u201c. Von der puren Kraft der Natur werden die beliebten gelben und roten Gondeln bald schon angetrieben werden, denn die Zw\u00f6lferhorn Seilbahn wird als erste Seilbahn der Welt energieautonom mit Sonnenstrom in Betrieb gehen.<\/p>\n\n\n\n<p>Mit dem Projekt setzen die Verantwortlichen ein wegweisendes Zeichen im Sinne von Nachhaltigkeit und Umweltschutz im Seilbahnbetrieb. Neben bereits get\u00e4tigten Installationen am Dach der Talstation macht dies die Errichtung einer Photovoltaikanlage am s\u00fcdlichen Hang der Bergstation m\u00f6glich. Mit der beeindruckenden Leistung der Anlage von 804 kWp kann der j\u00e4hrliche Energiebedarf der Seilbahn zu mehr als 90 % mit Sonnenstrom abgedeckt werden. \u201eWir freuen uns sehr dar\u00fcber, ein positives Zeichen f\u00fcr unsere Branche zu setzen und einen Nachweis daf\u00fcr zu erbringen, dass ein Seilbahnbetrieb energieautark m\u00f6glich ist und zum Abbau von CO2 beitragen kann\u201c, zeigt sich Gesch\u00e4ftsf\u00fchrer Dkfm. Mario Stedile-Foradori \u00fcberzeugt.<\/p>\n\n\n<div class=\"wp-block-image\">\n<figure class=\"aligncenter size-full is-resized\"><img loading=\"lazy\" decoding=\"async\" width=\"770\" height=\"420\" src=\"https:\/\/www.sonnenseite.com\/wp-content\/uploads\/2024\/02\/Zwoelferhornbahn01.jpg\" alt=\"seilbahn.net | zwoelferhorn.at\" class=\"wp-image-97696\" style=\"width:582px;height:auto\" srcset=\"https:\/\/www.sonnenseite.com\/wp-content\/uploads\/2024\/02\/Zwoelferhornbahn01.jpg 770w, https:\/\/www.sonnenseite.com\/wp-content\/uploads\/2024\/02\/Zwoelferhornbahn01-300x164.jpg 300w, https:\/\/www.sonnenseite.com\/wp-content\/uploads\/2024\/02\/Zwoelferhornbahn01-768x419.jpg 768w\" sizes=\"auto, (max-width: 770px) 100vw, 770px\" \/><figcaption class=\"wp-element-caption\">\u00a9 seilbahn.net | zwoelferhorn.at<\/figcaption><\/figure>\n<\/div>\n\n\n<p>In der Hauptsaison von April bis September f\u00e4hrt die Zw\u00f6lferhorn Seilbahn dank des Zusammenspiels von PV-Anlage und Batteriespeichersystem komplett energieautonom. Betrachtet man das gesamte Jahr, so geht die Energieerzeugung der geplanten Photovoltaikanlage weit \u00fcber den Eigenbedarf hinaus. W\u00e4hrend die Seilbahn im Jahr 2023 einen Stromverbrauch von 629.100 kWh verzeichnete, produziert die neue Anlage 930.900 kWh. Bei einem Drittel des Stroms handelt es sich also um eine \u00dcberproduktion, die in lokale \u00f6ffentliche Netze eingespeist werden kann. \u201eDieses zukunftsweisende Projekt in St. Gilgen, das die Zw\u00f6lferhorn Seilbahn gro\u00dfteils energieautark macht, ist in der Seilbahnbranche einzigartig und ein weiterer Beleg, wie nachhaltige Tourismusentwicklung funktionieren und regional wirken kann. Wir sind stolz, derart weitsichtige Kunden als Partner zu haben und darauf, dass unsere D-Line Gondelbahn aufs Zw\u00f6lferhorn Teil dieser Weiterentwicklung ist\u201c, so J\u00fcrgen Pichler, Marketingleiter der Doppelmayr Gruppe.<\/p>\n\n\n\n<p>Das Batteriespeichersystem f\u00fcr den \u00fcbersch\u00fcssigen Sonnenstrom dient zudem zur Entlastung der Stromnetze und verf\u00fcgt \u00fcber ein Speichervolumen von 550 kWh. Bis zu 100.000 kWh elektrische Energie k\u00f6nnen damit pro Jahr gespeichert und der Stromverbrauch der Seilbahn dadurch weiter optimiert werden. Durch die Umstellung auf erneuerbare Energien wird die Zw\u00f6lferhorn Seilbahn j\u00e4hrlich nahezu 211 Tonnen CO2 einsparen, was in etwa einer Reinigungswirkung von 3.900 neu gepflanzten B\u00e4umen pro Jahr entspricht.<\/p>\n\n\n\n<p>Mit der Realisierung der Photovoltaik-Anlage wird die Zw\u00f6lferhorn Seilbahn vom Energieverbraucher zum Energiekraftwerk. Geplant ist, mit der \u00dcberproduktion an Strom eine Energiegemeinschaft mit der Gemeinde St. Gilgen zu bilden. In der Entlastung der lokalen Netze sieht B\u00fcrgermeister Otto Kloiber einen gro\u00dfen Vorteil, ebenso wie f\u00fcr St. GIlgen als fortschrittliche Tourismusdestination. \u201eIch bin stolz darauf, in unserem St. Gilgen ein so eindrucksvolles zukunftsorientiertes Projekt aufweisen zu k\u00f6nnen.<\/p>\n\n\n\n<p>Die energieautarke Seilbahn in unserem Ort ist nicht nur ein Gewinn f\u00fcr die Umwelt, sondern auch f\u00fcr unsere G\u00e4ste, denen ein nachhaltiges und umweltfreundliches Erlebnis zugleich geboten wird\u201c, freut sich Kloiber \u00fcber die Innovation am Zw\u00f6lferhorn. Selbst Pionier und Experte auf dem Gebiet der erneuerbaren Energie, konnte Kloiber bereits einige Projekte f\u00fcr die Region realisieren.<\/p>\n\n\n\n<p>Die professionelle Umsetzung des wegweisenden Vorhabens erfolgt durch die Firmen SYNECOTEC, Mitglied der Elevion Gruppe mit mehr als 20 Jahren Erfahrung in den Bereichen erneuerbare Energie und Energieeffizienz, sowie der Spezialtiefbaufirma HTB. Unterst\u00fctzt werden sie dabei von der Firma Klenkhart und Partner, die das Projekt in allen naturschutzrechtlichen Belangen begleitet und ganz besonderen Wert darauflegt, schonend mit der Natur umzugehen.<\/p>\n\n\n\n<p>Ein wichtiger Schritt in Richtung Nachhaltigkeit wird mit der Errichtung der Photovoltaikanlage gesetzt, f\u00fcr St. Gilgen, die Zw\u00f6lferhorn Seilbahn und die ganze Seilbahnbranche. \u201eWir zeigen mit unserem Projekt, dass es m\u00f6glich ist, umweltfreundliche Technologien in der Seilbahnbranche einzusetzen und somit einen Beitrag zum Klimaschutz zu leisten. Unsere energieautarke Seilbahn ist ein Vorzeigeprojekt, das hoffentlich viele weitere Unternehmen inspiriert, \u00e4hnliche Ma\u00dfnahmen zu ergreifen\u201c, w\u00fcnscht sich Zw\u00f6lferhorn Gesch\u00e4ftsf\u00fchrer Arthur Moser.<\/p>\n\n\n<h5 class=\"green\">Quelle<\/h5>\r\n\n\n\n<p><a href=\"https:\/\/seilbahn.net\/sn\/berichte\/bericht.php?news=12982&amp;kategorie=4&amp;klickpass=agh586zyf\">SEILBAHN.net 2024<\/a> \/ <a href=\"http:\/\/www.zwoelferhorn.at\">Zw\u00f6lferhornbahn 2024<\/a><\/p>\n<div class=\"shariff shariff-align-flex-start shariff-widget-align-flex-start\"><div class=\"ShariffHeadline\">Diese Meldung teilen<\/div><ul class=\"shariff-buttons theme-round orientation-horizontal buttonsize-medium\"><li class=\"shariff-button facebook shariff-nocustomcolor\" style=\"background-color:#4273c8;border-radius:1%\"><a href=\"https:\/\/www.facebook.com\/sharer\/sharer.php?u=https%3A%2F%2Fwww.sonnenseite.com%2Fde%2Ftipps%2Fzwoelferhorn-st-gilgen-erste-energieautarke-seilbahn%2F\" title=\"Bei Facebook teilen\" aria-label=\"Bei Facebook teilen\" role=\"button\" rel=\"nofollow\" class=\"shariff-link\" style=\";border-radius:1%; background-color:#3b5998; color:#fff\" target=\"_blank\"><span class=\"shariff-icon\" style=\"\"><svg width=\"32px\" height=\"20px\" xmlns=\"http:\/\/www.w3.org\/2000\/svg\" viewBox=\"0 0 18 32\"><path fill=\"#3b5998\" d=\"M17.1 0.2v4.7h-2.8q-1.5 0-2.1 0.6t-0.5 1.9v3.4h5.2l-0.7 5.3h-4.5v13.6h-5.5v-13.6h-4.5v-5.3h4.5v-3.9q0-3.3 1.9-5.2t5-1.8q2.6 0 4.1 0.2z\"\/><\/svg><\/span><\/a><\/li><li class=\"shariff-button twitter shariff-nocustomcolor\" style=\"background-color:#595959;border-radius:1%\"><a href=\"https:\/\/twitter.com\/share?url=https%3A%2F%2Fwww.sonnenseite.com%2Fde%2Ftipps%2Fzwoelferhorn-st-gilgen-erste-energieautarke-seilbahn%2F&text=Zw%C3%B6lferhorn%20St.%20Gilgen%3A%20Erste%20energieautarke%20Seilbahn\" title=\"Bei X teilen\" aria-label=\"Bei X teilen\" role=\"button\" rel=\"noopener nofollow\" class=\"shariff-link\" style=\";border-radius:1%; background-color:#000; color:#fff\" target=\"_blank\"><span class=\"shariff-icon\" style=\"\"><svg width=\"32px\" height=\"20px\" xmlns=\"http:\/\/www.w3.org\/2000\/svg\" viewBox=\"0 0 24 24\"><path fill=\"#000\" d=\"M14.258 10.152L23.176 0h-2.113l-7.747 8.813L7.133 0H0l9.352 13.328L0 23.973h2.113l8.176-9.309 6.531 9.309h7.133zm-2.895 3.293l-.949-1.328L2.875 1.56h3.246l6.086 8.523.945 1.328 7.91 11.078h-3.246zm0 0\"\/><\/svg><\/span><\/a><\/li><li class=\"shariff-button xing shariff-nocustomcolor\" style=\"background-color:#29888a;border-radius:1%\"><a href=\"https:\/\/www.xing.com\/spi\/shares\/new?url=https%3A%2F%2Fwww.sonnenseite.com%2Fde%2Ftipps%2Fzwoelferhorn-st-gilgen-erste-energieautarke-seilbahn%2F\" title=\"Bei XING teilen\" aria-label=\"Bei XING teilen\" role=\"button\" rel=\"noopener nofollow\" class=\"shariff-link\" style=\";border-radius:1%; background-color:#126567; color:#fff\" target=\"_blank\"><span class=\"shariff-icon\" style=\"\"><svg width=\"32px\" height=\"20px\" xmlns=\"http:\/\/www.w3.org\/2000\/svg\" viewBox=\"0 0 25 32\"><path fill=\"#126567\" d=\"M10.7 11.9q-0.2 0.3-4.6 8.2-0.5 0.8-1.2 0.8h-4.3q-0.4 0-0.5-0.3t0-0.6l4.5-8q0 0 0 0l-2.9-5q-0.2-0.4 0-0.7 0.2-0.3 0.5-0.3h4.3q0.7 0 1.2 0.8zM25.1 0.4q0.2 0.3 0 0.7l-9.4 16.7 6 11q0.2 0.4 0 0.6-0.2 0.3-0.6 0.3h-4.3q-0.7 0-1.2-0.8l-6-11.1q0.3-0.6 9.5-16.8 0.4-0.8 1.2-0.8h4.3q0.4 0 0.5 0.3z\"\/><\/svg><\/span><\/a><\/li><li class=\"shariff-button linkedin shariff-nocustomcolor\" style=\"background-color:#1488bf;border-radius:1%\"><a href=\"https:\/\/www.linkedin.com\/sharing\/share-offsite\/?url=https%3A%2F%2Fwww.sonnenseite.com%2Fde%2Ftipps%2Fzwoelferhorn-st-gilgen-erste-energieautarke-seilbahn%2F\" title=\"Bei LinkedIn teilen\" aria-label=\"Bei LinkedIn teilen\" role=\"button\" rel=\"noopener nofollow\" class=\"shariff-link\" style=\";border-radius:1%; background-color:#0077b5; color:#fff\" target=\"_blank\"><span class=\"shariff-icon\" style=\"\"><svg width=\"32px\" height=\"20px\" xmlns=\"http:\/\/www.w3.org\/2000\/svg\" viewBox=\"0 0 27 32\"><path fill=\"#0077b5\" d=\"M6.2 11.2v17.7h-5.9v-17.7h5.9zM6.6 5.7q0 1.3-0.9 2.2t-2.4 0.9h0q-1.5 0-2.4-0.9t-0.9-2.2 0.9-2.2 2.4-0.9 2.4 0.9 0.9 2.2zM27.4 18.7v10.1h-5.9v-9.5q0-1.9-0.7-2.9t-2.3-1.1q-1.1 0-1.9 0.6t-1.2 1.5q-0.2 0.5-0.2 1.4v9.9h-5.9q0-7.1 0-11.6t0-5.3l0-0.9h5.9v2.6h0q0.4-0.6 0.7-1t1-0.9 1.6-0.8 2-0.3q3 0 4.9 2t1.9 6z\"\/><\/svg><\/span><\/a><\/li><li class=\"shariff-button printer shariff-nocustomcolor\" style=\"background-color:#a8a8a8;border-radius:1%\"><a href=\"javascript:window.print()\" title=\"drucken\" aria-label=\"drucken\" role=\"button\" rel=\"noopener nofollow\" class=\"shariff-link\" style=\";border-radius:1%; background-color:#999; color:#fff\"><span class=\"shariff-icon\" style=\"\"><svg width=\"32px\" height=\"20px\" xmlns=\"http:\/\/www.w3.org\/2000\/svg\" viewBox=\"0 0 30 32\"><path fill=\"#999\" d=\"M6.8 27.4h16v-4.6h-16v4.6zM6.8 16h16v-6.8h-2.8q-0.7 0-1.2-0.5t-0.5-1.2v-2.8h-11.4v11.4zM27.4 17.2q0-0.5-0.3-0.8t-0.8-0.4-0.8 0.4-0.3 0.8 0.3 0.8 0.8 0.3 0.8-0.3 0.3-0.8zM29.7 17.2v7.4q0 0.2-0.2 0.4t-0.4 0.2h-4v2.8q0 0.7-0.5 1.2t-1.2 0.5h-17.2q-0.7 0-1.2-0.5t-0.5-1.2v-2.8h-4q-0.2 0-0.4-0.2t-0.2-0.4v-7.4q0-1.4 1-2.4t2.4-1h1.2v-9.7q0-0.7 0.5-1.2t1.2-0.5h12q0.7 0 1.6 0.4t1.3 0.8l2.7 2.7q0.5 0.5 0.9 1.4t0.4 1.6v4.6h1.1q1.4 0 2.4 1t1 2.4z\"\/><\/svg><\/span><\/a><\/li><li class=\"shariff-button mailto shariff-nocustomcolor\" style=\"background-color:#a8a8a8;border-radius:1%\"><a href=\"mailto:?body=https%3A%2F%2Fwww.sonnenseite.com%2Fde%2Ftipps%2Fzwoelferhorn-st-gilgen-erste-energieautarke-seilbahn%2F&subject=Zw%C3%B6lferhorn%20St.%20Gilgen%3A%20Erste%20energieautarke%20Seilbahn\" title=\"Per E-Mail versenden\" aria-label=\"Per E-Mail versenden\" role=\"button\" rel=\"noopener nofollow\" class=\"shariff-link\" style=\";border-radius:1%; background-color:#999; color:#fff\"><span class=\"shariff-icon\" style=\"\"><svg width=\"32px\" height=\"20px\" xmlns=\"http:\/\/www.w3.org\/2000\/svg\" viewBox=\"0 0 32 32\"><path fill=\"#999\" d=\"M32 12.7v14.2q0 1.2-0.8 2t-2 0.9h-26.3q-1.2 0-2-0.9t-0.8-2v-14.2q0.8 0.9 1.8 1.6 6.5 4.4 8.9 6.1 1 0.8 1.6 1.2t1.7 0.9 2 0.4h0.1q0.9 0 2-0.4t1.7-0.9 1.6-1.2q3-2.2 8.9-6.1 1-0.7 1.8-1.6zM32 7.4q0 1.4-0.9 2.7t-2.2 2.2q-6.7 4.7-8.4 5.8-0.2 0.1-0.7 0.5t-1 0.7-0.9 0.6-1.1 0.5-0.9 0.2h-0.1q-0.4 0-0.9-0.2t-1.1-0.5-0.9-0.6-1-0.7-0.7-0.5q-1.6-1.1-4.7-3.2t-3.6-2.6q-1.1-0.7-2.1-2t-1-2.5q0-1.4 0.7-2.3t2.1-0.9h26.3q1.2 0 2 0.8t0.9 2z\"\/><\/svg><\/span><\/a><\/li><\/ul><\/div>","protected":false},"excerpt":{"rendered":"<p>Die erste energieautarke Seilbahn weltweit f\u00fchrt auf den Hausberg in St. Gilgen am Wolfgangsee. Die Zw\u00f6lferhorn [&hellip;]<\/p>\n","protected":false},"author":3,"featured_media":97698,"comment_status":"closed","ping_status":"closed","sticky":false,"template":"","format":"standard","meta":{"inline_featured_image":false,"footnotes":""},"categories":[28],"tags":[],"class_list":["post-97694","post","type-post","status-publish","format-standard","has-post-thumbnail","hentry","category-tipps"],"yoast_head":"<!-- This site is optimized with the Yoast SEO plugin v26.5 - https:\/\/yoast.com\/wordpress\/plugins\/seo\/ -->\n<title>Zw\u00f6lferhorn St. Gilgen: Erste energieautarke Seilbahn - Sonnenseite - \u00d6kologische Kommunikation mit Franz Alt<\/title>\n<meta name=\"description\" content=\"Die erste energieautarke Seilbahn weltweit f\u00fchrt auf den Hausberg in St. Gilgen am Wolfgangsee. Die Zw\u00f6lferhorn Seilbahn, die seit Herbst 2020 in neuem\" \/>\n<meta name=\"robots\" content=\"index, follow, max-snippet:-1, max-image-preview:large, max-video-preview:-1\" \/>\n<link rel=\"canonical\" href=\"https:\/\/www.sonnenseite.com\/de\/tipps\/zwoelferhorn-st-gilgen-erste-energieautarke-seilbahn\/\" \/>\n<meta property=\"og:locale\" content=\"de_DE\" \/>\n<meta property=\"og:type\" content=\"article\" \/>\n<meta property=\"og:title\" content=\"Zw\u00f6lferhorn St. Gilgen: Erste energieautarke Seilbahn - Sonnenseite - \u00d6kologische Kommunikation mit Franz Alt\" \/>\n<meta property=\"og:description\" content=\"Die erste energieautarke Seilbahn weltweit f\u00fchrt auf den Hausberg in St. Gilgen am Wolfgangsee. Die Zw\u00f6lferhorn Seilbahn, die seit Herbst 2020 in neuem\" \/>\n<meta property=\"og:url\" content=\"https:\/\/www.sonnenseite.com\/de\/tipps\/zwoelferhorn-st-gilgen-erste-energieautarke-seilbahn\/\" \/>\n<meta property=\"og:site_name\" content=\"Sonnenseite\" \/>\n<meta property=\"article:publisher\" content=\"https:\/\/www.facebook.com\/pages\/Franz-Alt-SONNENSEITECOM\/221072987903953?fref=ts\" \/>\n<meta property=\"article:published_time\" content=\"2024-02-24T02:33:00+00:00\" \/>\n<meta property=\"og:image\" content=\"https:\/\/www.sonnenseite.com\/wp-content\/uploads\/2024\/02\/Zwoelferhornbahn02.jpg\" \/>\n\t<meta property=\"og:image:width\" content=\"770\" \/>\n\t<meta property=\"og:image:height\" content=\"420\" \/>\n\t<meta property=\"og:image:type\" content=\"image\/jpeg\" \/>\n<meta name=\"author\" content=\"Bigi Alt\" \/>\n<meta name=\"twitter:card\" content=\"summary_large_image\" \/>\n<meta name=\"twitter:creator\" content=\"@franzalt\" \/>\n<meta name=\"twitter:site\" content=\"@franzalt\" \/>\n<meta name=\"twitter:label1\" content=\"Verfasst von\" \/>\n\t<meta name=\"twitter:data1\" content=\"Bigi Alt\" \/>\n\t<meta name=\"twitter:label2\" content=\"Gesch\u00e4tzte Lesezeit\" \/>\n\t<meta name=\"twitter:data2\" content=\"4\u00a0Minuten\" \/>\n<script type=\"application\/ld+json\" class=\"yoast-schema-graph\">{\"@context\":\"https:\/\/schema.org\",\"@graph\":[{\"@type\":\"Article\",\"@id\":\"https:\/\/www.sonnenseite.com\/de\/tipps\/zwoelferhorn-st-gilgen-erste-energieautarke-seilbahn\/#article\",\"isPartOf\":{\"@id\":\"https:\/\/www.sonnenseite.com\/de\/tipps\/zwoelferhorn-st-gilgen-erste-energieautarke-seilbahn\/\"},\"author\":{\"name\":\"Bigi Alt\",\"@id\":\"https:\/\/www.sonnenseite.com\/de\/#\/schema\/person\/50fda0e926597684c7cc6695238a4eb9\"},\"headline\":\"Zw\u00f6lferhorn St. Gilgen: Erste energieautarke Seilbahn\",\"datePublished\":\"2024-02-24T02:33:00+00:00\",\"mainEntityOfPage\":{\"@id\":\"https:\/\/www.sonnenseite.com\/de\/tipps\/zwoelferhorn-st-gilgen-erste-energieautarke-seilbahn\/\"},\"wordCount\":673,\"publisher\":{\"@id\":\"https:\/\/www.sonnenseite.com\/de\/#organization\"},\"image\":{\"@id\":\"https:\/\/www.sonnenseite.com\/de\/tipps\/zwoelferhorn-st-gilgen-erste-energieautarke-seilbahn\/#primaryimage\"},\"thumbnailUrl\":\"https:\/\/www.sonnenseite.com\/wp-content\/uploads\/2024\/02\/Zwoelferhornbahn02.jpg\",\"articleSection\":[\"Tipps\"],\"inLanguage\":\"de\"},{\"@type\":\"WebPage\",\"@id\":\"https:\/\/www.sonnenseite.com\/de\/tipps\/zwoelferhorn-st-gilgen-erste-energieautarke-seilbahn\/\",\"url\":\"https:\/\/www.sonnenseite.com\/de\/tipps\/zwoelferhorn-st-gilgen-erste-energieautarke-seilbahn\/\",\"name\":\"Zw\u00f6lferhorn St. Gilgen: Erste energieautarke Seilbahn - Sonnenseite - \u00d6kologische Kommunikation mit Franz Alt\",\"isPartOf\":{\"@id\":\"https:\/\/www.sonnenseite.com\/de\/#website\"},\"primaryImageOfPage\":{\"@id\":\"https:\/\/www.sonnenseite.com\/de\/tipps\/zwoelferhorn-st-gilgen-erste-energieautarke-seilbahn\/#primaryimage\"},\"image\":{\"@id\":\"https:\/\/www.sonnenseite.com\/de\/tipps\/zwoelferhorn-st-gilgen-erste-energieautarke-seilbahn\/#primaryimage\"},\"thumbnailUrl\":\"https:\/\/www.sonnenseite.com\/wp-content\/uploads\/2024\/02\/Zwoelferhornbahn02.jpg\",\"datePublished\":\"2024-02-24T02:33:00+00:00\",\"description\":\"Die erste energieautarke Seilbahn weltweit f\u00fchrt auf den Hausberg in St. Gilgen am Wolfgangsee. Die Zw\u00f6lferhorn Seilbahn, die seit Herbst 2020 in neuem\",\"breadcrumb\":{\"@id\":\"https:\/\/www.sonnenseite.com\/de\/tipps\/zwoelferhorn-st-gilgen-erste-energieautarke-seilbahn\/#breadcrumb\"},\"inLanguage\":\"de\",\"potentialAction\":[{\"@type\":\"ReadAction\",\"target\":[\"https:\/\/www.sonnenseite.com\/de\/tipps\/zwoelferhorn-st-gilgen-erste-energieautarke-seilbahn\/\"]}]},{\"@type\":\"ImageObject\",\"inLanguage\":\"de\",\"@id\":\"https:\/\/www.sonnenseite.com\/de\/tipps\/zwoelferhorn-st-gilgen-erste-energieautarke-seilbahn\/#primaryimage\",\"url\":\"https:\/\/www.sonnenseite.com\/wp-content\/uploads\/2024\/02\/Zwoelferhornbahn02.jpg\",\"contentUrl\":\"https:\/\/www.sonnenseite.com\/wp-content\/uploads\/2024\/02\/Zwoelferhornbahn02.jpg\",\"width\":770,\"height\":420,\"caption\":\"seilbahn.net | zwoelferhorn.at\"},{\"@type\":\"BreadcrumbList\",\"@id\":\"https:\/\/www.sonnenseite.com\/de\/tipps\/zwoelferhorn-st-gilgen-erste-energieautarke-seilbahn\/#breadcrumb\",\"itemListElement\":[{\"@type\":\"ListItem\",\"position\":1,\"name\":\"Startseite\",\"item\":\"https:\/\/www.sonnenseite.com\/de\/\"},{\"@type\":\"ListItem\",\"position\":2,\"name\":\"Zw\u00f6lferhorn St. Gilgen: Erste energieautarke Seilbahn\"}]},{\"@type\":\"WebSite\",\"@id\":\"https:\/\/www.sonnenseite.com\/de\/#website\",\"url\":\"https:\/\/www.sonnenseite.com\/de\/\",\"name\":\"Sonnenseite\",\"description\":\"\u00d6kologische Kommunikation mit Franz Alt\",\"publisher\":{\"@id\":\"https:\/\/www.sonnenseite.com\/de\/#organization\"},\"potentialAction\":[{\"@type\":\"SearchAction\",\"target\":{\"@type\":\"EntryPoint\",\"urlTemplate\":\"https:\/\/www.sonnenseite.com\/de\/?s={search_term_string}\"},\"query-input\":{\"@type\":\"PropertyValueSpecification\",\"valueRequired\":true,\"valueName\":\"search_term_string\"}}],\"inLanguage\":\"de\"},{\"@type\":\"Organization\",\"@id\":\"https:\/\/www.sonnenseite.com\/de\/#organization\",\"name\":\"Sonnenseite\",\"url\":\"https:\/\/www.sonnenseite.com\/de\/\",\"logo\":{\"@type\":\"ImageObject\",\"inLanguage\":\"de\",\"@id\":\"https:\/\/www.sonnenseite.com\/de\/#\/schema\/logo\/image\/\",\"url\":\"https:\/\/www.sonnenseite.com\/wp-content\/uploads\/2020\/05\/Sonnenseite_Logo.png\",\"contentUrl\":\"https:\/\/www.sonnenseite.com\/wp-content\/uploads\/2020\/05\/Sonnenseite_Logo.png\",\"width\":377,\"height\":90,\"caption\":\"Sonnenseite\"},\"image\":{\"@id\":\"https:\/\/www.sonnenseite.com\/de\/#\/schema\/logo\/image\/\"},\"sameAs\":[\"https:\/\/www.facebook.com\/pages\/Franz-Alt-SONNENSEITECOM\/221072987903953?fref=ts\",\"https:\/\/x.com\/franzalt\",\"http:\/\/www.youtube.com\/results?search_query&amp;amp;quot;franz_alt&amp;amp;quot;&amp;amp;amp;amp;search_type&amp;amp;amp;amp;aq=f\"]},{\"@type\":\"Person\",\"@id\":\"https:\/\/www.sonnenseite.com\/de\/#\/schema\/person\/50fda0e926597684c7cc6695238a4eb9\",\"name\":\"Bigi Alt\"}]}<\/script>\n<!-- \/ Yoast SEO plugin. -->","yoast_head_json":{"title":"Zw\u00f6lferhorn St. Gilgen: Erste energieautarke Seilbahn - Sonnenseite - \u00d6kologische Kommunikation mit Franz Alt","description":"Die erste energieautarke Seilbahn weltweit f\u00fchrt auf den Hausberg in St. Gilgen am Wolfgangsee. Die Zw\u00f6lferhorn Seilbahn, die seit Herbst 2020 in neuem","robots":{"index":"index","follow":"follow","max-snippet":"max-snippet:-1","max-image-preview":"max-image-preview:large","max-video-preview":"max-video-preview:-1"},"canonical":"https:\/\/www.sonnenseite.com\/de\/tipps\/zwoelferhorn-st-gilgen-erste-energieautarke-seilbahn\/","og_locale":"de_DE","og_type":"article","og_title":"Zw\u00f6lferhorn St. Gilgen: Erste energieautarke Seilbahn - Sonnenseite - \u00d6kologische Kommunikation mit Franz Alt","og_description":"Die erste energieautarke Seilbahn weltweit f\u00fchrt auf den Hausberg in St. Gilgen am Wolfgangsee. Die Zw\u00f6lferhorn Seilbahn, die seit Herbst 2020 in neuem","og_url":"https:\/\/www.sonnenseite.com\/de\/tipps\/zwoelferhorn-st-gilgen-erste-energieautarke-seilbahn\/","og_site_name":"Sonnenseite","article_publisher":"https:\/\/www.facebook.com\/pages\/Franz-Alt-SONNENSEITECOM\/221072987903953?fref=ts","article_published_time":"2024-02-24T02:33:00+00:00","og_image":[{"width":770,"height":420,"url":"https:\/\/www.sonnenseite.com\/wp-content\/uploads\/2024\/02\/Zwoelferhornbahn02.jpg","type":"image\/jpeg"}],"author":"Bigi Alt","twitter_card":"summary_large_image","twitter_creator":"@franzalt","twitter_site":"@franzalt","twitter_misc":{"Verfasst von":"Bigi Alt","Gesch\u00e4tzte Lesezeit":"4\u00a0Minuten"},"schema":{"@context":"https:\/\/schema.org","@graph":[{"@type":"Article","@id":"https:\/\/www.sonnenseite.com\/de\/tipps\/zwoelferhorn-st-gilgen-erste-energieautarke-seilbahn\/#article","isPartOf":{"@id":"https:\/\/www.sonnenseite.com\/de\/tipps\/zwoelferhorn-st-gilgen-erste-energieautarke-seilbahn\/"},"author":{"name":"Bigi Alt","@id":"https:\/\/www.sonnenseite.com\/de\/#\/schema\/person\/50fda0e926597684c7cc6695238a4eb9"},"headline":"Zw\u00f6lferhorn St. Gilgen: Erste energieautarke Seilbahn","datePublished":"2024-02-24T02:33:00+00:00","mainEntityOfPage":{"@id":"https:\/\/www.sonnenseite.com\/de\/tipps\/zwoelferhorn-st-gilgen-erste-energieautarke-seilbahn\/"},"wordCount":673,"publisher":{"@id":"https:\/\/www.sonnenseite.com\/de\/#organization"},"image":{"@id":"https:\/\/www.sonnenseite.com\/de\/tipps\/zwoelferhorn-st-gilgen-erste-energieautarke-seilbahn\/#primaryimage"},"thumbnailUrl":"https:\/\/www.sonnenseite.com\/wp-content\/uploads\/2024\/02\/Zwoelferhornbahn02.jpg","articleSection":["Tipps"],"inLanguage":"de"},{"@type":"WebPage","@id":"https:\/\/www.sonnenseite.com\/de\/tipps\/zwoelferhorn-st-gilgen-erste-energieautarke-seilbahn\/","url":"https:\/\/www.sonnenseite.com\/de\/tipps\/zwoelferhorn-st-gilgen-erste-energieautarke-seilbahn\/","name":"Zw\u00f6lferhorn St. Gilgen: Erste energieautarke Seilbahn - Sonnenseite - \u00d6kologische Kommunikation mit Franz Alt","isPartOf":{"@id":"https:\/\/www.sonnenseite.com\/de\/#website"},"primaryImageOfPage":{"@id":"https:\/\/www.sonnenseite.com\/de\/tipps\/zwoelferhorn-st-gilgen-erste-energieautarke-seilbahn\/#primaryimage"},"image":{"@id":"https:\/\/www.sonnenseite.com\/de\/tipps\/zwoelferhorn-st-gilgen-erste-energieautarke-seilbahn\/#primaryimage"},"thumbnailUrl":"https:\/\/www.sonnenseite.com\/wp-content\/uploads\/2024\/02\/Zwoelferhornbahn02.jpg","datePublished":"2024-02-24T02:33:00+00:00","description":"Die erste energieautarke Seilbahn weltweit f\u00fchrt auf den Hausberg in St. Gilgen am Wolfgangsee. Die Zw\u00f6lferhorn Seilbahn, die seit Herbst 2020 in neuem","breadcrumb":{"@id":"https:\/\/www.sonnenseite.com\/de\/tipps\/zwoelferhorn-st-gilgen-erste-energieautarke-seilbahn\/#breadcrumb"},"inLanguage":"de","potentialAction":[{"@type":"ReadAction","target":["https:\/\/www.sonnenseite.com\/de\/tipps\/zwoelferhorn-st-gilgen-erste-energieautarke-seilbahn\/"]}]},{"@type":"ImageObject","inLanguage":"de","@id":"https:\/\/www.sonnenseite.com\/de\/tipps\/zwoelferhorn-st-gilgen-erste-energieautarke-seilbahn\/#primaryimage","url":"https:\/\/www.sonnenseite.com\/wp-content\/uploads\/2024\/02\/Zwoelferhornbahn02.jpg","contentUrl":"https:\/\/www.sonnenseite.com\/wp-content\/uploads\/2024\/02\/Zwoelferhornbahn02.jpg","width":770,"height":420,"caption":"seilbahn.net | zwoelferhorn.at"},{"@type":"BreadcrumbList","@id":"https:\/\/www.sonnenseite.com\/de\/tipps\/zwoelferhorn-st-gilgen-erste-energieautarke-seilbahn\/#breadcrumb","itemListElement":[{"@type":"ListItem","position":1,"name":"Startseite","item":"https:\/\/www.sonnenseite.com\/de\/"},{"@type":"ListItem","position":2,"name":"Zw\u00f6lferhorn St. Gilgen: Erste energieautarke Seilbahn"}]},{"@type":"WebSite","@id":"https:\/\/www.sonnenseite.com\/de\/#website","url":"https:\/\/www.sonnenseite.com\/de\/","name":"Sonnenseite","description":"\u00d6kologische Kommunikation mit Franz Alt","publisher":{"@id":"https:\/\/www.sonnenseite.com\/de\/#organization"},"potentialAction":[{"@type":"SearchAction","target":{"@type":"EntryPoint","urlTemplate":"https:\/\/www.sonnenseite.com\/de\/?s={search_term_string}"},"query-input":{"@type":"PropertyValueSpecification","valueRequired":true,"valueName":"search_term_string"}}],"inLanguage":"de"},{"@type":"Organization","@id":"https:\/\/www.sonnenseite.com\/de\/#organization","name":"Sonnenseite","url":"https:\/\/www.sonnenseite.com\/de\/","logo":{"@type":"ImageObject","inLanguage":"de","@id":"https:\/\/www.sonnenseite.com\/de\/#\/schema\/logo\/image\/","url":"https:\/\/www.sonnenseite.com\/wp-content\/uploads\/2020\/05\/Sonnenseite_Logo.png","contentUrl":"https:\/\/www.sonnenseite.com\/wp-content\/uploads\/2020\/05\/Sonnenseite_Logo.png","width":377,"height":90,"caption":"Sonnenseite"},"image":{"@id":"https:\/\/www.sonnenseite.com\/de\/#\/schema\/logo\/image\/"},"sameAs":["https:\/\/www.facebook.com\/pages\/Franz-Alt-SONNENSEITECOM\/221072987903953?fref=ts","https:\/\/x.com\/franzalt","http:\/\/www.youtube.com\/results?search_query&amp;amp;quot;franz_alt&amp;amp;quot;&amp;amp;amp;amp;search_type&amp;amp;amp;amp;aq=f"]},{"@type":"Person","@id":"https:\/\/www.sonnenseite.com\/de\/#\/schema\/person\/50fda0e926597684c7cc6695238a4eb9","name":"Bigi Alt"}]}},"_links":{"self":[{"href":"https:\/\/www.sonnenseite.com\/de\/wp-json\/wp\/v2\/posts\/97694","targetHints":{"allow":["GET"]}}],"collection":[{"href":"https:\/\/www.sonnenseite.com\/de\/wp-json\/wp\/v2\/posts"}],"about":[{"href":"https:\/\/www.sonnenseite.com\/de\/wp-json\/wp\/v2\/types\/post"}],"author":[{"embeddable":true,"href":"https:\/\/www.sonnenseite.com\/de\/wp-json\/wp\/v2\/users\/3"}],"replies":[{"embeddable":true,"href":"https:\/\/www.sonnenseite.com\/de\/wp-json\/wp\/v2\/comments?post=97694"}],"version-history":[{"count":2,"href":"https:\/\/www.sonnenseite.com\/de\/wp-json\/wp\/v2\/posts\/97694\/revisions"}],"predecessor-version":[{"id":97700,"href":"https:\/\/www.sonnenseite.com\/de\/wp-json\/wp\/v2\/posts\/97694\/revisions\/97700"}],"wp:featuredmedia":[{"embeddable":true,"href":"https:\/\/www.sonnenseite.com\/de\/wp-json\/wp\/v2\/media\/97698"}],"wp:attachment":[{"href":"https:\/\/www.sonnenseite.com\/de\/wp-json\/wp\/v2\/media?parent=97694"}],"wp:term":[{"taxonomy":"category","embeddable":true,"href":"https:\/\/www.sonnenseite.com\/de\/wp-json\/wp\/v2\/categories?post=97694"},{"taxonomy":"post_tag","embeddable":true,"href":"https:\/\/www.sonnenseite.com\/de\/wp-json\/wp\/v2\/tags?post=97694"}],"curies":[{"name":"wp","href":"https:\/\/api.w.org\/{rel}","templated":true}]}}