{"id":97997,"date":"2024-03-09T02:58:00","date_gmt":"2024-03-09T01:58:00","guid":{"rendered":"https:\/\/www.sonnenseite.com\/?p=97997"},"modified":"2024-03-17T09:17:20","modified_gmt":"2024-03-17T08:17:20","slug":"klimawandel-bringt-natur-aus-dem-takt","status":"publish","type":"post","link":"https:\/\/www.sonnenseite.com\/de\/umwelt\/klimawandel-bringt-natur-aus-dem-takt\/","title":{"rendered":"Klimawandel bringt Natur aus dem Takt"},"content":{"rendered":"\n<p>\u201eJe besser wir die Natur sch\u00fctzen, desto besser sch\u00fctzt sie uns,\u201c Johannes Enssle<\/p>\n\n\n\n<p>Ein neuer Klimarekord schreckt Baden-W\u00fcrttemberg auf: 2023 war das <a href=\"https:\/\/www.sonnenseite.com\/de\/franz-alt\/kommentare-interviews\/wie-kommen-wir-aus-der-krise\/\">w\u00e4rmste je gemessene Jahr seit 1881<\/a>, wie der <a href=\"https:\/\/www.dwd.de\/DE\/presse\/pressemitteilungen\/DE\/2024\/20240228_deutschlandwetter_winter2023-2024_news.html;jsessionid=A99112853121B346380FB9183339FAAA.live31091?nn=16210\">Deutsche Wetterdienst mitteilte<\/a>. \u201eDie Fieberkurve der Erde steigt bisher ungebremst \u2013 dabei ist der S\u00fcdwesten besonders von Hitze betroffen. Wir m\u00fcssen beim Klimaschutz besser und schneller werden und die Natur als Verb\u00fcndete st\u00e4rker einbeziehen\u201c, betont der NABU-Landesvorsitzende Johannes Enssle. Die Natur habe gleich eine doppelt bedeutsame Rolle: Sie sei Leidtragende und Helferin zugleich.<\/p>\n\n\n\n<h4 class=\"wp-block-heading\">B\u00e4che und Fl\u00fcsse<\/h4>\n\n\n\n<p>\u201eJahrzehntelang haben wir unsere B\u00e4che und Fl\u00fcsse begradigt, um das Wasser m\u00f6glichst schnell abzuf\u00fchren. Bei Starkregen hat dies folgenschwere Auswirkungen, weil die Fl\u00fcsse aus Platzmangel \u00fcberlaufen. Bei D\u00fcrre fallen sie schneller trocken, weil das Wasser zu schnell abflie\u00dft. Wenn wir unseren Fl\u00fcssen und B\u00e4chen wieder mehr Raum geben, k\u00f6nnen sie ihre Multifunktionsaufgabe als Lebensader, Wasserspeicher und k\u00fchlendes Element in der Landschaft wieder besser erf\u00fcllen und Wetterextreme besser abpuffern\u201c, so Enssle.<\/p>\n\n\n\n<h4 class=\"wp-block-heading\">Moore<\/h4>\n\n\n\n<p>Das Gleiche gilt f\u00fcr Moore: \u201eUnsere Moore speichern nicht nur gro\u00dfe Mengen an Kohlenstoff, sie sind auch wichtige Wasserspeicher. \u00dcber Jahrhunderte haben wir Menschen alles darangesetzt, sie trockenzulegen. In der Folge sto\u00dfen sie gro\u00dfe Mengen Treibhausgase aus. Jetzt m\u00fcssen wir sie schnell stabilisieren und das Wasser zur\u00fcckhalten, damit nicht noch mehr Kohlenstoff entweicht und sie zudem in Trockenperioden das Wasser in der Landschaft halten\u201c, sagt Enssle.<\/p>\n\n\n\n<h4 class=\"wp-block-heading\">Insekten und Pflanzen<\/h4>\n\n\n\n<p>Auch f\u00fcr Insekten ist der Klimawandel ein Problem: Wichtig f\u00fcr Insekten ist eine durchg\u00e4ngige Winterruhe. Warme Phasen, die sich h\u00e4ufiger mit Frost und K\u00e4lte abwechseln, f\u00fchren dazu, dass die Insekten ihre Winterruhe immer wieder unterbrechen und damit ihre Energiereserven verbrauchen, ohne entsprechende Nahrung, wie zum Beispiel Nektar, aufnehmen zu k\u00f6nnen, weil ja noch gar nichts bl\u00fcht. So wurden Anfang Januar schon Hummelk\u00f6niginnen gesichtet, die vermutlich das Fr\u00fchjahr nicht erleben werden, weil sie im Januar keinen Nektar finden. Auch das fr\u00fche Austreiben von Fr\u00fchbl\u00fchern kann dazu f\u00fchren, dass der Bl\u00fchzeitpunkt der Pflanzen nicht mehr mit dem Flugzeitpunkt von Insekten \u00fcbereinstimmt.<\/p>\n\n\n<div class=\"wp-block-image\">\n<figure class=\"alignleft size-full is-resized\"><img loading=\"lazy\" decoding=\"async\" width=\"770\" height=\"420\" src=\"https:\/\/www.sonnenseite.com\/wp-content\/uploads\/2024\/03\/Baerlauch_Hans.jpg\" alt=\"\" class=\"wp-image-98000\" style=\"width:303px;height:auto\" srcset=\"https:\/\/www.sonnenseite.com\/wp-content\/uploads\/2024\/03\/Baerlauch_Hans.jpg 770w, https:\/\/www.sonnenseite.com\/wp-content\/uploads\/2024\/03\/Baerlauch_Hans-300x164.jpg 300w, https:\/\/www.sonnenseite.com\/wp-content\/uploads\/2024\/03\/Baerlauch_Hans-768x419.jpg 768w\" sizes=\"auto, (max-width: 770px) 100vw, 770px\" \/><figcaption class=\"wp-element-caption\">\u00a9 pixabay.com \/ Hans \/ B\u00e4rlauch | B\u00e4rlauch l\u00e4sst sich am Duft eindeutig von seinen giftigen Doppelg\u00e4ngern unterscheiden: \u201eZerreibt man das zarte, lanzenf\u00f6rmige Blatt zwischen den Fingern, verstr\u00f6mt es einen knoblauchartigen Duft.\u201c<\/figcaption><\/figure>\n<\/div>\n\n\n<p><a href=\"https:\/\/baden-wuerttemberg.nabu.de\/modules\/presseservice\/index.php?popup=true&amp;db=presseservice_baden_wuerttemberg&amp;show=17042\">Fr\u00fcher Start f\u00fcr den B\u00e4rlauch im Land &#8211; mehr<\/a> <\/p>\n\n\n\n<p>Die Beispiele zeigen: Mit dem Klimawandel kommt unsere Natur aus dem Takt. Der Klimawandel geht so schnell vonstatten, dass Insekten sowie andere Tiere und Pflanzen sich kaum anpassen k\u00f6nnen. Zunehmend wandern auch w\u00e4rmeliebende Arten aus dem mediterranen Raum im S\u00fcdwesten ein, andere wandern weiter nach Norden. Diese Wanderbewegungen lassen sich f\u00fcr einige Arten sogar auf der Meldeplattform NABU-Naturgucker nachverfolgen.<\/p>\n\n\n\n<div style=\"height:7px\" aria-hidden=\"true\" class=\"wp-block-spacer\"><\/div>\n\n\n\n<h4 class=\"wp-block-heading\">Menschen<\/h4>\n\n\n\n<p>Unter Hitzeperioden leiden besonders \u00e4ltere Menschen in den St\u00e4dten, weil sich hier Hitzeinseln bilden. \u201eGeben wir der Natur in den Siedlungsr\u00e4umen wieder mehr Raum, indem wir Fl\u00e4chen entsiegeln, B\u00e4ume pflanzen, D\u00e4cher und Fassaden begr\u00fcnen und Bachl\u00e4ufe zur\u00fcck an die Oberfl\u00e4che holen, k\u00f6nnen Hitzeperioden genauso wie Starkregenereignisse besser abgefedert werden\u201c, so Enssle.<\/p>\n\n\n\n<p>Mit all diesen Beispielen werde deutlich, dass mehr Natur ein Teil der L\u00f6sung beim Klimaschutz und bei der Anpassung an die Folgen des Klimawandels ist. \u201eJe besser wir die Natur sch\u00fctzen, desto besser sch\u00fctzt sie uns\u201c, fasst Enssle zusammen.<\/p>\n\n\n<h5 class=\"green\">Quelle<\/h5>\r\n\n\n\n<p><a href=\"https:\/\/baden-wuerttemberg.nabu.de\/\">NABU (Naturschutzbund Deutschland), Landesverband Baden-W\u00fcrttemberg e. V. 2024<\/a> | <a href=\"mailto:Johannes.Enssle@NABU-BW.de\">Johannes Enssle, NABU-Landesvorsitzender<\/a><\/p>\n<div class=\"shariff shariff-align-flex-start shariff-widget-align-flex-start\"><div class=\"ShariffHeadline\">Diese Meldung teilen<\/div><ul class=\"shariff-buttons theme-round orientation-horizontal buttonsize-medium\"><li class=\"shariff-button facebook shariff-nocustomcolor\" style=\"background-color:#4273c8;border-radius:1%\"><a href=\"https:\/\/www.facebook.com\/sharer\/sharer.php?u=https%3A%2F%2Fwww.sonnenseite.com%2Fde%2Fumwelt%2Fklimawandel-bringt-natur-aus-dem-takt%2F\" title=\"Bei Facebook teilen\" aria-label=\"Bei Facebook teilen\" role=\"button\" rel=\"nofollow\" class=\"shariff-link\" style=\";border-radius:1%; background-color:#3b5998; color:#fff\" target=\"_blank\"><span class=\"shariff-icon\" style=\"\"><svg width=\"32px\" height=\"20px\" xmlns=\"http:\/\/www.w3.org\/2000\/svg\" viewBox=\"0 0 18 32\"><path fill=\"#3b5998\" d=\"M17.1 0.2v4.7h-2.8q-1.5 0-2.1 0.6t-0.5 1.9v3.4h5.2l-0.7 5.3h-4.5v13.6h-5.5v-13.6h-4.5v-5.3h4.5v-3.9q0-3.3 1.9-5.2t5-1.8q2.6 0 4.1 0.2z\"\/><\/svg><\/span><\/a><\/li><li class=\"shariff-button twitter shariff-nocustomcolor\" style=\"background-color:#595959;border-radius:1%\"><a href=\"https:\/\/twitter.com\/share?url=https%3A%2F%2Fwww.sonnenseite.com%2Fde%2Fumwelt%2Fklimawandel-bringt-natur-aus-dem-takt%2F&text=Klimawandel%20bringt%20Natur%20aus%20dem%20Takt\" title=\"Bei X teilen\" aria-label=\"Bei X teilen\" role=\"button\" rel=\"noopener nofollow\" class=\"shariff-link\" style=\";border-radius:1%; background-color:#000; color:#fff\" target=\"_blank\"><span class=\"shariff-icon\" style=\"\"><svg width=\"32px\" height=\"20px\" xmlns=\"http:\/\/www.w3.org\/2000\/svg\" viewBox=\"0 0 24 24\"><path fill=\"#000\" d=\"M14.258 10.152L23.176 0h-2.113l-7.747 8.813L7.133 0H0l9.352 13.328L0 23.973h2.113l8.176-9.309 6.531 9.309h7.133zm-2.895 3.293l-.949-1.328L2.875 1.56h3.246l6.086 8.523.945 1.328 7.91 11.078h-3.246zm0 0\"\/><\/svg><\/span><\/a><\/li><li class=\"shariff-button xing shariff-nocustomcolor\" style=\"background-color:#29888a;border-radius:1%\"><a href=\"https:\/\/www.xing.com\/spi\/shares\/new?url=https%3A%2F%2Fwww.sonnenseite.com%2Fde%2Fumwelt%2Fklimawandel-bringt-natur-aus-dem-takt%2F\" title=\"Bei XING teilen\" aria-label=\"Bei XING teilen\" role=\"button\" rel=\"noopener nofollow\" class=\"shariff-link\" style=\";border-radius:1%; background-color:#126567; color:#fff\" target=\"_blank\"><span class=\"shariff-icon\" style=\"\"><svg width=\"32px\" height=\"20px\" xmlns=\"http:\/\/www.w3.org\/2000\/svg\" viewBox=\"0 0 25 32\"><path fill=\"#126567\" d=\"M10.7 11.9q-0.2 0.3-4.6 8.2-0.5 0.8-1.2 0.8h-4.3q-0.4 0-0.5-0.3t0-0.6l4.5-8q0 0 0 0l-2.9-5q-0.2-0.4 0-0.7 0.2-0.3 0.5-0.3h4.3q0.7 0 1.2 0.8zM25.1 0.4q0.2 0.3 0 0.7l-9.4 16.7 6 11q0.2 0.4 0 0.6-0.2 0.3-0.6 0.3h-4.3q-0.7 0-1.2-0.8l-6-11.1q0.3-0.6 9.5-16.8 0.4-0.8 1.2-0.8h4.3q0.4 0 0.5 0.3z\"\/><\/svg><\/span><\/a><\/li><li class=\"shariff-button linkedin shariff-nocustomcolor\" style=\"background-color:#1488bf;border-radius:1%\"><a href=\"https:\/\/www.linkedin.com\/sharing\/share-offsite\/?url=https%3A%2F%2Fwww.sonnenseite.com%2Fde%2Fumwelt%2Fklimawandel-bringt-natur-aus-dem-takt%2F\" title=\"Bei LinkedIn teilen\" aria-label=\"Bei LinkedIn teilen\" role=\"button\" rel=\"noopener nofollow\" class=\"shariff-link\" style=\";border-radius:1%; background-color:#0077b5; color:#fff\" target=\"_blank\"><span class=\"shariff-icon\" style=\"\"><svg width=\"32px\" height=\"20px\" xmlns=\"http:\/\/www.w3.org\/2000\/svg\" viewBox=\"0 0 27 32\"><path fill=\"#0077b5\" d=\"M6.2 11.2v17.7h-5.9v-17.7h5.9zM6.6 5.7q0 1.3-0.9 2.2t-2.4 0.9h0q-1.5 0-2.4-0.9t-0.9-2.2 0.9-2.2 2.4-0.9 2.4 0.9 0.9 2.2zM27.4 18.7v10.1h-5.9v-9.5q0-1.9-0.7-2.9t-2.3-1.1q-1.1 0-1.9 0.6t-1.2 1.5q-0.2 0.5-0.2 1.4v9.9h-5.9q0-7.1 0-11.6t0-5.3l0-0.9h5.9v2.6h0q0.4-0.6 0.7-1t1-0.9 1.6-0.8 2-0.3q3 0 4.9 2t1.9 6z\"\/><\/svg><\/span><\/a><\/li><li class=\"shariff-button printer shariff-nocustomcolor\" style=\"background-color:#a8a8a8;border-radius:1%\"><a href=\"javascript:window.print()\" title=\"drucken\" aria-label=\"drucken\" role=\"button\" rel=\"noopener nofollow\" class=\"shariff-link\" style=\";border-radius:1%; background-color:#999; color:#fff\"><span class=\"shariff-icon\" style=\"\"><svg width=\"32px\" height=\"20px\" xmlns=\"http:\/\/www.w3.org\/2000\/svg\" viewBox=\"0 0 30 32\"><path fill=\"#999\" d=\"M6.8 27.4h16v-4.6h-16v4.6zM6.8 16h16v-6.8h-2.8q-0.7 0-1.2-0.5t-0.5-1.2v-2.8h-11.4v11.4zM27.4 17.2q0-0.5-0.3-0.8t-0.8-0.4-0.8 0.4-0.3 0.8 0.3 0.8 0.8 0.3 0.8-0.3 0.3-0.8zM29.7 17.2v7.4q0 0.2-0.2 0.4t-0.4 0.2h-4v2.8q0 0.7-0.5 1.2t-1.2 0.5h-17.2q-0.7 0-1.2-0.5t-0.5-1.2v-2.8h-4q-0.2 0-0.4-0.2t-0.2-0.4v-7.4q0-1.4 1-2.4t2.4-1h1.2v-9.7q0-0.7 0.5-1.2t1.2-0.5h12q0.7 0 1.6 0.4t1.3 0.8l2.7 2.7q0.5 0.5 0.9 1.4t0.4 1.6v4.6h1.1q1.4 0 2.4 1t1 2.4z\"\/><\/svg><\/span><\/a><\/li><li class=\"shariff-button mailto shariff-nocustomcolor\" style=\"background-color:#a8a8a8;border-radius:1%\"><a href=\"mailto:?body=https%3A%2F%2Fwww.sonnenseite.com%2Fde%2Fumwelt%2Fklimawandel-bringt-natur-aus-dem-takt%2F&subject=Klimawandel%20bringt%20Natur%20aus%20dem%20Takt\" title=\"Per E-Mail versenden\" aria-label=\"Per E-Mail versenden\" role=\"button\" rel=\"noopener nofollow\" class=\"shariff-link\" style=\";border-radius:1%; background-color:#999; color:#fff\"><span class=\"shariff-icon\" style=\"\"><svg width=\"32px\" height=\"20px\" xmlns=\"http:\/\/www.w3.org\/2000\/svg\" viewBox=\"0 0 32 32\"><path fill=\"#999\" d=\"M32 12.7v14.2q0 1.2-0.8 2t-2 0.9h-26.3q-1.2 0-2-0.9t-0.8-2v-14.2q0.8 0.9 1.8 1.6 6.5 4.4 8.9 6.1 1 0.8 1.6 1.2t1.7 0.9 2 0.4h0.1q0.9 0 2-0.4t1.7-0.9 1.6-1.2q3-2.2 8.9-6.1 1-0.7 1.8-1.6zM32 7.4q0 1.4-0.9 2.7t-2.2 2.2q-6.7 4.7-8.4 5.8-0.2 0.1-0.7 0.5t-1 0.7-0.9 0.6-1.1 0.5-0.9 0.2h-0.1q-0.4 0-0.9-0.2t-1.1-0.5-0.9-0.6-1-0.7-0.7-0.5q-1.6-1.1-4.7-3.2t-3.6-2.6q-1.1-0.7-2.1-2t-1-2.5q0-1.4 0.7-2.3t2.1-0.9h26.3q1.2 0 2 0.8t0.9 2z\"\/><\/svg><\/span><\/a><\/li><\/ul><\/div>","protected":false},"excerpt":{"rendered":"<p>\u201eJe besser wir die Natur sch\u00fctzen, desto besser sch\u00fctzt sie uns,\u201c Johannes Enssle Ein neuer Klimarekord [&hellip;]<\/p>\n","protected":false},"author":3,"featured_media":17785,"comment_status":"closed","ping_status":"closed","sticky":false,"template":"","format":"standard","meta":{"inline_featured_image":false,"footnotes":""},"categories":[23],"tags":[],"class_list":["post-97997","post","type-post","status-publish","format-standard","has-post-thumbnail","hentry","category-umwelt"],"yoast_head":"<!-- This site is optimized with the Yoast SEO plugin v26.5 - https:\/\/yoast.com\/wordpress\/plugins\/seo\/ -->\n<title>Klimawandel bringt Natur aus dem Takt - Sonnenseite - \u00d6kologische Kommunikation mit Franz Alt<\/title>\n<meta name=\"description\" content=\"\u201eJe besser wir die Natur sch\u00fctzen, desto besser sch\u00fctzt sie uns,\u201c Johannes Enssle Ein neuer Klimarekord schreckt Baden-W\u00fcrttemberg auf: 2023 war das\" \/>\n<meta name=\"robots\" content=\"index, follow, max-snippet:-1, max-image-preview:large, max-video-preview:-1\" \/>\n<link rel=\"canonical\" href=\"https:\/\/www.sonnenseite.com\/de\/umwelt\/klimawandel-bringt-natur-aus-dem-takt\/\" \/>\n<meta property=\"og:locale\" content=\"de_DE\" \/>\n<meta property=\"og:type\" content=\"article\" \/>\n<meta property=\"og:title\" content=\"Klimawandel bringt Natur aus dem Takt - Sonnenseite - \u00d6kologische Kommunikation mit Franz Alt\" \/>\n<meta property=\"og:description\" content=\"\u201eJe besser wir die Natur sch\u00fctzen, desto besser sch\u00fctzt sie uns,\u201c Johannes Enssle Ein neuer Klimarekord schreckt Baden-W\u00fcrttemberg auf: 2023 war das\" \/>\n<meta property=\"og:url\" content=\"https:\/\/www.sonnenseite.com\/de\/umwelt\/klimawandel-bringt-natur-aus-dem-takt\/\" \/>\n<meta property=\"og:site_name\" content=\"Sonnenseite\" \/>\n<meta property=\"article:publisher\" content=\"https:\/\/www.facebook.com\/pages\/Franz-Alt-SONNENSEITECOM\/221072987903953?fref=ts\" \/>\n<meta property=\"article:published_time\" content=\"2024-03-09T01:58:00+00:00\" \/>\n<meta property=\"article:modified_time\" content=\"2024-03-17T08:17:20+00:00\" \/>\n<meta property=\"og:image\" content=\"https:\/\/www.sonnenseite.com\/wp-content\/uploads\/2018\/06\/Hummel_Skitterphoto.jpg\" \/>\n\t<meta property=\"og:image:width\" content=\"770\" \/>\n\t<meta property=\"og:image:height\" content=\"420\" \/>\n\t<meta property=\"og:image:type\" content=\"image\/jpeg\" \/>\n<meta name=\"author\" content=\"Bigi Alt\" \/>\n<meta name=\"twitter:card\" content=\"summary_large_image\" \/>\n<meta name=\"twitter:creator\" content=\"@franzalt\" \/>\n<meta name=\"twitter:site\" content=\"@franzalt\" \/>\n<meta name=\"twitter:label1\" content=\"Verfasst von\" \/>\n\t<meta name=\"twitter:data1\" content=\"Bigi Alt\" \/>\n\t<meta name=\"twitter:label2\" content=\"Gesch\u00e4tzte Lesezeit\" \/>\n\t<meta name=\"twitter:data2\" content=\"4\u00a0Minuten\" \/>\n<script type=\"application\/ld+json\" class=\"yoast-schema-graph\">{\"@context\":\"https:\/\/schema.org\",\"@graph\":[{\"@type\":\"Article\",\"@id\":\"https:\/\/www.sonnenseite.com\/de\/umwelt\/klimawandel-bringt-natur-aus-dem-takt\/#article\",\"isPartOf\":{\"@id\":\"https:\/\/www.sonnenseite.com\/de\/umwelt\/klimawandel-bringt-natur-aus-dem-takt\/\"},\"author\":{\"name\":\"Bigi Alt\",\"@id\":\"https:\/\/www.sonnenseite.com\/de\/#\/schema\/person\/50fda0e926597684c7cc6695238a4eb9\"},\"headline\":\"Klimawandel bringt Natur aus dem Takt\",\"datePublished\":\"2024-03-09T01:58:00+00:00\",\"dateModified\":\"2024-03-17T08:17:20+00:00\",\"mainEntityOfPage\":{\"@id\":\"https:\/\/www.sonnenseite.com\/de\/umwelt\/klimawandel-bringt-natur-aus-dem-takt\/\"},\"wordCount\":596,\"publisher\":{\"@id\":\"https:\/\/www.sonnenseite.com\/de\/#organization\"},\"image\":{\"@id\":\"https:\/\/www.sonnenseite.com\/de\/umwelt\/klimawandel-bringt-natur-aus-dem-takt\/#primaryimage\"},\"thumbnailUrl\":\"https:\/\/www.sonnenseite.com\/wp-content\/uploads\/2018\/06\/Hummel_Skitterphoto.jpg\",\"articleSection\":[\"Umwelt\"],\"inLanguage\":\"de\"},{\"@type\":\"WebPage\",\"@id\":\"https:\/\/www.sonnenseite.com\/de\/umwelt\/klimawandel-bringt-natur-aus-dem-takt\/\",\"url\":\"https:\/\/www.sonnenseite.com\/de\/umwelt\/klimawandel-bringt-natur-aus-dem-takt\/\",\"name\":\"Klimawandel bringt Natur aus dem Takt - Sonnenseite - \u00d6kologische Kommunikation mit Franz Alt\",\"isPartOf\":{\"@id\":\"https:\/\/www.sonnenseite.com\/de\/#website\"},\"primaryImageOfPage\":{\"@id\":\"https:\/\/www.sonnenseite.com\/de\/umwelt\/klimawandel-bringt-natur-aus-dem-takt\/#primaryimage\"},\"image\":{\"@id\":\"https:\/\/www.sonnenseite.com\/de\/umwelt\/klimawandel-bringt-natur-aus-dem-takt\/#primaryimage\"},\"thumbnailUrl\":\"https:\/\/www.sonnenseite.com\/wp-content\/uploads\/2018\/06\/Hummel_Skitterphoto.jpg\",\"datePublished\":\"2024-03-09T01:58:00+00:00\",\"dateModified\":\"2024-03-17T08:17:20+00:00\",\"description\":\"\u201eJe besser wir die Natur sch\u00fctzen, desto besser sch\u00fctzt sie uns,\u201c Johannes Enssle Ein neuer Klimarekord schreckt Baden-W\u00fcrttemberg auf: 2023 war das\",\"breadcrumb\":{\"@id\":\"https:\/\/www.sonnenseite.com\/de\/umwelt\/klimawandel-bringt-natur-aus-dem-takt\/#breadcrumb\"},\"inLanguage\":\"de\",\"potentialAction\":[{\"@type\":\"ReadAction\",\"target\":[\"https:\/\/www.sonnenseite.com\/de\/umwelt\/klimawandel-bringt-natur-aus-dem-takt\/\"]}]},{\"@type\":\"ImageObject\",\"inLanguage\":\"de\",\"@id\":\"https:\/\/www.sonnenseite.com\/de\/umwelt\/klimawandel-bringt-natur-aus-dem-takt\/#primaryimage\",\"url\":\"https:\/\/www.sonnenseite.com\/wp-content\/uploads\/2018\/06\/Hummel_Skitterphoto.jpg\",\"contentUrl\":\"https:\/\/www.sonnenseite.com\/wp-content\/uploads\/2018\/06\/Hummel_Skitterphoto.jpg\",\"width\":770,\"height\":420,\"caption\":\"pixabay.com | Skitterphoto\"},{\"@type\":\"BreadcrumbList\",\"@id\":\"https:\/\/www.sonnenseite.com\/de\/umwelt\/klimawandel-bringt-natur-aus-dem-takt\/#breadcrumb\",\"itemListElement\":[{\"@type\":\"ListItem\",\"position\":1,\"name\":\"Startseite\",\"item\":\"https:\/\/www.sonnenseite.com\/de\/\"},{\"@type\":\"ListItem\",\"position\":2,\"name\":\"Klimawandel bringt Natur aus dem Takt\"}]},{\"@type\":\"WebSite\",\"@id\":\"https:\/\/www.sonnenseite.com\/de\/#website\",\"url\":\"https:\/\/www.sonnenseite.com\/de\/\",\"name\":\"Sonnenseite\",\"description\":\"\u00d6kologische Kommunikation mit Franz Alt\",\"publisher\":{\"@id\":\"https:\/\/www.sonnenseite.com\/de\/#organization\"},\"potentialAction\":[{\"@type\":\"SearchAction\",\"target\":{\"@type\":\"EntryPoint\",\"urlTemplate\":\"https:\/\/www.sonnenseite.com\/de\/?s={search_term_string}\"},\"query-input\":{\"@type\":\"PropertyValueSpecification\",\"valueRequired\":true,\"valueName\":\"search_term_string\"}}],\"inLanguage\":\"de\"},{\"@type\":\"Organization\",\"@id\":\"https:\/\/www.sonnenseite.com\/de\/#organization\",\"name\":\"Sonnenseite\",\"url\":\"https:\/\/www.sonnenseite.com\/de\/\",\"logo\":{\"@type\":\"ImageObject\",\"inLanguage\":\"de\",\"@id\":\"https:\/\/www.sonnenseite.com\/de\/#\/schema\/logo\/image\/\",\"url\":\"https:\/\/www.sonnenseite.com\/wp-content\/uploads\/2020\/05\/Sonnenseite_Logo.png\",\"contentUrl\":\"https:\/\/www.sonnenseite.com\/wp-content\/uploads\/2020\/05\/Sonnenseite_Logo.png\",\"width\":377,\"height\":90,\"caption\":\"Sonnenseite\"},\"image\":{\"@id\":\"https:\/\/www.sonnenseite.com\/de\/#\/schema\/logo\/image\/\"},\"sameAs\":[\"https:\/\/www.facebook.com\/pages\/Franz-Alt-SONNENSEITECOM\/221072987903953?fref=ts\",\"https:\/\/x.com\/franzalt\",\"http:\/\/www.youtube.com\/results?search_query&amp;amp;quot;franz_alt&amp;amp;quot;&amp;amp;amp;amp;search_type&amp;amp;amp;amp;aq=f\"]},{\"@type\":\"Person\",\"@id\":\"https:\/\/www.sonnenseite.com\/de\/#\/schema\/person\/50fda0e926597684c7cc6695238a4eb9\",\"name\":\"Bigi Alt\"}]}<\/script>\n<!-- \/ Yoast SEO plugin. -->","yoast_head_json":{"title":"Klimawandel bringt Natur aus dem Takt - Sonnenseite - \u00d6kologische Kommunikation mit Franz Alt","description":"\u201eJe besser wir die Natur sch\u00fctzen, desto besser sch\u00fctzt sie uns,\u201c Johannes Enssle Ein neuer Klimarekord schreckt Baden-W\u00fcrttemberg auf: 2023 war das","robots":{"index":"index","follow":"follow","max-snippet":"max-snippet:-1","max-image-preview":"max-image-preview:large","max-video-preview":"max-video-preview:-1"},"canonical":"https:\/\/www.sonnenseite.com\/de\/umwelt\/klimawandel-bringt-natur-aus-dem-takt\/","og_locale":"de_DE","og_type":"article","og_title":"Klimawandel bringt Natur aus dem Takt - Sonnenseite - \u00d6kologische Kommunikation mit Franz Alt","og_description":"\u201eJe besser wir die Natur sch\u00fctzen, desto besser sch\u00fctzt sie uns,\u201c Johannes Enssle Ein neuer Klimarekord schreckt Baden-W\u00fcrttemberg auf: 2023 war das","og_url":"https:\/\/www.sonnenseite.com\/de\/umwelt\/klimawandel-bringt-natur-aus-dem-takt\/","og_site_name":"Sonnenseite","article_publisher":"https:\/\/www.facebook.com\/pages\/Franz-Alt-SONNENSEITECOM\/221072987903953?fref=ts","article_published_time":"2024-03-09T01:58:00+00:00","article_modified_time":"2024-03-17T08:17:20+00:00","og_image":[{"width":770,"height":420,"url":"https:\/\/www.sonnenseite.com\/wp-content\/uploads\/2018\/06\/Hummel_Skitterphoto.jpg","type":"image\/jpeg"}],"author":"Bigi Alt","twitter_card":"summary_large_image","twitter_creator":"@franzalt","twitter_site":"@franzalt","twitter_misc":{"Verfasst von":"Bigi Alt","Gesch\u00e4tzte Lesezeit":"4\u00a0Minuten"},"schema":{"@context":"https:\/\/schema.org","@graph":[{"@type":"Article","@id":"https:\/\/www.sonnenseite.com\/de\/umwelt\/klimawandel-bringt-natur-aus-dem-takt\/#article","isPartOf":{"@id":"https:\/\/www.sonnenseite.com\/de\/umwelt\/klimawandel-bringt-natur-aus-dem-takt\/"},"author":{"name":"Bigi Alt","@id":"https:\/\/www.sonnenseite.com\/de\/#\/schema\/person\/50fda0e926597684c7cc6695238a4eb9"},"headline":"Klimawandel bringt Natur aus dem Takt","datePublished":"2024-03-09T01:58:00+00:00","dateModified":"2024-03-17T08:17:20+00:00","mainEntityOfPage":{"@id":"https:\/\/www.sonnenseite.com\/de\/umwelt\/klimawandel-bringt-natur-aus-dem-takt\/"},"wordCount":596,"publisher":{"@id":"https:\/\/www.sonnenseite.com\/de\/#organization"},"image":{"@id":"https:\/\/www.sonnenseite.com\/de\/umwelt\/klimawandel-bringt-natur-aus-dem-takt\/#primaryimage"},"thumbnailUrl":"https:\/\/www.sonnenseite.com\/wp-content\/uploads\/2018\/06\/Hummel_Skitterphoto.jpg","articleSection":["Umwelt"],"inLanguage":"de"},{"@type":"WebPage","@id":"https:\/\/www.sonnenseite.com\/de\/umwelt\/klimawandel-bringt-natur-aus-dem-takt\/","url":"https:\/\/www.sonnenseite.com\/de\/umwelt\/klimawandel-bringt-natur-aus-dem-takt\/","name":"Klimawandel bringt Natur aus dem Takt - Sonnenseite - \u00d6kologische Kommunikation mit Franz Alt","isPartOf":{"@id":"https:\/\/www.sonnenseite.com\/de\/#website"},"primaryImageOfPage":{"@id":"https:\/\/www.sonnenseite.com\/de\/umwelt\/klimawandel-bringt-natur-aus-dem-takt\/#primaryimage"},"image":{"@id":"https:\/\/www.sonnenseite.com\/de\/umwelt\/klimawandel-bringt-natur-aus-dem-takt\/#primaryimage"},"thumbnailUrl":"https:\/\/www.sonnenseite.com\/wp-content\/uploads\/2018\/06\/Hummel_Skitterphoto.jpg","datePublished":"2024-03-09T01:58:00+00:00","dateModified":"2024-03-17T08:17:20+00:00","description":"\u201eJe besser wir die Natur sch\u00fctzen, desto besser sch\u00fctzt sie uns,\u201c Johannes Enssle Ein neuer Klimarekord schreckt Baden-W\u00fcrttemberg auf: 2023 war das","breadcrumb":{"@id":"https:\/\/www.sonnenseite.com\/de\/umwelt\/klimawandel-bringt-natur-aus-dem-takt\/#breadcrumb"},"inLanguage":"de","potentialAction":[{"@type":"ReadAction","target":["https:\/\/www.sonnenseite.com\/de\/umwelt\/klimawandel-bringt-natur-aus-dem-takt\/"]}]},{"@type":"ImageObject","inLanguage":"de","@id":"https:\/\/www.sonnenseite.com\/de\/umwelt\/klimawandel-bringt-natur-aus-dem-takt\/#primaryimage","url":"https:\/\/www.sonnenseite.com\/wp-content\/uploads\/2018\/06\/Hummel_Skitterphoto.jpg","contentUrl":"https:\/\/www.sonnenseite.com\/wp-content\/uploads\/2018\/06\/Hummel_Skitterphoto.jpg","width":770,"height":420,"caption":"pixabay.com | Skitterphoto"},{"@type":"BreadcrumbList","@id":"https:\/\/www.sonnenseite.com\/de\/umwelt\/klimawandel-bringt-natur-aus-dem-takt\/#breadcrumb","itemListElement":[{"@type":"ListItem","position":1,"name":"Startseite","item":"https:\/\/www.sonnenseite.com\/de\/"},{"@type":"ListItem","position":2,"name":"Klimawandel bringt Natur aus dem Takt"}]},{"@type":"WebSite","@id":"https:\/\/www.sonnenseite.com\/de\/#website","url":"https:\/\/www.sonnenseite.com\/de\/","name":"Sonnenseite","description":"\u00d6kologische Kommunikation mit Franz Alt","publisher":{"@id":"https:\/\/www.sonnenseite.com\/de\/#organization"},"potentialAction":[{"@type":"SearchAction","target":{"@type":"EntryPoint","urlTemplate":"https:\/\/www.sonnenseite.com\/de\/?s={search_term_string}"},"query-input":{"@type":"PropertyValueSpecification","valueRequired":true,"valueName":"search_term_string"}}],"inLanguage":"de"},{"@type":"Organization","@id":"https:\/\/www.sonnenseite.com\/de\/#organization","name":"Sonnenseite","url":"https:\/\/www.sonnenseite.com\/de\/","logo":{"@type":"ImageObject","inLanguage":"de","@id":"https:\/\/www.sonnenseite.com\/de\/#\/schema\/logo\/image\/","url":"https:\/\/www.sonnenseite.com\/wp-content\/uploads\/2020\/05\/Sonnenseite_Logo.png","contentUrl":"https:\/\/www.sonnenseite.com\/wp-content\/uploads\/2020\/05\/Sonnenseite_Logo.png","width":377,"height":90,"caption":"Sonnenseite"},"image":{"@id":"https:\/\/www.sonnenseite.com\/de\/#\/schema\/logo\/image\/"},"sameAs":["https:\/\/www.facebook.com\/pages\/Franz-Alt-SONNENSEITECOM\/221072987903953?fref=ts","https:\/\/x.com\/franzalt","http:\/\/www.youtube.com\/results?search_query&amp;amp;quot;franz_alt&amp;amp;quot;&amp;amp;amp;amp;search_type&amp;amp;amp;amp;aq=f"]},{"@type":"Person","@id":"https:\/\/www.sonnenseite.com\/de\/#\/schema\/person\/50fda0e926597684c7cc6695238a4eb9","name":"Bigi Alt"}]}},"_links":{"self":[{"href":"https:\/\/www.sonnenseite.com\/de\/wp-json\/wp\/v2\/posts\/97997","targetHints":{"allow":["GET"]}}],"collection":[{"href":"https:\/\/www.sonnenseite.com\/de\/wp-json\/wp\/v2\/posts"}],"about":[{"href":"https:\/\/www.sonnenseite.com\/de\/wp-json\/wp\/v2\/types\/post"}],"author":[{"embeddable":true,"href":"https:\/\/www.sonnenseite.com\/de\/wp-json\/wp\/v2\/users\/3"}],"replies":[{"embeddable":true,"href":"https:\/\/www.sonnenseite.com\/de\/wp-json\/wp\/v2\/comments?post=97997"}],"version-history":[{"count":7,"href":"https:\/\/www.sonnenseite.com\/de\/wp-json\/wp\/v2\/posts\/97997\/revisions"}],"predecessor-version":[{"id":98006,"href":"https:\/\/www.sonnenseite.com\/de\/wp-json\/wp\/v2\/posts\/97997\/revisions\/98006"}],"wp:featuredmedia":[{"embeddable":true,"href":"https:\/\/www.sonnenseite.com\/de\/wp-json\/wp\/v2\/media\/17785"}],"wp:attachment":[{"href":"https:\/\/www.sonnenseite.com\/de\/wp-json\/wp\/v2\/media?parent=97997"}],"wp:term":[{"taxonomy":"category","embeddable":true,"href":"https:\/\/www.sonnenseite.com\/de\/wp-json\/wp\/v2\/categories?post=97997"},{"taxonomy":"post_tag","embeddable":true,"href":"https:\/\/www.sonnenseite.com\/de\/wp-json\/wp\/v2\/tags?post=97997"}],"curies":[{"name":"wp","href":"https:\/\/api.w.org\/{rel}","templated":true}]}}