{"id":98014,"date":"2024-03-09T16:09:23","date_gmt":"2024-03-09T15:09:23","guid":{"rendered":"https:\/\/www.sonnenseite.com\/?p=98014"},"modified":"2024-03-17T09:20:23","modified_gmt":"2024-03-17T08:20:23","slug":"zweierlei-mass-der-deutschen-regierung-in-gaza","status":"publish","type":"post","link":"https:\/\/www.sonnenseite.com\/de\/franz-alt\/kommentare-interviews\/zweierlei-mass-der-deutschen-regierung-in-gaza\/","title":{"rendered":"Zweierlei Ma\u00df der deutschen Regierung in Gaza"},"content":{"rendered":"\n<p>F\u00fcr Israel wird es erst Frieden geben, wenn es auch Hoffnung f\u00fcr die Pal\u00e4stinenser gibt. <\/p>\n\n\n\n<p>Die US-Vizepr\u00e4sidentin Kamala Harris hat die Lage im Gaza-Streifen als \u201eunmenschlich\u201c bezeichnet. Die deutsche Au\u00dfenministerin Annalena Baerbock sprach von einer \u201ehumanit\u00e4ren Katastrophe mit Ansage\u201c.&nbsp; Und Frankreichs Pr\u00e4sident Macron forderte die \u201eEinhaltung des V\u00f6lkerrechts\u201c. <\/p>\n\n\n\n<p>Deutliche Worte an die israelische Regierung nachdem in Gaza soeben \u00fcber einhundert Menschen, die auf Lebensmittel gewartet hatten, zu Tode gekommen waren \u2013 vermutlich auch durch Kugeln der israelischen Armee.<\/p>\n\n\n\n<p>In der EU, aber auch in Washington, scheint das Ende der Geduld mit der Gaza-Politik der zum Teil rechtsextremen israelischen Regierung gekommen zu sein.<\/p>\n\n\n\n<p>Schon zuvor hatte der <a href=\"https:\/\/www-icj--cij-org.translate.goog\/home?_x_tr_sl=en&amp;_x_tr_tl=de&amp;_x_tr_hl=de\">Internationale Gerichtshof in Den Haag<\/a> die Besatzungsmacht Israel aufgefordert, die humanit\u00e4re Situation im Gaza-Streifen \u201esofort zu verbessern\u201c. Im Norden von Gaza ist bereits die H\u00e4lfte aller Geb\u00e4ude zerst\u00f6rt. Tausende Frauen, M\u00e4nner und Kinder wurden get\u00f6tet. Hunderttausende sind auf der Flucht im S\u00fcden, aber auch dort greift Israel an.<\/p>\n\n\n\n<p>Israels Regierung hat selbstverst\u00e4ndlich das Recht und die Pflicht, seine B\u00fcrger vor Terroristen zu sch\u00fctzen. Doch gerade in Deutschland fragen sich immer mehr Menschen, ob diese jetzigen milit\u00e4rischen Mittel noch angemessen sind. Auch und gerade Israels Freunde fragen nach der Verh\u00e4ltnism\u00e4\u00dfigkeit, die auch das V\u00f6lkerrecht verlangt. Bei <a href=\"https:\/\/www.tagesschau.de\/multimedia\/video\/schnell_informiert\/video-1313908.html\">Umfragen lehnt die Mehrheit der Deutschen<\/a> die Brutalit\u00e4t des israelischen Einsatzes ab.<\/p>\n\n\n\n<p>Au\u00dfenministerin Baerbock fordert eine Aufkl\u00e4rung der Trag\u00f6die beim Verteilen der Hilfsg\u00fcter \u2013 doch warum stellt Deutschland die Waffenlieferungen an Israel nicht ein bis diese Aufkl\u00e4rung vorliegt? Schlie\u00dflich hat Berlin auch alle Zahlungen an das pal\u00e4stinensische Hilfswerk der UNO eingestellt bis dessen vermeintliche Kooperation mit der Hamas aufgekl\u00e4rt ist. Warum misst Deutschland mit zweierlei Ma\u00df, fragt auch die S\u00fcddeutsche Zeitung.<\/p>\n\n\n\n<p>Schon vor vier Wochen hat der Internationale Gerichtshof Israel aufgefordert, mehr Hilfskonvois in den Gaza-Streifen zuzulassen. Doch passiert ist das Gegenteil. Im Februar kamen weniger Hilfslieferungen als im Januar. Ohne Konsequenzen f\u00fcr Israel. Deshalb sind jetzt hunderttausende pal\u00e4stinensische Menschen vom Hungertod bedroht. Krankheiten und Seuchen breiten sich aus.<\/p>\n\n\n\n<p>Deutsche Politiker reden gerne von Menschenrechten und fordern sie \u00fcberall in der Welt ein: Von China \u00fcber Russland bis Kuba. Doch die derzeitige Situation im Gaza zeigt, dass f\u00fcr die deutsche Bundesregierung offenbar nicht alle Menschen die gleichen Rechte haben. Die US-Regierung hat jetzt Hilfspakete \u00fcber Gaza abwerfen lassen. Soeben hat US-Pr\u00e4sident Biden angek\u00fcndigt, eine Seebr\u00fccke \u00fcber einen neugebauten Hafen einzurichten, an der sich auch die <a href=\"https:\/\/www.tagesschau.de\/ausland\/asien\/gaza-humanitaerehilfen-seekorridor-100.html\">EU<\/a> und Deutschland beteiligen werden. Doch die <a href=\"https:\/\/www.tagesschau.de\/ausland\/gazastreifen-hilfslieferungen-hafen-100.html\">Realisierung dieser Gaza-Hilfe k\u00f6nnte noch Monate dauern<\/a>.<\/p>\n\n\n\n<p>Eine diplomatische Blamage f\u00fcr die israelische Regierung. Das war zwar nur ein Tropfen auf den hei\u00dfen Stein. Mit einem Hilfs-Abwurf kommen nur etwa sechs Tonnen Hilfe bei den Betroffenen an, \u00fcber einen Hilfskonvoi sind es immerhin etwa 200 Tonnen. Doch der hilflose Abwurf der USA ist immer noch mehr als das Schweigen und die Waffenlieferungen der deutschen Regierung.<\/p>\n\n\n\n<p>Es ist gut und richtig, dass eine deutsche Regierung Israel hilft, sich gegen Terroristen zu sch\u00fctzen. Diese Solidarit\u00e4t gilt f\u00fcr Israel, aber nicht f\u00fcr die zum Teil rechtsradikale Regierung Netanjahu.<\/p>\n\n\n\n<p>Israel ist eine Demokratie und begeht keinen V\u00f6lkermord wie ihm antisemitische&nbsp; Gegner nach dem 7. Oktober unterstellen. Aber Israels Regierungschef hat sein Land blind in die <a href=\"https:\/\/www.sonnenseite.com\/de\/franz-alt\/kommentare-interviews\/israel-in-der-hamas-falle\/\">Hamas-Falle<\/a> gef\u00fchrt. Die Hamas hoffte, dass Israel nach dem Massaker und wegen des Massakers so brutal zur\u00fcckschlagen w\u00fcrde, dass es sogar seine wichtigsten Unterst\u00fctzer wie die USA und Deutschland verlieren w\u00fcrde. Vieles spricht jetzt daf\u00fcr, dass diese Hamas-Rechnung aufgehen wird. <\/p>\n\n\n\n<p>Netanjahu \u2013 politisch gefangen zwischen der Hamas und seinen rechtsextremen religi\u00f6s fundamentalistischen Ministern \u2013 hat nur einen Strategie: endlos bomben und schie\u00dfen und die eigenen Leute als Schutzschilde verbluten lassen. Es sollen f\u00fcnf Monate nach dem Terror-Anschlag schon \u00fcber 30.000 tote Pal\u00e4stinenser sein. So aber wird der Konflikt t\u00e4glich brutaler: f\u00fcr die Pal\u00e4stinenser, aber auch f\u00fcr die israelischen Geiseln.<\/p>\n\n\n\n<h4 class=\"wp-block-heading\">Frieden geht grunds\u00e4tzlich anders<\/h4>\n\n\n\n<p>Das Ziel aller Religionen ist doch die Suche nach Frieden. Also schlichen statt schlachten.<\/p>\n\n\n\n<p>Wer macht den ersten Schritt auf den anderen zu? Dabei k\u00f6nnten die drei abrahamischen Religionen eine zentrale Rolle spielen. <a href=\"https:\/\/www.sonnenseite.com\/de\/franz-alt\/kommentare-interviews\/wann-endlich-ist-frieden-in-nahost\/\">Das Ziel aller Religionen ist doch die Suche nach Frieden<\/a>. Also schlichten statt schlachten. Bitte, ihr Religionsf\u00fcrer: werdet endlich aktiv. <\/p>\n\n\n\n<p>Das uralte Land und wundersch\u00f6ne Pal\u00e4stina mit seiner j\u00fcdischen, muslimischen und christlichen Kultur und Tradition reicht f\u00fcr zwei Staaten, die durch friedliche Kooperation im Rahmen eines <a href=\"https:\/\/www.sonnenseite.com\/de\/franz-alt\/kommentare-interviews\/ist-frieden-zwischen-israel-und-palaestina-moeglich\/\">ehrenhaften und dauernden Friedens<\/a> auch wirtschaftlich erbl\u00fchen k\u00f6nnten. Dass Frieden m\u00f6glich ist, zeigt gerade die Geschichte: 1300 hundert Jahre lang lebten die Juden im islamischen Reich nahezu friedlich zusammen.<\/p>\n\n\n<h5 class=\"green\">Quelle<\/h5>\r\n\n\n\n<p><a href=\"mailto:franzalt@sonnenseite.com\">Franz Alt 2024<\/a><\/p>\n<div class=\"shariff shariff-align-flex-start shariff-widget-align-flex-start\"><div class=\"ShariffHeadline\">Diese Meldung teilen<\/div><ul class=\"shariff-buttons theme-round orientation-horizontal buttonsize-medium\"><li class=\"shariff-button facebook shariff-nocustomcolor\" style=\"background-color:#4273c8;border-radius:1%\"><a href=\"https:\/\/www.facebook.com\/sharer\/sharer.php?u=https%3A%2F%2Fwww.sonnenseite.com%2Fde%2Ffranz-alt%2Fkommentare-interviews%2Fzweierlei-mass-der-deutschen-regierung-in-gaza%2F\" title=\"Bei Facebook teilen\" aria-label=\"Bei Facebook teilen\" role=\"button\" rel=\"nofollow\" class=\"shariff-link\" style=\";border-radius:1%; background-color:#3b5998; color:#fff\" target=\"_blank\"><span class=\"shariff-icon\" style=\"\"><svg width=\"32px\" height=\"20px\" xmlns=\"http:\/\/www.w3.org\/2000\/svg\" viewBox=\"0 0 18 32\"><path fill=\"#3b5998\" d=\"M17.1 0.2v4.7h-2.8q-1.5 0-2.1 0.6t-0.5 1.9v3.4h5.2l-0.7 5.3h-4.5v13.6h-5.5v-13.6h-4.5v-5.3h4.5v-3.9q0-3.3 1.9-5.2t5-1.8q2.6 0 4.1 0.2z\"\/><\/svg><\/span><\/a><\/li><li class=\"shariff-button twitter shariff-nocustomcolor\" style=\"background-color:#595959;border-radius:1%\"><a href=\"https:\/\/twitter.com\/share?url=https%3A%2F%2Fwww.sonnenseite.com%2Fde%2Ffranz-alt%2Fkommentare-interviews%2Fzweierlei-mass-der-deutschen-regierung-in-gaza%2F&text=Zweierlei%20Ma%C3%9F%20der%20deutschen%20Regierung%20in%20Gaza\" title=\"Bei X teilen\" aria-label=\"Bei X teilen\" role=\"button\" rel=\"noopener nofollow\" class=\"shariff-link\" style=\";border-radius:1%; background-color:#000; color:#fff\" target=\"_blank\"><span class=\"shariff-icon\" style=\"\"><svg width=\"32px\" height=\"20px\" xmlns=\"http:\/\/www.w3.org\/2000\/svg\" viewBox=\"0 0 24 24\"><path fill=\"#000\" d=\"M14.258 10.152L23.176 0h-2.113l-7.747 8.813L7.133 0H0l9.352 13.328L0 23.973h2.113l8.176-9.309 6.531 9.309h7.133zm-2.895 3.293l-.949-1.328L2.875 1.56h3.246l6.086 8.523.945 1.328 7.91 11.078h-3.246zm0 0\"\/><\/svg><\/span><\/a><\/li><li class=\"shariff-button xing shariff-nocustomcolor\" style=\"background-color:#29888a;border-radius:1%\"><a href=\"https:\/\/www.xing.com\/spi\/shares\/new?url=https%3A%2F%2Fwww.sonnenseite.com%2Fde%2Ffranz-alt%2Fkommentare-interviews%2Fzweierlei-mass-der-deutschen-regierung-in-gaza%2F\" title=\"Bei XING teilen\" aria-label=\"Bei XING teilen\" role=\"button\" rel=\"noopener nofollow\" class=\"shariff-link\" style=\";border-radius:1%; background-color:#126567; color:#fff\" target=\"_blank\"><span class=\"shariff-icon\" style=\"\"><svg width=\"32px\" height=\"20px\" xmlns=\"http:\/\/www.w3.org\/2000\/svg\" viewBox=\"0 0 25 32\"><path fill=\"#126567\" d=\"M10.7 11.9q-0.2 0.3-4.6 8.2-0.5 0.8-1.2 0.8h-4.3q-0.4 0-0.5-0.3t0-0.6l4.5-8q0 0 0 0l-2.9-5q-0.2-0.4 0-0.7 0.2-0.3 0.5-0.3h4.3q0.7 0 1.2 0.8zM25.1 0.4q0.2 0.3 0 0.7l-9.4 16.7 6 11q0.2 0.4 0 0.6-0.2 0.3-0.6 0.3h-4.3q-0.7 0-1.2-0.8l-6-11.1q0.3-0.6 9.5-16.8 0.4-0.8 1.2-0.8h4.3q0.4 0 0.5 0.3z\"\/><\/svg><\/span><\/a><\/li><li class=\"shariff-button linkedin shariff-nocustomcolor\" style=\"background-color:#1488bf;border-radius:1%\"><a href=\"https:\/\/www.linkedin.com\/sharing\/share-offsite\/?url=https%3A%2F%2Fwww.sonnenseite.com%2Fde%2Ffranz-alt%2Fkommentare-interviews%2Fzweierlei-mass-der-deutschen-regierung-in-gaza%2F\" title=\"Bei LinkedIn teilen\" aria-label=\"Bei LinkedIn teilen\" role=\"button\" rel=\"noopener nofollow\" class=\"shariff-link\" style=\";border-radius:1%; background-color:#0077b5; color:#fff\" target=\"_blank\"><span class=\"shariff-icon\" style=\"\"><svg width=\"32px\" height=\"20px\" xmlns=\"http:\/\/www.w3.org\/2000\/svg\" viewBox=\"0 0 27 32\"><path fill=\"#0077b5\" d=\"M6.2 11.2v17.7h-5.9v-17.7h5.9zM6.6 5.7q0 1.3-0.9 2.2t-2.4 0.9h0q-1.5 0-2.4-0.9t-0.9-2.2 0.9-2.2 2.4-0.9 2.4 0.9 0.9 2.2zM27.4 18.7v10.1h-5.9v-9.5q0-1.9-0.7-2.9t-2.3-1.1q-1.1 0-1.9 0.6t-1.2 1.5q-0.2 0.5-0.2 1.4v9.9h-5.9q0-7.1 0-11.6t0-5.3l0-0.9h5.9v2.6h0q0.4-0.6 0.7-1t1-0.9 1.6-0.8 2-0.3q3 0 4.9 2t1.9 6z\"\/><\/svg><\/span><\/a><\/li><li class=\"shariff-button printer shariff-nocustomcolor\" style=\"background-color:#a8a8a8;border-radius:1%\"><a href=\"javascript:window.print()\" title=\"drucken\" aria-label=\"drucken\" role=\"button\" rel=\"noopener nofollow\" class=\"shariff-link\" style=\";border-radius:1%; background-color:#999; color:#fff\"><span class=\"shariff-icon\" style=\"\"><svg width=\"32px\" height=\"20px\" xmlns=\"http:\/\/www.w3.org\/2000\/svg\" viewBox=\"0 0 30 32\"><path fill=\"#999\" d=\"M6.8 27.4h16v-4.6h-16v4.6zM6.8 16h16v-6.8h-2.8q-0.7 0-1.2-0.5t-0.5-1.2v-2.8h-11.4v11.4zM27.4 17.2q0-0.5-0.3-0.8t-0.8-0.4-0.8 0.4-0.3 0.8 0.3 0.8 0.8 0.3 0.8-0.3 0.3-0.8zM29.7 17.2v7.4q0 0.2-0.2 0.4t-0.4 0.2h-4v2.8q0 0.7-0.5 1.2t-1.2 0.5h-17.2q-0.7 0-1.2-0.5t-0.5-1.2v-2.8h-4q-0.2 0-0.4-0.2t-0.2-0.4v-7.4q0-1.4 1-2.4t2.4-1h1.2v-9.7q0-0.7 0.5-1.2t1.2-0.5h12q0.7 0 1.6 0.4t1.3 0.8l2.7 2.7q0.5 0.5 0.9 1.4t0.4 1.6v4.6h1.1q1.4 0 2.4 1t1 2.4z\"\/><\/svg><\/span><\/a><\/li><li class=\"shariff-button mailto shariff-nocustomcolor\" style=\"background-color:#a8a8a8;border-radius:1%\"><a href=\"mailto:?body=https%3A%2F%2Fwww.sonnenseite.com%2Fde%2Ffranz-alt%2Fkommentare-interviews%2Fzweierlei-mass-der-deutschen-regierung-in-gaza%2F&subject=Zweierlei%20Ma%C3%9F%20der%20deutschen%20Regierung%20in%20Gaza\" title=\"Per E-Mail versenden\" aria-label=\"Per E-Mail versenden\" role=\"button\" rel=\"noopener nofollow\" class=\"shariff-link\" style=\";border-radius:1%; background-color:#999; color:#fff\"><span class=\"shariff-icon\" style=\"\"><svg width=\"32px\" height=\"20px\" xmlns=\"http:\/\/www.w3.org\/2000\/svg\" viewBox=\"0 0 32 32\"><path fill=\"#999\" d=\"M32 12.7v14.2q0 1.2-0.8 2t-2 0.9h-26.3q-1.2 0-2-0.9t-0.8-2v-14.2q0.8 0.9 1.8 1.6 6.5 4.4 8.9 6.1 1 0.8 1.6 1.2t1.7 0.9 2 0.4h0.1q0.9 0 2-0.4t1.7-0.9 1.6-1.2q3-2.2 8.9-6.1 1-0.7 1.8-1.6zM32 7.4q0 1.4-0.9 2.7t-2.2 2.2q-6.7 4.7-8.4 5.8-0.2 0.1-0.7 0.5t-1 0.7-0.9 0.6-1.1 0.5-0.9 0.2h-0.1q-0.4 0-0.9-0.2t-1.1-0.5-0.9-0.6-1-0.7-0.7-0.5q-1.6-1.1-4.7-3.2t-3.6-2.6q-1.1-0.7-2.1-2t-1-2.5q0-1.4 0.7-2.3t2.1-0.9h26.3q1.2 0 2 0.8t0.9 2z\"\/><\/svg><\/span><\/a><\/li><\/ul><\/div>","protected":false},"excerpt":{"rendered":"<p>F\u00fcr Israel wird es erst Frieden geben, wenn es auch Hoffnung f\u00fcr die Pal\u00e4stinenser gibt. Die [&hellip;]<\/p>\n","protected":false},"author":3,"featured_media":94669,"comment_status":"closed","ping_status":"closed","sticky":false,"template":"","format":"standard","meta":{"inline_featured_image":false,"footnotes":""},"categories":[29],"tags":[],"class_list":["post-98014","post","type-post","status-publish","format-standard","has-post-thumbnail","hentry","category-kommentare-interviews"],"yoast_head":"<!-- This site is optimized with the Yoast SEO plugin v26.5 - https:\/\/yoast.com\/wordpress\/plugins\/seo\/ -->\n<title>Zweierlei Ma\u00df der deutschen Regierung in Gaza - Sonnenseite - \u00d6kologische Kommunikation mit Franz Alt<\/title>\n<meta name=\"description\" content=\"F\u00fcr Israel wird es erst Frieden geben, wenn es auch Hoffnung f\u00fcr die Pal\u00e4stinenser gibt. Die US-Vizepr\u00e4sidentin Kamala Harris hat die Lage im\" \/>\n<meta name=\"robots\" content=\"index, follow, max-snippet:-1, max-image-preview:large, max-video-preview:-1\" \/>\n<link rel=\"canonical\" href=\"https:\/\/www.sonnenseite.com\/de\/franz-alt\/kommentare-interviews\/zweierlei-mass-der-deutschen-regierung-in-gaza\/\" \/>\n<meta property=\"og:locale\" content=\"de_DE\" \/>\n<meta property=\"og:type\" content=\"article\" \/>\n<meta property=\"og:title\" content=\"Zweierlei Ma\u00df der deutschen Regierung in Gaza - Sonnenseite - \u00d6kologische Kommunikation mit Franz Alt\" \/>\n<meta property=\"og:description\" content=\"F\u00fcr Israel wird es erst Frieden geben, wenn es auch Hoffnung f\u00fcr die Pal\u00e4stinenser gibt. Die US-Vizepr\u00e4sidentin Kamala Harris hat die Lage im\" \/>\n<meta property=\"og:url\" content=\"https:\/\/www.sonnenseite.com\/de\/franz-alt\/kommentare-interviews\/zweierlei-mass-der-deutschen-regierung-in-gaza\/\" \/>\n<meta property=\"og:site_name\" content=\"Sonnenseite\" \/>\n<meta property=\"article:publisher\" content=\"https:\/\/www.facebook.com\/pages\/Franz-Alt-SONNENSEITECOM\/221072987903953?fref=ts\" \/>\n<meta property=\"article:published_time\" content=\"2024-03-09T15:09:23+00:00\" \/>\n<meta property=\"article:modified_time\" content=\"2024-03-17T08:20:23+00:00\" \/>\n<meta property=\"og:image\" content=\"https:\/\/www.sonnenseite.com\/wp-content\/uploads\/2023\/10\/Israel_Palaestina_ruskpp.jpg\" \/>\n\t<meta property=\"og:image:width\" content=\"770\" \/>\n\t<meta property=\"og:image:height\" content=\"420\" \/>\n\t<meta property=\"og:image:type\" content=\"image\/jpeg\" \/>\n<meta name=\"author\" content=\"Bigi Alt\" \/>\n<meta name=\"twitter:card\" content=\"summary_large_image\" \/>\n<meta name=\"twitter:creator\" content=\"@franzalt\" \/>\n<meta name=\"twitter:site\" content=\"@franzalt\" \/>\n<meta name=\"twitter:label1\" content=\"Verfasst von\" \/>\n\t<meta name=\"twitter:data1\" content=\"Bigi Alt\" \/>\n\t<meta name=\"twitter:label2\" content=\"Gesch\u00e4tzte Lesezeit\" \/>\n\t<meta name=\"twitter:data2\" content=\"5\u00a0Minuten\" \/>\n<script type=\"application\/ld+json\" class=\"yoast-schema-graph\">{\"@context\":\"https:\/\/schema.org\",\"@graph\":[{\"@type\":\"Article\",\"@id\":\"https:\/\/www.sonnenseite.com\/de\/franz-alt\/kommentare-interviews\/zweierlei-mass-der-deutschen-regierung-in-gaza\/#article\",\"isPartOf\":{\"@id\":\"https:\/\/www.sonnenseite.com\/de\/franz-alt\/kommentare-interviews\/zweierlei-mass-der-deutschen-regierung-in-gaza\/\"},\"author\":{\"name\":\"Bigi Alt\",\"@id\":\"https:\/\/www.sonnenseite.com\/de\/#\/schema\/person\/50fda0e926597684c7cc6695238a4eb9\"},\"headline\":\"Zweierlei Ma\u00df der deutschen Regierung in Gaza\",\"datePublished\":\"2024-03-09T15:09:23+00:00\",\"dateModified\":\"2024-03-17T08:20:23+00:00\",\"mainEntityOfPage\":{\"@id\":\"https:\/\/www.sonnenseite.com\/de\/franz-alt\/kommentare-interviews\/zweierlei-mass-der-deutschen-regierung-in-gaza\/\"},\"wordCount\":798,\"publisher\":{\"@id\":\"https:\/\/www.sonnenseite.com\/de\/#organization\"},\"image\":{\"@id\":\"https:\/\/www.sonnenseite.com\/de\/franz-alt\/kommentare-interviews\/zweierlei-mass-der-deutschen-regierung-in-gaza\/#primaryimage\"},\"thumbnailUrl\":\"https:\/\/www.sonnenseite.com\/wp-content\/uploads\/2023\/10\/Israel_Palaestina_ruskpp.jpg\",\"articleSection\":[\"Kommentare &amp; Interviews\"],\"inLanguage\":\"de\"},{\"@type\":\"WebPage\",\"@id\":\"https:\/\/www.sonnenseite.com\/de\/franz-alt\/kommentare-interviews\/zweierlei-mass-der-deutschen-regierung-in-gaza\/\",\"url\":\"https:\/\/www.sonnenseite.com\/de\/franz-alt\/kommentare-interviews\/zweierlei-mass-der-deutschen-regierung-in-gaza\/\",\"name\":\"Zweierlei Ma\u00df der deutschen Regierung in Gaza - Sonnenseite - \u00d6kologische Kommunikation mit Franz Alt\",\"isPartOf\":{\"@id\":\"https:\/\/www.sonnenseite.com\/de\/#website\"},\"primaryImageOfPage\":{\"@id\":\"https:\/\/www.sonnenseite.com\/de\/franz-alt\/kommentare-interviews\/zweierlei-mass-der-deutschen-regierung-in-gaza\/#primaryimage\"},\"image\":{\"@id\":\"https:\/\/www.sonnenseite.com\/de\/franz-alt\/kommentare-interviews\/zweierlei-mass-der-deutschen-regierung-in-gaza\/#primaryimage\"},\"thumbnailUrl\":\"https:\/\/www.sonnenseite.com\/wp-content\/uploads\/2023\/10\/Israel_Palaestina_ruskpp.jpg\",\"datePublished\":\"2024-03-09T15:09:23+00:00\",\"dateModified\":\"2024-03-17T08:20:23+00:00\",\"description\":\"F\u00fcr Israel wird es erst Frieden geben, wenn es auch Hoffnung f\u00fcr die Pal\u00e4stinenser gibt. Die US-Vizepr\u00e4sidentin Kamala Harris hat die Lage im\",\"breadcrumb\":{\"@id\":\"https:\/\/www.sonnenseite.com\/de\/franz-alt\/kommentare-interviews\/zweierlei-mass-der-deutschen-regierung-in-gaza\/#breadcrumb\"},\"inLanguage\":\"de\",\"potentialAction\":[{\"@type\":\"ReadAction\",\"target\":[\"https:\/\/www.sonnenseite.com\/de\/franz-alt\/kommentare-interviews\/zweierlei-mass-der-deutschen-regierung-in-gaza\/\"]}]},{\"@type\":\"ImageObject\",\"inLanguage\":\"de\",\"@id\":\"https:\/\/www.sonnenseite.com\/de\/franz-alt\/kommentare-interviews\/zweierlei-mass-der-deutschen-regierung-in-gaza\/#primaryimage\",\"url\":\"https:\/\/www.sonnenseite.com\/wp-content\/uploads\/2023\/10\/Israel_Palaestina_ruskpp.jpg\",\"contentUrl\":\"https:\/\/www.sonnenseite.com\/wp-content\/uploads\/2023\/10\/Israel_Palaestina_ruskpp.jpg\",\"width\":770,\"height\":420,\"caption\":\"Depositphotos.com | ruskpp | Israel Pal\u00e4stina\"},{\"@type\":\"BreadcrumbList\",\"@id\":\"https:\/\/www.sonnenseite.com\/de\/franz-alt\/kommentare-interviews\/zweierlei-mass-der-deutschen-regierung-in-gaza\/#breadcrumb\",\"itemListElement\":[{\"@type\":\"ListItem\",\"position\":1,\"name\":\"Startseite\",\"item\":\"https:\/\/www.sonnenseite.com\/de\/\"},{\"@type\":\"ListItem\",\"position\":2,\"name\":\"Zweierlei Ma\u00df der deutschen Regierung in Gaza\"}]},{\"@type\":\"WebSite\",\"@id\":\"https:\/\/www.sonnenseite.com\/de\/#website\",\"url\":\"https:\/\/www.sonnenseite.com\/de\/\",\"name\":\"Sonnenseite\",\"description\":\"\u00d6kologische Kommunikation mit Franz Alt\",\"publisher\":{\"@id\":\"https:\/\/www.sonnenseite.com\/de\/#organization\"},\"potentialAction\":[{\"@type\":\"SearchAction\",\"target\":{\"@type\":\"EntryPoint\",\"urlTemplate\":\"https:\/\/www.sonnenseite.com\/de\/?s={search_term_string}\"},\"query-input\":{\"@type\":\"PropertyValueSpecification\",\"valueRequired\":true,\"valueName\":\"search_term_string\"}}],\"inLanguage\":\"de\"},{\"@type\":\"Organization\",\"@id\":\"https:\/\/www.sonnenseite.com\/de\/#organization\",\"name\":\"Sonnenseite\",\"url\":\"https:\/\/www.sonnenseite.com\/de\/\",\"logo\":{\"@type\":\"ImageObject\",\"inLanguage\":\"de\",\"@id\":\"https:\/\/www.sonnenseite.com\/de\/#\/schema\/logo\/image\/\",\"url\":\"https:\/\/www.sonnenseite.com\/wp-content\/uploads\/2020\/05\/Sonnenseite_Logo.png\",\"contentUrl\":\"https:\/\/www.sonnenseite.com\/wp-content\/uploads\/2020\/05\/Sonnenseite_Logo.png\",\"width\":377,\"height\":90,\"caption\":\"Sonnenseite\"},\"image\":{\"@id\":\"https:\/\/www.sonnenseite.com\/de\/#\/schema\/logo\/image\/\"},\"sameAs\":[\"https:\/\/www.facebook.com\/pages\/Franz-Alt-SONNENSEITECOM\/221072987903953?fref=ts\",\"https:\/\/x.com\/franzalt\",\"http:\/\/www.youtube.com\/results?search_query&amp;amp;quot;franz_alt&amp;amp;quot;&amp;amp;amp;amp;search_type&amp;amp;amp;amp;aq=f\"]},{\"@type\":\"Person\",\"@id\":\"https:\/\/www.sonnenseite.com\/de\/#\/schema\/person\/50fda0e926597684c7cc6695238a4eb9\",\"name\":\"Bigi Alt\"}]}<\/script>\n<!-- \/ Yoast SEO plugin. -->","yoast_head_json":{"title":"Zweierlei Ma\u00df der deutschen Regierung in Gaza - Sonnenseite - \u00d6kologische Kommunikation mit Franz Alt","description":"F\u00fcr Israel wird es erst Frieden geben, wenn es auch Hoffnung f\u00fcr die Pal\u00e4stinenser gibt. Die US-Vizepr\u00e4sidentin Kamala Harris hat die Lage im","robots":{"index":"index","follow":"follow","max-snippet":"max-snippet:-1","max-image-preview":"max-image-preview:large","max-video-preview":"max-video-preview:-1"},"canonical":"https:\/\/www.sonnenseite.com\/de\/franz-alt\/kommentare-interviews\/zweierlei-mass-der-deutschen-regierung-in-gaza\/","og_locale":"de_DE","og_type":"article","og_title":"Zweierlei Ma\u00df der deutschen Regierung in Gaza - Sonnenseite - \u00d6kologische Kommunikation mit Franz Alt","og_description":"F\u00fcr Israel wird es erst Frieden geben, wenn es auch Hoffnung f\u00fcr die Pal\u00e4stinenser gibt. Die US-Vizepr\u00e4sidentin Kamala Harris hat die Lage im","og_url":"https:\/\/www.sonnenseite.com\/de\/franz-alt\/kommentare-interviews\/zweierlei-mass-der-deutschen-regierung-in-gaza\/","og_site_name":"Sonnenseite","article_publisher":"https:\/\/www.facebook.com\/pages\/Franz-Alt-SONNENSEITECOM\/221072987903953?fref=ts","article_published_time":"2024-03-09T15:09:23+00:00","article_modified_time":"2024-03-17T08:20:23+00:00","og_image":[{"width":770,"height":420,"url":"https:\/\/www.sonnenseite.com\/wp-content\/uploads\/2023\/10\/Israel_Palaestina_ruskpp.jpg","type":"image\/jpeg"}],"author":"Bigi Alt","twitter_card":"summary_large_image","twitter_creator":"@franzalt","twitter_site":"@franzalt","twitter_misc":{"Verfasst von":"Bigi Alt","Gesch\u00e4tzte Lesezeit":"5\u00a0Minuten"},"schema":{"@context":"https:\/\/schema.org","@graph":[{"@type":"Article","@id":"https:\/\/www.sonnenseite.com\/de\/franz-alt\/kommentare-interviews\/zweierlei-mass-der-deutschen-regierung-in-gaza\/#article","isPartOf":{"@id":"https:\/\/www.sonnenseite.com\/de\/franz-alt\/kommentare-interviews\/zweierlei-mass-der-deutschen-regierung-in-gaza\/"},"author":{"name":"Bigi Alt","@id":"https:\/\/www.sonnenseite.com\/de\/#\/schema\/person\/50fda0e926597684c7cc6695238a4eb9"},"headline":"Zweierlei Ma\u00df der deutschen Regierung in Gaza","datePublished":"2024-03-09T15:09:23+00:00","dateModified":"2024-03-17T08:20:23+00:00","mainEntityOfPage":{"@id":"https:\/\/www.sonnenseite.com\/de\/franz-alt\/kommentare-interviews\/zweierlei-mass-der-deutschen-regierung-in-gaza\/"},"wordCount":798,"publisher":{"@id":"https:\/\/www.sonnenseite.com\/de\/#organization"},"image":{"@id":"https:\/\/www.sonnenseite.com\/de\/franz-alt\/kommentare-interviews\/zweierlei-mass-der-deutschen-regierung-in-gaza\/#primaryimage"},"thumbnailUrl":"https:\/\/www.sonnenseite.com\/wp-content\/uploads\/2023\/10\/Israel_Palaestina_ruskpp.jpg","articleSection":["Kommentare &amp; Interviews"],"inLanguage":"de"},{"@type":"WebPage","@id":"https:\/\/www.sonnenseite.com\/de\/franz-alt\/kommentare-interviews\/zweierlei-mass-der-deutschen-regierung-in-gaza\/","url":"https:\/\/www.sonnenseite.com\/de\/franz-alt\/kommentare-interviews\/zweierlei-mass-der-deutschen-regierung-in-gaza\/","name":"Zweierlei Ma\u00df der deutschen Regierung in Gaza - Sonnenseite - \u00d6kologische Kommunikation mit Franz Alt","isPartOf":{"@id":"https:\/\/www.sonnenseite.com\/de\/#website"},"primaryImageOfPage":{"@id":"https:\/\/www.sonnenseite.com\/de\/franz-alt\/kommentare-interviews\/zweierlei-mass-der-deutschen-regierung-in-gaza\/#primaryimage"},"image":{"@id":"https:\/\/www.sonnenseite.com\/de\/franz-alt\/kommentare-interviews\/zweierlei-mass-der-deutschen-regierung-in-gaza\/#primaryimage"},"thumbnailUrl":"https:\/\/www.sonnenseite.com\/wp-content\/uploads\/2023\/10\/Israel_Palaestina_ruskpp.jpg","datePublished":"2024-03-09T15:09:23+00:00","dateModified":"2024-03-17T08:20:23+00:00","description":"F\u00fcr Israel wird es erst Frieden geben, wenn es auch Hoffnung f\u00fcr die Pal\u00e4stinenser gibt. Die US-Vizepr\u00e4sidentin Kamala Harris hat die Lage im","breadcrumb":{"@id":"https:\/\/www.sonnenseite.com\/de\/franz-alt\/kommentare-interviews\/zweierlei-mass-der-deutschen-regierung-in-gaza\/#breadcrumb"},"inLanguage":"de","potentialAction":[{"@type":"ReadAction","target":["https:\/\/www.sonnenseite.com\/de\/franz-alt\/kommentare-interviews\/zweierlei-mass-der-deutschen-regierung-in-gaza\/"]}]},{"@type":"ImageObject","inLanguage":"de","@id":"https:\/\/www.sonnenseite.com\/de\/franz-alt\/kommentare-interviews\/zweierlei-mass-der-deutschen-regierung-in-gaza\/#primaryimage","url":"https:\/\/www.sonnenseite.com\/wp-content\/uploads\/2023\/10\/Israel_Palaestina_ruskpp.jpg","contentUrl":"https:\/\/www.sonnenseite.com\/wp-content\/uploads\/2023\/10\/Israel_Palaestina_ruskpp.jpg","width":770,"height":420,"caption":"Depositphotos.com | ruskpp | Israel Pal\u00e4stina"},{"@type":"BreadcrumbList","@id":"https:\/\/www.sonnenseite.com\/de\/franz-alt\/kommentare-interviews\/zweierlei-mass-der-deutschen-regierung-in-gaza\/#breadcrumb","itemListElement":[{"@type":"ListItem","position":1,"name":"Startseite","item":"https:\/\/www.sonnenseite.com\/de\/"},{"@type":"ListItem","position":2,"name":"Zweierlei Ma\u00df der deutschen Regierung in Gaza"}]},{"@type":"WebSite","@id":"https:\/\/www.sonnenseite.com\/de\/#website","url":"https:\/\/www.sonnenseite.com\/de\/","name":"Sonnenseite","description":"\u00d6kologische Kommunikation mit Franz Alt","publisher":{"@id":"https:\/\/www.sonnenseite.com\/de\/#organization"},"potentialAction":[{"@type":"SearchAction","target":{"@type":"EntryPoint","urlTemplate":"https:\/\/www.sonnenseite.com\/de\/?s={search_term_string}"},"query-input":{"@type":"PropertyValueSpecification","valueRequired":true,"valueName":"search_term_string"}}],"inLanguage":"de"},{"@type":"Organization","@id":"https:\/\/www.sonnenseite.com\/de\/#organization","name":"Sonnenseite","url":"https:\/\/www.sonnenseite.com\/de\/","logo":{"@type":"ImageObject","inLanguage":"de","@id":"https:\/\/www.sonnenseite.com\/de\/#\/schema\/logo\/image\/","url":"https:\/\/www.sonnenseite.com\/wp-content\/uploads\/2020\/05\/Sonnenseite_Logo.png","contentUrl":"https:\/\/www.sonnenseite.com\/wp-content\/uploads\/2020\/05\/Sonnenseite_Logo.png","width":377,"height":90,"caption":"Sonnenseite"},"image":{"@id":"https:\/\/www.sonnenseite.com\/de\/#\/schema\/logo\/image\/"},"sameAs":["https:\/\/www.facebook.com\/pages\/Franz-Alt-SONNENSEITECOM\/221072987903953?fref=ts","https:\/\/x.com\/franzalt","http:\/\/www.youtube.com\/results?search_query&amp;amp;quot;franz_alt&amp;amp;quot;&amp;amp;amp;amp;search_type&amp;amp;amp;amp;aq=f"]},{"@type":"Person","@id":"https:\/\/www.sonnenseite.com\/de\/#\/schema\/person\/50fda0e926597684c7cc6695238a4eb9","name":"Bigi Alt"}]}},"_links":{"self":[{"href":"https:\/\/www.sonnenseite.com\/de\/wp-json\/wp\/v2\/posts\/98014","targetHints":{"allow":["GET"]}}],"collection":[{"href":"https:\/\/www.sonnenseite.com\/de\/wp-json\/wp\/v2\/posts"}],"about":[{"href":"https:\/\/www.sonnenseite.com\/de\/wp-json\/wp\/v2\/types\/post"}],"author":[{"embeddable":true,"href":"https:\/\/www.sonnenseite.com\/de\/wp-json\/wp\/v2\/users\/3"}],"replies":[{"embeddable":true,"href":"https:\/\/www.sonnenseite.com\/de\/wp-json\/wp\/v2\/comments?post=98014"}],"version-history":[{"count":9,"href":"https:\/\/www.sonnenseite.com\/de\/wp-json\/wp\/v2\/posts\/98014\/revisions"}],"predecessor-version":[{"id":98063,"href":"https:\/\/www.sonnenseite.com\/de\/wp-json\/wp\/v2\/posts\/98014\/revisions\/98063"}],"wp:featuredmedia":[{"embeddable":true,"href":"https:\/\/www.sonnenseite.com\/de\/wp-json\/wp\/v2\/media\/94669"}],"wp:attachment":[{"href":"https:\/\/www.sonnenseite.com\/de\/wp-json\/wp\/v2\/media?parent=98014"}],"wp:term":[{"taxonomy":"category","embeddable":true,"href":"https:\/\/www.sonnenseite.com\/de\/wp-json\/wp\/v2\/categories?post=98014"},{"taxonomy":"post_tag","embeddable":true,"href":"https:\/\/www.sonnenseite.com\/de\/wp-json\/wp\/v2\/tags?post=98014"}],"curies":[{"name":"wp","href":"https:\/\/api.w.org\/{rel}","templated":true}]}}