{"id":98043,"date":"2024-03-09T03:24:00","date_gmt":"2024-03-09T02:24:00","guid":{"rendered":"https:\/\/www.sonnenseite.com\/?p=98043"},"modified":"2024-03-17T09:17:10","modified_gmt":"2024-03-17T08:17:10","slug":"erneuerbare-energien-nehmen-2023-weiter-fahrt-auf","status":"publish","type":"post","link":"https:\/\/www.sonnenseite.com\/de\/energie\/erneuerbare-energien-nehmen-2023-weiter-fahrt-auf\/","title":{"rendered":"Erneuerbare Energien nehmen 2023 weiter Fahrt auf"},"content":{"rendered":"\n<p>Der Gesamtanteil erneuerbarer Energien am Energieverbrauch (Strom, W\u00e4rme und Verkehr) ist in Deutschland im Jahr 2023 auf insgesamt 22 Prozent gestiegen. Im Vorjahr betrug der Anteil noch 20,8 Prozent. <\/p>\n\n\n\n<p>Grund f\u00fcr diese positive Entwicklung waren insbesondere die Zuw\u00e4chse der Erneuerbaren in den Sektoren Strom und W\u00e4rme bei gleichzeitig insgesamt sinkender Nachfrage nach Energie in allen Sektoren.<\/p>\n\n\n\n<h4 class=\"wp-block-heading\">Ein Jahr mit starkem Zubau f\u00fcr den erneuerbaren Strom<\/h4>\n\n\n\n<p>Nach aktuellen Auswertungen der Arbeitsgruppe Erneuerbare Energien-Statistik (AGEE-Stat) wurde im Jahr 2023 mit 272,4&nbsp;Terawattstunden (TWh) so viel erneuerbarer Strom erzeugt wie noch nie (+ 7&nbsp;Prozent gegen\u00fcber 2022 mit 254,6&nbsp;TWh). Bei gleichzeitig wirtschaftlich bedingt abnehmendem Stromverbrauch insgesamt (-&nbsp;5&nbsp;Prozent gegen\u00fcber 2022) stieg damit der Anteil der erneuerbaren Energien am \u2060Bruttostromverbrauch\u2060 auf einen neuen Rekordwert von 51,8&nbsp;Prozent.<\/p>\n\n\n\n<p>Ma\u00dfgeblich f\u00fcr die Entwicklung war die Stromproduktion aus Windenergie und Photovoltaik, die drei Viertel des erneuerbaren Stroms bereitstellten. Bei der <strong>Windenergie<\/strong> trugen gute Witterungsverh\u00e4ltnisse und ein Zubau von 3.028\u00a0Megawatt (MW) zu einem Anstieg der Stromerzeugung von 14\u00a0Prozent auf insgesamt 142,1\u00a0TWh bei (2022: \u00a0124,8\u00a0TWh). Damit baute die Windenergie ihre Position als wichtigster Energietr\u00e4ger im deutschen Strommix weiter aus. Erstmals erzeugten Windenergieanlagen im Jahr 2023 mehr Strom als Braun- und Steinkohlekraftwerke zusammen.<\/p>\n\n\n\n<figure class=\"wp-block-image size-large\"><img loading=\"lazy\" decoding=\"async\" width=\"1024\" height=\"512\" src=\"https:\/\/www.sonnenseite.com\/wp-content\/uploads\/2024\/03\/Umweltbundesamt_ee-anteile_deu_02-2024-1024x512.jpg\" alt=\"\" class=\"wp-image-98052\" srcset=\"https:\/\/www.sonnenseite.com\/wp-content\/uploads\/2024\/03\/Umweltbundesamt_ee-anteile_deu_02-2024-1024x512.jpg 1024w, https:\/\/www.sonnenseite.com\/wp-content\/uploads\/2024\/03\/Umweltbundesamt_ee-anteile_deu_02-2024-300x150.jpg 300w, https:\/\/www.sonnenseite.com\/wp-content\/uploads\/2024\/03\/Umweltbundesamt_ee-anteile_deu_02-2024-768x384.jpg 768w, https:\/\/www.sonnenseite.com\/wp-content\/uploads\/2024\/03\/Umweltbundesamt_ee-anteile_deu_02-2024.jpg 1399w\" sizes=\"auto, (max-width: 1024px) 100vw, 1024px\" \/><figcaption class=\"wp-element-caption\">\u00a9 Umweltbundesamt.de | Der Anteil erneuerbarer Energien in den Sektoren Strom, W\u00e4rme und Verkehr ist 2023 weiter gestiegen.<\/figcaption><\/figure>\n\n\n\n<p>Bei der <strong>Photovoltaik<\/strong> (PV) wurde eine im Vergleich zum extrem sonnigen Vorjahr durchschnittliche \u2060Witterung\u2060 durch einen starken Zubau an neuen Anlagen ausgeglichen. Insgesamt stieg die Leistung des PV-Anlagenparks um 22&nbsp;Prozent gegen\u00fcber 2022 (+14.595&nbsp;MW). Im Ergebnis nahm die Solarstromerzeugung damit leicht auf insgesamt 61,2&nbsp;TWh zu (2022: &nbsp;60,3&nbsp;TWh).<\/p>\n\n\n\n<p>Des Weiteren f\u00fchrte ein \u00fcberdurchschnittlich niederschlagsreiches Jahr zu einer Steigerung von 11&nbsp;Prozent bei der Stromerzeugung aus <strong>Wasserkraft<\/strong> (2023: 19,6&nbsp;TWh; 2022: 17,6&nbsp;TWh). Die Stromerzeugung aus <strong>\u2060Biomasse\u2060<\/strong> sank hingegen gegen\u00fcber dem Vorjahr um circa 5&nbsp;Prozent (2023: 49,3&nbsp;TWh, 2022: 51,7&nbsp;TWh). Die <strong>geothermal <\/strong>erzeugte Strommenge lag auch im Jahr 2023 bei niedrigen 0,2&nbsp;TWh.<\/p>\n\n\n\n<p>Um die nationalen <strong>Ziele<\/strong> des Erneuerbare Energien-Gesetzes (EEG) und die auf europ\u00e4ischer Ebene durch die Renewable Energy Directive (RED) festgelegten Ziele zu erreichen, liegt zwar der Ausbau der Photovoltaik auf Kurs, deutlich gesteigert werden muss aber der Zubau neuer Windenergieanlagen an Land und auf See.<\/p>\n\n\n\n<h4 class=\"wp-block-heading\">Erneuerbare W\u00e4rme weiterhin durch Biomasse dominiert<\/h4>\n\n\n\n<p>Mit einem Anteil von 83&nbsp;Prozent (170,6&nbsp;TWh) war <strong>Biomasse<\/strong> auch im Jahr 2023 weiterhin die wichtigste erneuerbare W\u00e4rmequelle, gefolgt von 25,7&nbsp;TWh aus oberfl\u00e4chennaher (sowie tiefer) <strong>Geothermie und Umweltw\u00e4rme<\/strong> (insbesondere W\u00e4rmepumpen) mit 12,5&nbsp;Prozent. W\u00e4hrend die Biomasse auf einem \u00e4hnlichen Niveau wie im Vorjahr lag (2022: &nbsp;171,9&nbsp;TWh), stieg die durch W\u00e4rmepumpen nutzbar gemachte W\u00e4rme (Geothermie und Umweltw\u00e4rme) um deutliche 18,3&nbsp;Prozent an. Hier machte sich der stark gestiegene Absatz von W\u00e4rmepumpen bemerkbar. Der Anteil der <strong>Solarthermie<\/strong> lag mit 9,1&nbsp;TWh bei circa 4,4&nbsp;Prozent und damit knapp unter dem Wert des Vorjahres (2022: &nbsp;4,8&nbsp;Prozent).<\/p>\n\n\n\n<p>Die insgesamt erzeugte erneuerbare W\u00e4rmemenge stieg im Vergleich zum Vorjahr nur wenig (2023: 205,5&nbsp;TWh, 2022: 203,3&nbsp;TWh). Da jedoch gleichzeitig auf Grund der milden Witterung und der schwachen Konjunktur der gesamte W\u00e4rmebedarf r\u00fcckl\u00e4ufig war (-6&nbsp;Prozent gegen\u00fcber 2022), stieg der Anteil der erneuerbaren Energietr\u00e4ger auf 18,8&nbsp;Prozent (2022: &nbsp;17,5&nbsp;Prozent).<\/p>\n\n\n\n<h4 class=\"wp-block-heading\">Elektrifizierung sorgt f\u00fcr steigenden Anteil der erneuerbaren Energien im Verkehrssektor<\/h4>\n\n\n\n<p>Im Jahr 2023 wurden mit insgesamt 35,2&nbsp;TWh etwa 2&nbsp;Prozent mehr<strong> Biokraftstoffe<\/strong> als im Vorjahr eingesetzt (Biodiesel weniger als +1&nbsp;Prozent, Bioethanol +3&nbsp;Prozent und Biomethan +19&nbsp;Prozent). Sie stellen damit einen Anteil von knapp 82&nbsp;Prozent am Verbrauch erneuerbarer Energien im Verkehrssektor. Ein h\u00f6herer Stromverbrauch \u2013 insbesondere durch deutliche Steigerung im Stra\u00dfenverkehr von 2,5&nbsp;TWh auf 3,7&nbsp;TWh \u2013 bei gleichzeitig h\u00f6herem, erneuerbaren Anteil am Strommix, lie\u00df auch den rechnerisch ermittelten Verbrauch an <strong>erneuerbarem Strom<\/strong> im Verkehr deutlich steigen: Im Vergleich zum Vorjahr stieg der Verbrauch erneuerbaren Stroms im Verkehr um 21&nbsp;Prozent auf insgesamt rund 7,9&nbsp;TWh. Im Jahr 2023 betrug der \u2060Endenergieverbrauch\u2060 im Verkehrssektor insgesamt 587,8&nbsp;TWh, ein Minus von etwa einem&nbsp;Prozent im Vergleich zum Vorjahr. Erneuerbare Energietr\u00e4ger stellten davon circa 43,2&nbsp;TWh. Dies entsprach einem Anteil von 7,3&nbsp;Prozent (2022: 6,9&nbsp;Prozent).<\/p>\n\n\n\n<h4 class=\"wp-block-heading\">Erneuerbare Energien ein wichtiger Wirtschaftsfaktor f\u00fcr Deutschland<\/h4>\n\n\n\n<p>Die <strong>Investitionen<\/strong> in Anlagen zur Nutzung erneuerbarer Energien sind 2023 erneut kr\u00e4ftig gestiegen und lagen bei 36,6&nbsp;Milliarden (Mrd.)&nbsp;Euro (2022:&nbsp; 22,3&nbsp;Mrd.&nbsp;Euro). Die st\u00e4rksten Zuw\u00e4chse im Vergleich zum Vorjahr waren bei Photovoltaik und Geothermie\/Umweltw\u00e4rme mit einem Schwerpunkt bei den W\u00e4rmepumpen zu verzeichnen. Die <strong>wirtschaftlichen Impulse<\/strong> aus dem Betrieb der Anlagen lagen mit 23,1&nbsp;Mrd.&nbsp;Euro (2022:&nbsp; 23,9&nbsp;Mrd.&nbsp;Euro) knapp unter den Werten des Vorjahres. Wirtschaftliche Impulse aus dem Anlagenbetrieb umfassen die Aufwendungen f\u00fcr Wartung, Betrieb und Pflege der Anlagen sowie auch Ums\u00e4tze aus dem Absatz von Biokraftstoffen.<\/p>\n\n\n\n<h4 class=\"wp-block-heading\">Wichtig f\u00fcr den \u2060Klimaschutz\u2060: 250&nbsp;Millionen Tonnen CO<sub>2<\/sub>-\u00c4quivalente vermiedene Emissionen durch erneuerbare Energien im Jahr 2023<\/h4>\n\n\n\n<p>Indem fossile durch erneuerbare Energietr\u00e4ger ersetzt werden, sinken die fossilen Treibhausgasemissionen. Der Ausbau der erneuerbaren Energien ist somit eine wichtige Ma\u00dfnahme f\u00fcr den Klimaschutz. Insgesamt wurden nach vorl\u00e4ufigen Berechnungen im Jahr 2023 250&nbsp;Millionen Tonnen (Mio. t) CO<sub>2<\/sub>-\u00c4quivalente durch den Einsatz erneuerbarer Energien vermieden. Davon entfielen rund 195&nbsp;Mio. t CO<sub>2<\/sub>-\u00c4quivalente auf den Stromsektor, 44&nbsp;Mio. t CO<sub>2<\/sub>-\u00c4quivalente auf den W\u00e4rmesektor und etwa 11&nbsp;Mio. t CO<sub>2<\/sub>-\u00c4quivalente auf den Einsatz von Biokraftstoffen im Verkehr.<\/p>\n\n\n\n<p><strong>Weitere Informationen<\/strong><\/p>\n\n\n\n<p>Die vorgenannten Zahlen stammen von der <strong>Arbeitsgruppe Erneuerbare Energien-Statistik (AGEE-Stat)<\/strong>, deren Gesch\u00e4ftsstelle im Umweltbundesamt angesiedelt ist. Die AGEE-Stat bilanziert im Auftrag des Bundesministeriums f\u00fcr Wirtschaft und Klimaschutz (BMWK) die Nutzung der erneuerbaren Energien. Sie hat auf der Grundlage aktuell verf\u00fcgbarer Daten das <a href=\"https:\/\/www.umweltbundesamt.de\/publikationen\/erneuerbare-energien-in-deutschland-2023\">Hintergrundpapier \u201eErneuerbare Energien in Deutschland \u2013 Daten zur Entwicklung im Jahr 2023\u201c<\/a> erstellt. Die Daten werden im Laufe des Jahres nach Vorliegen weiterer belastbarer Informationen durch die AGEE-Stat aktualisiert.<\/p>\n\n\n\n<ul class=\"wp-block-list\">\n<li><a href=\"https:\/\/www.umweltbundesamt.de\/themen\/klima-energie\/erneuerbare-energien\/erneuerbare-energien-in-zahlen\">Erneuerbare Energien in Zahlen<\/a><\/li>\n\n\n\n<li><a href=\"https:\/\/www.umweltbundesamt.de\/themen\/klima-energie\/erneuerbare-energien\/erneuerbare-energien-in-zahlen\/arbeitsgruppe-erneuerbare-energien-statistik\">Arbeitsgruppe Erneuerbare Energien-Statistik<\/a><\/li>\n\n\n\n<li><a href=\"https:\/\/www.umweltbundesamt.de\/dokument\/zeitreihen-zur-entwicklung-der-erneuerbaren\">Zeitreihen Entwicklung der erneuerbaren Energien in Deutschland<\/a><\/li>\n\n\n\n<li><a href=\"https:\/\/www.umweltbundesamt.de\/sites\/default\/files\/medien\/479\/publikationen\/2024_uba_hg_erneuerbareenergien_dt.pdf\">Erneuerbare Energien in Deutschland 2023 &#8211; Daten zur Entwicklung im Jahr 2023 (pdf)<\/a><\/li>\n<\/ul>\n\n\n<h5 class=\"green\">Quelle<\/h5>\r\n\n\n\n<p><a href=\"https:\/\/www.umweltbundesamt.de\/themen\/erneuerbare-energien-nehmen-2023-weiter-fahrt-auf\">Umweltbundesamt 2024 <\/a><\/p>\n<div class=\"shariff shariff-align-flex-start shariff-widget-align-flex-start\"><div class=\"ShariffHeadline\">Diese Meldung teilen<\/div><ul class=\"shariff-buttons theme-round orientation-horizontal buttonsize-medium\"><li class=\"shariff-button facebook shariff-nocustomcolor\" style=\"background-color:#4273c8;border-radius:1%\"><a href=\"https:\/\/www.facebook.com\/sharer\/sharer.php?u=https%3A%2F%2Fwww.sonnenseite.com%2Fde%2Fenergie%2Ferneuerbare-energien-nehmen-2023-weiter-fahrt-auf%2F\" title=\"Bei Facebook teilen\" aria-label=\"Bei Facebook teilen\" role=\"button\" rel=\"nofollow\" class=\"shariff-link\" style=\";border-radius:1%; background-color:#3b5998; color:#fff\" target=\"_blank\"><span class=\"shariff-icon\" style=\"\"><svg width=\"32px\" height=\"20px\" xmlns=\"http:\/\/www.w3.org\/2000\/svg\" viewBox=\"0 0 18 32\"><path fill=\"#3b5998\" d=\"M17.1 0.2v4.7h-2.8q-1.5 0-2.1 0.6t-0.5 1.9v3.4h5.2l-0.7 5.3h-4.5v13.6h-5.5v-13.6h-4.5v-5.3h4.5v-3.9q0-3.3 1.9-5.2t5-1.8q2.6 0 4.1 0.2z\"\/><\/svg><\/span><\/a><\/li><li class=\"shariff-button twitter shariff-nocustomcolor\" style=\"background-color:#595959;border-radius:1%\"><a href=\"https:\/\/twitter.com\/share?url=https%3A%2F%2Fwww.sonnenseite.com%2Fde%2Fenergie%2Ferneuerbare-energien-nehmen-2023-weiter-fahrt-auf%2F&text=Erneuerbare%20Energien%20nehmen%202023%20weiter%20Fahrt%20auf\" title=\"Bei X teilen\" aria-label=\"Bei X teilen\" role=\"button\" rel=\"noopener nofollow\" class=\"shariff-link\" style=\";border-radius:1%; background-color:#000; color:#fff\" target=\"_blank\"><span class=\"shariff-icon\" style=\"\"><svg width=\"32px\" height=\"20px\" xmlns=\"http:\/\/www.w3.org\/2000\/svg\" viewBox=\"0 0 24 24\"><path fill=\"#000\" d=\"M14.258 10.152L23.176 0h-2.113l-7.747 8.813L7.133 0H0l9.352 13.328L0 23.973h2.113l8.176-9.309 6.531 9.309h7.133zm-2.895 3.293l-.949-1.328L2.875 1.56h3.246l6.086 8.523.945 1.328 7.91 11.078h-3.246zm0 0\"\/><\/svg><\/span><\/a><\/li><li class=\"shariff-button xing shariff-nocustomcolor\" style=\"background-color:#29888a;border-radius:1%\"><a href=\"https:\/\/www.xing.com\/spi\/shares\/new?url=https%3A%2F%2Fwww.sonnenseite.com%2Fde%2Fenergie%2Ferneuerbare-energien-nehmen-2023-weiter-fahrt-auf%2F\" title=\"Bei XING teilen\" aria-label=\"Bei XING teilen\" role=\"button\" rel=\"noopener nofollow\" class=\"shariff-link\" style=\";border-radius:1%; background-color:#126567; color:#fff\" target=\"_blank\"><span class=\"shariff-icon\" style=\"\"><svg width=\"32px\" height=\"20px\" xmlns=\"http:\/\/www.w3.org\/2000\/svg\" viewBox=\"0 0 25 32\"><path fill=\"#126567\" d=\"M10.7 11.9q-0.2 0.3-4.6 8.2-0.5 0.8-1.2 0.8h-4.3q-0.4 0-0.5-0.3t0-0.6l4.5-8q0 0 0 0l-2.9-5q-0.2-0.4 0-0.7 0.2-0.3 0.5-0.3h4.3q0.7 0 1.2 0.8zM25.1 0.4q0.2 0.3 0 0.7l-9.4 16.7 6 11q0.2 0.4 0 0.6-0.2 0.3-0.6 0.3h-4.3q-0.7 0-1.2-0.8l-6-11.1q0.3-0.6 9.5-16.8 0.4-0.8 1.2-0.8h4.3q0.4 0 0.5 0.3z\"\/><\/svg><\/span><\/a><\/li><li class=\"shariff-button linkedin shariff-nocustomcolor\" style=\"background-color:#1488bf;border-radius:1%\"><a href=\"https:\/\/www.linkedin.com\/sharing\/share-offsite\/?url=https%3A%2F%2Fwww.sonnenseite.com%2Fde%2Fenergie%2Ferneuerbare-energien-nehmen-2023-weiter-fahrt-auf%2F\" title=\"Bei LinkedIn teilen\" aria-label=\"Bei LinkedIn teilen\" role=\"button\" rel=\"noopener nofollow\" class=\"shariff-link\" style=\";border-radius:1%; background-color:#0077b5; color:#fff\" target=\"_blank\"><span class=\"shariff-icon\" style=\"\"><svg width=\"32px\" height=\"20px\" xmlns=\"http:\/\/www.w3.org\/2000\/svg\" viewBox=\"0 0 27 32\"><path fill=\"#0077b5\" d=\"M6.2 11.2v17.7h-5.9v-17.7h5.9zM6.6 5.7q0 1.3-0.9 2.2t-2.4 0.9h0q-1.5 0-2.4-0.9t-0.9-2.2 0.9-2.2 2.4-0.9 2.4 0.9 0.9 2.2zM27.4 18.7v10.1h-5.9v-9.5q0-1.9-0.7-2.9t-2.3-1.1q-1.1 0-1.9 0.6t-1.2 1.5q-0.2 0.5-0.2 1.4v9.9h-5.9q0-7.1 0-11.6t0-5.3l0-0.9h5.9v2.6h0q0.4-0.6 0.7-1t1-0.9 1.6-0.8 2-0.3q3 0 4.9 2t1.9 6z\"\/><\/svg><\/span><\/a><\/li><li class=\"shariff-button printer shariff-nocustomcolor\" style=\"background-color:#a8a8a8;border-radius:1%\"><a href=\"javascript:window.print()\" title=\"drucken\" aria-label=\"drucken\" role=\"button\" rel=\"noopener nofollow\" class=\"shariff-link\" style=\";border-radius:1%; background-color:#999; color:#fff\"><span class=\"shariff-icon\" style=\"\"><svg width=\"32px\" height=\"20px\" xmlns=\"http:\/\/www.w3.org\/2000\/svg\" viewBox=\"0 0 30 32\"><path fill=\"#999\" d=\"M6.8 27.4h16v-4.6h-16v4.6zM6.8 16h16v-6.8h-2.8q-0.7 0-1.2-0.5t-0.5-1.2v-2.8h-11.4v11.4zM27.4 17.2q0-0.5-0.3-0.8t-0.8-0.4-0.8 0.4-0.3 0.8 0.3 0.8 0.8 0.3 0.8-0.3 0.3-0.8zM29.7 17.2v7.4q0 0.2-0.2 0.4t-0.4 0.2h-4v2.8q0 0.7-0.5 1.2t-1.2 0.5h-17.2q-0.7 0-1.2-0.5t-0.5-1.2v-2.8h-4q-0.2 0-0.4-0.2t-0.2-0.4v-7.4q0-1.4 1-2.4t2.4-1h1.2v-9.7q0-0.7 0.5-1.2t1.2-0.5h12q0.7 0 1.6 0.4t1.3 0.8l2.7 2.7q0.5 0.5 0.9 1.4t0.4 1.6v4.6h1.1q1.4 0 2.4 1t1 2.4z\"\/><\/svg><\/span><\/a><\/li><li class=\"shariff-button mailto shariff-nocustomcolor\" style=\"background-color:#a8a8a8;border-radius:1%\"><a href=\"mailto:?body=https%3A%2F%2Fwww.sonnenseite.com%2Fde%2Fenergie%2Ferneuerbare-energien-nehmen-2023-weiter-fahrt-auf%2F&subject=Erneuerbare%20Energien%20nehmen%202023%20weiter%20Fahrt%20auf\" title=\"Per E-Mail versenden\" aria-label=\"Per E-Mail versenden\" role=\"button\" rel=\"noopener nofollow\" class=\"shariff-link\" style=\";border-radius:1%; background-color:#999; color:#fff\"><span class=\"shariff-icon\" style=\"\"><svg width=\"32px\" height=\"20px\" xmlns=\"http:\/\/www.w3.org\/2000\/svg\" viewBox=\"0 0 32 32\"><path fill=\"#999\" d=\"M32 12.7v14.2q0 1.2-0.8 2t-2 0.9h-26.3q-1.2 0-2-0.9t-0.8-2v-14.2q0.8 0.9 1.8 1.6 6.5 4.4 8.9 6.1 1 0.8 1.6 1.2t1.7 0.9 2 0.4h0.1q0.9 0 2-0.4t1.7-0.9 1.6-1.2q3-2.2 8.9-6.1 1-0.7 1.8-1.6zM32 7.4q0 1.4-0.9 2.7t-2.2 2.2q-6.7 4.7-8.4 5.8-0.2 0.1-0.7 0.5t-1 0.7-0.9 0.6-1.1 0.5-0.9 0.2h-0.1q-0.4 0-0.9-0.2t-1.1-0.5-0.9-0.6-1-0.7-0.7-0.5q-1.6-1.1-4.7-3.2t-3.6-2.6q-1.1-0.7-2.1-2t-1-2.5q0-1.4 0.7-2.3t2.1-0.9h26.3q1.2 0 2 0.8t0.9 2z\"\/><\/svg><\/span><\/a><\/li><\/ul><\/div>","protected":false},"excerpt":{"rendered":"<p>Der Gesamtanteil erneuerbarer Energien am Energieverbrauch (Strom, W\u00e4rme und Verkehr) ist in Deutschland im Jahr 2023 [&hellip;]<\/p>\n","protected":false},"author":3,"featured_media":76183,"comment_status":"closed","ping_status":"closed","sticky":false,"template":"","format":"standard","meta":{"inline_featured_image":false,"footnotes":""},"categories":[22],"tags":[],"class_list":["post-98043","post","type-post","status-publish","format-standard","has-post-thumbnail","hentry","category-energie"],"yoast_head":"<!-- This site is optimized with the Yoast SEO plugin v26.5 - https:\/\/yoast.com\/wordpress\/plugins\/seo\/ -->\n<title>Erneuerbare Energien nehmen 2023 weiter Fahrt auf - Sonnenseite - \u00d6kologische Kommunikation mit Franz Alt<\/title>\n<meta name=\"description\" content=\"Der Gesamtanteil erneuerbarer Energien am Energieverbrauch (Strom, W\u00e4rme und Verkehr) ist in Deutschland im Jahr 2023 auf insgesamt 22 Prozent gestiegen.\" \/>\n<meta name=\"robots\" content=\"index, follow, max-snippet:-1, max-image-preview:large, max-video-preview:-1\" \/>\n<link rel=\"canonical\" href=\"https:\/\/www.sonnenseite.com\/de\/energie\/erneuerbare-energien-nehmen-2023-weiter-fahrt-auf\/\" \/>\n<meta property=\"og:locale\" content=\"de_DE\" \/>\n<meta property=\"og:type\" content=\"article\" \/>\n<meta property=\"og:title\" content=\"Erneuerbare Energien nehmen 2023 weiter Fahrt auf - Sonnenseite - \u00d6kologische Kommunikation mit Franz Alt\" \/>\n<meta property=\"og:description\" content=\"Der Gesamtanteil erneuerbarer Energien am Energieverbrauch (Strom, W\u00e4rme und Verkehr) ist in Deutschland im Jahr 2023 auf insgesamt 22 Prozent gestiegen.\" \/>\n<meta property=\"og:url\" content=\"https:\/\/www.sonnenseite.com\/de\/energie\/erneuerbare-energien-nehmen-2023-weiter-fahrt-auf\/\" \/>\n<meta property=\"og:site_name\" content=\"Sonnenseite\" \/>\n<meta property=\"article:publisher\" content=\"https:\/\/www.facebook.com\/pages\/Franz-Alt-SONNENSEITECOM\/221072987903953?fref=ts\" \/>\n<meta property=\"article:published_time\" content=\"2024-03-09T02:24:00+00:00\" \/>\n<meta property=\"article:modified_time\" content=\"2024-03-17T08:17:10+00:00\" \/>\n<meta property=\"og:image\" content=\"https:\/\/www.sonnenseite.com\/wp-content\/uploads\/2021\/10\/Erneuerbare_Strom_Ai825.jpg\" \/>\n\t<meta property=\"og:image:width\" content=\"770\" \/>\n\t<meta property=\"og:image:height\" content=\"420\" \/>\n\t<meta property=\"og:image:type\" content=\"image\/jpeg\" \/>\n<meta name=\"author\" content=\"Bigi Alt\" \/>\n<meta name=\"twitter:card\" content=\"summary_large_image\" \/>\n<meta name=\"twitter:creator\" content=\"@franzalt\" \/>\n<meta name=\"twitter:site\" content=\"@franzalt\" \/>\n<meta name=\"twitter:label1\" content=\"Verfasst von\" \/>\n\t<meta name=\"twitter:data1\" content=\"Bigi Alt\" \/>\n\t<meta name=\"twitter:label2\" content=\"Gesch\u00e4tzte Lesezeit\" \/>\n\t<meta name=\"twitter:data2\" content=\"6\u00a0Minuten\" \/>\n<script type=\"application\/ld+json\" class=\"yoast-schema-graph\">{\"@context\":\"https:\/\/schema.org\",\"@graph\":[{\"@type\":\"Article\",\"@id\":\"https:\/\/www.sonnenseite.com\/de\/energie\/erneuerbare-energien-nehmen-2023-weiter-fahrt-auf\/#article\",\"isPartOf\":{\"@id\":\"https:\/\/www.sonnenseite.com\/de\/energie\/erneuerbare-energien-nehmen-2023-weiter-fahrt-auf\/\"},\"author\":{\"name\":\"Bigi Alt\",\"@id\":\"https:\/\/www.sonnenseite.com\/de\/#\/schema\/person\/50fda0e926597684c7cc6695238a4eb9\"},\"headline\":\"Erneuerbare Energien nehmen 2023 weiter Fahrt auf\",\"datePublished\":\"2024-03-09T02:24:00+00:00\",\"dateModified\":\"2024-03-17T08:17:10+00:00\",\"mainEntityOfPage\":{\"@id\":\"https:\/\/www.sonnenseite.com\/de\/energie\/erneuerbare-energien-nehmen-2023-weiter-fahrt-auf\/\"},\"wordCount\":999,\"publisher\":{\"@id\":\"https:\/\/www.sonnenseite.com\/de\/#organization\"},\"image\":{\"@id\":\"https:\/\/www.sonnenseite.com\/de\/energie\/erneuerbare-energien-nehmen-2023-weiter-fahrt-auf\/#primaryimage\"},\"thumbnailUrl\":\"https:\/\/www.sonnenseite.com\/wp-content\/uploads\/2021\/10\/Erneuerbare_Strom_Ai825.jpg\",\"articleSection\":[\"Energie\"],\"inLanguage\":\"de\"},{\"@type\":\"WebPage\",\"@id\":\"https:\/\/www.sonnenseite.com\/de\/energie\/erneuerbare-energien-nehmen-2023-weiter-fahrt-auf\/\",\"url\":\"https:\/\/www.sonnenseite.com\/de\/energie\/erneuerbare-energien-nehmen-2023-weiter-fahrt-auf\/\",\"name\":\"Erneuerbare Energien nehmen 2023 weiter Fahrt auf - Sonnenseite - \u00d6kologische Kommunikation mit Franz Alt\",\"isPartOf\":{\"@id\":\"https:\/\/www.sonnenseite.com\/de\/#website\"},\"primaryImageOfPage\":{\"@id\":\"https:\/\/www.sonnenseite.com\/de\/energie\/erneuerbare-energien-nehmen-2023-weiter-fahrt-auf\/#primaryimage\"},\"image\":{\"@id\":\"https:\/\/www.sonnenseite.com\/de\/energie\/erneuerbare-energien-nehmen-2023-weiter-fahrt-auf\/#primaryimage\"},\"thumbnailUrl\":\"https:\/\/www.sonnenseite.com\/wp-content\/uploads\/2021\/10\/Erneuerbare_Strom_Ai825.jpg\",\"datePublished\":\"2024-03-09T02:24:00+00:00\",\"dateModified\":\"2024-03-17T08:17:10+00:00\",\"description\":\"Der Gesamtanteil erneuerbarer Energien am Energieverbrauch (Strom, W\u00e4rme und Verkehr) ist in Deutschland im Jahr 2023 auf insgesamt 22 Prozent gestiegen.\",\"breadcrumb\":{\"@id\":\"https:\/\/www.sonnenseite.com\/de\/energie\/erneuerbare-energien-nehmen-2023-weiter-fahrt-auf\/#breadcrumb\"},\"inLanguage\":\"de\",\"potentialAction\":[{\"@type\":\"ReadAction\",\"target\":[\"https:\/\/www.sonnenseite.com\/de\/energie\/erneuerbare-energien-nehmen-2023-weiter-fahrt-auf\/\"]}]},{\"@type\":\"ImageObject\",\"inLanguage\":\"de\",\"@id\":\"https:\/\/www.sonnenseite.com\/de\/energie\/erneuerbare-energien-nehmen-2023-weiter-fahrt-auf\/#primaryimage\",\"url\":\"https:\/\/www.sonnenseite.com\/wp-content\/uploads\/2021\/10\/Erneuerbare_Strom_Ai825.jpg\",\"contentUrl\":\"https:\/\/www.sonnenseite.com\/wp-content\/uploads\/2021\/10\/Erneuerbare_Strom_Ai825.jpg\",\"width\":770,\"height\":420,\"caption\":\"Depositphotos.com | Ai825\"},{\"@type\":\"BreadcrumbList\",\"@id\":\"https:\/\/www.sonnenseite.com\/de\/energie\/erneuerbare-energien-nehmen-2023-weiter-fahrt-auf\/#breadcrumb\",\"itemListElement\":[{\"@type\":\"ListItem\",\"position\":1,\"name\":\"Startseite\",\"item\":\"https:\/\/www.sonnenseite.com\/de\/\"},{\"@type\":\"ListItem\",\"position\":2,\"name\":\"Erneuerbare Energien nehmen 2023 weiter Fahrt auf\"}]},{\"@type\":\"WebSite\",\"@id\":\"https:\/\/www.sonnenseite.com\/de\/#website\",\"url\":\"https:\/\/www.sonnenseite.com\/de\/\",\"name\":\"Sonnenseite\",\"description\":\"\u00d6kologische Kommunikation mit Franz Alt\",\"publisher\":{\"@id\":\"https:\/\/www.sonnenseite.com\/de\/#organization\"},\"potentialAction\":[{\"@type\":\"SearchAction\",\"target\":{\"@type\":\"EntryPoint\",\"urlTemplate\":\"https:\/\/www.sonnenseite.com\/de\/?s={search_term_string}\"},\"query-input\":{\"@type\":\"PropertyValueSpecification\",\"valueRequired\":true,\"valueName\":\"search_term_string\"}}],\"inLanguage\":\"de\"},{\"@type\":\"Organization\",\"@id\":\"https:\/\/www.sonnenseite.com\/de\/#organization\",\"name\":\"Sonnenseite\",\"url\":\"https:\/\/www.sonnenseite.com\/de\/\",\"logo\":{\"@type\":\"ImageObject\",\"inLanguage\":\"de\",\"@id\":\"https:\/\/www.sonnenseite.com\/de\/#\/schema\/logo\/image\/\",\"url\":\"https:\/\/www.sonnenseite.com\/wp-content\/uploads\/2020\/05\/Sonnenseite_Logo.png\",\"contentUrl\":\"https:\/\/www.sonnenseite.com\/wp-content\/uploads\/2020\/05\/Sonnenseite_Logo.png\",\"width\":377,\"height\":90,\"caption\":\"Sonnenseite\"},\"image\":{\"@id\":\"https:\/\/www.sonnenseite.com\/de\/#\/schema\/logo\/image\/\"},\"sameAs\":[\"https:\/\/www.facebook.com\/pages\/Franz-Alt-SONNENSEITECOM\/221072987903953?fref=ts\",\"https:\/\/x.com\/franzalt\",\"http:\/\/www.youtube.com\/results?search_query&amp;amp;quot;franz_alt&amp;amp;quot;&amp;amp;amp;amp;search_type&amp;amp;amp;amp;aq=f\"]},{\"@type\":\"Person\",\"@id\":\"https:\/\/www.sonnenseite.com\/de\/#\/schema\/person\/50fda0e926597684c7cc6695238a4eb9\",\"name\":\"Bigi Alt\"}]}<\/script>\n<!-- \/ Yoast SEO plugin. -->","yoast_head_json":{"title":"Erneuerbare Energien nehmen 2023 weiter Fahrt auf - Sonnenseite - \u00d6kologische Kommunikation mit Franz Alt","description":"Der Gesamtanteil erneuerbarer Energien am Energieverbrauch (Strom, W\u00e4rme und Verkehr) ist in Deutschland im Jahr 2023 auf insgesamt 22 Prozent gestiegen.","robots":{"index":"index","follow":"follow","max-snippet":"max-snippet:-1","max-image-preview":"max-image-preview:large","max-video-preview":"max-video-preview:-1"},"canonical":"https:\/\/www.sonnenseite.com\/de\/energie\/erneuerbare-energien-nehmen-2023-weiter-fahrt-auf\/","og_locale":"de_DE","og_type":"article","og_title":"Erneuerbare Energien nehmen 2023 weiter Fahrt auf - Sonnenseite - \u00d6kologische Kommunikation mit Franz Alt","og_description":"Der Gesamtanteil erneuerbarer Energien am Energieverbrauch (Strom, W\u00e4rme und Verkehr) ist in Deutschland im Jahr 2023 auf insgesamt 22 Prozent gestiegen.","og_url":"https:\/\/www.sonnenseite.com\/de\/energie\/erneuerbare-energien-nehmen-2023-weiter-fahrt-auf\/","og_site_name":"Sonnenseite","article_publisher":"https:\/\/www.facebook.com\/pages\/Franz-Alt-SONNENSEITECOM\/221072987903953?fref=ts","article_published_time":"2024-03-09T02:24:00+00:00","article_modified_time":"2024-03-17T08:17:10+00:00","og_image":[{"width":770,"height":420,"url":"https:\/\/www.sonnenseite.com\/wp-content\/uploads\/2021\/10\/Erneuerbare_Strom_Ai825.jpg","type":"image\/jpeg"}],"author":"Bigi Alt","twitter_card":"summary_large_image","twitter_creator":"@franzalt","twitter_site":"@franzalt","twitter_misc":{"Verfasst von":"Bigi Alt","Gesch\u00e4tzte Lesezeit":"6\u00a0Minuten"},"schema":{"@context":"https:\/\/schema.org","@graph":[{"@type":"Article","@id":"https:\/\/www.sonnenseite.com\/de\/energie\/erneuerbare-energien-nehmen-2023-weiter-fahrt-auf\/#article","isPartOf":{"@id":"https:\/\/www.sonnenseite.com\/de\/energie\/erneuerbare-energien-nehmen-2023-weiter-fahrt-auf\/"},"author":{"name":"Bigi Alt","@id":"https:\/\/www.sonnenseite.com\/de\/#\/schema\/person\/50fda0e926597684c7cc6695238a4eb9"},"headline":"Erneuerbare Energien nehmen 2023 weiter Fahrt auf","datePublished":"2024-03-09T02:24:00+00:00","dateModified":"2024-03-17T08:17:10+00:00","mainEntityOfPage":{"@id":"https:\/\/www.sonnenseite.com\/de\/energie\/erneuerbare-energien-nehmen-2023-weiter-fahrt-auf\/"},"wordCount":999,"publisher":{"@id":"https:\/\/www.sonnenseite.com\/de\/#organization"},"image":{"@id":"https:\/\/www.sonnenseite.com\/de\/energie\/erneuerbare-energien-nehmen-2023-weiter-fahrt-auf\/#primaryimage"},"thumbnailUrl":"https:\/\/www.sonnenseite.com\/wp-content\/uploads\/2021\/10\/Erneuerbare_Strom_Ai825.jpg","articleSection":["Energie"],"inLanguage":"de"},{"@type":"WebPage","@id":"https:\/\/www.sonnenseite.com\/de\/energie\/erneuerbare-energien-nehmen-2023-weiter-fahrt-auf\/","url":"https:\/\/www.sonnenseite.com\/de\/energie\/erneuerbare-energien-nehmen-2023-weiter-fahrt-auf\/","name":"Erneuerbare Energien nehmen 2023 weiter Fahrt auf - Sonnenseite - \u00d6kologische Kommunikation mit Franz Alt","isPartOf":{"@id":"https:\/\/www.sonnenseite.com\/de\/#website"},"primaryImageOfPage":{"@id":"https:\/\/www.sonnenseite.com\/de\/energie\/erneuerbare-energien-nehmen-2023-weiter-fahrt-auf\/#primaryimage"},"image":{"@id":"https:\/\/www.sonnenseite.com\/de\/energie\/erneuerbare-energien-nehmen-2023-weiter-fahrt-auf\/#primaryimage"},"thumbnailUrl":"https:\/\/www.sonnenseite.com\/wp-content\/uploads\/2021\/10\/Erneuerbare_Strom_Ai825.jpg","datePublished":"2024-03-09T02:24:00+00:00","dateModified":"2024-03-17T08:17:10+00:00","description":"Der Gesamtanteil erneuerbarer Energien am Energieverbrauch (Strom, W\u00e4rme und Verkehr) ist in Deutschland im Jahr 2023 auf insgesamt 22 Prozent gestiegen.","breadcrumb":{"@id":"https:\/\/www.sonnenseite.com\/de\/energie\/erneuerbare-energien-nehmen-2023-weiter-fahrt-auf\/#breadcrumb"},"inLanguage":"de","potentialAction":[{"@type":"ReadAction","target":["https:\/\/www.sonnenseite.com\/de\/energie\/erneuerbare-energien-nehmen-2023-weiter-fahrt-auf\/"]}]},{"@type":"ImageObject","inLanguage":"de","@id":"https:\/\/www.sonnenseite.com\/de\/energie\/erneuerbare-energien-nehmen-2023-weiter-fahrt-auf\/#primaryimage","url":"https:\/\/www.sonnenseite.com\/wp-content\/uploads\/2021\/10\/Erneuerbare_Strom_Ai825.jpg","contentUrl":"https:\/\/www.sonnenseite.com\/wp-content\/uploads\/2021\/10\/Erneuerbare_Strom_Ai825.jpg","width":770,"height":420,"caption":"Depositphotos.com | Ai825"},{"@type":"BreadcrumbList","@id":"https:\/\/www.sonnenseite.com\/de\/energie\/erneuerbare-energien-nehmen-2023-weiter-fahrt-auf\/#breadcrumb","itemListElement":[{"@type":"ListItem","position":1,"name":"Startseite","item":"https:\/\/www.sonnenseite.com\/de\/"},{"@type":"ListItem","position":2,"name":"Erneuerbare Energien nehmen 2023 weiter Fahrt auf"}]},{"@type":"WebSite","@id":"https:\/\/www.sonnenseite.com\/de\/#website","url":"https:\/\/www.sonnenseite.com\/de\/","name":"Sonnenseite","description":"\u00d6kologische Kommunikation mit Franz Alt","publisher":{"@id":"https:\/\/www.sonnenseite.com\/de\/#organization"},"potentialAction":[{"@type":"SearchAction","target":{"@type":"EntryPoint","urlTemplate":"https:\/\/www.sonnenseite.com\/de\/?s={search_term_string}"},"query-input":{"@type":"PropertyValueSpecification","valueRequired":true,"valueName":"search_term_string"}}],"inLanguage":"de"},{"@type":"Organization","@id":"https:\/\/www.sonnenseite.com\/de\/#organization","name":"Sonnenseite","url":"https:\/\/www.sonnenseite.com\/de\/","logo":{"@type":"ImageObject","inLanguage":"de","@id":"https:\/\/www.sonnenseite.com\/de\/#\/schema\/logo\/image\/","url":"https:\/\/www.sonnenseite.com\/wp-content\/uploads\/2020\/05\/Sonnenseite_Logo.png","contentUrl":"https:\/\/www.sonnenseite.com\/wp-content\/uploads\/2020\/05\/Sonnenseite_Logo.png","width":377,"height":90,"caption":"Sonnenseite"},"image":{"@id":"https:\/\/www.sonnenseite.com\/de\/#\/schema\/logo\/image\/"},"sameAs":["https:\/\/www.facebook.com\/pages\/Franz-Alt-SONNENSEITECOM\/221072987903953?fref=ts","https:\/\/x.com\/franzalt","http:\/\/www.youtube.com\/results?search_query&amp;amp;quot;franz_alt&amp;amp;quot;&amp;amp;amp;amp;search_type&amp;amp;amp;amp;aq=f"]},{"@type":"Person","@id":"https:\/\/www.sonnenseite.com\/de\/#\/schema\/person\/50fda0e926597684c7cc6695238a4eb9","name":"Bigi Alt"}]}},"_links":{"self":[{"href":"https:\/\/www.sonnenseite.com\/de\/wp-json\/wp\/v2\/posts\/98043","targetHints":{"allow":["GET"]}}],"collection":[{"href":"https:\/\/www.sonnenseite.com\/de\/wp-json\/wp\/v2\/posts"}],"about":[{"href":"https:\/\/www.sonnenseite.com\/de\/wp-json\/wp\/v2\/types\/post"}],"author":[{"embeddable":true,"href":"https:\/\/www.sonnenseite.com\/de\/wp-json\/wp\/v2\/users\/3"}],"replies":[{"embeddable":true,"href":"https:\/\/www.sonnenseite.com\/de\/wp-json\/wp\/v2\/comments?post=98043"}],"version-history":[{"count":5,"href":"https:\/\/www.sonnenseite.com\/de\/wp-json\/wp\/v2\/posts\/98043\/revisions"}],"predecessor-version":[{"id":98055,"href":"https:\/\/www.sonnenseite.com\/de\/wp-json\/wp\/v2\/posts\/98043\/revisions\/98055"}],"wp:featuredmedia":[{"embeddable":true,"href":"https:\/\/www.sonnenseite.com\/de\/wp-json\/wp\/v2\/media\/76183"}],"wp:attachment":[{"href":"https:\/\/www.sonnenseite.com\/de\/wp-json\/wp\/v2\/media?parent=98043"}],"wp:term":[{"taxonomy":"category","embeddable":true,"href":"https:\/\/www.sonnenseite.com\/de\/wp-json\/wp\/v2\/categories?post=98043"},{"taxonomy":"post_tag","embeddable":true,"href":"https:\/\/www.sonnenseite.com\/de\/wp-json\/wp\/v2\/tags?post=98043"}],"curies":[{"name":"wp","href":"https:\/\/api.w.org\/{rel}","templated":true}]}}