{"id":98048,"date":"2024-03-09T03:14:00","date_gmt":"2024-03-09T02:14:00","guid":{"rendered":"https:\/\/www.sonnenseite.com\/?p=98048"},"modified":"2024-03-08T16:35:27","modified_gmt":"2024-03-08T15:35:27","slug":"die-folgen-des-pv-booms","status":"publish","type":"post","link":"https:\/\/www.sonnenseite.com\/de\/wissenschaft\/die-folgen-des-pv-booms\/","title":{"rendered":"Die Folgen des PV-Booms"},"content":{"rendered":"\n<p>Studie des HI ERN untersucht Recycling-Strategien f\u00fcr Solarmodule. Die Photovoltaik oder kurz PV ist eine wichtige S\u00e4ule der Energiewende. <\/p>\n\n\n\n<p>Doch der erwartete PV-Hochlauf bindet gro\u00dfe Mengen an Ressourcen. Zirkul\u00e4re Recycling-Strategien sind n\u00f6tig, um in Zukunft Abfallstr\u00f6me zu vermeiden, die in der Gr\u00f6\u00dfenordnung des heutigen weltweiten Elektroschrotts liegen. Zu diesem Ergebnis kommen Forschende des HI ERN in einer Studie in der renommierten Fachzeitschrift <em>Joule<\/em>.<\/p>\n\n\n\n<p>Die Energiewende schreitet voran und die Photovoltaik (PV) spielt dabei eine entscheidende Rolle. In den n\u00e4chsten Jahrzehnten sollen enorme Kapazit\u00e4ten zugebaut werden. Experten erwarten mehrere 10-Terawatt bis zur Mitte des Jahrhunderts. Auf jeden Menschen kommen dann rechnerisch 10 bis 25 Solarmodule. Der Boom sorgt f\u00fcr saubere, gr\u00fcne Energie. Doch das Wachstum hat auch seine Schattenseiten.<\/p>\n\n\n\n<p>So werden bis zum Jahr 2050 mehrere Millionen Tonnen Abfall aus Altmodulen erwartet \u2013 und das nur auf den europ\u00e4ischen Markt bezogen. Denn auch wenn die heutigen PV-Module auf eine m\u00f6glichst lange Haltbarkeit ausgelegt sind, landen diese am Ende ihres Lebens auf der M\u00fcllhalde und mit ihnen teils wertvolle Materialien.<\/p>\n\n\n\n<p>\u201eKreislaufwirtschaftliches Recycling in der Photovoltaik wird entscheidend sein, um Abfallstr\u00f6me in einer Gr\u00f6\u00dfenordnung zu vermeiden, die in etwa dem heutigen weltweiten Elektroschrott entspricht\u201c, erkl\u00e4rt der Physiker Dr. Marius Peters vom Helmholtz-Institut Erlangen-N\u00fcrnberg f\u00fcr Erneuerbare Energien (HI ERN), einer Au\u00dfenstelle des Forschungszentrums J\u00fclich.<\/p>\n\n\n\n<p>Heutige Solarmodule sind daf\u00fcr nur begrenzt geeignet. Grund ist der integrierte \u2013 also nur kaum trennbare \u2013 Aufbau der Module, der Voraussetzung f\u00fcr deren lange Haltbarkeit ist. Auch wenn Recycling in der Europ\u00e4ischen Union vorgeschrieben ist, lassen sich PV-Module daher nur schwer zirkul\u00e4r wiederverwenden.<\/p>\n\n\n\n<p>Wie wichtig es f\u00fcr das rasante Wachstum der PV-Industrie ist, diese Materialien zu recyclen, zeigt die aktuelle Studie von Dr. Ian Marius Peters, Dr. Jens Hauch und Prof. Christoph Brabec aus dem HI ERN. \u201eUnsere Vision ist es, dass wir weg von einem Design f\u00fcr die Ewigkeit hin zu einem Design f\u00fcr den ewigen Kreislauf kommen\u201c, bekr\u00e4ftigt Physiker Dr. Ian Marius Peters. \u201eDamit machen wir erneuerbare Energie so nachhaltig, wie keine Energietechnologie zuvor.\u201c<\/p>\n\n\n\n<h4 class=\"wp-block-heading\" id=\"4aab2e07-390a-494a-938c-ca8ecbc42ac1\">Nicht f\u00fcr die Ewigkeit, sondern f\u00fcr einen ewigen Kreislauf<\/h4>\n\n\n\n<p>Der am besten geeignete Markt, um die Menge an recyceltem Material aufzunehmen, wird demnach die Herstellung von PV-Modulen selbst sein. Nur in diesem Sektor ist der Bedarf in einigen F\u00e4llen gro\u00df genug. \u201eAuch ohne zirkul\u00e4res Recycling ist Solarenergie nachhaltig\u201c, betont Dr. Ian Marius Peters. \u201eZirkul\u00e4res Recycling bietet jedoch die Chance, eine echte Kreislaufwirtschaft aufzubauen und auch hier zum Vorreiter einer Kultur der Nachhaltigkeit zu werden.\u201c<\/p>\n\n\n\n<p>Doch wie kann Recycling wirklich zirkul\u00e4r werden? Die Studie des HI ERN zeigt hier einen Weg zu einer nachhaltigeren und wirtschaftlich tragf\u00e4higen Zukunft f\u00fcr die PV-Industrie auf: Im ersten Schritt m\u00fcssen Solarmodule f\u00fcr den ewigen Kreislauf entworfen werden. Die eingesetzten Materialien m\u00fcssen einfacher und sauberer zu trennen sein. Die verbauten Werkstoffe m\u00fcssen zudem besser dokumentiert und charakterisiert werden. Schlussendlich wird der Erfolg des Recyclings in hohem Ma\u00dfe davon abh\u00e4ngen, wie wirtschaftlich es umgesetzt werden kann.<\/p>\n\n\n\n<h4 class=\"wp-block-heading\" id=\"0c454bea-17b5-4293-9a53-842d6db6fb41\">Zirkul\u00e4res Ressourcen-Management unterschiedlicher Materialien<\/h4>\n\n\n\n<p>Eigentlich besteht keine Materialknappheit. F\u00fcr den enormen Ausbau der Photovoltaik sind ausreichend Ressourcen vorhanden. Doch die ben\u00f6tigten Mengen sind gewaltig. Ein gutes Material-Management ist daher f\u00fcr den rapiden Ausbau vorteilhaft.<\/p>\n\n\n\n<h4 class=\"wp-block-heading has-text-align-center\">Masse und Wert der in einem Solarmodul verwendeten Materialien<\/h4>\n\n\n\n<p><a href=\"https:\/\/www.fz-juelich.de\/de\/aktuelles\/news\/pressemitteilungen\/2024\/die-folgen-des-pv-booms-studie-des-hi-ern-untersucht-recycling-strategien-fuer-solarmodule\/bild1_masse_und_wert_der_in_einem_solarmodul_verwendeten_materialien.png\"><\/a><\/p>\n\n\n<div class=\"wp-block-image\">\n<figure class=\"aligncenter size-large\"><img loading=\"lazy\" decoding=\"async\" width=\"1024\" height=\"445\" src=\"https:\/\/www.sonnenseite.com\/wp-content\/uploads\/2024\/03\/Juelich_Recycling-1024x445.png\" alt=\"\" class=\"wp-image-98049\" srcset=\"https:\/\/www.sonnenseite.com\/wp-content\/uploads\/2024\/03\/Juelich_Recycling-1024x445.png 1024w, https:\/\/www.sonnenseite.com\/wp-content\/uploads\/2024\/03\/Juelich_Recycling-300x130.png 300w, https:\/\/www.sonnenseite.com\/wp-content\/uploads\/2024\/03\/Juelich_Recycling-768x333.png 768w, https:\/\/www.sonnenseite.com\/wp-content\/uploads\/2024\/03\/Juelich_Recycling.png 1161w\" sizes=\"auto, (max-width: 1024px) 100vw, 1024px\" \/><figcaption class=\"wp-element-caption\">Masse und Wert der in einem Solarmodul verwendeten Materialien anhand des Ausgangsmaterials (Mitte) und des Recyclingwertes (rechts). Copyright: HI ERN \/ Ian Marius Peters<\/figcaption><\/figure>\n<\/div>\n\n\n<p>So macht beispielsweise Glas bis zu 75% der Masse eines Solarmodules aus. Solarglas kann mit etablierten Prozessen zur\u00fcckgewonnen werden, jedoch nur in minderer Qualit\u00e4t, so dass es nicht f\u00fcr die Produktion neuer Module bereitsteht. Das ist bei der geringen Menge an Modulen, die heute recycelt werden, kein Problem. Das \u00e4ndert sich jedoch voraussichtlich ab Mitte bis Ende der 2030er Jahre, wenn j\u00e4hrlich Millionen Tonnen an ausgedientem Solarglas anfallen. \u201eKeine Anwendung ben\u00f6tigt eine solche Menge an altem Glas. Nur durch zirkul\u00e4res Recycling kann verhindert werden, dass dieses Glas als Abfall endet\u201c, erkl\u00e4rt Ian Marius Peters. Eine zirkul\u00e4re Verwendung st\u00e4rkt zudem auch die wirtschaftliche Stellung der Solarindustrie.<\/p>\n\n\n\n<p>Ein anderes Beispiel: Die Verwendung bestimmter Polymere steht unter anderem in Konkurrenz zur Schuhindustrie. Die vorhandenen Produktionskapazit\u00e4ten sind hier begrenzt. Durch zirkul\u00e4res Recycling k\u00f6nnen die Kapazit\u00e4ten schneller ausgebaut und Engp\u00e4sse bei der Produktion vermieden werden. Dar\u00fcber hinaus erm\u00f6glicht zirkul\u00e4res Recycling auch die R\u00fcckgewinnung wertvoller Materialien.<\/p>\n\n\n\n<p>Die Solarindustrie beanspruchte au\u00dferdem 2020 bereits 12,7 % der j\u00e4hrlichen Silberproduktion. Zuk\u00fcnftige Module werden und m\u00fcssen ohne Silber auskommen. Doch bis es soweit ist, werden tausende Tonnen Silber in Modulen verbaut werden. Zirkul\u00e4res Recycling erm\u00f6glicht es, diesen Schatz zu heben und verf\u00fcgbar zu machen. Silber findet vielf\u00e4ltig Verwendung, es ist begrenzt verf\u00fcgbar und damit eine kostbare Ressource.<\/p>\n\n\n\n<ul class=\"wp-block-list\">\n<li>Peters et al. &#8222;Cradle-to-cradle recycling in terawatt photovoltaics: A vision of perpetual utility&#8220; | Joule (2024), <a href=\"https:\/\/doi.org\/10.1016\/j.joule.2024.01.025\">DOI: 10.1016\/j.joule.2024.01.025<\/a><\/li>\n<\/ul>\n\n\n<h5 class=\"green\">Quelle<\/h5>\r\n\n\n\n<p><a href=\"https:\/\/www.fz-juelich.de\/de\/aktuelles\/news\/pressemitteilungen\/2024\/die-folgen-des-pv-booms-studie-des-hi-ern-untersucht-recycling-strategien-fuer-solarmodule\">J\u00dcLICH Forschungszentrum 2024<\/a><\/p>\n<div class=\"shariff shariff-align-flex-start shariff-widget-align-flex-start\"><div class=\"ShariffHeadline\">Diese Meldung teilen<\/div><ul class=\"shariff-buttons theme-round orientation-horizontal buttonsize-medium\"><li class=\"shariff-button facebook shariff-nocustomcolor\" style=\"background-color:#4273c8;border-radius:1%\"><a href=\"https:\/\/www.facebook.com\/sharer\/sharer.php?u=https%3A%2F%2Fwww.sonnenseite.com%2Fde%2Fwissenschaft%2Fdie-folgen-des-pv-booms%2F\" title=\"Bei Facebook teilen\" aria-label=\"Bei Facebook teilen\" role=\"button\" rel=\"nofollow\" class=\"shariff-link\" style=\";border-radius:1%; background-color:#3b5998; color:#fff\" target=\"_blank\"><span class=\"shariff-icon\" style=\"\"><svg width=\"32px\" height=\"20px\" xmlns=\"http:\/\/www.w3.org\/2000\/svg\" viewBox=\"0 0 18 32\"><path fill=\"#3b5998\" d=\"M17.1 0.2v4.7h-2.8q-1.5 0-2.1 0.6t-0.5 1.9v3.4h5.2l-0.7 5.3h-4.5v13.6h-5.5v-13.6h-4.5v-5.3h4.5v-3.9q0-3.3 1.9-5.2t5-1.8q2.6 0 4.1 0.2z\"\/><\/svg><\/span><\/a><\/li><li class=\"shariff-button twitter shariff-nocustomcolor\" style=\"background-color:#595959;border-radius:1%\"><a href=\"https:\/\/twitter.com\/share?url=https%3A%2F%2Fwww.sonnenseite.com%2Fde%2Fwissenschaft%2Fdie-folgen-des-pv-booms%2F&text=Die%20Folgen%20des%20PV-Booms\" title=\"Bei X teilen\" aria-label=\"Bei X teilen\" role=\"button\" rel=\"noopener nofollow\" class=\"shariff-link\" style=\";border-radius:1%; background-color:#000; color:#fff\" target=\"_blank\"><span class=\"shariff-icon\" style=\"\"><svg width=\"32px\" height=\"20px\" xmlns=\"http:\/\/www.w3.org\/2000\/svg\" viewBox=\"0 0 24 24\"><path fill=\"#000\" d=\"M14.258 10.152L23.176 0h-2.113l-7.747 8.813L7.133 0H0l9.352 13.328L0 23.973h2.113l8.176-9.309 6.531 9.309h7.133zm-2.895 3.293l-.949-1.328L2.875 1.56h3.246l6.086 8.523.945 1.328 7.91 11.078h-3.246zm0 0\"\/><\/svg><\/span><\/a><\/li><li class=\"shariff-button xing shariff-nocustomcolor\" style=\"background-color:#29888a;border-radius:1%\"><a href=\"https:\/\/www.xing.com\/spi\/shares\/new?url=https%3A%2F%2Fwww.sonnenseite.com%2Fde%2Fwissenschaft%2Fdie-folgen-des-pv-booms%2F\" title=\"Bei XING teilen\" aria-label=\"Bei XING teilen\" role=\"button\" rel=\"noopener nofollow\" class=\"shariff-link\" style=\";border-radius:1%; background-color:#126567; color:#fff\" target=\"_blank\"><span class=\"shariff-icon\" style=\"\"><svg width=\"32px\" height=\"20px\" xmlns=\"http:\/\/www.w3.org\/2000\/svg\" viewBox=\"0 0 25 32\"><path fill=\"#126567\" d=\"M10.7 11.9q-0.2 0.3-4.6 8.2-0.5 0.8-1.2 0.8h-4.3q-0.4 0-0.5-0.3t0-0.6l4.5-8q0 0 0 0l-2.9-5q-0.2-0.4 0-0.7 0.2-0.3 0.5-0.3h4.3q0.7 0 1.2 0.8zM25.1 0.4q0.2 0.3 0 0.7l-9.4 16.7 6 11q0.2 0.4 0 0.6-0.2 0.3-0.6 0.3h-4.3q-0.7 0-1.2-0.8l-6-11.1q0.3-0.6 9.5-16.8 0.4-0.8 1.2-0.8h4.3q0.4 0 0.5 0.3z\"\/><\/svg><\/span><\/a><\/li><li class=\"shariff-button linkedin shariff-nocustomcolor\" style=\"background-color:#1488bf;border-radius:1%\"><a href=\"https:\/\/www.linkedin.com\/sharing\/share-offsite\/?url=https%3A%2F%2Fwww.sonnenseite.com%2Fde%2Fwissenschaft%2Fdie-folgen-des-pv-booms%2F\" title=\"Bei LinkedIn teilen\" aria-label=\"Bei LinkedIn teilen\" role=\"button\" rel=\"noopener nofollow\" class=\"shariff-link\" style=\";border-radius:1%; background-color:#0077b5; color:#fff\" target=\"_blank\"><span class=\"shariff-icon\" style=\"\"><svg width=\"32px\" height=\"20px\" xmlns=\"http:\/\/www.w3.org\/2000\/svg\" viewBox=\"0 0 27 32\"><path fill=\"#0077b5\" d=\"M6.2 11.2v17.7h-5.9v-17.7h5.9zM6.6 5.7q0 1.3-0.9 2.2t-2.4 0.9h0q-1.5 0-2.4-0.9t-0.9-2.2 0.9-2.2 2.4-0.9 2.4 0.9 0.9 2.2zM27.4 18.7v10.1h-5.9v-9.5q0-1.9-0.7-2.9t-2.3-1.1q-1.1 0-1.9 0.6t-1.2 1.5q-0.2 0.5-0.2 1.4v9.9h-5.9q0-7.1 0-11.6t0-5.3l0-0.9h5.9v2.6h0q0.4-0.6 0.7-1t1-0.9 1.6-0.8 2-0.3q3 0 4.9 2t1.9 6z\"\/><\/svg><\/span><\/a><\/li><li class=\"shariff-button printer shariff-nocustomcolor\" style=\"background-color:#a8a8a8;border-radius:1%\"><a href=\"javascript:window.print()\" title=\"drucken\" aria-label=\"drucken\" role=\"button\" rel=\"noopener nofollow\" class=\"shariff-link\" style=\";border-radius:1%; background-color:#999; color:#fff\"><span class=\"shariff-icon\" style=\"\"><svg width=\"32px\" height=\"20px\" xmlns=\"http:\/\/www.w3.org\/2000\/svg\" viewBox=\"0 0 30 32\"><path fill=\"#999\" d=\"M6.8 27.4h16v-4.6h-16v4.6zM6.8 16h16v-6.8h-2.8q-0.7 0-1.2-0.5t-0.5-1.2v-2.8h-11.4v11.4zM27.4 17.2q0-0.5-0.3-0.8t-0.8-0.4-0.8 0.4-0.3 0.8 0.3 0.8 0.8 0.3 0.8-0.3 0.3-0.8zM29.7 17.2v7.4q0 0.2-0.2 0.4t-0.4 0.2h-4v2.8q0 0.7-0.5 1.2t-1.2 0.5h-17.2q-0.7 0-1.2-0.5t-0.5-1.2v-2.8h-4q-0.2 0-0.4-0.2t-0.2-0.4v-7.4q0-1.4 1-2.4t2.4-1h1.2v-9.7q0-0.7 0.5-1.2t1.2-0.5h12q0.7 0 1.6 0.4t1.3 0.8l2.7 2.7q0.5 0.5 0.9 1.4t0.4 1.6v4.6h1.1q1.4 0 2.4 1t1 2.4z\"\/><\/svg><\/span><\/a><\/li><li class=\"shariff-button mailto shariff-nocustomcolor\" style=\"background-color:#a8a8a8;border-radius:1%\"><a href=\"mailto:?body=https%3A%2F%2Fwww.sonnenseite.com%2Fde%2Fwissenschaft%2Fdie-folgen-des-pv-booms%2F&subject=Die%20Folgen%20des%20PV-Booms\" title=\"Per E-Mail versenden\" aria-label=\"Per E-Mail versenden\" role=\"button\" rel=\"noopener nofollow\" class=\"shariff-link\" style=\";border-radius:1%; background-color:#999; color:#fff\"><span class=\"shariff-icon\" style=\"\"><svg width=\"32px\" height=\"20px\" xmlns=\"http:\/\/www.w3.org\/2000\/svg\" viewBox=\"0 0 32 32\"><path fill=\"#999\" d=\"M32 12.7v14.2q0 1.2-0.8 2t-2 0.9h-26.3q-1.2 0-2-0.9t-0.8-2v-14.2q0.8 0.9 1.8 1.6 6.5 4.4 8.9 6.1 1 0.8 1.6 1.2t1.7 0.9 2 0.4h0.1q0.9 0 2-0.4t1.7-0.9 1.6-1.2q3-2.2 8.9-6.1 1-0.7 1.8-1.6zM32 7.4q0 1.4-0.9 2.7t-2.2 2.2q-6.7 4.7-8.4 5.8-0.2 0.1-0.7 0.5t-1 0.7-0.9 0.6-1.1 0.5-0.9 0.2h-0.1q-0.4 0-0.9-0.2t-1.1-0.5-0.9-0.6-1-0.7-0.7-0.5q-1.6-1.1-4.7-3.2t-3.6-2.6q-1.1-0.7-2.1-2t-1-2.5q0-1.4 0.7-2.3t2.1-0.9h26.3q1.2 0 2 0.8t0.9 2z\"\/><\/svg><\/span><\/a><\/li><\/ul><\/div>","protected":false},"excerpt":{"rendered":"<p>Studie des HI ERN untersucht Recycling-Strategien f\u00fcr Solarmodule. Die Photovoltaik oder kurz PV ist eine wichtige [&hellip;]<\/p>\n","protected":false},"author":3,"featured_media":12539,"comment_status":"closed","ping_status":"closed","sticky":false,"template":"","format":"standard","meta":{"inline_featured_image":false,"footnotes":""},"categories":[26],"tags":[],"class_list":["post-98048","post","type-post","status-publish","format-standard","has-post-thumbnail","hentry","category-wissenschaft"],"yoast_head":"<!-- This site is optimized with the Yoast SEO plugin v26.5 - https:\/\/yoast.com\/wordpress\/plugins\/seo\/ -->\n<title>Die Folgen des PV-Booms - Sonnenseite - \u00d6kologische Kommunikation mit Franz Alt<\/title>\n<meta name=\"description\" content=\"Studie des HI ERN untersucht Recycling-Strategien f\u00fcr Solarmodule. Die Photovoltaik oder kurz PV ist eine wichtige S\u00e4ule der Energiewende. Doch der\" \/>\n<meta name=\"robots\" content=\"index, follow, max-snippet:-1, max-image-preview:large, max-video-preview:-1\" \/>\n<link rel=\"canonical\" href=\"https:\/\/www.sonnenseite.com\/de\/wissenschaft\/die-folgen-des-pv-booms\/\" \/>\n<meta property=\"og:locale\" content=\"de_DE\" \/>\n<meta property=\"og:type\" content=\"article\" \/>\n<meta property=\"og:title\" content=\"Die Folgen des PV-Booms - Sonnenseite - \u00d6kologische Kommunikation mit Franz Alt\" \/>\n<meta property=\"og:description\" content=\"Studie des HI ERN untersucht Recycling-Strategien f\u00fcr Solarmodule. Die Photovoltaik oder kurz PV ist eine wichtige S\u00e4ule der Energiewende. Doch der\" \/>\n<meta property=\"og:url\" content=\"https:\/\/www.sonnenseite.com\/de\/wissenschaft\/die-folgen-des-pv-booms\/\" \/>\n<meta property=\"og:site_name\" content=\"Sonnenseite\" \/>\n<meta property=\"article:publisher\" content=\"https:\/\/www.facebook.com\/pages\/Franz-Alt-SONNENSEITECOM\/221072987903953?fref=ts\" \/>\n<meta property=\"article:published_time\" content=\"2024-03-09T02:14:00+00:00\" \/>\n<meta property=\"og:image\" content=\"https:\/\/www.sonnenseite.com\/wp-content\/uploads\/2019\/01\/Solarzellenstuecke_TobiasMarx.jpg\" \/>\n\t<meta property=\"og:image:width\" content=\"770\" \/>\n\t<meta property=\"og:image:height\" content=\"420\" \/>\n\t<meta property=\"og:image:type\" content=\"image\/jpeg\" \/>\n<meta name=\"author\" content=\"Bigi Alt\" \/>\n<meta name=\"twitter:card\" content=\"summary_large_image\" \/>\n<meta name=\"twitter:creator\" content=\"@franzalt\" \/>\n<meta name=\"twitter:site\" content=\"@franzalt\" \/>\n<meta name=\"twitter:label1\" content=\"Verfasst von\" \/>\n\t<meta name=\"twitter:data1\" content=\"Bigi Alt\" \/>\n\t<meta name=\"twitter:label2\" content=\"Gesch\u00e4tzte Lesezeit\" \/>\n\t<meta name=\"twitter:data2\" content=\"5\u00a0Minuten\" \/>\n<script type=\"application\/ld+json\" class=\"yoast-schema-graph\">{\"@context\":\"https:\/\/schema.org\",\"@graph\":[{\"@type\":\"Article\",\"@id\":\"https:\/\/www.sonnenseite.com\/de\/wissenschaft\/die-folgen-des-pv-booms\/#article\",\"isPartOf\":{\"@id\":\"https:\/\/www.sonnenseite.com\/de\/wissenschaft\/die-folgen-des-pv-booms\/\"},\"author\":{\"name\":\"Bigi Alt\",\"@id\":\"https:\/\/www.sonnenseite.com\/de\/#\/schema\/person\/50fda0e926597684c7cc6695238a4eb9\"},\"headline\":\"Die Folgen des PV-Booms\",\"datePublished\":\"2024-03-09T02:14:00+00:00\",\"mainEntityOfPage\":{\"@id\":\"https:\/\/www.sonnenseite.com\/de\/wissenschaft\/die-folgen-des-pv-booms\/\"},\"wordCount\":837,\"publisher\":{\"@id\":\"https:\/\/www.sonnenseite.com\/de\/#organization\"},\"image\":{\"@id\":\"https:\/\/www.sonnenseite.com\/de\/wissenschaft\/die-folgen-des-pv-booms\/#primaryimage\"},\"thumbnailUrl\":\"https:\/\/www.sonnenseite.com\/wp-content\/uploads\/2019\/01\/Solarzellenstuecke_TobiasMarx.jpg\",\"articleSection\":[\"Wissenschaft\"],\"inLanguage\":\"de\"},{\"@type\":\"WebPage\",\"@id\":\"https:\/\/www.sonnenseite.com\/de\/wissenschaft\/die-folgen-des-pv-booms\/\",\"url\":\"https:\/\/www.sonnenseite.com\/de\/wissenschaft\/die-folgen-des-pv-booms\/\",\"name\":\"Die Folgen des PV-Booms - Sonnenseite - \u00d6kologische Kommunikation mit Franz Alt\",\"isPartOf\":{\"@id\":\"https:\/\/www.sonnenseite.com\/de\/#website\"},\"primaryImageOfPage\":{\"@id\":\"https:\/\/www.sonnenseite.com\/de\/wissenschaft\/die-folgen-des-pv-booms\/#primaryimage\"},\"image\":{\"@id\":\"https:\/\/www.sonnenseite.com\/de\/wissenschaft\/die-folgen-des-pv-booms\/#primaryimage\"},\"thumbnailUrl\":\"https:\/\/www.sonnenseite.com\/wp-content\/uploads\/2019\/01\/Solarzellenstuecke_TobiasMarx.jpg\",\"datePublished\":\"2024-03-09T02:14:00+00:00\",\"description\":\"Studie des HI ERN untersucht Recycling-Strategien f\u00fcr Solarmodule. Die Photovoltaik oder kurz PV ist eine wichtige S\u00e4ule der Energiewende. Doch der\",\"breadcrumb\":{\"@id\":\"https:\/\/www.sonnenseite.com\/de\/wissenschaft\/die-folgen-des-pv-booms\/#breadcrumb\"},\"inLanguage\":\"de\",\"potentialAction\":[{\"@type\":\"ReadAction\",\"target\":[\"https:\/\/www.sonnenseite.com\/de\/wissenschaft\/die-folgen-des-pv-booms\/\"]}]},{\"@type\":\"ImageObject\",\"inLanguage\":\"de\",\"@id\":\"https:\/\/www.sonnenseite.com\/de\/wissenschaft\/die-folgen-des-pv-booms\/#primaryimage\",\"url\":\"https:\/\/www.sonnenseite.com\/wp-content\/uploads\/2019\/01\/Solarzellenstuecke_TobiasMarx.jpg\",\"contentUrl\":\"https:\/\/www.sonnenseite.com\/wp-content\/uploads\/2019\/01\/Solarzellenstuecke_TobiasMarx.jpg\",\"width\":770,\"height\":420,\"caption\":\"Fotolia.com | TobiasMarx | Symbolbild\"},{\"@type\":\"BreadcrumbList\",\"@id\":\"https:\/\/www.sonnenseite.com\/de\/wissenschaft\/die-folgen-des-pv-booms\/#breadcrumb\",\"itemListElement\":[{\"@type\":\"ListItem\",\"position\":1,\"name\":\"Startseite\",\"item\":\"https:\/\/www.sonnenseite.com\/de\/\"},{\"@type\":\"ListItem\",\"position\":2,\"name\":\"Die Folgen des PV-Booms\"}]},{\"@type\":\"WebSite\",\"@id\":\"https:\/\/www.sonnenseite.com\/de\/#website\",\"url\":\"https:\/\/www.sonnenseite.com\/de\/\",\"name\":\"Sonnenseite\",\"description\":\"\u00d6kologische Kommunikation mit Franz Alt\",\"publisher\":{\"@id\":\"https:\/\/www.sonnenseite.com\/de\/#organization\"},\"potentialAction\":[{\"@type\":\"SearchAction\",\"target\":{\"@type\":\"EntryPoint\",\"urlTemplate\":\"https:\/\/www.sonnenseite.com\/de\/?s={search_term_string}\"},\"query-input\":{\"@type\":\"PropertyValueSpecification\",\"valueRequired\":true,\"valueName\":\"search_term_string\"}}],\"inLanguage\":\"de\"},{\"@type\":\"Organization\",\"@id\":\"https:\/\/www.sonnenseite.com\/de\/#organization\",\"name\":\"Sonnenseite\",\"url\":\"https:\/\/www.sonnenseite.com\/de\/\",\"logo\":{\"@type\":\"ImageObject\",\"inLanguage\":\"de\",\"@id\":\"https:\/\/www.sonnenseite.com\/de\/#\/schema\/logo\/image\/\",\"url\":\"https:\/\/www.sonnenseite.com\/wp-content\/uploads\/2020\/05\/Sonnenseite_Logo.png\",\"contentUrl\":\"https:\/\/www.sonnenseite.com\/wp-content\/uploads\/2020\/05\/Sonnenseite_Logo.png\",\"width\":377,\"height\":90,\"caption\":\"Sonnenseite\"},\"image\":{\"@id\":\"https:\/\/www.sonnenseite.com\/de\/#\/schema\/logo\/image\/\"},\"sameAs\":[\"https:\/\/www.facebook.com\/pages\/Franz-Alt-SONNENSEITECOM\/221072987903953?fref=ts\",\"https:\/\/x.com\/franzalt\",\"http:\/\/www.youtube.com\/results?search_query&amp;amp;quot;franz_alt&amp;amp;quot;&amp;amp;amp;amp;search_type&amp;amp;amp;amp;aq=f\"]},{\"@type\":\"Person\",\"@id\":\"https:\/\/www.sonnenseite.com\/de\/#\/schema\/person\/50fda0e926597684c7cc6695238a4eb9\",\"name\":\"Bigi Alt\"}]}<\/script>\n<!-- \/ Yoast SEO plugin. -->","yoast_head_json":{"title":"Die Folgen des PV-Booms - Sonnenseite - \u00d6kologische Kommunikation mit Franz Alt","description":"Studie des HI ERN untersucht Recycling-Strategien f\u00fcr Solarmodule. Die Photovoltaik oder kurz PV ist eine wichtige S\u00e4ule der Energiewende. Doch der","robots":{"index":"index","follow":"follow","max-snippet":"max-snippet:-1","max-image-preview":"max-image-preview:large","max-video-preview":"max-video-preview:-1"},"canonical":"https:\/\/www.sonnenseite.com\/de\/wissenschaft\/die-folgen-des-pv-booms\/","og_locale":"de_DE","og_type":"article","og_title":"Die Folgen des PV-Booms - Sonnenseite - \u00d6kologische Kommunikation mit Franz Alt","og_description":"Studie des HI ERN untersucht Recycling-Strategien f\u00fcr Solarmodule. Die Photovoltaik oder kurz PV ist eine wichtige S\u00e4ule der Energiewende. Doch der","og_url":"https:\/\/www.sonnenseite.com\/de\/wissenschaft\/die-folgen-des-pv-booms\/","og_site_name":"Sonnenseite","article_publisher":"https:\/\/www.facebook.com\/pages\/Franz-Alt-SONNENSEITECOM\/221072987903953?fref=ts","article_published_time":"2024-03-09T02:14:00+00:00","og_image":[{"width":770,"height":420,"url":"https:\/\/www.sonnenseite.com\/wp-content\/uploads\/2019\/01\/Solarzellenstuecke_TobiasMarx.jpg","type":"image\/jpeg"}],"author":"Bigi Alt","twitter_card":"summary_large_image","twitter_creator":"@franzalt","twitter_site":"@franzalt","twitter_misc":{"Verfasst von":"Bigi Alt","Gesch\u00e4tzte Lesezeit":"5\u00a0Minuten"},"schema":{"@context":"https:\/\/schema.org","@graph":[{"@type":"Article","@id":"https:\/\/www.sonnenseite.com\/de\/wissenschaft\/die-folgen-des-pv-booms\/#article","isPartOf":{"@id":"https:\/\/www.sonnenseite.com\/de\/wissenschaft\/die-folgen-des-pv-booms\/"},"author":{"name":"Bigi Alt","@id":"https:\/\/www.sonnenseite.com\/de\/#\/schema\/person\/50fda0e926597684c7cc6695238a4eb9"},"headline":"Die Folgen des PV-Booms","datePublished":"2024-03-09T02:14:00+00:00","mainEntityOfPage":{"@id":"https:\/\/www.sonnenseite.com\/de\/wissenschaft\/die-folgen-des-pv-booms\/"},"wordCount":837,"publisher":{"@id":"https:\/\/www.sonnenseite.com\/de\/#organization"},"image":{"@id":"https:\/\/www.sonnenseite.com\/de\/wissenschaft\/die-folgen-des-pv-booms\/#primaryimage"},"thumbnailUrl":"https:\/\/www.sonnenseite.com\/wp-content\/uploads\/2019\/01\/Solarzellenstuecke_TobiasMarx.jpg","articleSection":["Wissenschaft"],"inLanguage":"de"},{"@type":"WebPage","@id":"https:\/\/www.sonnenseite.com\/de\/wissenschaft\/die-folgen-des-pv-booms\/","url":"https:\/\/www.sonnenseite.com\/de\/wissenschaft\/die-folgen-des-pv-booms\/","name":"Die Folgen des PV-Booms - Sonnenseite - \u00d6kologische Kommunikation mit Franz Alt","isPartOf":{"@id":"https:\/\/www.sonnenseite.com\/de\/#website"},"primaryImageOfPage":{"@id":"https:\/\/www.sonnenseite.com\/de\/wissenschaft\/die-folgen-des-pv-booms\/#primaryimage"},"image":{"@id":"https:\/\/www.sonnenseite.com\/de\/wissenschaft\/die-folgen-des-pv-booms\/#primaryimage"},"thumbnailUrl":"https:\/\/www.sonnenseite.com\/wp-content\/uploads\/2019\/01\/Solarzellenstuecke_TobiasMarx.jpg","datePublished":"2024-03-09T02:14:00+00:00","description":"Studie des HI ERN untersucht Recycling-Strategien f\u00fcr Solarmodule. Die Photovoltaik oder kurz PV ist eine wichtige S\u00e4ule der Energiewende. Doch der","breadcrumb":{"@id":"https:\/\/www.sonnenseite.com\/de\/wissenschaft\/die-folgen-des-pv-booms\/#breadcrumb"},"inLanguage":"de","potentialAction":[{"@type":"ReadAction","target":["https:\/\/www.sonnenseite.com\/de\/wissenschaft\/die-folgen-des-pv-booms\/"]}]},{"@type":"ImageObject","inLanguage":"de","@id":"https:\/\/www.sonnenseite.com\/de\/wissenschaft\/die-folgen-des-pv-booms\/#primaryimage","url":"https:\/\/www.sonnenseite.com\/wp-content\/uploads\/2019\/01\/Solarzellenstuecke_TobiasMarx.jpg","contentUrl":"https:\/\/www.sonnenseite.com\/wp-content\/uploads\/2019\/01\/Solarzellenstuecke_TobiasMarx.jpg","width":770,"height":420,"caption":"Fotolia.com | TobiasMarx | Symbolbild"},{"@type":"BreadcrumbList","@id":"https:\/\/www.sonnenseite.com\/de\/wissenschaft\/die-folgen-des-pv-booms\/#breadcrumb","itemListElement":[{"@type":"ListItem","position":1,"name":"Startseite","item":"https:\/\/www.sonnenseite.com\/de\/"},{"@type":"ListItem","position":2,"name":"Die Folgen des PV-Booms"}]},{"@type":"WebSite","@id":"https:\/\/www.sonnenseite.com\/de\/#website","url":"https:\/\/www.sonnenseite.com\/de\/","name":"Sonnenseite","description":"\u00d6kologische Kommunikation mit Franz Alt","publisher":{"@id":"https:\/\/www.sonnenseite.com\/de\/#organization"},"potentialAction":[{"@type":"SearchAction","target":{"@type":"EntryPoint","urlTemplate":"https:\/\/www.sonnenseite.com\/de\/?s={search_term_string}"},"query-input":{"@type":"PropertyValueSpecification","valueRequired":true,"valueName":"search_term_string"}}],"inLanguage":"de"},{"@type":"Organization","@id":"https:\/\/www.sonnenseite.com\/de\/#organization","name":"Sonnenseite","url":"https:\/\/www.sonnenseite.com\/de\/","logo":{"@type":"ImageObject","inLanguage":"de","@id":"https:\/\/www.sonnenseite.com\/de\/#\/schema\/logo\/image\/","url":"https:\/\/www.sonnenseite.com\/wp-content\/uploads\/2020\/05\/Sonnenseite_Logo.png","contentUrl":"https:\/\/www.sonnenseite.com\/wp-content\/uploads\/2020\/05\/Sonnenseite_Logo.png","width":377,"height":90,"caption":"Sonnenseite"},"image":{"@id":"https:\/\/www.sonnenseite.com\/de\/#\/schema\/logo\/image\/"},"sameAs":["https:\/\/www.facebook.com\/pages\/Franz-Alt-SONNENSEITECOM\/221072987903953?fref=ts","https:\/\/x.com\/franzalt","http:\/\/www.youtube.com\/results?search_query&amp;amp;quot;franz_alt&amp;amp;quot;&amp;amp;amp;amp;search_type&amp;amp;amp;amp;aq=f"]},{"@type":"Person","@id":"https:\/\/www.sonnenseite.com\/de\/#\/schema\/person\/50fda0e926597684c7cc6695238a4eb9","name":"Bigi Alt"}]}},"_links":{"self":[{"href":"https:\/\/www.sonnenseite.com\/de\/wp-json\/wp\/v2\/posts\/98048","targetHints":{"allow":["GET"]}}],"collection":[{"href":"https:\/\/www.sonnenseite.com\/de\/wp-json\/wp\/v2\/posts"}],"about":[{"href":"https:\/\/www.sonnenseite.com\/de\/wp-json\/wp\/v2\/types\/post"}],"author":[{"embeddable":true,"href":"https:\/\/www.sonnenseite.com\/de\/wp-json\/wp\/v2\/users\/3"}],"replies":[{"embeddable":true,"href":"https:\/\/www.sonnenseite.com\/de\/wp-json\/wp\/v2\/comments?post=98048"}],"version-history":[{"count":1,"href":"https:\/\/www.sonnenseite.com\/de\/wp-json\/wp\/v2\/posts\/98048\/revisions"}],"predecessor-version":[{"id":98051,"href":"https:\/\/www.sonnenseite.com\/de\/wp-json\/wp\/v2\/posts\/98048\/revisions\/98051"}],"wp:featuredmedia":[{"embeddable":true,"href":"https:\/\/www.sonnenseite.com\/de\/wp-json\/wp\/v2\/media\/12539"}],"wp:attachment":[{"href":"https:\/\/www.sonnenseite.com\/de\/wp-json\/wp\/v2\/media?parent=98048"}],"wp:term":[{"taxonomy":"category","embeddable":true,"href":"https:\/\/www.sonnenseite.com\/de\/wp-json\/wp\/v2\/categories?post=98048"},{"taxonomy":"post_tag","embeddable":true,"href":"https:\/\/www.sonnenseite.com\/de\/wp-json\/wp\/v2\/tags?post=98048"}],"curies":[{"name":"wp","href":"https:\/\/api.w.org\/{rel}","templated":true}]}}