{"id":98207,"date":"2024-03-15T14:24:12","date_gmt":"2024-03-15T13:24:12","guid":{"rendered":"https:\/\/www.sonnenseite.com\/?p=98207"},"modified":"2024-03-15T14:24:12","modified_gmt":"2024-03-15T13:24:12","slug":"eu-sorgt-fuer-den-fortschritt-den-die-bundesregierung-schuldig-geblieben-ist","status":"publish","type":"post","link":"https:\/\/www.sonnenseite.com\/de\/politik\/eu-sorgt-fuer-den-fortschritt-den-die-bundesregierung-schuldig-geblieben-ist\/","title":{"rendered":"EU sorgt f\u00fcr den Fortschritt, den die Bundesregierung schuldig geblieben ist"},"content":{"rendered":"\n<p>Germanwatch begr\u00fc\u00dft Einigung auf EU-Lieferkettengesetz trotz schmerzhafter Abschw\u00e4chungen.<\/p>\n\n\n\n<p>Die Umwelt- und Menschenrechtsorganisation Germanwatch begr\u00fc\u00dft die Einigung auf ein EU-Lieferkettengesetz in letzter Sekunde, kritisiert aber zugleich die Rolle, die die Bundesregierung bei der Abschw\u00e4chung des Gesetzes gespielt hat.<\/p>\n\n\n\n<p>\u201eF\u00fcr die Menschen, deren Rechte in den Lieferketten deutscher und europ\u00e4ischer Unternehmen verletzt werden, ist es eine gute Nachricht, dass die EU sich doch noch auf ein Lieferkettengesetz geeinigt hat. Dieser Fortschritt ist in erster Linie dem unerm\u00fcdlichen Einsatz der belgischen EU-Ratspr\u00e4sidentschaft und der Kompromissbereitschaft anderer EU-Staaten zu verdanken. Die Bundesregierung hat dagegen mit ihrer kategorischen Enthaltung nicht nur den Ruf Deutschlands als verl\u00e4sslicher Verhandlungspartner nachhaltig besch\u00e4digt, sondern ist auch mitverantwortlich f\u00fcr die massive Abschw\u00e4chung des Gesetzes in letzter Sekunde\u201c, kommentiert Lutz Weischer, Leiter des Berliner B\u00fcros von Germanwatch. \u201eDass das Gesetz nun zun\u00e4chst nur noch f\u00fcr sch\u00e4tzungsweise 0,01 Prozent der europ\u00e4ischen Unternehmen gelten soll, ist \u00e4u\u00dferst bitter.\u201c<\/p>\n\n\n\n<p>Nachdem die Bundesregierung auf Druck der FDP \u00fcberraschend nach der eigentlich bereits erfolgten Einigung ihre Enthaltung beim EU-Lieferkettengesetz angek\u00fcndigt hatte, \u00f6ffnete die belgische Ratspr\u00e4sidentschaft den Verhandlungstext noch einmal. Der nun beschlossene Text sieht unter anderem vor, dass das Gesetz zun\u00e4chst nur f\u00fcr sehr gro\u00dfe Unternehmen mit mehr als 5000 Mitarbeitenden gelten soll, nach einer mehrj\u00e4hrigen \u00dcbergangsphase dann f\u00fcr Unternehmen mit 1000 Mitarbeitenden und mindestens 450 Millionen Euro Jahresumsatz.<\/p>\n\n\n\n<p>&nbsp;\u201eDer Kanzler hat seinem kleinsten Koalitionspartner bei dessen destruktiven Kurs im Grunde freie Hand gelassen. W\u00e4hrend die FDP sich nicht scheute, im Namen der Bundesregierung anderen EU-Staaten Versprechungen im Gegenzug f\u00fcr eine Blockade des Lieferkettengesetzes zu machen, sahen die Koalitionspartner weitgehend tatenlos zu\u201c, so Finn Schufft, Referent f\u00fcr Unternehmensverantwortung bei Germanwatch. \u201eDie Folge ist ein massiver Verlust an Einfluss f\u00fcr die Bundesregierung \u2013 fortschrittliche EU-Politik wird nun von anderen gestaltet.\u201c<\/p>\n\n\n\n<p>Nach der heute erfolgten Best\u00e4tigung im Rat der EU muss das Lieferkettengesetz im n\u00e4chsten Schritt noch vom EU-Parlament abgesegnet werden. Die endg\u00fcltige Unterschrift unter das Gesetz durch die Mitgliedsstaaten wird wegen der Verz\u00f6gerungen durch die Nachverhandlungen voraussichtlich erst in der kommenden EU-Legislaturperiode erfolgen.<\/p>\n\n\n<h5 class=\"green\">Quelle<\/h5>\r\n\n\n\n<p><a href=\"https:\/\/www.germanwatch.org\/de\/90589\">GERMANWATCH.org 2024<\/a><\/p>\n<div class=\"shariff shariff-align-flex-start shariff-widget-align-flex-start\"><div class=\"ShariffHeadline\">Diese Meldung teilen<\/div><ul class=\"shariff-buttons theme-round orientation-horizontal buttonsize-medium\"><li class=\"shariff-button facebook shariff-nocustomcolor\" style=\"background-color:#4273c8;border-radius:1%\"><a href=\"https:\/\/www.facebook.com\/sharer\/sharer.php?u=https%3A%2F%2Fwww.sonnenseite.com%2Fde%2Fpolitik%2Feu-sorgt-fuer-den-fortschritt-den-die-bundesregierung-schuldig-geblieben-ist%2F\" title=\"Bei Facebook teilen\" aria-label=\"Bei Facebook teilen\" role=\"button\" rel=\"nofollow\" class=\"shariff-link\" style=\";border-radius:1%; background-color:#3b5998; color:#fff\" target=\"_blank\"><span class=\"shariff-icon\" style=\"\"><svg width=\"32px\" height=\"20px\" xmlns=\"http:\/\/www.w3.org\/2000\/svg\" viewBox=\"0 0 18 32\"><path fill=\"#3b5998\" d=\"M17.1 0.2v4.7h-2.8q-1.5 0-2.1 0.6t-0.5 1.9v3.4h5.2l-0.7 5.3h-4.5v13.6h-5.5v-13.6h-4.5v-5.3h4.5v-3.9q0-3.3 1.9-5.2t5-1.8q2.6 0 4.1 0.2z\"\/><\/svg><\/span><\/a><\/li><li class=\"shariff-button twitter shariff-nocustomcolor\" style=\"background-color:#595959;border-radius:1%\"><a href=\"https:\/\/twitter.com\/share?url=https%3A%2F%2Fwww.sonnenseite.com%2Fde%2Fpolitik%2Feu-sorgt-fuer-den-fortschritt-den-die-bundesregierung-schuldig-geblieben-ist%2F&text=EU%20sorgt%20f%C3%BCr%20den%20Fortschritt%2C%20den%20die%20Bundesregierung%20schuldig%20geblieben%20ist\" title=\"Bei X teilen\" aria-label=\"Bei X teilen\" role=\"button\" rel=\"noopener nofollow\" class=\"shariff-link\" style=\";border-radius:1%; background-color:#000; color:#fff\" target=\"_blank\"><span class=\"shariff-icon\" style=\"\"><svg width=\"32px\" height=\"20px\" xmlns=\"http:\/\/www.w3.org\/2000\/svg\" viewBox=\"0 0 24 24\"><path fill=\"#000\" d=\"M14.258 10.152L23.176 0h-2.113l-7.747 8.813L7.133 0H0l9.352 13.328L0 23.973h2.113l8.176-9.309 6.531 9.309h7.133zm-2.895 3.293l-.949-1.328L2.875 1.56h3.246l6.086 8.523.945 1.328 7.91 11.078h-3.246zm0 0\"\/><\/svg><\/span><\/a><\/li><li class=\"shariff-button xing shariff-nocustomcolor\" style=\"background-color:#29888a;border-radius:1%\"><a href=\"https:\/\/www.xing.com\/spi\/shares\/new?url=https%3A%2F%2Fwww.sonnenseite.com%2Fde%2Fpolitik%2Feu-sorgt-fuer-den-fortschritt-den-die-bundesregierung-schuldig-geblieben-ist%2F\" title=\"Bei XING teilen\" aria-label=\"Bei XING teilen\" role=\"button\" rel=\"noopener nofollow\" class=\"shariff-link\" style=\";border-radius:1%; background-color:#126567; color:#fff\" target=\"_blank\"><span class=\"shariff-icon\" style=\"\"><svg width=\"32px\" height=\"20px\" xmlns=\"http:\/\/www.w3.org\/2000\/svg\" viewBox=\"0 0 25 32\"><path fill=\"#126567\" d=\"M10.7 11.9q-0.2 0.3-4.6 8.2-0.5 0.8-1.2 0.8h-4.3q-0.4 0-0.5-0.3t0-0.6l4.5-8q0 0 0 0l-2.9-5q-0.2-0.4 0-0.7 0.2-0.3 0.5-0.3h4.3q0.7 0 1.2 0.8zM25.1 0.4q0.2 0.3 0 0.7l-9.4 16.7 6 11q0.2 0.4 0 0.6-0.2 0.3-0.6 0.3h-4.3q-0.7 0-1.2-0.8l-6-11.1q0.3-0.6 9.5-16.8 0.4-0.8 1.2-0.8h4.3q0.4 0 0.5 0.3z\"\/><\/svg><\/span><\/a><\/li><li class=\"shariff-button linkedin shariff-nocustomcolor\" style=\"background-color:#1488bf;border-radius:1%\"><a href=\"https:\/\/www.linkedin.com\/sharing\/share-offsite\/?url=https%3A%2F%2Fwww.sonnenseite.com%2Fde%2Fpolitik%2Feu-sorgt-fuer-den-fortschritt-den-die-bundesregierung-schuldig-geblieben-ist%2F\" title=\"Bei LinkedIn teilen\" aria-label=\"Bei LinkedIn teilen\" role=\"button\" rel=\"noopener nofollow\" class=\"shariff-link\" style=\";border-radius:1%; background-color:#0077b5; color:#fff\" target=\"_blank\"><span class=\"shariff-icon\" style=\"\"><svg width=\"32px\" height=\"20px\" xmlns=\"http:\/\/www.w3.org\/2000\/svg\" viewBox=\"0 0 27 32\"><path fill=\"#0077b5\" d=\"M6.2 11.2v17.7h-5.9v-17.7h5.9zM6.6 5.7q0 1.3-0.9 2.2t-2.4 0.9h0q-1.5 0-2.4-0.9t-0.9-2.2 0.9-2.2 2.4-0.9 2.4 0.9 0.9 2.2zM27.4 18.7v10.1h-5.9v-9.5q0-1.9-0.7-2.9t-2.3-1.1q-1.1 0-1.9 0.6t-1.2 1.5q-0.2 0.5-0.2 1.4v9.9h-5.9q0-7.1 0-11.6t0-5.3l0-0.9h5.9v2.6h0q0.4-0.6 0.7-1t1-0.9 1.6-0.8 2-0.3q3 0 4.9 2t1.9 6z\"\/><\/svg><\/span><\/a><\/li><li class=\"shariff-button printer shariff-nocustomcolor\" style=\"background-color:#a8a8a8;border-radius:1%\"><a href=\"javascript:window.print()\" title=\"drucken\" aria-label=\"drucken\" role=\"button\" rel=\"noopener nofollow\" class=\"shariff-link\" style=\";border-radius:1%; background-color:#999; color:#fff\"><span class=\"shariff-icon\" style=\"\"><svg width=\"32px\" height=\"20px\" xmlns=\"http:\/\/www.w3.org\/2000\/svg\" viewBox=\"0 0 30 32\"><path fill=\"#999\" d=\"M6.8 27.4h16v-4.6h-16v4.6zM6.8 16h16v-6.8h-2.8q-0.7 0-1.2-0.5t-0.5-1.2v-2.8h-11.4v11.4zM27.4 17.2q0-0.5-0.3-0.8t-0.8-0.4-0.8 0.4-0.3 0.8 0.3 0.8 0.8 0.3 0.8-0.3 0.3-0.8zM29.7 17.2v7.4q0 0.2-0.2 0.4t-0.4 0.2h-4v2.8q0 0.7-0.5 1.2t-1.2 0.5h-17.2q-0.7 0-1.2-0.5t-0.5-1.2v-2.8h-4q-0.2 0-0.4-0.2t-0.2-0.4v-7.4q0-1.4 1-2.4t2.4-1h1.2v-9.7q0-0.7 0.5-1.2t1.2-0.5h12q0.7 0 1.6 0.4t1.3 0.8l2.7 2.7q0.5 0.5 0.9 1.4t0.4 1.6v4.6h1.1q1.4 0 2.4 1t1 2.4z\"\/><\/svg><\/span><\/a><\/li><li class=\"shariff-button mailto shariff-nocustomcolor\" style=\"background-color:#a8a8a8;border-radius:1%\"><a href=\"mailto:?body=https%3A%2F%2Fwww.sonnenseite.com%2Fde%2Fpolitik%2Feu-sorgt-fuer-den-fortschritt-den-die-bundesregierung-schuldig-geblieben-ist%2F&subject=EU%20sorgt%20f%C3%BCr%20den%20Fortschritt%2C%20den%20die%20Bundesregierung%20schuldig%20geblieben%20ist\" title=\"Per E-Mail versenden\" aria-label=\"Per E-Mail versenden\" role=\"button\" rel=\"noopener nofollow\" class=\"shariff-link\" style=\";border-radius:1%; background-color:#999; color:#fff\"><span class=\"shariff-icon\" style=\"\"><svg width=\"32px\" height=\"20px\" xmlns=\"http:\/\/www.w3.org\/2000\/svg\" viewBox=\"0 0 32 32\"><path fill=\"#999\" d=\"M32 12.7v14.2q0 1.2-0.8 2t-2 0.9h-26.3q-1.2 0-2-0.9t-0.8-2v-14.2q0.8 0.9 1.8 1.6 6.5 4.4 8.9 6.1 1 0.8 1.6 1.2t1.7 0.9 2 0.4h0.1q0.9 0 2-0.4t1.7-0.9 1.6-1.2q3-2.2 8.9-6.1 1-0.7 1.8-1.6zM32 7.4q0 1.4-0.9 2.7t-2.2 2.2q-6.7 4.7-8.4 5.8-0.2 0.1-0.7 0.5t-1 0.7-0.9 0.6-1.1 0.5-0.9 0.2h-0.1q-0.4 0-0.9-0.2t-1.1-0.5-0.9-0.6-1-0.7-0.7-0.5q-1.6-1.1-4.7-3.2t-3.6-2.6q-1.1-0.7-2.1-2t-1-2.5q0-1.4 0.7-2.3t2.1-0.9h26.3q1.2 0 2 0.8t0.9 2z\"\/><\/svg><\/span><\/a><\/li><\/ul><\/div>","protected":false},"excerpt":{"rendered":"<p>Germanwatch begr\u00fc\u00dft Einigung auf EU-Lieferkettengesetz trotz schmerzhafter Abschw\u00e4chungen. Die Umwelt- und Menschenrechtsorganisation Germanwatch begr\u00fc\u00dft die Einigung [&hellip;]<\/p>\n","protected":false},"author":3,"featured_media":27262,"comment_status":"closed","ping_status":"closed","sticky":false,"template":"","format":"standard","meta":{"inline_featured_image":false,"footnotes":""},"categories":[21],"tags":[],"class_list":["post-98207","post","type-post","status-publish","format-standard","has-post-thumbnail","hentry","category-politik"],"yoast_head":"<!-- This site is optimized with the Yoast SEO plugin v26.5 - https:\/\/yoast.com\/wordpress\/plugins\/seo\/ -->\n<title>EU sorgt f\u00fcr den Fortschritt, den die Bundesregierung schuldig geblieben ist - Sonnenseite - \u00d6kologische Kommunikation mit Franz Alt<\/title>\n<meta name=\"description\" content=\"Germanwatch begr\u00fc\u00dft Einigung auf EU-Lieferkettengesetz trotz schmerzhafter Abschw\u00e4chungen. Die Umwelt- und Menschenrechtsorganisation Germanwatch begr\u00fc\u00dft\" \/>\n<meta name=\"robots\" content=\"index, follow, max-snippet:-1, max-image-preview:large, max-video-preview:-1\" \/>\n<link rel=\"canonical\" href=\"https:\/\/www.sonnenseite.com\/de\/politik\/eu-sorgt-fuer-den-fortschritt-den-die-bundesregierung-schuldig-geblieben-ist\/\" \/>\n<meta property=\"og:locale\" content=\"de_DE\" \/>\n<meta property=\"og:type\" content=\"article\" \/>\n<meta property=\"og:title\" content=\"EU sorgt f\u00fcr den Fortschritt, den die Bundesregierung schuldig geblieben ist - Sonnenseite - \u00d6kologische Kommunikation mit Franz Alt\" \/>\n<meta property=\"og:description\" content=\"Germanwatch begr\u00fc\u00dft Einigung auf EU-Lieferkettengesetz trotz schmerzhafter Abschw\u00e4chungen. Die Umwelt- und Menschenrechtsorganisation Germanwatch begr\u00fc\u00dft\" \/>\n<meta property=\"og:url\" content=\"https:\/\/www.sonnenseite.com\/de\/politik\/eu-sorgt-fuer-den-fortschritt-den-die-bundesregierung-schuldig-geblieben-ist\/\" \/>\n<meta property=\"og:site_name\" content=\"Sonnenseite\" \/>\n<meta property=\"article:publisher\" content=\"https:\/\/www.facebook.com\/pages\/Franz-Alt-SONNENSEITECOM\/221072987903953?fref=ts\" \/>\n<meta property=\"article:published_time\" content=\"2024-03-15T13:24:12+00:00\" \/>\n<meta property=\"og:image\" content=\"https:\/\/www.sonnenseite.com\/wp-content\/uploads\/2017\/06\/Kinderarbeit_tizianella.jpg\" \/>\n\t<meta property=\"og:image:width\" content=\"770\" \/>\n\t<meta property=\"og:image:height\" content=\"420\" \/>\n\t<meta property=\"og:image:type\" content=\"image\/jpeg\" \/>\n<meta name=\"author\" content=\"Bigi Alt\" \/>\n<meta name=\"twitter:card\" content=\"summary_large_image\" \/>\n<meta name=\"twitter:creator\" content=\"@franzalt\" \/>\n<meta name=\"twitter:site\" content=\"@franzalt\" \/>\n<meta name=\"twitter:label1\" content=\"Verfasst von\" \/>\n\t<meta name=\"twitter:data1\" content=\"Bigi Alt\" \/>\n\t<meta name=\"twitter:label2\" content=\"Gesch\u00e4tzte Lesezeit\" \/>\n\t<meta name=\"twitter:data2\" content=\"2\u00a0Minuten\" \/>\n<script type=\"application\/ld+json\" class=\"yoast-schema-graph\">{\"@context\":\"https:\/\/schema.org\",\"@graph\":[{\"@type\":\"Article\",\"@id\":\"https:\/\/www.sonnenseite.com\/de\/politik\/eu-sorgt-fuer-den-fortschritt-den-die-bundesregierung-schuldig-geblieben-ist\/#article\",\"isPartOf\":{\"@id\":\"https:\/\/www.sonnenseite.com\/de\/politik\/eu-sorgt-fuer-den-fortschritt-den-die-bundesregierung-schuldig-geblieben-ist\/\"},\"author\":{\"name\":\"Bigi Alt\",\"@id\":\"https:\/\/www.sonnenseite.com\/de\/#\/schema\/person\/50fda0e926597684c7cc6695238a4eb9\"},\"headline\":\"EU sorgt f\u00fcr den Fortschritt, den die Bundesregierung schuldig geblieben ist\",\"datePublished\":\"2024-03-15T13:24:12+00:00\",\"mainEntityOfPage\":{\"@id\":\"https:\/\/www.sonnenseite.com\/de\/politik\/eu-sorgt-fuer-den-fortschritt-den-die-bundesregierung-schuldig-geblieben-ist\/\"},\"wordCount\":369,\"publisher\":{\"@id\":\"https:\/\/www.sonnenseite.com\/de\/#organization\"},\"image\":{\"@id\":\"https:\/\/www.sonnenseite.com\/de\/politik\/eu-sorgt-fuer-den-fortschritt-den-die-bundesregierung-schuldig-geblieben-ist\/#primaryimage\"},\"thumbnailUrl\":\"https:\/\/www.sonnenseite.com\/wp-content\/uploads\/2017\/06\/Kinderarbeit_tizianella.jpg\",\"articleSection\":[\"Politik\"],\"inLanguage\":\"de\"},{\"@type\":\"WebPage\",\"@id\":\"https:\/\/www.sonnenseite.com\/de\/politik\/eu-sorgt-fuer-den-fortschritt-den-die-bundesregierung-schuldig-geblieben-ist\/\",\"url\":\"https:\/\/www.sonnenseite.com\/de\/politik\/eu-sorgt-fuer-den-fortschritt-den-die-bundesregierung-schuldig-geblieben-ist\/\",\"name\":\"EU sorgt f\u00fcr den Fortschritt, den die Bundesregierung schuldig geblieben ist - Sonnenseite - \u00d6kologische Kommunikation mit Franz Alt\",\"isPartOf\":{\"@id\":\"https:\/\/www.sonnenseite.com\/de\/#website\"},\"primaryImageOfPage\":{\"@id\":\"https:\/\/www.sonnenseite.com\/de\/politik\/eu-sorgt-fuer-den-fortschritt-den-die-bundesregierung-schuldig-geblieben-ist\/#primaryimage\"},\"image\":{\"@id\":\"https:\/\/www.sonnenseite.com\/de\/politik\/eu-sorgt-fuer-den-fortschritt-den-die-bundesregierung-schuldig-geblieben-ist\/#primaryimage\"},\"thumbnailUrl\":\"https:\/\/www.sonnenseite.com\/wp-content\/uploads\/2017\/06\/Kinderarbeit_tizianella.jpg\",\"datePublished\":\"2024-03-15T13:24:12+00:00\",\"description\":\"Germanwatch begr\u00fc\u00dft Einigung auf EU-Lieferkettengesetz trotz schmerzhafter Abschw\u00e4chungen. Die Umwelt- und Menschenrechtsorganisation Germanwatch begr\u00fc\u00dft\",\"breadcrumb\":{\"@id\":\"https:\/\/www.sonnenseite.com\/de\/politik\/eu-sorgt-fuer-den-fortschritt-den-die-bundesregierung-schuldig-geblieben-ist\/#breadcrumb\"},\"inLanguage\":\"de\",\"potentialAction\":[{\"@type\":\"ReadAction\",\"target\":[\"https:\/\/www.sonnenseite.com\/de\/politik\/eu-sorgt-fuer-den-fortschritt-den-die-bundesregierung-schuldig-geblieben-ist\/\"]}]},{\"@type\":\"ImageObject\",\"inLanguage\":\"de\",\"@id\":\"https:\/\/www.sonnenseite.com\/de\/politik\/eu-sorgt-fuer-den-fortschritt-den-die-bundesregierung-schuldig-geblieben-ist\/#primaryimage\",\"url\":\"https:\/\/www.sonnenseite.com\/wp-content\/uploads\/2017\/06\/Kinderarbeit_tizianella.jpg\",\"contentUrl\":\"https:\/\/www.sonnenseite.com\/wp-content\/uploads\/2017\/06\/Kinderarbeit_tizianella.jpg\",\"width\":770,\"height\":420,\"caption\":\"Depositphotos | tizianella\"},{\"@type\":\"BreadcrumbList\",\"@id\":\"https:\/\/www.sonnenseite.com\/de\/politik\/eu-sorgt-fuer-den-fortschritt-den-die-bundesregierung-schuldig-geblieben-ist\/#breadcrumb\",\"itemListElement\":[{\"@type\":\"ListItem\",\"position\":1,\"name\":\"Startseite\",\"item\":\"https:\/\/www.sonnenseite.com\/de\/\"},{\"@type\":\"ListItem\",\"position\":2,\"name\":\"EU sorgt f\u00fcr den Fortschritt, den die Bundesregierung schuldig geblieben ist\"}]},{\"@type\":\"WebSite\",\"@id\":\"https:\/\/www.sonnenseite.com\/de\/#website\",\"url\":\"https:\/\/www.sonnenseite.com\/de\/\",\"name\":\"Sonnenseite\",\"description\":\"\u00d6kologische Kommunikation mit Franz Alt\",\"publisher\":{\"@id\":\"https:\/\/www.sonnenseite.com\/de\/#organization\"},\"potentialAction\":[{\"@type\":\"SearchAction\",\"target\":{\"@type\":\"EntryPoint\",\"urlTemplate\":\"https:\/\/www.sonnenseite.com\/de\/?s={search_term_string}\"},\"query-input\":{\"@type\":\"PropertyValueSpecification\",\"valueRequired\":true,\"valueName\":\"search_term_string\"}}],\"inLanguage\":\"de\"},{\"@type\":\"Organization\",\"@id\":\"https:\/\/www.sonnenseite.com\/de\/#organization\",\"name\":\"Sonnenseite\",\"url\":\"https:\/\/www.sonnenseite.com\/de\/\",\"logo\":{\"@type\":\"ImageObject\",\"inLanguage\":\"de\",\"@id\":\"https:\/\/www.sonnenseite.com\/de\/#\/schema\/logo\/image\/\",\"url\":\"https:\/\/www.sonnenseite.com\/wp-content\/uploads\/2020\/05\/Sonnenseite_Logo.png\",\"contentUrl\":\"https:\/\/www.sonnenseite.com\/wp-content\/uploads\/2020\/05\/Sonnenseite_Logo.png\",\"width\":377,\"height\":90,\"caption\":\"Sonnenseite\"},\"image\":{\"@id\":\"https:\/\/www.sonnenseite.com\/de\/#\/schema\/logo\/image\/\"},\"sameAs\":[\"https:\/\/www.facebook.com\/pages\/Franz-Alt-SONNENSEITECOM\/221072987903953?fref=ts\",\"https:\/\/x.com\/franzalt\",\"http:\/\/www.youtube.com\/results?search_query&amp;amp;quot;franz_alt&amp;amp;quot;&amp;amp;amp;amp;search_type&amp;amp;amp;amp;aq=f\"]},{\"@type\":\"Person\",\"@id\":\"https:\/\/www.sonnenseite.com\/de\/#\/schema\/person\/50fda0e926597684c7cc6695238a4eb9\",\"name\":\"Bigi Alt\"}]}<\/script>\n<!-- \/ Yoast SEO plugin. -->","yoast_head_json":{"title":"EU sorgt f\u00fcr den Fortschritt, den die Bundesregierung schuldig geblieben ist - Sonnenseite - \u00d6kologische Kommunikation mit Franz Alt","description":"Germanwatch begr\u00fc\u00dft Einigung auf EU-Lieferkettengesetz trotz schmerzhafter Abschw\u00e4chungen. Die Umwelt- und Menschenrechtsorganisation Germanwatch begr\u00fc\u00dft","robots":{"index":"index","follow":"follow","max-snippet":"max-snippet:-1","max-image-preview":"max-image-preview:large","max-video-preview":"max-video-preview:-1"},"canonical":"https:\/\/www.sonnenseite.com\/de\/politik\/eu-sorgt-fuer-den-fortschritt-den-die-bundesregierung-schuldig-geblieben-ist\/","og_locale":"de_DE","og_type":"article","og_title":"EU sorgt f\u00fcr den Fortschritt, den die Bundesregierung schuldig geblieben ist - Sonnenseite - \u00d6kologische Kommunikation mit Franz Alt","og_description":"Germanwatch begr\u00fc\u00dft Einigung auf EU-Lieferkettengesetz trotz schmerzhafter Abschw\u00e4chungen. Die Umwelt- und Menschenrechtsorganisation Germanwatch begr\u00fc\u00dft","og_url":"https:\/\/www.sonnenseite.com\/de\/politik\/eu-sorgt-fuer-den-fortschritt-den-die-bundesregierung-schuldig-geblieben-ist\/","og_site_name":"Sonnenseite","article_publisher":"https:\/\/www.facebook.com\/pages\/Franz-Alt-SONNENSEITECOM\/221072987903953?fref=ts","article_published_time":"2024-03-15T13:24:12+00:00","og_image":[{"width":770,"height":420,"url":"https:\/\/www.sonnenseite.com\/wp-content\/uploads\/2017\/06\/Kinderarbeit_tizianella.jpg","type":"image\/jpeg"}],"author":"Bigi Alt","twitter_card":"summary_large_image","twitter_creator":"@franzalt","twitter_site":"@franzalt","twitter_misc":{"Verfasst von":"Bigi Alt","Gesch\u00e4tzte Lesezeit":"2\u00a0Minuten"},"schema":{"@context":"https:\/\/schema.org","@graph":[{"@type":"Article","@id":"https:\/\/www.sonnenseite.com\/de\/politik\/eu-sorgt-fuer-den-fortschritt-den-die-bundesregierung-schuldig-geblieben-ist\/#article","isPartOf":{"@id":"https:\/\/www.sonnenseite.com\/de\/politik\/eu-sorgt-fuer-den-fortschritt-den-die-bundesregierung-schuldig-geblieben-ist\/"},"author":{"name":"Bigi Alt","@id":"https:\/\/www.sonnenseite.com\/de\/#\/schema\/person\/50fda0e926597684c7cc6695238a4eb9"},"headline":"EU sorgt f\u00fcr den Fortschritt, den die Bundesregierung schuldig geblieben ist","datePublished":"2024-03-15T13:24:12+00:00","mainEntityOfPage":{"@id":"https:\/\/www.sonnenseite.com\/de\/politik\/eu-sorgt-fuer-den-fortschritt-den-die-bundesregierung-schuldig-geblieben-ist\/"},"wordCount":369,"publisher":{"@id":"https:\/\/www.sonnenseite.com\/de\/#organization"},"image":{"@id":"https:\/\/www.sonnenseite.com\/de\/politik\/eu-sorgt-fuer-den-fortschritt-den-die-bundesregierung-schuldig-geblieben-ist\/#primaryimage"},"thumbnailUrl":"https:\/\/www.sonnenseite.com\/wp-content\/uploads\/2017\/06\/Kinderarbeit_tizianella.jpg","articleSection":["Politik"],"inLanguage":"de"},{"@type":"WebPage","@id":"https:\/\/www.sonnenseite.com\/de\/politik\/eu-sorgt-fuer-den-fortschritt-den-die-bundesregierung-schuldig-geblieben-ist\/","url":"https:\/\/www.sonnenseite.com\/de\/politik\/eu-sorgt-fuer-den-fortschritt-den-die-bundesregierung-schuldig-geblieben-ist\/","name":"EU sorgt f\u00fcr den Fortschritt, den die Bundesregierung schuldig geblieben ist - Sonnenseite - \u00d6kologische Kommunikation mit Franz Alt","isPartOf":{"@id":"https:\/\/www.sonnenseite.com\/de\/#website"},"primaryImageOfPage":{"@id":"https:\/\/www.sonnenseite.com\/de\/politik\/eu-sorgt-fuer-den-fortschritt-den-die-bundesregierung-schuldig-geblieben-ist\/#primaryimage"},"image":{"@id":"https:\/\/www.sonnenseite.com\/de\/politik\/eu-sorgt-fuer-den-fortschritt-den-die-bundesregierung-schuldig-geblieben-ist\/#primaryimage"},"thumbnailUrl":"https:\/\/www.sonnenseite.com\/wp-content\/uploads\/2017\/06\/Kinderarbeit_tizianella.jpg","datePublished":"2024-03-15T13:24:12+00:00","description":"Germanwatch begr\u00fc\u00dft Einigung auf EU-Lieferkettengesetz trotz schmerzhafter Abschw\u00e4chungen. Die Umwelt- und Menschenrechtsorganisation Germanwatch begr\u00fc\u00dft","breadcrumb":{"@id":"https:\/\/www.sonnenseite.com\/de\/politik\/eu-sorgt-fuer-den-fortschritt-den-die-bundesregierung-schuldig-geblieben-ist\/#breadcrumb"},"inLanguage":"de","potentialAction":[{"@type":"ReadAction","target":["https:\/\/www.sonnenseite.com\/de\/politik\/eu-sorgt-fuer-den-fortschritt-den-die-bundesregierung-schuldig-geblieben-ist\/"]}]},{"@type":"ImageObject","inLanguage":"de","@id":"https:\/\/www.sonnenseite.com\/de\/politik\/eu-sorgt-fuer-den-fortschritt-den-die-bundesregierung-schuldig-geblieben-ist\/#primaryimage","url":"https:\/\/www.sonnenseite.com\/wp-content\/uploads\/2017\/06\/Kinderarbeit_tizianella.jpg","contentUrl":"https:\/\/www.sonnenseite.com\/wp-content\/uploads\/2017\/06\/Kinderarbeit_tizianella.jpg","width":770,"height":420,"caption":"Depositphotos | tizianella"},{"@type":"BreadcrumbList","@id":"https:\/\/www.sonnenseite.com\/de\/politik\/eu-sorgt-fuer-den-fortschritt-den-die-bundesregierung-schuldig-geblieben-ist\/#breadcrumb","itemListElement":[{"@type":"ListItem","position":1,"name":"Startseite","item":"https:\/\/www.sonnenseite.com\/de\/"},{"@type":"ListItem","position":2,"name":"EU sorgt f\u00fcr den Fortschritt, den die Bundesregierung schuldig geblieben ist"}]},{"@type":"WebSite","@id":"https:\/\/www.sonnenseite.com\/de\/#website","url":"https:\/\/www.sonnenseite.com\/de\/","name":"Sonnenseite","description":"\u00d6kologische Kommunikation mit Franz Alt","publisher":{"@id":"https:\/\/www.sonnenseite.com\/de\/#organization"},"potentialAction":[{"@type":"SearchAction","target":{"@type":"EntryPoint","urlTemplate":"https:\/\/www.sonnenseite.com\/de\/?s={search_term_string}"},"query-input":{"@type":"PropertyValueSpecification","valueRequired":true,"valueName":"search_term_string"}}],"inLanguage":"de"},{"@type":"Organization","@id":"https:\/\/www.sonnenseite.com\/de\/#organization","name":"Sonnenseite","url":"https:\/\/www.sonnenseite.com\/de\/","logo":{"@type":"ImageObject","inLanguage":"de","@id":"https:\/\/www.sonnenseite.com\/de\/#\/schema\/logo\/image\/","url":"https:\/\/www.sonnenseite.com\/wp-content\/uploads\/2020\/05\/Sonnenseite_Logo.png","contentUrl":"https:\/\/www.sonnenseite.com\/wp-content\/uploads\/2020\/05\/Sonnenseite_Logo.png","width":377,"height":90,"caption":"Sonnenseite"},"image":{"@id":"https:\/\/www.sonnenseite.com\/de\/#\/schema\/logo\/image\/"},"sameAs":["https:\/\/www.facebook.com\/pages\/Franz-Alt-SONNENSEITECOM\/221072987903953?fref=ts","https:\/\/x.com\/franzalt","http:\/\/www.youtube.com\/results?search_query&amp;amp;quot;franz_alt&amp;amp;quot;&amp;amp;amp;amp;search_type&amp;amp;amp;amp;aq=f"]},{"@type":"Person","@id":"https:\/\/www.sonnenseite.com\/de\/#\/schema\/person\/50fda0e926597684c7cc6695238a4eb9","name":"Bigi Alt"}]}},"_links":{"self":[{"href":"https:\/\/www.sonnenseite.com\/de\/wp-json\/wp\/v2\/posts\/98207","targetHints":{"allow":["GET"]}}],"collection":[{"href":"https:\/\/www.sonnenseite.com\/de\/wp-json\/wp\/v2\/posts"}],"about":[{"href":"https:\/\/www.sonnenseite.com\/de\/wp-json\/wp\/v2\/types\/post"}],"author":[{"embeddable":true,"href":"https:\/\/www.sonnenseite.com\/de\/wp-json\/wp\/v2\/users\/3"}],"replies":[{"embeddable":true,"href":"https:\/\/www.sonnenseite.com\/de\/wp-json\/wp\/v2\/comments?post=98207"}],"version-history":[{"count":1,"href":"https:\/\/www.sonnenseite.com\/de\/wp-json\/wp\/v2\/posts\/98207\/revisions"}],"predecessor-version":[{"id":98208,"href":"https:\/\/www.sonnenseite.com\/de\/wp-json\/wp\/v2\/posts\/98207\/revisions\/98208"}],"wp:featuredmedia":[{"embeddable":true,"href":"https:\/\/www.sonnenseite.com\/de\/wp-json\/wp\/v2\/media\/27262"}],"wp:attachment":[{"href":"https:\/\/www.sonnenseite.com\/de\/wp-json\/wp\/v2\/media?parent=98207"}],"wp:term":[{"taxonomy":"category","embeddable":true,"href":"https:\/\/www.sonnenseite.com\/de\/wp-json\/wp\/v2\/categories?post=98207"},{"taxonomy":"post_tag","embeddable":true,"href":"https:\/\/www.sonnenseite.com\/de\/wp-json\/wp\/v2\/tags?post=98207"}],"curies":[{"name":"wp","href":"https:\/\/api.w.org\/{rel}","templated":true}]}}