{"id":98339,"date":"2024-03-22T02:53:00","date_gmt":"2024-03-22T01:53:00","guid":{"rendered":"https:\/\/www.sonnenseite.com\/?p=98339"},"modified":"2024-03-20T12:54:11","modified_gmt":"2024-03-20T11:54:11","slug":"weltwassertag-wasser-fuer-den-frieden","status":"publish","type":"post","link":"https:\/\/www.sonnenseite.com\/de\/umwelt\/weltwassertag-wasser-fuer-den-frieden\/","title":{"rendered":"Weltwassertag: Wasser f\u00fcr den Frieden"},"content":{"rendered":"\n<p>B\u00fcndnis ruft zum Schutz des Menschenrechts auf Wasser auf.<\/p>\n\n\n\n<p>Anl\u00e4sslich des Weltwassertags am 22. M\u00e4rz ruft ein B\u00fcndnis von Umwelt- und Entwicklungsorganisationen sowie Vertreter*innen der \u00f6ffentlichen Wasserwirtschaft die Bundesregierung auf, das Menschenrecht auf Wasser als wichtige Grundlage f\u00fcr Frieden besser zu sch\u00fctzen. Die immer knapper werdende Ressource verst\u00e4rkt Konflikte, Flucht und Vertreibung. Um das Konfliktpotential zu bek\u00e4mpfen, muss ein sicherer und gerechter Zugang zu Wasser st\u00e4rker in die Au\u00dfen- und Entwicklungspolitik einbezogen werden.<\/p>\n\n\n\n<p>\u201eEin gesch\u00fctzter und ausreichender Zugang zu sauberem Trinkwasser ist Grundlage f\u00fcr Frieden und ein Menschenrecht, das weltweit jeden Tag millionenfach verletzt wird. Die deutsche Bundesregierung hat einen Anteil daran\u201c, betont Gertrud Falk von der Menschenrechtsorganisation FIAN. \u201eMit ihrer Au\u00dfenwirtschaftsf\u00f6rderung unterst\u00fctzt sie immer wieder Wirtschaftsvorhaben auf Kosten der Wasserversorgung der Bev\u00f6lkerung im Globalen S\u00fcden.\u201c<\/p>\n\n\n\n<h4 class=\"wp-block-heading\">Klimawandel verst\u00e4rkt Konflikte um Wasser<\/h4>\n\n\n\n<p>Jutta Himmelsbach, Expertin f\u00fcr Wasser- und Sanit\u00e4rversorgung bei Misereor, warnt vor einer weltweit starken Zunahme von Konflikten um Wasser. \u201eDer Klimawandel sorgt f\u00fcr mehr Wetterextreme mit intensiveren D\u00fcrren oder \u00dcberschwemmungen. Die Wasserknappheit verst\u00e4rkt die Spannungen zwischen den betroffenen Bev\u00f6lkerungsgruppen.\u201c Misereor-Partnerorganisationen arbeiten daher intensiv an nachhaltigen Wasserinfrastrukturen, wie zum Beispiel in Uganda. Hier konnten Konfliktparteien gemeinsam technische L\u00f6sungen f\u00fcr eine nachhaltige Wasserversorgung finden und gleichzeitig Beziehungen zueinander aufbauen. So k\u00f6nnen Konflikte vermieden oder zumindest vermindert werden.<\/p>\n\n\n\n<p>Heike Drillisch von GegenStr\u00f6mung erg\u00e4nzt: \u201eIn vielen Weltregionen spielt Wasserkraft als Energiequelle eine gro\u00dfe Rolle. Doch dadurch k\u00f6nnen Konflikte um die knappe Ressource Wasser entstehen oder verst\u00e4rkt werden, denn mit dem daf\u00fcr notwendigen Bau von Staud\u00e4mmen oder der Umleitung von Fl\u00fcssen geht immer auch Kontrolle \u00fcber den Flusslauf einher. Gerade in Zeiten zunehmender D\u00fcrren kann die Aufstauung eines Flusses schnell dazu f\u00fchren, dass flussabw\u00e4rts nicht mehr gen\u00fcgend Wasser zur Verf\u00fcgung steht. Wer Frieden und Zugang zu Wasser f\u00fcr alle will, sollte daher kritische Fragen stellen, wenn Wasserkraft zur Energieversorgung geplant wird.\u201c<\/p>\n\n\n\n<p>Fee Schreier, Referentin f\u00fcr Ressourcengerechtigkeit beim Weltfriedensdienst, zeigt die dr\u00e4ngenden Probleme am Beispiel Nordkenias: \u201eDie Auswirkungen des Klimawandels versch\u00e4rfen alte Konflikte, die besonders kleinb\u00e4uerliche Gemeinschaften, arme Familien und Menschen, die mit ihrem Vieh den Niederschl\u00e4gen folgend die Weidegr\u00fcnde wechseln, treffen. Die Konkurrenz um Weideland und Wasser ist zu einem offenen Konflikt geworden.\u201c<\/p>\n\n\n\n<h4 class=\"wp-block-heading\">Mehr Orientierung an Natur und Gemeinwohl<\/h4>\n\n\n\n<p>Aber nicht nur im Globalen S\u00fcden nehmen die Konflikte um das Wasser zu. Johanna Erdmann vom Berliner Wassertisch verdeutlicht: \u201eDer Kampf ums Wasser beginnt lokal, wenn es um Interessen der Wirtschaft, wie z.B. Tesla gegen den Bedarf der Bev\u00f6lkerung geht. Der Vorrang der Menschen beim Wasser ist weltweit Voraussetzung f\u00fcr ein friedliches Miteinander. Und f\u00fcr Berlin halten wir weiter an unserer Forderung fest: Unsere Wassergeb\u00fchren sollen nur f\u00fcr Wasseraufgaben verwendet werden!\u201c<\/p>\n\n\n\n<p>Um Konflikte um das Wasser zu vermeiden, ist der Schutz der S\u00fc\u00dfwasser\u00f6kosysteme essentiell. \u201eDem Living Planet Index zufolge ist der erfasste Bestand der s\u00fc\u00dfwasserabh\u00e4ngigen Wirbeltiere seit 1970 weltweit um etwa 83 Prozent zur\u00fcckgegangen. Diesen Abw\u00e4rtstrend m\u00fcssen wir stoppen und den Trend umkehren!\u201c fasst Michael Bender das zentrale Gew\u00e4sserschutz-Anliegen der Stiftung Living Rivers und der GR\u00dcNEN LIGA zusammen. \u201eMit der von uns unterst\u00fctzten Verabschiedung des Nature Restoration Law im Europ\u00e4ischen Parlament wurde ein wichtiges Ziel auf dem Wege der Wiederherstellung nat\u00fcrlicher Lebensr\u00e4ume erreicht.\u201c<\/p>\n\n\n\n<p>\u201eWasser spielt zweifellos eine zentrale Rolle bei der F\u00f6rderung von Frieden und bei der Sicherung unserer Lebensgrundlagen. Angesichts vielf\u00e4ltiger Konflikte ist es erforderlich, Wasser als friedensstiftendes Element politisch zu w\u00fcrdigen. Dazu ist es unerl\u00e4sslich, dass die Nutzung von Wasser auf der Grundlage von Menschenrechten und dem Gemeinwohl erfolgt. Die Verantwortung f\u00fcr den Schutz und die Nutzung von Wasser liegt in den H\u00e4nden der Staaten. Wir setzen uns deshalb daf\u00fcr ein, dass die Wahrnehmung in \u00f6ffentlicher Hand und im Sinne des Gemeinwohls erfolgt\u201c, erkl\u00e4rte Durmu\u015f \u00dcnl\u00fc, Gesch\u00e4ftsf\u00fchrer der Allianz der \u00f6ffentlichen Wasserwirtschaft und Koordinator der AG Wasser im Forum Umwelt und Entwicklung.<\/p>\n\n\n\n<blockquote class=\"wp-block-quote is-layout-flow wp-block-quote-is-layout-flow\">\n<p><a href=\"https:\/\/www.fian.de\/was-wir-machen\/themen\/wasser-ist-ein-menschenrecht\/\" target=\"_blank\" rel=\"noreferrer noopener\">Mehr Informationen zu unserer Arbeit zum Menschenrecht auf Wasser finden Sie hier.<\/a><\/p>\n<\/blockquote>\n\n\n\n<figure class=\"wp-block-embed is-type-video is-provider-youtube wp-block-embed-youtube wp-embed-aspect-16-9 wp-has-aspect-ratio\"><div class=\"wp-block-embed__wrapper\">\n<iframe loading=\"lazy\" title=\"Erkl\u00e4rvideo: Menschenrecht auf Wasser\" width=\"640\" height=\"360\" src=\"https:\/\/www.youtube.com\/embed\/zsm3nH7mOcY?start=2&#038;feature=oembed\" frameborder=\"0\" allow=\"accelerometer; autoplay; clipboard-write; encrypted-media; gyroscope; picture-in-picture; web-share\" referrerpolicy=\"strict-origin-when-cross-origin\" allowfullscreen><\/iframe>\n<\/div><\/figure>\n\n\n<h5 class=\"green\">Quelle<\/h5>\r\n\n\n\n<p><a href=\"https:\/\/www.fian.de\/aktuelles\/wasser-fuer-den-frieden-buendnis-ruft-zum-schutz-des-menschenrechts-auf-wasser-auf\/\">FIAN 2024<\/a><\/p>\n<div class=\"shariff shariff-align-flex-start shariff-widget-align-flex-start\"><div class=\"ShariffHeadline\">Diese Meldung teilen<\/div><ul class=\"shariff-buttons theme-round orientation-horizontal buttonsize-medium\"><li class=\"shariff-button facebook shariff-nocustomcolor\" style=\"background-color:#4273c8;border-radius:1%\"><a href=\"https:\/\/www.facebook.com\/sharer\/sharer.php?u=https%3A%2F%2Fwww.sonnenseite.com%2Fde%2Fumwelt%2Fweltwassertag-wasser-fuer-den-frieden%2F\" title=\"Bei Facebook teilen\" aria-label=\"Bei Facebook teilen\" role=\"button\" rel=\"nofollow\" class=\"shariff-link\" style=\";border-radius:1%; background-color:#3b5998; color:#fff\" target=\"_blank\"><span class=\"shariff-icon\" style=\"\"><svg width=\"32px\" height=\"20px\" xmlns=\"http:\/\/www.w3.org\/2000\/svg\" viewBox=\"0 0 18 32\"><path fill=\"#3b5998\" d=\"M17.1 0.2v4.7h-2.8q-1.5 0-2.1 0.6t-0.5 1.9v3.4h5.2l-0.7 5.3h-4.5v13.6h-5.5v-13.6h-4.5v-5.3h4.5v-3.9q0-3.3 1.9-5.2t5-1.8q2.6 0 4.1 0.2z\"\/><\/svg><\/span><\/a><\/li><li class=\"shariff-button twitter shariff-nocustomcolor\" style=\"background-color:#595959;border-radius:1%\"><a href=\"https:\/\/twitter.com\/share?url=https%3A%2F%2Fwww.sonnenseite.com%2Fde%2Fumwelt%2Fweltwassertag-wasser-fuer-den-frieden%2F&text=Weltwassertag%3A%20Wasser%20f%C3%BCr%20den%20Frieden\" title=\"Bei X teilen\" aria-label=\"Bei X teilen\" role=\"button\" rel=\"noopener nofollow\" class=\"shariff-link\" style=\";border-radius:1%; background-color:#000; color:#fff\" target=\"_blank\"><span class=\"shariff-icon\" style=\"\"><svg width=\"32px\" height=\"20px\" xmlns=\"http:\/\/www.w3.org\/2000\/svg\" viewBox=\"0 0 24 24\"><path fill=\"#000\" d=\"M14.258 10.152L23.176 0h-2.113l-7.747 8.813L7.133 0H0l9.352 13.328L0 23.973h2.113l8.176-9.309 6.531 9.309h7.133zm-2.895 3.293l-.949-1.328L2.875 1.56h3.246l6.086 8.523.945 1.328 7.91 11.078h-3.246zm0 0\"\/><\/svg><\/span><\/a><\/li><li class=\"shariff-button xing shariff-nocustomcolor\" style=\"background-color:#29888a;border-radius:1%\"><a href=\"https:\/\/www.xing.com\/spi\/shares\/new?url=https%3A%2F%2Fwww.sonnenseite.com%2Fde%2Fumwelt%2Fweltwassertag-wasser-fuer-den-frieden%2F\" title=\"Bei XING teilen\" aria-label=\"Bei XING teilen\" role=\"button\" rel=\"noopener nofollow\" class=\"shariff-link\" style=\";border-radius:1%; background-color:#126567; color:#fff\" target=\"_blank\"><span class=\"shariff-icon\" style=\"\"><svg width=\"32px\" height=\"20px\" xmlns=\"http:\/\/www.w3.org\/2000\/svg\" viewBox=\"0 0 25 32\"><path fill=\"#126567\" d=\"M10.7 11.9q-0.2 0.3-4.6 8.2-0.5 0.8-1.2 0.8h-4.3q-0.4 0-0.5-0.3t0-0.6l4.5-8q0 0 0 0l-2.9-5q-0.2-0.4 0-0.7 0.2-0.3 0.5-0.3h4.3q0.7 0 1.2 0.8zM25.1 0.4q0.2 0.3 0 0.7l-9.4 16.7 6 11q0.2 0.4 0 0.6-0.2 0.3-0.6 0.3h-4.3q-0.7 0-1.2-0.8l-6-11.1q0.3-0.6 9.5-16.8 0.4-0.8 1.2-0.8h4.3q0.4 0 0.5 0.3z\"\/><\/svg><\/span><\/a><\/li><li class=\"shariff-button linkedin shariff-nocustomcolor\" style=\"background-color:#1488bf;border-radius:1%\"><a href=\"https:\/\/www.linkedin.com\/sharing\/share-offsite\/?url=https%3A%2F%2Fwww.sonnenseite.com%2Fde%2Fumwelt%2Fweltwassertag-wasser-fuer-den-frieden%2F\" title=\"Bei LinkedIn teilen\" aria-label=\"Bei LinkedIn teilen\" role=\"button\" rel=\"noopener nofollow\" class=\"shariff-link\" style=\";border-radius:1%; background-color:#0077b5; color:#fff\" target=\"_blank\"><span class=\"shariff-icon\" style=\"\"><svg width=\"32px\" height=\"20px\" xmlns=\"http:\/\/www.w3.org\/2000\/svg\" viewBox=\"0 0 27 32\"><path fill=\"#0077b5\" d=\"M6.2 11.2v17.7h-5.9v-17.7h5.9zM6.6 5.7q0 1.3-0.9 2.2t-2.4 0.9h0q-1.5 0-2.4-0.9t-0.9-2.2 0.9-2.2 2.4-0.9 2.4 0.9 0.9 2.2zM27.4 18.7v10.1h-5.9v-9.5q0-1.9-0.7-2.9t-2.3-1.1q-1.1 0-1.9 0.6t-1.2 1.5q-0.2 0.5-0.2 1.4v9.9h-5.9q0-7.1 0-11.6t0-5.3l0-0.9h5.9v2.6h0q0.4-0.6 0.7-1t1-0.9 1.6-0.8 2-0.3q3 0 4.9 2t1.9 6z\"\/><\/svg><\/span><\/a><\/li><li class=\"shariff-button printer shariff-nocustomcolor\" style=\"background-color:#a8a8a8;border-radius:1%\"><a href=\"javascript:window.print()\" title=\"drucken\" aria-label=\"drucken\" role=\"button\" rel=\"noopener nofollow\" class=\"shariff-link\" style=\";border-radius:1%; background-color:#999; color:#fff\"><span class=\"shariff-icon\" style=\"\"><svg width=\"32px\" height=\"20px\" xmlns=\"http:\/\/www.w3.org\/2000\/svg\" viewBox=\"0 0 30 32\"><path fill=\"#999\" d=\"M6.8 27.4h16v-4.6h-16v4.6zM6.8 16h16v-6.8h-2.8q-0.7 0-1.2-0.5t-0.5-1.2v-2.8h-11.4v11.4zM27.4 17.2q0-0.5-0.3-0.8t-0.8-0.4-0.8 0.4-0.3 0.8 0.3 0.8 0.8 0.3 0.8-0.3 0.3-0.8zM29.7 17.2v7.4q0 0.2-0.2 0.4t-0.4 0.2h-4v2.8q0 0.7-0.5 1.2t-1.2 0.5h-17.2q-0.7 0-1.2-0.5t-0.5-1.2v-2.8h-4q-0.2 0-0.4-0.2t-0.2-0.4v-7.4q0-1.4 1-2.4t2.4-1h1.2v-9.7q0-0.7 0.5-1.2t1.2-0.5h12q0.7 0 1.6 0.4t1.3 0.8l2.7 2.7q0.5 0.5 0.9 1.4t0.4 1.6v4.6h1.1q1.4 0 2.4 1t1 2.4z\"\/><\/svg><\/span><\/a><\/li><li class=\"shariff-button mailto shariff-nocustomcolor\" style=\"background-color:#a8a8a8;border-radius:1%\"><a href=\"mailto:?body=https%3A%2F%2Fwww.sonnenseite.com%2Fde%2Fumwelt%2Fweltwassertag-wasser-fuer-den-frieden%2F&subject=Weltwassertag%3A%20Wasser%20f%C3%BCr%20den%20Frieden\" title=\"Per E-Mail versenden\" aria-label=\"Per E-Mail versenden\" role=\"button\" rel=\"noopener nofollow\" class=\"shariff-link\" style=\";border-radius:1%; background-color:#999; color:#fff\"><span class=\"shariff-icon\" style=\"\"><svg width=\"32px\" height=\"20px\" xmlns=\"http:\/\/www.w3.org\/2000\/svg\" viewBox=\"0 0 32 32\"><path fill=\"#999\" d=\"M32 12.7v14.2q0 1.2-0.8 2t-2 0.9h-26.3q-1.2 0-2-0.9t-0.8-2v-14.2q0.8 0.9 1.8 1.6 6.5 4.4 8.9 6.1 1 0.8 1.6 1.2t1.7 0.9 2 0.4h0.1q0.9 0 2-0.4t1.7-0.9 1.6-1.2q3-2.2 8.9-6.1 1-0.7 1.8-1.6zM32 7.4q0 1.4-0.9 2.7t-2.2 2.2q-6.7 4.7-8.4 5.8-0.2 0.1-0.7 0.5t-1 0.7-0.9 0.6-1.1 0.5-0.9 0.2h-0.1q-0.4 0-0.9-0.2t-1.1-0.5-0.9-0.6-1-0.7-0.7-0.5q-1.6-1.1-4.7-3.2t-3.6-2.6q-1.1-0.7-2.1-2t-1-2.5q0-1.4 0.7-2.3t2.1-0.9h26.3q1.2 0 2 0.8t0.9 2z\"\/><\/svg><\/span><\/a><\/li><\/ul><\/div>","protected":false},"excerpt":{"rendered":"<p>B\u00fcndnis ruft zum Schutz des Menschenrechts auf Wasser auf. Anl\u00e4sslich des Weltwassertags am 22. M\u00e4rz ruft [&hellip;]<\/p>\n","protected":false},"author":3,"featured_media":98341,"comment_status":"closed","ping_status":"closed","sticky":false,"template":"","format":"standard","meta":{"inline_featured_image":false,"footnotes":""},"categories":[23],"tags":[],"class_list":["post-98339","post","type-post","status-publish","format-standard","has-post-thumbnail","hentry","category-umwelt"],"yoast_head":"<!-- This site is optimized with the Yoast SEO plugin v26.5 - https:\/\/yoast.com\/wordpress\/plugins\/seo\/ -->\n<title>Weltwassertag: Wasser f\u00fcr den Frieden - Sonnenseite - \u00d6kologische Kommunikation mit Franz Alt<\/title>\n<meta name=\"description\" content=\"B\u00fcndnis ruft zum Schutz des Menschenrechts auf Wasser auf. Anl\u00e4sslich des Weltwassertags am 22. M\u00e4rz ruft ein B\u00fcndnis von Umwelt- und\" \/>\n<meta name=\"robots\" content=\"index, follow, max-snippet:-1, max-image-preview:large, max-video-preview:-1\" \/>\n<link rel=\"canonical\" href=\"https:\/\/www.sonnenseite.com\/de\/umwelt\/weltwassertag-wasser-fuer-den-frieden\/\" \/>\n<meta property=\"og:locale\" content=\"de_DE\" \/>\n<meta property=\"og:type\" content=\"article\" \/>\n<meta property=\"og:title\" content=\"Weltwassertag: Wasser f\u00fcr den Frieden - Sonnenseite - \u00d6kologische Kommunikation mit Franz Alt\" \/>\n<meta property=\"og:description\" content=\"B\u00fcndnis ruft zum Schutz des Menschenrechts auf Wasser auf. Anl\u00e4sslich des Weltwassertags am 22. M\u00e4rz ruft ein B\u00fcndnis von Umwelt- und\" \/>\n<meta property=\"og:url\" content=\"https:\/\/www.sonnenseite.com\/de\/umwelt\/weltwassertag-wasser-fuer-den-frieden\/\" \/>\n<meta property=\"og:site_name\" content=\"Sonnenseite\" \/>\n<meta property=\"article:publisher\" content=\"https:\/\/www.facebook.com\/pages\/Franz-Alt-SONNENSEITECOM\/221072987903953?fref=ts\" \/>\n<meta property=\"article:published_time\" content=\"2024-03-22T01:53:00+00:00\" \/>\n<meta property=\"og:image\" content=\"https:\/\/www.sonnenseite.com\/wp-content\/uploads\/2024\/03\/FIAN_RechtAufWasser.jpg\" \/>\n\t<meta property=\"og:image:width\" content=\"770\" \/>\n\t<meta property=\"og:image:height\" content=\"420\" \/>\n\t<meta property=\"og:image:type\" content=\"image\/jpeg\" \/>\n<meta name=\"author\" content=\"Bigi Alt\" \/>\n<meta name=\"twitter:card\" content=\"summary_large_image\" \/>\n<meta name=\"twitter:creator\" content=\"@franzalt\" \/>\n<meta name=\"twitter:site\" content=\"@franzalt\" \/>\n<meta name=\"twitter:label1\" content=\"Verfasst von\" \/>\n\t<meta name=\"twitter:data1\" content=\"Bigi Alt\" \/>\n\t<meta name=\"twitter:label2\" content=\"Gesch\u00e4tzte Lesezeit\" \/>\n\t<meta name=\"twitter:data2\" content=\"4\u00a0Minuten\" \/>\n<script type=\"application\/ld+json\" class=\"yoast-schema-graph\">{\"@context\":\"https:\/\/schema.org\",\"@graph\":[{\"@type\":\"Article\",\"@id\":\"https:\/\/www.sonnenseite.com\/de\/umwelt\/weltwassertag-wasser-fuer-den-frieden\/#article\",\"isPartOf\":{\"@id\":\"https:\/\/www.sonnenseite.com\/de\/umwelt\/weltwassertag-wasser-fuer-den-frieden\/\"},\"author\":{\"name\":\"Bigi Alt\",\"@id\":\"https:\/\/www.sonnenseite.com\/de\/#\/schema\/person\/50fda0e926597684c7cc6695238a4eb9\"},\"headline\":\"Weltwassertag: Wasser f\u00fcr den Frieden\",\"datePublished\":\"2024-03-22T01:53:00+00:00\",\"mainEntityOfPage\":{\"@id\":\"https:\/\/www.sonnenseite.com\/de\/umwelt\/weltwassertag-wasser-fuer-den-frieden\/\"},\"wordCount\":715,\"publisher\":{\"@id\":\"https:\/\/www.sonnenseite.com\/de\/#organization\"},\"image\":{\"@id\":\"https:\/\/www.sonnenseite.com\/de\/umwelt\/weltwassertag-wasser-fuer-den-frieden\/#primaryimage\"},\"thumbnailUrl\":\"https:\/\/www.sonnenseite.com\/wp-content\/uploads\/2024\/03\/FIAN_RechtAufWasser.jpg\",\"articleSection\":[\"Umwelt\"],\"inLanguage\":\"de\"},{\"@type\":\"WebPage\",\"@id\":\"https:\/\/www.sonnenseite.com\/de\/umwelt\/weltwassertag-wasser-fuer-den-frieden\/\",\"url\":\"https:\/\/www.sonnenseite.com\/de\/umwelt\/weltwassertag-wasser-fuer-den-frieden\/\",\"name\":\"Weltwassertag: Wasser f\u00fcr den Frieden - Sonnenseite - \u00d6kologische Kommunikation mit Franz Alt\",\"isPartOf\":{\"@id\":\"https:\/\/www.sonnenseite.com\/de\/#website\"},\"primaryImageOfPage\":{\"@id\":\"https:\/\/www.sonnenseite.com\/de\/umwelt\/weltwassertag-wasser-fuer-den-frieden\/#primaryimage\"},\"image\":{\"@id\":\"https:\/\/www.sonnenseite.com\/de\/umwelt\/weltwassertag-wasser-fuer-den-frieden\/#primaryimage\"},\"thumbnailUrl\":\"https:\/\/www.sonnenseite.com\/wp-content\/uploads\/2024\/03\/FIAN_RechtAufWasser.jpg\",\"datePublished\":\"2024-03-22T01:53:00+00:00\",\"description\":\"B\u00fcndnis ruft zum Schutz des Menschenrechts auf Wasser auf. Anl\u00e4sslich des Weltwassertags am 22. M\u00e4rz ruft ein B\u00fcndnis von Umwelt- und\",\"breadcrumb\":{\"@id\":\"https:\/\/www.sonnenseite.com\/de\/umwelt\/weltwassertag-wasser-fuer-den-frieden\/#breadcrumb\"},\"inLanguage\":\"de\",\"potentialAction\":[{\"@type\":\"ReadAction\",\"target\":[\"https:\/\/www.sonnenseite.com\/de\/umwelt\/weltwassertag-wasser-fuer-den-frieden\/\"]}]},{\"@type\":\"ImageObject\",\"inLanguage\":\"de\",\"@id\":\"https:\/\/www.sonnenseite.com\/de\/umwelt\/weltwassertag-wasser-fuer-den-frieden\/#primaryimage\",\"url\":\"https:\/\/www.sonnenseite.com\/wp-content\/uploads\/2024\/03\/FIAN_RechtAufWasser.jpg\",\"contentUrl\":\"https:\/\/www.sonnenseite.com\/wp-content\/uploads\/2024\/03\/FIAN_RechtAufWasser.jpg\",\"width\":770,\"height\":420,\"caption\":\"FIAN.de\"},{\"@type\":\"BreadcrumbList\",\"@id\":\"https:\/\/www.sonnenseite.com\/de\/umwelt\/weltwassertag-wasser-fuer-den-frieden\/#breadcrumb\",\"itemListElement\":[{\"@type\":\"ListItem\",\"position\":1,\"name\":\"Startseite\",\"item\":\"https:\/\/www.sonnenseite.com\/de\/\"},{\"@type\":\"ListItem\",\"position\":2,\"name\":\"Weltwassertag: Wasser f\u00fcr den Frieden\"}]},{\"@type\":\"WebSite\",\"@id\":\"https:\/\/www.sonnenseite.com\/de\/#website\",\"url\":\"https:\/\/www.sonnenseite.com\/de\/\",\"name\":\"Sonnenseite\",\"description\":\"\u00d6kologische Kommunikation mit Franz Alt\",\"publisher\":{\"@id\":\"https:\/\/www.sonnenseite.com\/de\/#organization\"},\"potentialAction\":[{\"@type\":\"SearchAction\",\"target\":{\"@type\":\"EntryPoint\",\"urlTemplate\":\"https:\/\/www.sonnenseite.com\/de\/?s={search_term_string}\"},\"query-input\":{\"@type\":\"PropertyValueSpecification\",\"valueRequired\":true,\"valueName\":\"search_term_string\"}}],\"inLanguage\":\"de\"},{\"@type\":\"Organization\",\"@id\":\"https:\/\/www.sonnenseite.com\/de\/#organization\",\"name\":\"Sonnenseite\",\"url\":\"https:\/\/www.sonnenseite.com\/de\/\",\"logo\":{\"@type\":\"ImageObject\",\"inLanguage\":\"de\",\"@id\":\"https:\/\/www.sonnenseite.com\/de\/#\/schema\/logo\/image\/\",\"url\":\"https:\/\/www.sonnenseite.com\/wp-content\/uploads\/2020\/05\/Sonnenseite_Logo.png\",\"contentUrl\":\"https:\/\/www.sonnenseite.com\/wp-content\/uploads\/2020\/05\/Sonnenseite_Logo.png\",\"width\":377,\"height\":90,\"caption\":\"Sonnenseite\"},\"image\":{\"@id\":\"https:\/\/www.sonnenseite.com\/de\/#\/schema\/logo\/image\/\"},\"sameAs\":[\"https:\/\/www.facebook.com\/pages\/Franz-Alt-SONNENSEITECOM\/221072987903953?fref=ts\",\"https:\/\/x.com\/franzalt\",\"http:\/\/www.youtube.com\/results?search_query&amp;amp;quot;franz_alt&amp;amp;quot;&amp;amp;amp;amp;search_type&amp;amp;amp;amp;aq=f\"]},{\"@type\":\"Person\",\"@id\":\"https:\/\/www.sonnenseite.com\/de\/#\/schema\/person\/50fda0e926597684c7cc6695238a4eb9\",\"name\":\"Bigi Alt\"}]}<\/script>\n<!-- \/ Yoast SEO plugin. -->","yoast_head_json":{"title":"Weltwassertag: Wasser f\u00fcr den Frieden - Sonnenseite - \u00d6kologische Kommunikation mit Franz Alt","description":"B\u00fcndnis ruft zum Schutz des Menschenrechts auf Wasser auf. Anl\u00e4sslich des Weltwassertags am 22. M\u00e4rz ruft ein B\u00fcndnis von Umwelt- und","robots":{"index":"index","follow":"follow","max-snippet":"max-snippet:-1","max-image-preview":"max-image-preview:large","max-video-preview":"max-video-preview:-1"},"canonical":"https:\/\/www.sonnenseite.com\/de\/umwelt\/weltwassertag-wasser-fuer-den-frieden\/","og_locale":"de_DE","og_type":"article","og_title":"Weltwassertag: Wasser f\u00fcr den Frieden - Sonnenseite - \u00d6kologische Kommunikation mit Franz Alt","og_description":"B\u00fcndnis ruft zum Schutz des Menschenrechts auf Wasser auf. Anl\u00e4sslich des Weltwassertags am 22. M\u00e4rz ruft ein B\u00fcndnis von Umwelt- und","og_url":"https:\/\/www.sonnenseite.com\/de\/umwelt\/weltwassertag-wasser-fuer-den-frieden\/","og_site_name":"Sonnenseite","article_publisher":"https:\/\/www.facebook.com\/pages\/Franz-Alt-SONNENSEITECOM\/221072987903953?fref=ts","article_published_time":"2024-03-22T01:53:00+00:00","og_image":[{"width":770,"height":420,"url":"https:\/\/www.sonnenseite.com\/wp-content\/uploads\/2024\/03\/FIAN_RechtAufWasser.jpg","type":"image\/jpeg"}],"author":"Bigi Alt","twitter_card":"summary_large_image","twitter_creator":"@franzalt","twitter_site":"@franzalt","twitter_misc":{"Verfasst von":"Bigi Alt","Gesch\u00e4tzte Lesezeit":"4\u00a0Minuten"},"schema":{"@context":"https:\/\/schema.org","@graph":[{"@type":"Article","@id":"https:\/\/www.sonnenseite.com\/de\/umwelt\/weltwassertag-wasser-fuer-den-frieden\/#article","isPartOf":{"@id":"https:\/\/www.sonnenseite.com\/de\/umwelt\/weltwassertag-wasser-fuer-den-frieden\/"},"author":{"name":"Bigi Alt","@id":"https:\/\/www.sonnenseite.com\/de\/#\/schema\/person\/50fda0e926597684c7cc6695238a4eb9"},"headline":"Weltwassertag: Wasser f\u00fcr den Frieden","datePublished":"2024-03-22T01:53:00+00:00","mainEntityOfPage":{"@id":"https:\/\/www.sonnenseite.com\/de\/umwelt\/weltwassertag-wasser-fuer-den-frieden\/"},"wordCount":715,"publisher":{"@id":"https:\/\/www.sonnenseite.com\/de\/#organization"},"image":{"@id":"https:\/\/www.sonnenseite.com\/de\/umwelt\/weltwassertag-wasser-fuer-den-frieden\/#primaryimage"},"thumbnailUrl":"https:\/\/www.sonnenseite.com\/wp-content\/uploads\/2024\/03\/FIAN_RechtAufWasser.jpg","articleSection":["Umwelt"],"inLanguage":"de"},{"@type":"WebPage","@id":"https:\/\/www.sonnenseite.com\/de\/umwelt\/weltwassertag-wasser-fuer-den-frieden\/","url":"https:\/\/www.sonnenseite.com\/de\/umwelt\/weltwassertag-wasser-fuer-den-frieden\/","name":"Weltwassertag: Wasser f\u00fcr den Frieden - Sonnenseite - \u00d6kologische Kommunikation mit Franz Alt","isPartOf":{"@id":"https:\/\/www.sonnenseite.com\/de\/#website"},"primaryImageOfPage":{"@id":"https:\/\/www.sonnenseite.com\/de\/umwelt\/weltwassertag-wasser-fuer-den-frieden\/#primaryimage"},"image":{"@id":"https:\/\/www.sonnenseite.com\/de\/umwelt\/weltwassertag-wasser-fuer-den-frieden\/#primaryimage"},"thumbnailUrl":"https:\/\/www.sonnenseite.com\/wp-content\/uploads\/2024\/03\/FIAN_RechtAufWasser.jpg","datePublished":"2024-03-22T01:53:00+00:00","description":"B\u00fcndnis ruft zum Schutz des Menschenrechts auf Wasser auf. Anl\u00e4sslich des Weltwassertags am 22. M\u00e4rz ruft ein B\u00fcndnis von Umwelt- und","breadcrumb":{"@id":"https:\/\/www.sonnenseite.com\/de\/umwelt\/weltwassertag-wasser-fuer-den-frieden\/#breadcrumb"},"inLanguage":"de","potentialAction":[{"@type":"ReadAction","target":["https:\/\/www.sonnenseite.com\/de\/umwelt\/weltwassertag-wasser-fuer-den-frieden\/"]}]},{"@type":"ImageObject","inLanguage":"de","@id":"https:\/\/www.sonnenseite.com\/de\/umwelt\/weltwassertag-wasser-fuer-den-frieden\/#primaryimage","url":"https:\/\/www.sonnenseite.com\/wp-content\/uploads\/2024\/03\/FIAN_RechtAufWasser.jpg","contentUrl":"https:\/\/www.sonnenseite.com\/wp-content\/uploads\/2024\/03\/FIAN_RechtAufWasser.jpg","width":770,"height":420,"caption":"FIAN.de"},{"@type":"BreadcrumbList","@id":"https:\/\/www.sonnenseite.com\/de\/umwelt\/weltwassertag-wasser-fuer-den-frieden\/#breadcrumb","itemListElement":[{"@type":"ListItem","position":1,"name":"Startseite","item":"https:\/\/www.sonnenseite.com\/de\/"},{"@type":"ListItem","position":2,"name":"Weltwassertag: Wasser f\u00fcr den Frieden"}]},{"@type":"WebSite","@id":"https:\/\/www.sonnenseite.com\/de\/#website","url":"https:\/\/www.sonnenseite.com\/de\/","name":"Sonnenseite","description":"\u00d6kologische Kommunikation mit Franz Alt","publisher":{"@id":"https:\/\/www.sonnenseite.com\/de\/#organization"},"potentialAction":[{"@type":"SearchAction","target":{"@type":"EntryPoint","urlTemplate":"https:\/\/www.sonnenseite.com\/de\/?s={search_term_string}"},"query-input":{"@type":"PropertyValueSpecification","valueRequired":true,"valueName":"search_term_string"}}],"inLanguage":"de"},{"@type":"Organization","@id":"https:\/\/www.sonnenseite.com\/de\/#organization","name":"Sonnenseite","url":"https:\/\/www.sonnenseite.com\/de\/","logo":{"@type":"ImageObject","inLanguage":"de","@id":"https:\/\/www.sonnenseite.com\/de\/#\/schema\/logo\/image\/","url":"https:\/\/www.sonnenseite.com\/wp-content\/uploads\/2020\/05\/Sonnenseite_Logo.png","contentUrl":"https:\/\/www.sonnenseite.com\/wp-content\/uploads\/2020\/05\/Sonnenseite_Logo.png","width":377,"height":90,"caption":"Sonnenseite"},"image":{"@id":"https:\/\/www.sonnenseite.com\/de\/#\/schema\/logo\/image\/"},"sameAs":["https:\/\/www.facebook.com\/pages\/Franz-Alt-SONNENSEITECOM\/221072987903953?fref=ts","https:\/\/x.com\/franzalt","http:\/\/www.youtube.com\/results?search_query&amp;amp;quot;franz_alt&amp;amp;quot;&amp;amp;amp;amp;search_type&amp;amp;amp;amp;aq=f"]},{"@type":"Person","@id":"https:\/\/www.sonnenseite.com\/de\/#\/schema\/person\/50fda0e926597684c7cc6695238a4eb9","name":"Bigi Alt"}]}},"_links":{"self":[{"href":"https:\/\/www.sonnenseite.com\/de\/wp-json\/wp\/v2\/posts\/98339","targetHints":{"allow":["GET"]}}],"collection":[{"href":"https:\/\/www.sonnenseite.com\/de\/wp-json\/wp\/v2\/posts"}],"about":[{"href":"https:\/\/www.sonnenseite.com\/de\/wp-json\/wp\/v2\/types\/post"}],"author":[{"embeddable":true,"href":"https:\/\/www.sonnenseite.com\/de\/wp-json\/wp\/v2\/users\/3"}],"replies":[{"embeddable":true,"href":"https:\/\/www.sonnenseite.com\/de\/wp-json\/wp\/v2\/comments?post=98339"}],"version-history":[{"count":2,"href":"https:\/\/www.sonnenseite.com\/de\/wp-json\/wp\/v2\/posts\/98339\/revisions"}],"predecessor-version":[{"id":98343,"href":"https:\/\/www.sonnenseite.com\/de\/wp-json\/wp\/v2\/posts\/98339\/revisions\/98343"}],"wp:featuredmedia":[{"embeddable":true,"href":"https:\/\/www.sonnenseite.com\/de\/wp-json\/wp\/v2\/media\/98341"}],"wp:attachment":[{"href":"https:\/\/www.sonnenseite.com\/de\/wp-json\/wp\/v2\/media?parent=98339"}],"wp:term":[{"taxonomy":"category","embeddable":true,"href":"https:\/\/www.sonnenseite.com\/de\/wp-json\/wp\/v2\/categories?post=98339"},{"taxonomy":"post_tag","embeddable":true,"href":"https:\/\/www.sonnenseite.com\/de\/wp-json\/wp\/v2\/tags?post=98339"}],"curies":[{"name":"wp","href":"https:\/\/api.w.org\/{rel}","templated":true}]}}