{"id":98681,"date":"2024-04-03T17:47:32","date_gmt":"2024-04-03T15:47:32","guid":{"rendered":"https:\/\/www.sonnenseite.com\/?p=98681"},"modified":"2024-04-03T17:47:32","modified_gmt":"2024-04-03T15:47:32","slug":"wie-stark-setzen-sich-die-menschen-in-europa-fuer-die-energiewende-ein","status":"publish","type":"post","link":"https:\/\/www.sonnenseite.com\/de\/politik\/wie-stark-setzen-sich-die-menschen-in-europa-fuer-die-energiewende-ein\/","title":{"rendered":"Wie stark setzen sich die Menschen in Europa f\u00fcr die Energiewende ein?"},"content":{"rendered":"\n<p>Ergebnisse einer europaweiten Umfrage zum b\u00fcrgerschaftlichen Engagement f\u00fcr eine nachhaltige Energieversorgung \/ Bev\u00f6lkerung f\u00fchlt sich von Politik und Wirtschaft nicht ernst genommen.<\/p>\n\n\n\n<p>In einer repr\u00e4sentativen Online-Umfrage mit 10.000 Personen in 19 europ\u00e4ischen L\u00e4ndern stimmten 70 Prozent der Befragten der Aussage zu, dass die Energiewende Aufgabe aller ist und sich daher alle B\u00fcrger*innen aktiv einbringen sollten. Mehr als 60 Prozent gaben an, dass sie ihren Energieverbrauch in den vergangenen Jahren wegen der Energiekrise gesenkt haben, was sich vor allem in geringeren Raumtemperaturen, einem bewussteren Umgang mit Haushaltsger\u00e4ten, aber auch einer st\u00e4rkeren Nutzung umweltfreundlicher Mobilit\u00e4tsoptionen (laufen, Nutzung des Fahrrads, \u00f6ffentlicher Nahverkehr) niederschl\u00e4gt. Die Hauptmotivation hierf\u00fcr ist der Wunsch, die Energiekosten zu senken, jedoch auch Umweltbelange sind f\u00fcr viele wichtige Beweggr\u00fcnde.<\/p>\n\n\n\n<p>Das sind zwei der positiven Ergebnisse der Befragung, die im Rahmen des EU-Projekt \u201eEnergyPROSPECTS\u201c von 2021 bis 2024 von neun europ\u00e4ischen L\u00e4ndern durchgef\u00fchrt wurde. Auf deutscher Seite war das <a href=\"https:\/\/www.tu.berlin\/ztg\" target=\"_blank\" rel=\"noreferrer noopener\">Zentrum Technik und Gesellschaft (ZTG)<\/a> der TU Berlin Partner in dem Konsortium. Kern der Befragung war es, mehr \u00fcber individuelle Einstellungen und das Engagement f\u00fcr die Energiewende, die Reaktionen auf die Energiekrise und die wahrgenommenen Zukunftsaussichten zu erfahren.<\/p>\n\n\n\n<h4 class=\"wp-block-heading\">\u00d6kostrom hat in Deutschland eine l\u00e4ngere Tradition und h\u00f6here Akzeptanz<\/h4>\n\n\n\n<p>Weit weniger verbreitet, als privat Energie zu sparen, ist weitergehendes Engagement wie der Bezug von \u00d6kostrom (31,6 Prozent), die energiebewusste Renovierung des Eigenheims (36,5 Prozent) oder die Investition in die Produktion von erneuerbarer Energie, sei es auf dem eigenen Dach mit Solaranlagen (15,5 Prozent) oder in Form von Anteilen zum Beispiel in Energiegenossenschaften (6 Prozent). Auch in Zukunft hat nur ein geringer Anteil vor, sich st\u00e4rker zu engagieren. Signifikante Unterschiede zwischen Deutschland und den anderen 18 europ\u00e4ischen L\u00e4ndern zeigten sich beim Bezug von \u00d6kostrom und der energiebewussten Umr\u00fcstung des Eigenheims. 45,1 Prozent der Befragten in Deutschland gaben an, \u00d6kostrom zu beziehen, also weit mehr als in den anderen europ\u00e4ischen L\u00e4ndern. Hinsichtlich der energiebewussten Umr\u00fcstung des Eigenheims waren es aber nur 16 Prozent, die das getan hatten.<\/p>\n\n\n\n<p>\u201eDass unter den deutschen Befragten der Anteil derjenigen, die \u00d6kostrom beziehen h\u00f6her ist als im europ\u00e4ischen Durchschnitt erkl\u00e4rt sich aus der l\u00e4ngeren Tradition f\u00fcr \u00d6kostrom und einer h\u00f6heren Akzeptanz daf\u00fcr hierzulande. Dass die energiebewusste Sanierung des Eigenheims bei den deutschen Befragten jedoch so gering ist, hat seine Ursache darin, dass in Deutschland mehr Menschen zur Miete wohnen und weniger Wohneigentum besitzen\u201c, sagt Prof. Dr. Martina Sch\u00e4fer, wissenschaftliche Gesch\u00e4ftsf\u00fchrerin des ZTG und Leiterin des \u201eEnergyPROSPECTS\u201c-Projekts am ZTG. Aber auch die Bereitschaft f\u00fcr Aktivit\u00e4ten, die nicht an finanzielle Mittel gebunden sind, wie die Motivation von Bekannten f\u00fcr die Energiewende, Kommunikation dar\u00fcber in Social Media oder das Engagement in Umweltorganisationen ist gering.<\/p>\n\n\n\n<h4 class=\"wp-block-heading\">Pessimismus und Unzufriedenheit<\/h4>\n\n\n\n<p>\u201eNoch bedenklicher stimmt, dass die Teilnehmer*innen der Umfrage pessimistisch in die nahe Zukunft sehen: \u00dcber die H\u00e4lfte geht davon aus, dass sie im Jahr 2030 mehr f\u00fcr Energie bezahlen werden und 43 Prozent sind der Meinung, dass die Energiewende zu langsam vorangeht\u201c, berichtet Dr. Ariane Debourdeau, die am ZTG in dem Projekt forscht. Dar\u00fcber hinaus sind die Umfrageteilnehmer*innen sehr unzufrieden mit der Arbeit der verantwortlichen Institutionen auf europ\u00e4ischer, nationaler und lokaler Ebene. Dies betrifft sowohl die Beh\u00f6rden, aber auch die Energieversorger und die wirtschaftlichen Akteur*innen. Nur die Aktivit\u00e4ten von Nichtregierungsorganisationen und der Wissenschaft werden positiver eingesch\u00e4tzt. \u201eDer Politik sollte es zu denken geben, dass \u00fcber zwei Drittel der Meinung sind, dass die Ansichten und Ideen von B\u00fcrger*innen nicht ernst genommen werden\u201c, erg\u00e4nzt die Forscherin.<\/p>\n\n\n\n<h4 class=\"wp-block-heading\">Passende finanzielle F\u00f6rderung, weniger B\u00fcrokratie<\/h4>\n\n\n\n<p>Ma\u00dfgeschneiderte finanzielle F\u00f6rderma\u00dfnahmen und weniger B\u00fcrokratie sowie die Unterst\u00fctzung von Menschen, die von Energiearmut betroffen sind, werden als notwendig angegeben, um das Engagement f\u00fcr die Energiewende zu f\u00f6rdern. Entscheidend ist auch, die Bedenken hinsichtlich der wahrgenommenen Auswirkungen und Kosten der Energiewende auszur\u00e4umen. Handlungsbedarf besteht \u2013 auch in Deutschland \u2013 hinsichtlich der Kl\u00e4rung des rechtlichen Status einzelner und kollektiver Erzeuger von Energie aus erneuerbaren Quellen, dem Peer-to-Peer-Handel und dem Energie-Sharing zum Beispiel in Nachbarschaften. Schlie\u00dflich sollte mehr getan werden, um die B\u00fcrger*innen in die Gestaltung der politischen Entscheidungsprozesse einzubeziehen, um eine inklusive und sozial gerechte Energiewende zu gew\u00e4hrleisten.<\/p>\n\n\n\n<p>Das \u201eEnergyPROSPECTS\u201c-Team fasste die Empfehlungen in einem Policy Paper zusammen und adressiert Entscheidungstr\u00e4ger*innen auf nationaler und europ\u00e4ischer Ebene, um die europ\u00e4ischen Bem\u00fchungen hin zu einer nachhaltigen und integrativen Energielandschaft zu unterst\u00fctzen.<\/p>\n\n\n\n<p>EnergyPROSPECTS wurde im EU-Programm \u201eHorizont 2020\u201c gef\u00f6rdert. Das Konsortium besteht aus neun Partner*innen aus Irland, Belgien, Ungarn, den Niederlanden, Bulgarien, Frankreich, Lettland, Deutschland und Spanien.<\/p>\n\n\n\n<ul class=\"wp-block-list\">\n<li><a href=\"https:\/\/www.energyprospects.eu\/fileadmin\/user_upload\/lu_portal\/www.energycitizen.eu\/EnergyPROSPECTS_D5.4_31_01_2024_final.pdf\">Detaillierte Ergebnisse der Umfrage EnergyPROSPECTS<\/a><\/li>\n\n\n\n<li><a href=\"https:\/\/www.energyprospects.eu\">Zur Projektseite EnergyPROSPECTS<\/a><\/li>\n<\/ul>\n\n\n<h5 class=\"green\">Quelle<\/h5>\r\n\n\n\n<p><a href=\"https:\/\/www.tu.berlin\/ueber-die-tu-berlin\/profil\/pressemitteilungen-nachrichten\/wie-stark-setzen-sich-die-menschen-in-europa-fuer-die-energiewende-ein\">Technische Universit\u00e4t Berlin 2024<\/a><\/p>\n<div class=\"shariff shariff-align-flex-start shariff-widget-align-flex-start\"><div class=\"ShariffHeadline\">Diese Meldung teilen<\/div><ul class=\"shariff-buttons theme-round orientation-horizontal buttonsize-medium\"><li class=\"shariff-button facebook shariff-nocustomcolor\" style=\"background-color:#4273c8;border-radius:1%\"><a href=\"https:\/\/www.facebook.com\/sharer\/sharer.php?u=https%3A%2F%2Fwww.sonnenseite.com%2Fde%2Fpolitik%2Fwie-stark-setzen-sich-die-menschen-in-europa-fuer-die-energiewende-ein%2F\" title=\"Bei Facebook teilen\" aria-label=\"Bei Facebook teilen\" role=\"button\" rel=\"nofollow\" class=\"shariff-link\" style=\";border-radius:1%; background-color:#3b5998; color:#fff\" target=\"_blank\"><span class=\"shariff-icon\" style=\"\"><svg width=\"32px\" height=\"20px\" xmlns=\"http:\/\/www.w3.org\/2000\/svg\" viewBox=\"0 0 18 32\"><path fill=\"#3b5998\" d=\"M17.1 0.2v4.7h-2.8q-1.5 0-2.1 0.6t-0.5 1.9v3.4h5.2l-0.7 5.3h-4.5v13.6h-5.5v-13.6h-4.5v-5.3h4.5v-3.9q0-3.3 1.9-5.2t5-1.8q2.6 0 4.1 0.2z\"\/><\/svg><\/span><\/a><\/li><li class=\"shariff-button twitter shariff-nocustomcolor\" style=\"background-color:#595959;border-radius:1%\"><a href=\"https:\/\/twitter.com\/share?url=https%3A%2F%2Fwww.sonnenseite.com%2Fde%2Fpolitik%2Fwie-stark-setzen-sich-die-menschen-in-europa-fuer-die-energiewende-ein%2F&text=Wie%20stark%20setzen%20sich%20die%20Menschen%20in%20Europa%20f%C3%BCr%20die%20Energiewende%20ein%3F\" title=\"Bei X teilen\" aria-label=\"Bei X teilen\" role=\"button\" rel=\"noopener nofollow\" class=\"shariff-link\" style=\";border-radius:1%; background-color:#000; color:#fff\" target=\"_blank\"><span class=\"shariff-icon\" style=\"\"><svg width=\"32px\" height=\"20px\" xmlns=\"http:\/\/www.w3.org\/2000\/svg\" viewBox=\"0 0 24 24\"><path fill=\"#000\" d=\"M14.258 10.152L23.176 0h-2.113l-7.747 8.813L7.133 0H0l9.352 13.328L0 23.973h2.113l8.176-9.309 6.531 9.309h7.133zm-2.895 3.293l-.949-1.328L2.875 1.56h3.246l6.086 8.523.945 1.328 7.91 11.078h-3.246zm0 0\"\/><\/svg><\/span><\/a><\/li><li class=\"shariff-button xing shariff-nocustomcolor\" style=\"background-color:#29888a;border-radius:1%\"><a href=\"https:\/\/www.xing.com\/spi\/shares\/new?url=https%3A%2F%2Fwww.sonnenseite.com%2Fde%2Fpolitik%2Fwie-stark-setzen-sich-die-menschen-in-europa-fuer-die-energiewende-ein%2F\" title=\"Bei XING teilen\" aria-label=\"Bei XING teilen\" role=\"button\" rel=\"noopener nofollow\" class=\"shariff-link\" style=\";border-radius:1%; background-color:#126567; color:#fff\" target=\"_blank\"><span class=\"shariff-icon\" style=\"\"><svg width=\"32px\" height=\"20px\" xmlns=\"http:\/\/www.w3.org\/2000\/svg\" viewBox=\"0 0 25 32\"><path fill=\"#126567\" d=\"M10.7 11.9q-0.2 0.3-4.6 8.2-0.5 0.8-1.2 0.8h-4.3q-0.4 0-0.5-0.3t0-0.6l4.5-8q0 0 0 0l-2.9-5q-0.2-0.4 0-0.7 0.2-0.3 0.5-0.3h4.3q0.7 0 1.2 0.8zM25.1 0.4q0.2 0.3 0 0.7l-9.4 16.7 6 11q0.2 0.4 0 0.6-0.2 0.3-0.6 0.3h-4.3q-0.7 0-1.2-0.8l-6-11.1q0.3-0.6 9.5-16.8 0.4-0.8 1.2-0.8h4.3q0.4 0 0.5 0.3z\"\/><\/svg><\/span><\/a><\/li><li class=\"shariff-button linkedin shariff-nocustomcolor\" style=\"background-color:#1488bf;border-radius:1%\"><a href=\"https:\/\/www.linkedin.com\/sharing\/share-offsite\/?url=https%3A%2F%2Fwww.sonnenseite.com%2Fde%2Fpolitik%2Fwie-stark-setzen-sich-die-menschen-in-europa-fuer-die-energiewende-ein%2F\" title=\"Bei LinkedIn teilen\" aria-label=\"Bei LinkedIn teilen\" role=\"button\" rel=\"noopener nofollow\" class=\"shariff-link\" style=\";border-radius:1%; background-color:#0077b5; color:#fff\" target=\"_blank\"><span class=\"shariff-icon\" style=\"\"><svg width=\"32px\" height=\"20px\" xmlns=\"http:\/\/www.w3.org\/2000\/svg\" viewBox=\"0 0 27 32\"><path fill=\"#0077b5\" d=\"M6.2 11.2v17.7h-5.9v-17.7h5.9zM6.6 5.7q0 1.3-0.9 2.2t-2.4 0.9h0q-1.5 0-2.4-0.9t-0.9-2.2 0.9-2.2 2.4-0.9 2.4 0.9 0.9 2.2zM27.4 18.7v10.1h-5.9v-9.5q0-1.9-0.7-2.9t-2.3-1.1q-1.1 0-1.9 0.6t-1.2 1.5q-0.2 0.5-0.2 1.4v9.9h-5.9q0-7.1 0-11.6t0-5.3l0-0.9h5.9v2.6h0q0.4-0.6 0.7-1t1-0.9 1.6-0.8 2-0.3q3 0 4.9 2t1.9 6z\"\/><\/svg><\/span><\/a><\/li><li class=\"shariff-button printer shariff-nocustomcolor\" style=\"background-color:#a8a8a8;border-radius:1%\"><a href=\"javascript:window.print()\" title=\"drucken\" aria-label=\"drucken\" role=\"button\" rel=\"noopener nofollow\" class=\"shariff-link\" style=\";border-radius:1%; background-color:#999; color:#fff\"><span class=\"shariff-icon\" style=\"\"><svg width=\"32px\" height=\"20px\" xmlns=\"http:\/\/www.w3.org\/2000\/svg\" viewBox=\"0 0 30 32\"><path fill=\"#999\" d=\"M6.8 27.4h16v-4.6h-16v4.6zM6.8 16h16v-6.8h-2.8q-0.7 0-1.2-0.5t-0.5-1.2v-2.8h-11.4v11.4zM27.4 17.2q0-0.5-0.3-0.8t-0.8-0.4-0.8 0.4-0.3 0.8 0.3 0.8 0.8 0.3 0.8-0.3 0.3-0.8zM29.7 17.2v7.4q0 0.2-0.2 0.4t-0.4 0.2h-4v2.8q0 0.7-0.5 1.2t-1.2 0.5h-17.2q-0.7 0-1.2-0.5t-0.5-1.2v-2.8h-4q-0.2 0-0.4-0.2t-0.2-0.4v-7.4q0-1.4 1-2.4t2.4-1h1.2v-9.7q0-0.7 0.5-1.2t1.2-0.5h12q0.7 0 1.6 0.4t1.3 0.8l2.7 2.7q0.5 0.5 0.9 1.4t0.4 1.6v4.6h1.1q1.4 0 2.4 1t1 2.4z\"\/><\/svg><\/span><\/a><\/li><li class=\"shariff-button mailto shariff-nocustomcolor\" style=\"background-color:#a8a8a8;border-radius:1%\"><a href=\"mailto:?body=https%3A%2F%2Fwww.sonnenseite.com%2Fde%2Fpolitik%2Fwie-stark-setzen-sich-die-menschen-in-europa-fuer-die-energiewende-ein%2F&subject=Wie%20stark%20setzen%20sich%20die%20Menschen%20in%20Europa%20f%C3%BCr%20die%20Energiewende%20ein%3F\" title=\"Per E-Mail versenden\" aria-label=\"Per E-Mail versenden\" role=\"button\" rel=\"noopener nofollow\" class=\"shariff-link\" style=\";border-radius:1%; background-color:#999; color:#fff\"><span class=\"shariff-icon\" style=\"\"><svg width=\"32px\" height=\"20px\" xmlns=\"http:\/\/www.w3.org\/2000\/svg\" viewBox=\"0 0 32 32\"><path fill=\"#999\" d=\"M32 12.7v14.2q0 1.2-0.8 2t-2 0.9h-26.3q-1.2 0-2-0.9t-0.8-2v-14.2q0.8 0.9 1.8 1.6 6.5 4.4 8.9 6.1 1 0.8 1.6 1.2t1.7 0.9 2 0.4h0.1q0.9 0 2-0.4t1.7-0.9 1.6-1.2q3-2.2 8.9-6.1 1-0.7 1.8-1.6zM32 7.4q0 1.4-0.9 2.7t-2.2 2.2q-6.7 4.7-8.4 5.8-0.2 0.1-0.7 0.5t-1 0.7-0.9 0.6-1.1 0.5-0.9 0.2h-0.1q-0.4 0-0.9-0.2t-1.1-0.5-0.9-0.6-1-0.7-0.7-0.5q-1.6-1.1-4.7-3.2t-3.6-2.6q-1.1-0.7-2.1-2t-1-2.5q0-1.4 0.7-2.3t2.1-0.9h26.3q1.2 0 2 0.8t0.9 2z\"\/><\/svg><\/span><\/a><\/li><\/ul><\/div>","protected":false},"excerpt":{"rendered":"<p>Ergebnisse einer europaweiten Umfrage zum b\u00fcrgerschaftlichen Engagement f\u00fcr eine nachhaltige Energieversorgung \/ Bev\u00f6lkerung f\u00fchlt sich von [&hellip;]<\/p>\n","protected":false},"author":3,"featured_media":2736,"comment_status":"closed","ping_status":"closed","sticky":false,"template":"","format":"standard","meta":{"inline_featured_image":false,"footnotes":""},"categories":[21],"tags":[],"class_list":["post-98681","post","type-post","status-publish","format-standard","has-post-thumbnail","hentry","category-politik"],"yoast_head":"<!-- This site is optimized with the Yoast SEO plugin v26.5 - https:\/\/yoast.com\/wordpress\/plugins\/seo\/ -->\n<title>Wie stark setzen sich die Menschen in Europa f\u00fcr die Energiewende ein? - Sonnenseite - \u00d6kologische Kommunikation mit Franz Alt<\/title>\n<meta name=\"description\" content=\"Ergebnisse einer europaweiten Umfrage zum b\u00fcrgerschaftlichen Engagement f\u00fcr eine nachhaltige Energieversorgung \/ Bev\u00f6lkerung f\u00fchlt sich von Politik und\" \/>\n<meta name=\"robots\" content=\"index, follow, max-snippet:-1, max-image-preview:large, max-video-preview:-1\" \/>\n<link rel=\"canonical\" href=\"https:\/\/www.sonnenseite.com\/de\/politik\/wie-stark-setzen-sich-die-menschen-in-europa-fuer-die-energiewende-ein\/\" \/>\n<meta property=\"og:locale\" content=\"de_DE\" \/>\n<meta property=\"og:type\" content=\"article\" \/>\n<meta property=\"og:title\" content=\"Wie stark setzen sich die Menschen in Europa f\u00fcr die Energiewende ein? - Sonnenseite - \u00d6kologische Kommunikation mit Franz Alt\" \/>\n<meta property=\"og:description\" content=\"Ergebnisse einer europaweiten Umfrage zum b\u00fcrgerschaftlichen Engagement f\u00fcr eine nachhaltige Energieversorgung \/ Bev\u00f6lkerung f\u00fchlt sich von Politik und\" \/>\n<meta property=\"og:url\" content=\"https:\/\/www.sonnenseite.com\/de\/politik\/wie-stark-setzen-sich-die-menschen-in-europa-fuer-die-energiewende-ein\/\" \/>\n<meta property=\"og:site_name\" content=\"Sonnenseite\" \/>\n<meta property=\"article:publisher\" content=\"https:\/\/www.facebook.com\/pages\/Franz-Alt-SONNENSEITECOM\/221072987903953?fref=ts\" \/>\n<meta property=\"article:published_time\" content=\"2024-04-03T15:47:32+00:00\" \/>\n<meta property=\"og:image\" content=\"https:\/\/www.sonnenseite.com\/wp-content\/uploads\/2020\/03\/oekostrom_MEDIA.jpg\" \/>\n\t<meta property=\"og:image:width\" content=\"770\" \/>\n\t<meta property=\"og:image:height\" content=\"420\" \/>\n\t<meta property=\"og:image:type\" content=\"image\/jpeg\" \/>\n<meta name=\"author\" content=\"Bigi Alt\" \/>\n<meta name=\"twitter:card\" content=\"summary_large_image\" \/>\n<meta name=\"twitter:creator\" content=\"@franzalt\" \/>\n<meta name=\"twitter:site\" content=\"@franzalt\" \/>\n<meta name=\"twitter:label1\" content=\"Verfasst von\" \/>\n\t<meta name=\"twitter:data1\" content=\"Bigi Alt\" \/>\n\t<meta name=\"twitter:label2\" content=\"Gesch\u00e4tzte Lesezeit\" \/>\n\t<meta name=\"twitter:data2\" content=\"5\u00a0Minuten\" \/>\n<script type=\"application\/ld+json\" class=\"yoast-schema-graph\">{\"@context\":\"https:\/\/schema.org\",\"@graph\":[{\"@type\":\"Article\",\"@id\":\"https:\/\/www.sonnenseite.com\/de\/politik\/wie-stark-setzen-sich-die-menschen-in-europa-fuer-die-energiewende-ein\/#article\",\"isPartOf\":{\"@id\":\"https:\/\/www.sonnenseite.com\/de\/politik\/wie-stark-setzen-sich-die-menschen-in-europa-fuer-die-energiewende-ein\/\"},\"author\":{\"name\":\"Bigi Alt\",\"@id\":\"https:\/\/www.sonnenseite.com\/de\/#\/schema\/person\/50fda0e926597684c7cc6695238a4eb9\"},\"headline\":\"Wie stark setzen sich die Menschen in Europa f\u00fcr die Energiewende ein?\",\"datePublished\":\"2024-04-03T15:47:32+00:00\",\"mainEntityOfPage\":{\"@id\":\"https:\/\/www.sonnenseite.com\/de\/politik\/wie-stark-setzen-sich-die-menschen-in-europa-fuer-die-energiewende-ein\/\"},\"wordCount\":802,\"publisher\":{\"@id\":\"https:\/\/www.sonnenseite.com\/de\/#organization\"},\"image\":{\"@id\":\"https:\/\/www.sonnenseite.com\/de\/politik\/wie-stark-setzen-sich-die-menschen-in-europa-fuer-die-energiewende-ein\/#primaryimage\"},\"thumbnailUrl\":\"https:\/\/www.sonnenseite.com\/wp-content\/uploads\/2020\/03\/oekostrom_MEDIA.jpg\",\"articleSection\":[\"Politik\"],\"inLanguage\":\"de\"},{\"@type\":\"WebPage\",\"@id\":\"https:\/\/www.sonnenseite.com\/de\/politik\/wie-stark-setzen-sich-die-menschen-in-europa-fuer-die-energiewende-ein\/\",\"url\":\"https:\/\/www.sonnenseite.com\/de\/politik\/wie-stark-setzen-sich-die-menschen-in-europa-fuer-die-energiewende-ein\/\",\"name\":\"Wie stark setzen sich die Menschen in Europa f\u00fcr die Energiewende ein? - Sonnenseite - \u00d6kologische Kommunikation mit Franz Alt\",\"isPartOf\":{\"@id\":\"https:\/\/www.sonnenseite.com\/de\/#website\"},\"primaryImageOfPage\":{\"@id\":\"https:\/\/www.sonnenseite.com\/de\/politik\/wie-stark-setzen-sich-die-menschen-in-europa-fuer-die-energiewende-ein\/#primaryimage\"},\"image\":{\"@id\":\"https:\/\/www.sonnenseite.com\/de\/politik\/wie-stark-setzen-sich-die-menschen-in-europa-fuer-die-energiewende-ein\/#primaryimage\"},\"thumbnailUrl\":\"https:\/\/www.sonnenseite.com\/wp-content\/uploads\/2020\/03\/oekostrom_MEDIA.jpg\",\"datePublished\":\"2024-04-03T15:47:32+00:00\",\"description\":\"Ergebnisse einer europaweiten Umfrage zum b\u00fcrgerschaftlichen Engagement f\u00fcr eine nachhaltige Energieversorgung \/ Bev\u00f6lkerung f\u00fchlt sich von Politik und\",\"breadcrumb\":{\"@id\":\"https:\/\/www.sonnenseite.com\/de\/politik\/wie-stark-setzen-sich-die-menschen-in-europa-fuer-die-energiewende-ein\/#breadcrumb\"},\"inLanguage\":\"de\",\"potentialAction\":[{\"@type\":\"ReadAction\",\"target\":[\"https:\/\/www.sonnenseite.com\/de\/politik\/wie-stark-setzen-sich-die-menschen-in-europa-fuer-die-energiewende-ein\/\"]}]},{\"@type\":\"ImageObject\",\"inLanguage\":\"de\",\"@id\":\"https:\/\/www.sonnenseite.com\/de\/politik\/wie-stark-setzen-sich-die-menschen-in-europa-fuer-die-energiewende-ein\/#primaryimage\",\"url\":\"https:\/\/www.sonnenseite.com\/wp-content\/uploads\/2020\/03\/oekostrom_MEDIA.jpg\",\"contentUrl\":\"https:\/\/www.sonnenseite.com\/wp-content\/uploads\/2020\/03\/oekostrom_MEDIA.jpg\",\"width\":770,\"height\":420,\"caption\":\"Fotolia.com | MEDIA | 31,6 Prozent der Befragten in 19 europ\u00e4ischen L\u00e4ndern gaben an, \u00d6kostrom zu beziehen. In Deutschland liegt der Anteil sehr viel h\u00f6her. Hier sagten 45,1 Prozent der Befragten, \u00d6kostrom zu nutzen.\"},{\"@type\":\"BreadcrumbList\",\"@id\":\"https:\/\/www.sonnenseite.com\/de\/politik\/wie-stark-setzen-sich-die-menschen-in-europa-fuer-die-energiewende-ein\/#breadcrumb\",\"itemListElement\":[{\"@type\":\"ListItem\",\"position\":1,\"name\":\"Startseite\",\"item\":\"https:\/\/www.sonnenseite.com\/de\/\"},{\"@type\":\"ListItem\",\"position\":2,\"name\":\"Wie stark setzen sich die Menschen in Europa f\u00fcr die Energiewende ein?\"}]},{\"@type\":\"WebSite\",\"@id\":\"https:\/\/www.sonnenseite.com\/de\/#website\",\"url\":\"https:\/\/www.sonnenseite.com\/de\/\",\"name\":\"Sonnenseite\",\"description\":\"\u00d6kologische Kommunikation mit Franz Alt\",\"publisher\":{\"@id\":\"https:\/\/www.sonnenseite.com\/de\/#organization\"},\"potentialAction\":[{\"@type\":\"SearchAction\",\"target\":{\"@type\":\"EntryPoint\",\"urlTemplate\":\"https:\/\/www.sonnenseite.com\/de\/?s={search_term_string}\"},\"query-input\":{\"@type\":\"PropertyValueSpecification\",\"valueRequired\":true,\"valueName\":\"search_term_string\"}}],\"inLanguage\":\"de\"},{\"@type\":\"Organization\",\"@id\":\"https:\/\/www.sonnenseite.com\/de\/#organization\",\"name\":\"Sonnenseite\",\"url\":\"https:\/\/www.sonnenseite.com\/de\/\",\"logo\":{\"@type\":\"ImageObject\",\"inLanguage\":\"de\",\"@id\":\"https:\/\/www.sonnenseite.com\/de\/#\/schema\/logo\/image\/\",\"url\":\"https:\/\/www.sonnenseite.com\/wp-content\/uploads\/2020\/05\/Sonnenseite_Logo.png\",\"contentUrl\":\"https:\/\/www.sonnenseite.com\/wp-content\/uploads\/2020\/05\/Sonnenseite_Logo.png\",\"width\":377,\"height\":90,\"caption\":\"Sonnenseite\"},\"image\":{\"@id\":\"https:\/\/www.sonnenseite.com\/de\/#\/schema\/logo\/image\/\"},\"sameAs\":[\"https:\/\/www.facebook.com\/pages\/Franz-Alt-SONNENSEITECOM\/221072987903953?fref=ts\",\"https:\/\/x.com\/franzalt\",\"http:\/\/www.youtube.com\/results?search_query&amp;amp;quot;franz_alt&amp;amp;quot;&amp;amp;amp;amp;search_type&amp;amp;amp;amp;aq=f\"]},{\"@type\":\"Person\",\"@id\":\"https:\/\/www.sonnenseite.com\/de\/#\/schema\/person\/50fda0e926597684c7cc6695238a4eb9\",\"name\":\"Bigi Alt\"}]}<\/script>\n<!-- \/ Yoast SEO plugin. -->","yoast_head_json":{"title":"Wie stark setzen sich die Menschen in Europa f\u00fcr die Energiewende ein? - Sonnenseite - \u00d6kologische Kommunikation mit Franz Alt","description":"Ergebnisse einer europaweiten Umfrage zum b\u00fcrgerschaftlichen Engagement f\u00fcr eine nachhaltige Energieversorgung \/ Bev\u00f6lkerung f\u00fchlt sich von Politik und","robots":{"index":"index","follow":"follow","max-snippet":"max-snippet:-1","max-image-preview":"max-image-preview:large","max-video-preview":"max-video-preview:-1"},"canonical":"https:\/\/www.sonnenseite.com\/de\/politik\/wie-stark-setzen-sich-die-menschen-in-europa-fuer-die-energiewende-ein\/","og_locale":"de_DE","og_type":"article","og_title":"Wie stark setzen sich die Menschen in Europa f\u00fcr die Energiewende ein? - Sonnenseite - \u00d6kologische Kommunikation mit Franz Alt","og_description":"Ergebnisse einer europaweiten Umfrage zum b\u00fcrgerschaftlichen Engagement f\u00fcr eine nachhaltige Energieversorgung \/ Bev\u00f6lkerung f\u00fchlt sich von Politik und","og_url":"https:\/\/www.sonnenseite.com\/de\/politik\/wie-stark-setzen-sich-die-menschen-in-europa-fuer-die-energiewende-ein\/","og_site_name":"Sonnenseite","article_publisher":"https:\/\/www.facebook.com\/pages\/Franz-Alt-SONNENSEITECOM\/221072987903953?fref=ts","article_published_time":"2024-04-03T15:47:32+00:00","og_image":[{"width":770,"height":420,"url":"https:\/\/www.sonnenseite.com\/wp-content\/uploads\/2020\/03\/oekostrom_MEDIA.jpg","type":"image\/jpeg"}],"author":"Bigi Alt","twitter_card":"summary_large_image","twitter_creator":"@franzalt","twitter_site":"@franzalt","twitter_misc":{"Verfasst von":"Bigi Alt","Gesch\u00e4tzte Lesezeit":"5\u00a0Minuten"},"schema":{"@context":"https:\/\/schema.org","@graph":[{"@type":"Article","@id":"https:\/\/www.sonnenseite.com\/de\/politik\/wie-stark-setzen-sich-die-menschen-in-europa-fuer-die-energiewende-ein\/#article","isPartOf":{"@id":"https:\/\/www.sonnenseite.com\/de\/politik\/wie-stark-setzen-sich-die-menschen-in-europa-fuer-die-energiewende-ein\/"},"author":{"name":"Bigi Alt","@id":"https:\/\/www.sonnenseite.com\/de\/#\/schema\/person\/50fda0e926597684c7cc6695238a4eb9"},"headline":"Wie stark setzen sich die Menschen in Europa f\u00fcr die Energiewende ein?","datePublished":"2024-04-03T15:47:32+00:00","mainEntityOfPage":{"@id":"https:\/\/www.sonnenseite.com\/de\/politik\/wie-stark-setzen-sich-die-menschen-in-europa-fuer-die-energiewende-ein\/"},"wordCount":802,"publisher":{"@id":"https:\/\/www.sonnenseite.com\/de\/#organization"},"image":{"@id":"https:\/\/www.sonnenseite.com\/de\/politik\/wie-stark-setzen-sich-die-menschen-in-europa-fuer-die-energiewende-ein\/#primaryimage"},"thumbnailUrl":"https:\/\/www.sonnenseite.com\/wp-content\/uploads\/2020\/03\/oekostrom_MEDIA.jpg","articleSection":["Politik"],"inLanguage":"de"},{"@type":"WebPage","@id":"https:\/\/www.sonnenseite.com\/de\/politik\/wie-stark-setzen-sich-die-menschen-in-europa-fuer-die-energiewende-ein\/","url":"https:\/\/www.sonnenseite.com\/de\/politik\/wie-stark-setzen-sich-die-menschen-in-europa-fuer-die-energiewende-ein\/","name":"Wie stark setzen sich die Menschen in Europa f\u00fcr die Energiewende ein? - Sonnenseite - \u00d6kologische Kommunikation mit Franz Alt","isPartOf":{"@id":"https:\/\/www.sonnenseite.com\/de\/#website"},"primaryImageOfPage":{"@id":"https:\/\/www.sonnenseite.com\/de\/politik\/wie-stark-setzen-sich-die-menschen-in-europa-fuer-die-energiewende-ein\/#primaryimage"},"image":{"@id":"https:\/\/www.sonnenseite.com\/de\/politik\/wie-stark-setzen-sich-die-menschen-in-europa-fuer-die-energiewende-ein\/#primaryimage"},"thumbnailUrl":"https:\/\/www.sonnenseite.com\/wp-content\/uploads\/2020\/03\/oekostrom_MEDIA.jpg","datePublished":"2024-04-03T15:47:32+00:00","description":"Ergebnisse einer europaweiten Umfrage zum b\u00fcrgerschaftlichen Engagement f\u00fcr eine nachhaltige Energieversorgung \/ Bev\u00f6lkerung f\u00fchlt sich von Politik und","breadcrumb":{"@id":"https:\/\/www.sonnenseite.com\/de\/politik\/wie-stark-setzen-sich-die-menschen-in-europa-fuer-die-energiewende-ein\/#breadcrumb"},"inLanguage":"de","potentialAction":[{"@type":"ReadAction","target":["https:\/\/www.sonnenseite.com\/de\/politik\/wie-stark-setzen-sich-die-menschen-in-europa-fuer-die-energiewende-ein\/"]}]},{"@type":"ImageObject","inLanguage":"de","@id":"https:\/\/www.sonnenseite.com\/de\/politik\/wie-stark-setzen-sich-die-menschen-in-europa-fuer-die-energiewende-ein\/#primaryimage","url":"https:\/\/www.sonnenseite.com\/wp-content\/uploads\/2020\/03\/oekostrom_MEDIA.jpg","contentUrl":"https:\/\/www.sonnenseite.com\/wp-content\/uploads\/2020\/03\/oekostrom_MEDIA.jpg","width":770,"height":420,"caption":"Fotolia.com | MEDIA | 31,6 Prozent der Befragten in 19 europ\u00e4ischen L\u00e4ndern gaben an, \u00d6kostrom zu beziehen. In Deutschland liegt der Anteil sehr viel h\u00f6her. Hier sagten 45,1 Prozent der Befragten, \u00d6kostrom zu nutzen."},{"@type":"BreadcrumbList","@id":"https:\/\/www.sonnenseite.com\/de\/politik\/wie-stark-setzen-sich-die-menschen-in-europa-fuer-die-energiewende-ein\/#breadcrumb","itemListElement":[{"@type":"ListItem","position":1,"name":"Startseite","item":"https:\/\/www.sonnenseite.com\/de\/"},{"@type":"ListItem","position":2,"name":"Wie stark setzen sich die Menschen in Europa f\u00fcr die Energiewende ein?"}]},{"@type":"WebSite","@id":"https:\/\/www.sonnenseite.com\/de\/#website","url":"https:\/\/www.sonnenseite.com\/de\/","name":"Sonnenseite","description":"\u00d6kologische Kommunikation mit Franz Alt","publisher":{"@id":"https:\/\/www.sonnenseite.com\/de\/#organization"},"potentialAction":[{"@type":"SearchAction","target":{"@type":"EntryPoint","urlTemplate":"https:\/\/www.sonnenseite.com\/de\/?s={search_term_string}"},"query-input":{"@type":"PropertyValueSpecification","valueRequired":true,"valueName":"search_term_string"}}],"inLanguage":"de"},{"@type":"Organization","@id":"https:\/\/www.sonnenseite.com\/de\/#organization","name":"Sonnenseite","url":"https:\/\/www.sonnenseite.com\/de\/","logo":{"@type":"ImageObject","inLanguage":"de","@id":"https:\/\/www.sonnenseite.com\/de\/#\/schema\/logo\/image\/","url":"https:\/\/www.sonnenseite.com\/wp-content\/uploads\/2020\/05\/Sonnenseite_Logo.png","contentUrl":"https:\/\/www.sonnenseite.com\/wp-content\/uploads\/2020\/05\/Sonnenseite_Logo.png","width":377,"height":90,"caption":"Sonnenseite"},"image":{"@id":"https:\/\/www.sonnenseite.com\/de\/#\/schema\/logo\/image\/"},"sameAs":["https:\/\/www.facebook.com\/pages\/Franz-Alt-SONNENSEITECOM\/221072987903953?fref=ts","https:\/\/x.com\/franzalt","http:\/\/www.youtube.com\/results?search_query&amp;amp;quot;franz_alt&amp;amp;quot;&amp;amp;amp;amp;search_type&amp;amp;amp;amp;aq=f"]},{"@type":"Person","@id":"https:\/\/www.sonnenseite.com\/de\/#\/schema\/person\/50fda0e926597684c7cc6695238a4eb9","name":"Bigi Alt"}]}},"_links":{"self":[{"href":"https:\/\/www.sonnenseite.com\/de\/wp-json\/wp\/v2\/posts\/98681","targetHints":{"allow":["GET"]}}],"collection":[{"href":"https:\/\/www.sonnenseite.com\/de\/wp-json\/wp\/v2\/posts"}],"about":[{"href":"https:\/\/www.sonnenseite.com\/de\/wp-json\/wp\/v2\/types\/post"}],"author":[{"embeddable":true,"href":"https:\/\/www.sonnenseite.com\/de\/wp-json\/wp\/v2\/users\/3"}],"replies":[{"embeddable":true,"href":"https:\/\/www.sonnenseite.com\/de\/wp-json\/wp\/v2\/comments?post=98681"}],"version-history":[{"count":2,"href":"https:\/\/www.sonnenseite.com\/de\/wp-json\/wp\/v2\/posts\/98681\/revisions"}],"predecessor-version":[{"id":98683,"href":"https:\/\/www.sonnenseite.com\/de\/wp-json\/wp\/v2\/posts\/98681\/revisions\/98683"}],"wp:featuredmedia":[{"embeddable":true,"href":"https:\/\/www.sonnenseite.com\/de\/wp-json\/wp\/v2\/media\/2736"}],"wp:attachment":[{"href":"https:\/\/www.sonnenseite.com\/de\/wp-json\/wp\/v2\/media?parent=98681"}],"wp:term":[{"taxonomy":"category","embeddable":true,"href":"https:\/\/www.sonnenseite.com\/de\/wp-json\/wp\/v2\/categories?post=98681"},{"taxonomy":"post_tag","embeddable":true,"href":"https:\/\/www.sonnenseite.com\/de\/wp-json\/wp\/v2\/tags?post=98681"}],"curies":[{"name":"wp","href":"https:\/\/api.w.org\/{rel}","templated":true}]}}