{"id":98871,"date":"2024-04-13T09:51:48","date_gmt":"2024-04-13T07:51:48","guid":{"rendered":"https:\/\/www.sonnenseite.com\/?p=98871"},"modified":"2024-04-13T11:22:59","modified_gmt":"2024-04-13T09:22:59","slug":"raenkespiele-der-fdp-beim-klimaschutzgesetz","status":"publish","type":"post","link":"https:\/\/www.sonnenseite.com\/de\/politik\/raenkespiele-der-fdp-beim-klimaschutzgesetz\/","title":{"rendered":"R\u00e4nkespiele der FDP beim Klimaschutzgesetz"},"content":{"rendered":"\n<p>Mit Angstmache vor gro\u00dffl\u00e4chigen Auto-Fahrverboten will Bundesverkehrsminister Wissing die Verabschiedung des neuen Klimaschutzgesetzes erzwingen. Dahinter verbergen sich Winkelz\u00fcge der FDP, die echte Klimapolitik im Verkehr weiter verhindern will.<\/p>\n\n\n\n<p>Sp\u00e4testens Dienstagmittag \u00fcbern\u00e4chster Woche wissen wir, ob das Solarpaket oder das Klimaschutzgesetz oder beide <a href=\"https:\/\/www.klimareporter.de\/strom\/ampel-verschiebt-solarpaket-und-klimagesetz\" target=\"_blank\" rel=\"noreferrer noopener\">endlich vom Bundestag<\/a> verabschiedet werden. Am Vormittag des Dienstags einigen sich die Fraktionen \u00fcber die Tagesordnung des Plenums \u2013 wor\u00fcber dort also debattiert und abgestimmt wird.<\/p>\n\n\n\n<p>Bisher schaute die \u00d6ffentlichkeit eher auf das Solarpaket. Strittig war zuletzt, ob es einen <a href=\"https:\/\/www.klimareporter.de\/strom\/umkaempfter-solar-bonus\" target=\"_blank\" rel=\"noreferrer noopener\">Resilienzbonus<\/a> zugunsten der einheimischen Solarindustrie geben soll \u2013 am Ende setzte sich hier die FDP mit ihrem Nein durch.<\/p>\n\n\n\n<p>Das soll \u00fcbrigens schon Mitte M\u00e4rz passiert sein. Ende M\u00e4rz <a href=\"https:\/\/www.pv-magazine.de\/2024\/03\/28\/bundeswirtschaftsministerium-bestaetigt-aus-fuer-resilienzbonus\/\" target=\"_blank\" rel=\"noreferrer noopener\">best\u00e4tigte das Bundeswirtschaftsministerium<\/a>, die Skepsis des Koalitionspartners gegen\u00fcber dem Bonus sei zu gro\u00df gewesen.<\/p>\n\n\n\n<p>Allerdings ist trotz der Einigung keineswegs sicher, dass das Solarpaket jetzt endg\u00fcltig verabschiedet wird, obwohl <a href=\"https:\/\/www.klimareporter.de\/deutschland\/abgeschaltete-leuchttuerme-kuenstliche-schuldenbremse-und-duschen-mit-champagner\" target=\"_blank\" rel=\"noreferrer noopener\">der Zeitdruck<\/a> immer mehr steigt.<\/p>\n\n\n\n<h4 class=\"wp-block-heading\">Solarpaket und Klimaschutzgesetz sind gekoppelt<\/h4>\n\n\n\n<p>So warnte der Energiebranchenverband BDEW am Donnerstag in ziemlich scharfem Ton: Beschlie\u00dft der Bundestag die im Solarpaket vorgesehene Windkraft-Regelung f\u00fcr Beschleunigungsgebiete jetzt nicht, kann die Gesetzgebung nicht mehr in der von der EU gesetzten Frist bis zum 21. Mai abgeschlossen werden.<\/p>\n\n\n\n<p>In dem Zusammenhang\u00a0nannte es BDEW-Chefin <a href=\"https:\/\/www.bdew.de\/presse\/presseinformationen\/herber-rueckschlag-bei-beschleunigung-des-windenergieausbaus-droht\/\" target=\"_blank\" rel=\"noreferrer noopener\">Kerstin Andreae\u00a0&#8222;befremdlich&#8220;<\/a>, dass das Solarpaket mit dem Klimaschutzgesetz gekoppelt werden solle.<a href=\"https:\/\/www.klimareporter.de\/component\/banners\/click\/73\" target=\"_blank\" rel=\"noreferrer noopener\"><\/a><\/p>\n\n\n\n<p>Befremdlich daran ist eher, dass der BDEW erst jetzt damit um die Ecke kommt. Denn tats\u00e4chlich ist es so, dass die ebenfalls seit Monaten im Bundestag schmorende Novelle des Klimagesetzes nicht erst mit dem Solarpaket gekoppelt werden <em>soll<\/em>, sondern beide Gesetzesvorhaben <em>sind<\/em> bereits gekoppelt.<\/p>\n\n\n\n<p>Wie es dazu kam, ist zun\u00e4chst \u00fcbliche parlamentarische Praxis. K\u00f6nnen sich Fachpolitiker der Koalitionsfraktionen nicht einigen, \u00fcbernehmen irgendwann die zust\u00e4ndigen Vizechefs der Fraktionen. Im Fall des Klimagesetzes sind das <a href=\"https:\/\/www.klimareporter.de\/deutschland\/miersch-will-den-mangel-beheben\" target=\"_blank\" rel=\"noreferrer noopener\">Matthias Miersch<\/a> (SPD), <a href=\"https:\/\/www.klimareporter.de\/deutschland\/wo-ist-die-buergerenergie-offensive\" target=\"_blank\" rel=\"noreferrer noopener\">Julia Verlinden<\/a> (Gr\u00fcne) und <a href=\"https:\/\/www.klimareporter.de\/deutschland\/der-co2-preis-darf-nicht-zum-goldesel-des-staates-werden\" target=\"_blank\" rel=\"noreferrer noopener\">Lukas K\u00f6hler<\/a> (FDP).<\/p>\n\n\n\n<h4 class=\"wp-block-heading\">Politisches Tauziehen um europ\u00e4ische Klimapflichten<\/h4>\n\n\n\n<p>Auf h\u00f6herer Ebene kann politisch anders gedealt werden. J\u00fcngstes Beispiel ist die <a href=\"https:\/\/www.merkur.de\/politik\/ampel-koalition-regierung-mietpreisbremse-quick-freeze-datenspeicherung-fdp-gruene-spd-zr-92997043.html\" target=\"_blank\" rel=\"noreferrer noopener\">Einigung der Ampel<\/a> zum einen auf die Verl\u00e4ngerung der Mietpreisbremse (SPD und Gr\u00fcne daf\u00fcr, FDP dagegen) sowie zum anderen auf die sogenannte Quick-Freeze-Datenspeicherung (SPD und Gr\u00fcne dagegen, FDP daf\u00fcr).<\/p>\n\n\n\n<p>Inhaltlich haben beide Gesetze nichts miteinander zu tun. Das gilt im Kern auch f\u00fcr das Solarpaket und die Novelle des Klimaschutzgesetzes. Allerdings gaben SPD und Gr\u00fcne beim Resilizienzbonus nach, und die ausgehandelte Bedingung daf\u00fcr ist vermutlich, dass die FDP ihnen beim Klimagesetz entgegenkommt.<\/p>\n\n\n\n<p>Dabei soll es, wie zu h\u00f6ren war, vor allem um die Frage gehen, wie Deutschland im Klimagesetz mit der <a href=\"https:\/\/www.klimareporter.de\/deutschland\/klimaschutz-vor-der-zerreissprobe\" target=\"_blank\" rel=\"noreferrer noopener\">absehbaren Verletzung<\/a> seiner Pflichten aus der europ\u00e4ischen Lastenteilung (&#8222;Effort Sharing&#8220;) umgehen soll.<\/p>\n\n\n\n<p>Selbst die j\u00fcngst von Bundeswirtschaftsminister Robert Habeck (Gr\u00fcne) <a href=\"https:\/\/www.klimareporter.de\/deutschland\/habeck-rechnet-klimabilanz-ueberraschend-schoen\" target=\"_blank\" rel=\"noreferrer noopener\">vorgestellte Klimaprojektion 2024<\/a> kommt zum Ergebnis: Deutschland wird seine Vorgabe beim Effort Sharing um 126 Millionen Tonnen CO<sub>2<\/sub> verfehlen.<\/p>\n\n\n\n<ul class=\"wp-block-list\">\n<li><a href=\"https:\/\/www.klimareporter.de\/deutschland\/raenkespiele-der-fdp-beim-klimaschutzgesetz\">Hier k\u00f6nnen Sie den Bericht weiterlesen<\/a><\/li>\n<\/ul>\n\n\n<h5 class=\"green\">Quelle<\/h5>\r\n\n\n\n<p>Der Bericht wurde von der\u00a0R<a href=\"https:\/\/www.klimareporter.de\/deutschland\/raenkespiele-der-fdp-beim-klimaschutzgesetz\">edaktion \u201eklimareporter.de\u201c (J\u00f6rg Staude) 2024<\/a>\u00a0verfasst &#8211; der Artikel darf nicht ohne Genehmigung\u00a0(<a href=\"mailto:post@klimareporter.de\">post@klimareporter.de<\/a>) weiterverbreitet werden!\u00a0<\/p>\n<div class=\"shariff shariff-align-flex-start shariff-widget-align-flex-start\"><div class=\"ShariffHeadline\">Diese Meldung teilen<\/div><ul class=\"shariff-buttons theme-round orientation-horizontal buttonsize-medium\"><li class=\"shariff-button facebook shariff-nocustomcolor\" style=\"background-color:#4273c8;border-radius:1%\"><a href=\"https:\/\/www.facebook.com\/sharer\/sharer.php?u=https%3A%2F%2Fwww.sonnenseite.com%2Fde%2Fpolitik%2Fraenkespiele-der-fdp-beim-klimaschutzgesetz%2F\" title=\"Bei Facebook teilen\" aria-label=\"Bei Facebook teilen\" role=\"button\" rel=\"nofollow\" class=\"shariff-link\" style=\";border-radius:1%; background-color:#3b5998; color:#fff\" target=\"_blank\"><span class=\"shariff-icon\" style=\"\"><svg width=\"32px\" height=\"20px\" xmlns=\"http:\/\/www.w3.org\/2000\/svg\" viewBox=\"0 0 18 32\"><path fill=\"#3b5998\" d=\"M17.1 0.2v4.7h-2.8q-1.5 0-2.1 0.6t-0.5 1.9v3.4h5.2l-0.7 5.3h-4.5v13.6h-5.5v-13.6h-4.5v-5.3h4.5v-3.9q0-3.3 1.9-5.2t5-1.8q2.6 0 4.1 0.2z\"\/><\/svg><\/span><\/a><\/li><li class=\"shariff-button twitter shariff-nocustomcolor\" style=\"background-color:#595959;border-radius:1%\"><a href=\"https:\/\/twitter.com\/share?url=https%3A%2F%2Fwww.sonnenseite.com%2Fde%2Fpolitik%2Fraenkespiele-der-fdp-beim-klimaschutzgesetz%2F&text=R%C3%A4nkespiele%20der%20FDP%20beim%20Klimaschutzgesetz\" title=\"Bei X teilen\" aria-label=\"Bei X teilen\" role=\"button\" rel=\"noopener nofollow\" class=\"shariff-link\" style=\";border-radius:1%; background-color:#000; color:#fff\" target=\"_blank\"><span class=\"shariff-icon\" style=\"\"><svg width=\"32px\" height=\"20px\" xmlns=\"http:\/\/www.w3.org\/2000\/svg\" viewBox=\"0 0 24 24\"><path fill=\"#000\" d=\"M14.258 10.152L23.176 0h-2.113l-7.747 8.813L7.133 0H0l9.352 13.328L0 23.973h2.113l8.176-9.309 6.531 9.309h7.133zm-2.895 3.293l-.949-1.328L2.875 1.56h3.246l6.086 8.523.945 1.328 7.91 11.078h-3.246zm0 0\"\/><\/svg><\/span><\/a><\/li><li class=\"shariff-button xing shariff-nocustomcolor\" style=\"background-color:#29888a;border-radius:1%\"><a href=\"https:\/\/www.xing.com\/spi\/shares\/new?url=https%3A%2F%2Fwww.sonnenseite.com%2Fde%2Fpolitik%2Fraenkespiele-der-fdp-beim-klimaschutzgesetz%2F\" title=\"Bei XING teilen\" aria-label=\"Bei XING teilen\" role=\"button\" rel=\"noopener nofollow\" class=\"shariff-link\" style=\";border-radius:1%; background-color:#126567; color:#fff\" target=\"_blank\"><span class=\"shariff-icon\" style=\"\"><svg width=\"32px\" height=\"20px\" xmlns=\"http:\/\/www.w3.org\/2000\/svg\" viewBox=\"0 0 25 32\"><path fill=\"#126567\" d=\"M10.7 11.9q-0.2 0.3-4.6 8.2-0.5 0.8-1.2 0.8h-4.3q-0.4 0-0.5-0.3t0-0.6l4.5-8q0 0 0 0l-2.9-5q-0.2-0.4 0-0.7 0.2-0.3 0.5-0.3h4.3q0.7 0 1.2 0.8zM25.1 0.4q0.2 0.3 0 0.7l-9.4 16.7 6 11q0.2 0.4 0 0.6-0.2 0.3-0.6 0.3h-4.3q-0.7 0-1.2-0.8l-6-11.1q0.3-0.6 9.5-16.8 0.4-0.8 1.2-0.8h4.3q0.4 0 0.5 0.3z\"\/><\/svg><\/span><\/a><\/li><li class=\"shariff-button linkedin shariff-nocustomcolor\" style=\"background-color:#1488bf;border-radius:1%\"><a href=\"https:\/\/www.linkedin.com\/sharing\/share-offsite\/?url=https%3A%2F%2Fwww.sonnenseite.com%2Fde%2Fpolitik%2Fraenkespiele-der-fdp-beim-klimaschutzgesetz%2F\" title=\"Bei LinkedIn teilen\" aria-label=\"Bei LinkedIn teilen\" role=\"button\" rel=\"noopener nofollow\" class=\"shariff-link\" style=\";border-radius:1%; background-color:#0077b5; color:#fff\" target=\"_blank\"><span class=\"shariff-icon\" style=\"\"><svg width=\"32px\" height=\"20px\" xmlns=\"http:\/\/www.w3.org\/2000\/svg\" viewBox=\"0 0 27 32\"><path fill=\"#0077b5\" d=\"M6.2 11.2v17.7h-5.9v-17.7h5.9zM6.6 5.7q0 1.3-0.9 2.2t-2.4 0.9h0q-1.5 0-2.4-0.9t-0.9-2.2 0.9-2.2 2.4-0.9 2.4 0.9 0.9 2.2zM27.4 18.7v10.1h-5.9v-9.5q0-1.9-0.7-2.9t-2.3-1.1q-1.1 0-1.9 0.6t-1.2 1.5q-0.2 0.5-0.2 1.4v9.9h-5.9q0-7.1 0-11.6t0-5.3l0-0.9h5.9v2.6h0q0.4-0.6 0.7-1t1-0.9 1.6-0.8 2-0.3q3 0 4.9 2t1.9 6z\"\/><\/svg><\/span><\/a><\/li><li class=\"shariff-button printer shariff-nocustomcolor\" style=\"background-color:#a8a8a8;border-radius:1%\"><a href=\"javascript:window.print()\" title=\"drucken\" aria-label=\"drucken\" role=\"button\" rel=\"noopener nofollow\" class=\"shariff-link\" style=\";border-radius:1%; background-color:#999; color:#fff\"><span class=\"shariff-icon\" style=\"\"><svg width=\"32px\" height=\"20px\" xmlns=\"http:\/\/www.w3.org\/2000\/svg\" viewBox=\"0 0 30 32\"><path fill=\"#999\" d=\"M6.8 27.4h16v-4.6h-16v4.6zM6.8 16h16v-6.8h-2.8q-0.7 0-1.2-0.5t-0.5-1.2v-2.8h-11.4v11.4zM27.4 17.2q0-0.5-0.3-0.8t-0.8-0.4-0.8 0.4-0.3 0.8 0.3 0.8 0.8 0.3 0.8-0.3 0.3-0.8zM29.7 17.2v7.4q0 0.2-0.2 0.4t-0.4 0.2h-4v2.8q0 0.7-0.5 1.2t-1.2 0.5h-17.2q-0.7 0-1.2-0.5t-0.5-1.2v-2.8h-4q-0.2 0-0.4-0.2t-0.2-0.4v-7.4q0-1.4 1-2.4t2.4-1h1.2v-9.7q0-0.7 0.5-1.2t1.2-0.5h12q0.7 0 1.6 0.4t1.3 0.8l2.7 2.7q0.5 0.5 0.9 1.4t0.4 1.6v4.6h1.1q1.4 0 2.4 1t1 2.4z\"\/><\/svg><\/span><\/a><\/li><li class=\"shariff-button mailto shariff-nocustomcolor\" style=\"background-color:#a8a8a8;border-radius:1%\"><a href=\"mailto:?body=https%3A%2F%2Fwww.sonnenseite.com%2Fde%2Fpolitik%2Fraenkespiele-der-fdp-beim-klimaschutzgesetz%2F&subject=R%C3%A4nkespiele%20der%20FDP%20beim%20Klimaschutzgesetz\" title=\"Per E-Mail versenden\" aria-label=\"Per E-Mail versenden\" role=\"button\" rel=\"noopener nofollow\" class=\"shariff-link\" style=\";border-radius:1%; background-color:#999; color:#fff\"><span class=\"shariff-icon\" style=\"\"><svg width=\"32px\" height=\"20px\" xmlns=\"http:\/\/www.w3.org\/2000\/svg\" viewBox=\"0 0 32 32\"><path fill=\"#999\" d=\"M32 12.7v14.2q0 1.2-0.8 2t-2 0.9h-26.3q-1.2 0-2-0.9t-0.8-2v-14.2q0.8 0.9 1.8 1.6 6.5 4.4 8.9 6.1 1 0.8 1.6 1.2t1.7 0.9 2 0.4h0.1q0.9 0 2-0.4t1.7-0.9 1.6-1.2q3-2.2 8.9-6.1 1-0.7 1.8-1.6zM32 7.4q0 1.4-0.9 2.7t-2.2 2.2q-6.7 4.7-8.4 5.8-0.2 0.1-0.7 0.5t-1 0.7-0.9 0.6-1.1 0.5-0.9 0.2h-0.1q-0.4 0-0.9-0.2t-1.1-0.5-0.9-0.6-1-0.7-0.7-0.5q-1.6-1.1-4.7-3.2t-3.6-2.6q-1.1-0.7-2.1-2t-1-2.5q0-1.4 0.7-2.3t2.1-0.9h26.3q1.2 0 2 0.8t0.9 2z\"\/><\/svg><\/span><\/a><\/li><\/ul><\/div>","protected":false},"excerpt":{"rendered":"<p>Mit Angstmache vor gro\u00dffl\u00e4chigen Auto-Fahrverboten will Bundesverkehrsminister Wissing die Verabschiedung des neuen Klimaschutzgesetzes erzwingen. Dahinter verbergen [&hellip;]<\/p>\n","protected":false},"author":3,"featured_media":74692,"comment_status":"closed","ping_status":"closed","sticky":false,"template":"","format":"standard","meta":{"inline_featured_image":false,"footnotes":""},"categories":[21],"tags":[],"class_list":["post-98871","post","type-post","status-publish","format-standard","has-post-thumbnail","hentry","category-politik"],"yoast_head":"<!-- This site is optimized with the Yoast SEO plugin v26.5 - https:\/\/yoast.com\/wordpress\/plugins\/seo\/ -->\n<title>R\u00e4nkespiele der FDP beim Klimaschutzgesetz - Sonnenseite - \u00d6kologische Kommunikation mit Franz Alt<\/title>\n<meta name=\"description\" content=\"Mit Angstmache vor gro\u00dffl\u00e4chigen Auto-Fahrverboten will Bundesverkehrsminister Wissing die Verabschiedung des neuen Klimaschutzgesetzes erzwingen.\" \/>\n<meta name=\"robots\" content=\"index, follow, max-snippet:-1, max-image-preview:large, max-video-preview:-1\" \/>\n<link rel=\"canonical\" href=\"https:\/\/www.sonnenseite.com\/de\/politik\/raenkespiele-der-fdp-beim-klimaschutzgesetz\/\" \/>\n<meta property=\"og:locale\" content=\"de_DE\" \/>\n<meta property=\"og:type\" content=\"article\" \/>\n<meta property=\"og:title\" content=\"R\u00e4nkespiele der FDP beim Klimaschutzgesetz - Sonnenseite - \u00d6kologische Kommunikation mit Franz Alt\" \/>\n<meta property=\"og:description\" content=\"Mit Angstmache vor gro\u00dffl\u00e4chigen Auto-Fahrverboten will Bundesverkehrsminister Wissing die Verabschiedung des neuen Klimaschutzgesetzes erzwingen.\" \/>\n<meta property=\"og:url\" content=\"https:\/\/www.sonnenseite.com\/de\/politik\/raenkespiele-der-fdp-beim-klimaschutzgesetz\/\" \/>\n<meta property=\"og:site_name\" content=\"Sonnenseite\" \/>\n<meta property=\"article:publisher\" content=\"https:\/\/www.facebook.com\/pages\/Franz-Alt-SONNENSEITECOM\/221072987903953?fref=ts\" \/>\n<meta property=\"article:published_time\" content=\"2024-04-13T07:51:48+00:00\" \/>\n<meta property=\"article:modified_time\" content=\"2024-04-13T09:22:59+00:00\" \/>\n<meta property=\"og:image\" content=\"https:\/\/www.sonnenseite.com\/wp-content\/uploads\/2021\/09\/Klimawandel_Sonulkaster.jpg\" \/>\n\t<meta property=\"og:image:width\" content=\"770\" \/>\n\t<meta property=\"og:image:height\" content=\"420\" \/>\n\t<meta property=\"og:image:type\" content=\"image\/jpeg\" \/>\n<meta name=\"author\" content=\"Bigi Alt\" \/>\n<meta name=\"twitter:card\" content=\"summary_large_image\" \/>\n<meta name=\"twitter:creator\" content=\"@franzalt\" \/>\n<meta name=\"twitter:site\" content=\"@franzalt\" \/>\n<meta name=\"twitter:label1\" content=\"Verfasst von\" \/>\n\t<meta name=\"twitter:data1\" content=\"Bigi Alt\" \/>\n\t<meta name=\"twitter:label2\" content=\"Gesch\u00e4tzte Lesezeit\" \/>\n\t<meta name=\"twitter:data2\" content=\"3\u00a0Minuten\" \/>\n<script type=\"application\/ld+json\" class=\"yoast-schema-graph\">{\"@context\":\"https:\/\/schema.org\",\"@graph\":[{\"@type\":\"Article\",\"@id\":\"https:\/\/www.sonnenseite.com\/de\/politik\/raenkespiele-der-fdp-beim-klimaschutzgesetz\/#article\",\"isPartOf\":{\"@id\":\"https:\/\/www.sonnenseite.com\/de\/politik\/raenkespiele-der-fdp-beim-klimaschutzgesetz\/\"},\"author\":{\"name\":\"Bigi Alt\",\"@id\":\"https:\/\/www.sonnenseite.com\/de\/#\/schema\/person\/50fda0e926597684c7cc6695238a4eb9\"},\"headline\":\"R\u00e4nkespiele der FDP beim Klimaschutzgesetz\",\"datePublished\":\"2024-04-13T07:51:48+00:00\",\"dateModified\":\"2024-04-13T09:22:59+00:00\",\"mainEntityOfPage\":{\"@id\":\"https:\/\/www.sonnenseite.com\/de\/politik\/raenkespiele-der-fdp-beim-klimaschutzgesetz\/\"},\"wordCount\":505,\"publisher\":{\"@id\":\"https:\/\/www.sonnenseite.com\/de\/#organization\"},\"image\":{\"@id\":\"https:\/\/www.sonnenseite.com\/de\/politik\/raenkespiele-der-fdp-beim-klimaschutzgesetz\/#primaryimage\"},\"thumbnailUrl\":\"https:\/\/www.sonnenseite.com\/wp-content\/uploads\/2021\/09\/Klimawandel_Sonulkaster.jpg\",\"articleSection\":[\"Politik\"],\"inLanguage\":\"de\"},{\"@type\":\"WebPage\",\"@id\":\"https:\/\/www.sonnenseite.com\/de\/politik\/raenkespiele-der-fdp-beim-klimaschutzgesetz\/\",\"url\":\"https:\/\/www.sonnenseite.com\/de\/politik\/raenkespiele-der-fdp-beim-klimaschutzgesetz\/\",\"name\":\"R\u00e4nkespiele der FDP beim Klimaschutzgesetz - Sonnenseite - \u00d6kologische Kommunikation mit Franz Alt\",\"isPartOf\":{\"@id\":\"https:\/\/www.sonnenseite.com\/de\/#website\"},\"primaryImageOfPage\":{\"@id\":\"https:\/\/www.sonnenseite.com\/de\/politik\/raenkespiele-der-fdp-beim-klimaschutzgesetz\/#primaryimage\"},\"image\":{\"@id\":\"https:\/\/www.sonnenseite.com\/de\/politik\/raenkespiele-der-fdp-beim-klimaschutzgesetz\/#primaryimage\"},\"thumbnailUrl\":\"https:\/\/www.sonnenseite.com\/wp-content\/uploads\/2021\/09\/Klimawandel_Sonulkaster.jpg\",\"datePublished\":\"2024-04-13T07:51:48+00:00\",\"dateModified\":\"2024-04-13T09:22:59+00:00\",\"description\":\"Mit Angstmache vor gro\u00dffl\u00e4chigen Auto-Fahrverboten will Bundesverkehrsminister Wissing die Verabschiedung des neuen Klimaschutzgesetzes erzwingen.\",\"breadcrumb\":{\"@id\":\"https:\/\/www.sonnenseite.com\/de\/politik\/raenkespiele-der-fdp-beim-klimaschutzgesetz\/#breadcrumb\"},\"inLanguage\":\"de\",\"potentialAction\":[{\"@type\":\"ReadAction\",\"target\":[\"https:\/\/www.sonnenseite.com\/de\/politik\/raenkespiele-der-fdp-beim-klimaschutzgesetz\/\"]}]},{\"@type\":\"ImageObject\",\"inLanguage\":\"de\",\"@id\":\"https:\/\/www.sonnenseite.com\/de\/politik\/raenkespiele-der-fdp-beim-klimaschutzgesetz\/#primaryimage\",\"url\":\"https:\/\/www.sonnenseite.com\/wp-content\/uploads\/2021\/09\/Klimawandel_Sonulkaster.jpg\",\"contentUrl\":\"https:\/\/www.sonnenseite.com\/wp-content\/uploads\/2021\/09\/Klimawandel_Sonulkaster.jpg\",\"width\":770,\"height\":420,\"caption\":\"Depositphotos.com | Sonulkaster\"},{\"@type\":\"BreadcrumbList\",\"@id\":\"https:\/\/www.sonnenseite.com\/de\/politik\/raenkespiele-der-fdp-beim-klimaschutzgesetz\/#breadcrumb\",\"itemListElement\":[{\"@type\":\"ListItem\",\"position\":1,\"name\":\"Startseite\",\"item\":\"https:\/\/www.sonnenseite.com\/de\/\"},{\"@type\":\"ListItem\",\"position\":2,\"name\":\"R\u00e4nkespiele der FDP beim Klimaschutzgesetz\"}]},{\"@type\":\"WebSite\",\"@id\":\"https:\/\/www.sonnenseite.com\/de\/#website\",\"url\":\"https:\/\/www.sonnenseite.com\/de\/\",\"name\":\"Sonnenseite\",\"description\":\"\u00d6kologische Kommunikation mit Franz Alt\",\"publisher\":{\"@id\":\"https:\/\/www.sonnenseite.com\/de\/#organization\"},\"potentialAction\":[{\"@type\":\"SearchAction\",\"target\":{\"@type\":\"EntryPoint\",\"urlTemplate\":\"https:\/\/www.sonnenseite.com\/de\/?s={search_term_string}\"},\"query-input\":{\"@type\":\"PropertyValueSpecification\",\"valueRequired\":true,\"valueName\":\"search_term_string\"}}],\"inLanguage\":\"de\"},{\"@type\":\"Organization\",\"@id\":\"https:\/\/www.sonnenseite.com\/de\/#organization\",\"name\":\"Sonnenseite\",\"url\":\"https:\/\/www.sonnenseite.com\/de\/\",\"logo\":{\"@type\":\"ImageObject\",\"inLanguage\":\"de\",\"@id\":\"https:\/\/www.sonnenseite.com\/de\/#\/schema\/logo\/image\/\",\"url\":\"https:\/\/www.sonnenseite.com\/wp-content\/uploads\/2020\/05\/Sonnenseite_Logo.png\",\"contentUrl\":\"https:\/\/www.sonnenseite.com\/wp-content\/uploads\/2020\/05\/Sonnenseite_Logo.png\",\"width\":377,\"height\":90,\"caption\":\"Sonnenseite\"},\"image\":{\"@id\":\"https:\/\/www.sonnenseite.com\/de\/#\/schema\/logo\/image\/\"},\"sameAs\":[\"https:\/\/www.facebook.com\/pages\/Franz-Alt-SONNENSEITECOM\/221072987903953?fref=ts\",\"https:\/\/x.com\/franzalt\",\"http:\/\/www.youtube.com\/results?search_query&amp;amp;quot;franz_alt&amp;amp;quot;&amp;amp;amp;amp;search_type&amp;amp;amp;amp;aq=f\"]},{\"@type\":\"Person\",\"@id\":\"https:\/\/www.sonnenseite.com\/de\/#\/schema\/person\/50fda0e926597684c7cc6695238a4eb9\",\"name\":\"Bigi Alt\"}]}<\/script>\n<!-- \/ Yoast SEO plugin. -->","yoast_head_json":{"title":"R\u00e4nkespiele der FDP beim Klimaschutzgesetz - Sonnenseite - \u00d6kologische Kommunikation mit Franz Alt","description":"Mit Angstmache vor gro\u00dffl\u00e4chigen Auto-Fahrverboten will Bundesverkehrsminister Wissing die Verabschiedung des neuen Klimaschutzgesetzes erzwingen.","robots":{"index":"index","follow":"follow","max-snippet":"max-snippet:-1","max-image-preview":"max-image-preview:large","max-video-preview":"max-video-preview:-1"},"canonical":"https:\/\/www.sonnenseite.com\/de\/politik\/raenkespiele-der-fdp-beim-klimaschutzgesetz\/","og_locale":"de_DE","og_type":"article","og_title":"R\u00e4nkespiele der FDP beim Klimaschutzgesetz - Sonnenseite - \u00d6kologische Kommunikation mit Franz Alt","og_description":"Mit Angstmache vor gro\u00dffl\u00e4chigen Auto-Fahrverboten will Bundesverkehrsminister Wissing die Verabschiedung des neuen Klimaschutzgesetzes erzwingen.","og_url":"https:\/\/www.sonnenseite.com\/de\/politik\/raenkespiele-der-fdp-beim-klimaschutzgesetz\/","og_site_name":"Sonnenseite","article_publisher":"https:\/\/www.facebook.com\/pages\/Franz-Alt-SONNENSEITECOM\/221072987903953?fref=ts","article_published_time":"2024-04-13T07:51:48+00:00","article_modified_time":"2024-04-13T09:22:59+00:00","og_image":[{"width":770,"height":420,"url":"https:\/\/www.sonnenseite.com\/wp-content\/uploads\/2021\/09\/Klimawandel_Sonulkaster.jpg","type":"image\/jpeg"}],"author":"Bigi Alt","twitter_card":"summary_large_image","twitter_creator":"@franzalt","twitter_site":"@franzalt","twitter_misc":{"Verfasst von":"Bigi Alt","Gesch\u00e4tzte Lesezeit":"3\u00a0Minuten"},"schema":{"@context":"https:\/\/schema.org","@graph":[{"@type":"Article","@id":"https:\/\/www.sonnenseite.com\/de\/politik\/raenkespiele-der-fdp-beim-klimaschutzgesetz\/#article","isPartOf":{"@id":"https:\/\/www.sonnenseite.com\/de\/politik\/raenkespiele-der-fdp-beim-klimaschutzgesetz\/"},"author":{"name":"Bigi Alt","@id":"https:\/\/www.sonnenseite.com\/de\/#\/schema\/person\/50fda0e926597684c7cc6695238a4eb9"},"headline":"R\u00e4nkespiele der FDP beim Klimaschutzgesetz","datePublished":"2024-04-13T07:51:48+00:00","dateModified":"2024-04-13T09:22:59+00:00","mainEntityOfPage":{"@id":"https:\/\/www.sonnenseite.com\/de\/politik\/raenkespiele-der-fdp-beim-klimaschutzgesetz\/"},"wordCount":505,"publisher":{"@id":"https:\/\/www.sonnenseite.com\/de\/#organization"},"image":{"@id":"https:\/\/www.sonnenseite.com\/de\/politik\/raenkespiele-der-fdp-beim-klimaschutzgesetz\/#primaryimage"},"thumbnailUrl":"https:\/\/www.sonnenseite.com\/wp-content\/uploads\/2021\/09\/Klimawandel_Sonulkaster.jpg","articleSection":["Politik"],"inLanguage":"de"},{"@type":"WebPage","@id":"https:\/\/www.sonnenseite.com\/de\/politik\/raenkespiele-der-fdp-beim-klimaschutzgesetz\/","url":"https:\/\/www.sonnenseite.com\/de\/politik\/raenkespiele-der-fdp-beim-klimaschutzgesetz\/","name":"R\u00e4nkespiele der FDP beim Klimaschutzgesetz - Sonnenseite - \u00d6kologische Kommunikation mit Franz Alt","isPartOf":{"@id":"https:\/\/www.sonnenseite.com\/de\/#website"},"primaryImageOfPage":{"@id":"https:\/\/www.sonnenseite.com\/de\/politik\/raenkespiele-der-fdp-beim-klimaschutzgesetz\/#primaryimage"},"image":{"@id":"https:\/\/www.sonnenseite.com\/de\/politik\/raenkespiele-der-fdp-beim-klimaschutzgesetz\/#primaryimage"},"thumbnailUrl":"https:\/\/www.sonnenseite.com\/wp-content\/uploads\/2021\/09\/Klimawandel_Sonulkaster.jpg","datePublished":"2024-04-13T07:51:48+00:00","dateModified":"2024-04-13T09:22:59+00:00","description":"Mit Angstmache vor gro\u00dffl\u00e4chigen Auto-Fahrverboten will Bundesverkehrsminister Wissing die Verabschiedung des neuen Klimaschutzgesetzes erzwingen.","breadcrumb":{"@id":"https:\/\/www.sonnenseite.com\/de\/politik\/raenkespiele-der-fdp-beim-klimaschutzgesetz\/#breadcrumb"},"inLanguage":"de","potentialAction":[{"@type":"ReadAction","target":["https:\/\/www.sonnenseite.com\/de\/politik\/raenkespiele-der-fdp-beim-klimaschutzgesetz\/"]}]},{"@type":"ImageObject","inLanguage":"de","@id":"https:\/\/www.sonnenseite.com\/de\/politik\/raenkespiele-der-fdp-beim-klimaschutzgesetz\/#primaryimage","url":"https:\/\/www.sonnenseite.com\/wp-content\/uploads\/2021\/09\/Klimawandel_Sonulkaster.jpg","contentUrl":"https:\/\/www.sonnenseite.com\/wp-content\/uploads\/2021\/09\/Klimawandel_Sonulkaster.jpg","width":770,"height":420,"caption":"Depositphotos.com | Sonulkaster"},{"@type":"BreadcrumbList","@id":"https:\/\/www.sonnenseite.com\/de\/politik\/raenkespiele-der-fdp-beim-klimaschutzgesetz\/#breadcrumb","itemListElement":[{"@type":"ListItem","position":1,"name":"Startseite","item":"https:\/\/www.sonnenseite.com\/de\/"},{"@type":"ListItem","position":2,"name":"R\u00e4nkespiele der FDP beim Klimaschutzgesetz"}]},{"@type":"WebSite","@id":"https:\/\/www.sonnenseite.com\/de\/#website","url":"https:\/\/www.sonnenseite.com\/de\/","name":"Sonnenseite","description":"\u00d6kologische Kommunikation mit Franz Alt","publisher":{"@id":"https:\/\/www.sonnenseite.com\/de\/#organization"},"potentialAction":[{"@type":"SearchAction","target":{"@type":"EntryPoint","urlTemplate":"https:\/\/www.sonnenseite.com\/de\/?s={search_term_string}"},"query-input":{"@type":"PropertyValueSpecification","valueRequired":true,"valueName":"search_term_string"}}],"inLanguage":"de"},{"@type":"Organization","@id":"https:\/\/www.sonnenseite.com\/de\/#organization","name":"Sonnenseite","url":"https:\/\/www.sonnenseite.com\/de\/","logo":{"@type":"ImageObject","inLanguage":"de","@id":"https:\/\/www.sonnenseite.com\/de\/#\/schema\/logo\/image\/","url":"https:\/\/www.sonnenseite.com\/wp-content\/uploads\/2020\/05\/Sonnenseite_Logo.png","contentUrl":"https:\/\/www.sonnenseite.com\/wp-content\/uploads\/2020\/05\/Sonnenseite_Logo.png","width":377,"height":90,"caption":"Sonnenseite"},"image":{"@id":"https:\/\/www.sonnenseite.com\/de\/#\/schema\/logo\/image\/"},"sameAs":["https:\/\/www.facebook.com\/pages\/Franz-Alt-SONNENSEITECOM\/221072987903953?fref=ts","https:\/\/x.com\/franzalt","http:\/\/www.youtube.com\/results?search_query&amp;amp;quot;franz_alt&amp;amp;quot;&amp;amp;amp;amp;search_type&amp;amp;amp;amp;aq=f"]},{"@type":"Person","@id":"https:\/\/www.sonnenseite.com\/de\/#\/schema\/person\/50fda0e926597684c7cc6695238a4eb9","name":"Bigi Alt"}]}},"_links":{"self":[{"href":"https:\/\/www.sonnenseite.com\/de\/wp-json\/wp\/v2\/posts\/98871","targetHints":{"allow":["GET"]}}],"collection":[{"href":"https:\/\/www.sonnenseite.com\/de\/wp-json\/wp\/v2\/posts"}],"about":[{"href":"https:\/\/www.sonnenseite.com\/de\/wp-json\/wp\/v2\/types\/post"}],"author":[{"embeddable":true,"href":"https:\/\/www.sonnenseite.com\/de\/wp-json\/wp\/v2\/users\/3"}],"replies":[{"embeddable":true,"href":"https:\/\/www.sonnenseite.com\/de\/wp-json\/wp\/v2\/comments?post=98871"}],"version-history":[{"count":1,"href":"https:\/\/www.sonnenseite.com\/de\/wp-json\/wp\/v2\/posts\/98871\/revisions"}],"predecessor-version":[{"id":98872,"href":"https:\/\/www.sonnenseite.com\/de\/wp-json\/wp\/v2\/posts\/98871\/revisions\/98872"}],"wp:featuredmedia":[{"embeddable":true,"href":"https:\/\/www.sonnenseite.com\/de\/wp-json\/wp\/v2\/media\/74692"}],"wp:attachment":[{"href":"https:\/\/www.sonnenseite.com\/de\/wp-json\/wp\/v2\/media?parent=98871"}],"wp:term":[{"taxonomy":"category","embeddable":true,"href":"https:\/\/www.sonnenseite.com\/de\/wp-json\/wp\/v2\/categories?post=98871"},{"taxonomy":"post_tag","embeddable":true,"href":"https:\/\/www.sonnenseite.com\/de\/wp-json\/wp\/v2\/tags?post=98871"}],"curies":[{"name":"wp","href":"https:\/\/api.w.org\/{rel}","templated":true}]}}