{"id":98936,"date":"2024-04-17T02:42:00","date_gmt":"2024-04-17T00:42:00","guid":{"rendered":"https:\/\/www.sonnenseite.com\/?p=98936"},"modified":"2024-04-16T17:23:12","modified_gmt":"2024-04-16T15:23:12","slug":"von-der-leyen-und-atomallianz-gefaehrden-sicherheit-wirtschaft-und-klimaschutz","status":"publish","type":"post","link":"https:\/\/www.sonnenseite.com\/de\/politik\/von-der-leyen-und-atomallianz-gefaehrden-sicherheit-wirtschaft-und-klimaschutz\/","title":{"rendered":"Von der Leyen und Atomallianz gef\u00e4hrden Sicherheit, Wirtschaft und Klimaschutz"},"content":{"rendered":"\n<p>Neue Analyse zeigt die massiven Gefahren der Atomkraft. Am 21.3.2024 fand in Br\u00fcssel <a href=\"https:\/\/www.tagesschau.de\/ausland\/europa\/atomenergie-allianz-abschlusserklaerung-100.html\" target=\"_blank\" rel=\"noreferrer noopener\">der Atomgipfel der Atom-Allianz<\/a> von etwa 30 Staaten statt.<\/p>\n\n\n\n<p>EU-Kommissionspr\u00e4sidentin Ursula von der Leyen, CDU, die einst den Atomausstieg unter Kanzlerin Merkel unterst\u00fctzte, zeigte hier ihr wahres Gesicht: Ihre l\u00e4ngst vollzogene Kehrtwende hin zur vollen Unterst\u00fctzung der Atomenergie. Im Folgenden <a href=\"https:\/\/ec.europa.eu\/commission\/presscorner\/detail\/de\/speech_24_1624\" target=\"_blank\" rel=\"noreferrer noopener\">ein Auszug aus ihrer Rede<\/a>:<\/p>\n\n\n\n<p>\u201eIch stelle zudem fest, dass viele L\u00e4nder nach der globalen Energiekrise, die durch die Invasion Russlands in die Ukraine verursacht wurde, einen neuen Blick auf die m\u00f6gliche Rolle werfen, die die Atomenergie spielen k\u00f6nnte. Daf\u00fcr gibt es mehrere Gr\u00fcnde. Erstens um unsere Klimaziele zu erreichen: Wir d\u00fcrfen nicht vergessen, dass Kernenergie weltweit nach der Wasserkraft die zweitgr\u00f6\u00dfte Quelle f\u00fcr emissionsarmen Strom ist. Zweitens um unsere Energiesicherheit zu gew\u00e4hrleisten: Die L\u00e4nder versuchen, ihre Abh\u00e4ngigkeit von importierten fossilen Brennstoffen zu verringern. Drittens kann die Kernenergie einen zuverl\u00e4ssigen Anker f\u00fcr die Strompreise bilden und damit unsere Wettbewerbsf\u00e4higkeit gew\u00e4hrleisten. \u2026. Unsere kommissionseigenen Prognosen zeigen ebenfalls, dass die Kernenergie mehrheitlich erneuerbare Energiequellen erg\u00e4nzen und Letztere bis 2050 das R\u00fcckgrat der Stromerzeugung in der EU bilden werden.\u201c<\/p>\n\n\n\n<p>Die von ihr genannten Gr\u00fcnden sind nicht tragf\u00e4hig. Sie verkennt, dass die CO2-freien Erneuerbaren Energien die Stromerzeugung aus Kernenergie bereits deutlich \u00fcbertroffen haben: <a href=\"https:\/\/de.statista.com\/themen\/50\/kernenergie\/#topicOverview\" target=\"_blank\" rel=\"noreferrer noopener\">Im Jahr 2023 stammte etwa 9 % der weltweiten Elektrizit\u00e4t aus Atomkraftwerken.<\/a><\/p>\n\n\n\n<p><a href=\"https:\/\/www.zeit.de\/wirtschaft\/2024-01\/internationale-energieagentur-stromproduktion-kohle-erneuerbare-2025\" target=\"_blank\" rel=\"noreferrer noopener\">Die Erneuerbaren Energien trugen aber schon etwa 30% bei.<\/a><\/p>\n\n\n\n<p>Ihr Vergleich von Atomkraft mit Wasserkraft ist offensichtlich so gew\u00e4hlt, um \u00fcber den schwachen Beitrag der Atomenergie hinweg zu t\u00e4uschen.<\/p>\n\n\n\n<p>Zudem wird es mit der Atomenergie keine Unabh\u00e4ngigkeit von Importen geben, da die wenigsten Atomkraft betreibenden L\u00e4nder \u00fcber eigene Uranressourcen verf\u00fcgen. Zumeist sind sie zu 100% von Uranimporten abh\u00e4ngig. Und es ist bezeichnend, dass die EU-Kommission bisher keine Sanktionen gegen den Import von Brennelementen aus dem Kriegstreiberland Russland verh\u00e4ngt hat.<\/p>\n\n\n\n<p>Atomenergie ist auch keineswegs g\u00fcnstig, <a href=\"https:\/\/www.energiekalender.de\/news\/news2.php?id=38580\" target=\"_blank\" rel=\"noreferrer noopener\">wie die j\u00fcngsten Strompreisschock-Wellen in Frankreich verdeutlichen<\/a>. Anders als in Deutschland, wo die Preise sinken, sind die Strompreise in Frankreich in den letzten 12 Monaten um fast 40 % gestiegen, und weitere Erh\u00f6hungen werden erwartet<\/p>\n\n\n\n<h4 class=\"wp-block-heading\">Neue wissenschaftliche Studie widerlegt die Behauptung, dass Atomkraft zum Klimaschutz beitragen kann<\/h4>\n\n\n\n<p>Von der Leyens Behauptungen \u00fcber den Beitrag der Atomenergie zum Klimaschutz stehen im Widerspruch zur Realit\u00e4t.<\/p>\n\n\n\n<p>Unter dem Titel: \u201eEvaluierung der Nachhaltigkeit der Atomenergie in Bezug auf Klimaschutz, Klimaanpassung, technologische Risiken, \u00d6konomie und Unvereinbarkeit in einem Energiesystem mit Erneuerbaren Energien\u201c haben Fabian Pr\u00e4ger, Christian Breyer, Hans-Josef Fell, Christian Von Hirschhausen, Claudia Kemfert, Bj\u00f6rn Steigerwald, Thure Traber und Ben Wealer, <a href=\"http:\/\/journal.frontiersin.org\/article\/10.3389\/frevc.2024.1242818\/full?&amp;utm_source=Email_to_authors_&amp;utm_medium=Email&amp;utm_content=T1_11.5e1_author&amp;utm_campaign=Email_publication&amp;field=&amp;journalName=Frontiers_in_Environmental_Economics&amp;id=1242818\" target=\"_blank\" rel=\"noreferrer noopener\">k\u00fcrzlich eine neue Forschung im renommierten Wissenschaftsverlag Frontiers in Environmental Economics, Section Energy Economics, ver\u00f6ffentlicht.<\/a><\/p>\n\n\n\n<p>Das reviewte wissenschaftliche Papier zeigt eine ganz andere globale Atomrealit\u00e4t, als die von von der Leyen und den Bef\u00fcrwortern der Atomkraft in der Atomallianz in ihren Reden behauptete.<\/p>\n\n\n\n<h4 class=\"wp-block-heading\">Kernenergie ungeeignet den Klimawandel zu bek\u00e4mpfen<\/h4>\n\n\n\n<p>Sieben Argumente wurden analysiert und wissenschaftlich bewertet, warum Kernkraft ungeeignet ist, den Klimawandel zu bek\u00e4mpfen.<\/p>\n\n\n\n<p>Das Hauptargument betrifft das ungel\u00f6ste technische und menschliche Risiko von Unf\u00e4llen sowie der Weiterverbreitung von Atomwaffen, was voraussichtlich auch in Zukunft nicht effektiv reduziert werden kann.<\/p>\n\n\n\n<p>Die erheblichen Kosten f\u00fcr Ma\u00dfnahmen zur Verhinderung von Kernschmelzen, radioaktiven Lecks und anderen Unf\u00e4llen sind die Hauptursache f\u00fcr den hohen Aufwand, der mit der kommerziellen Nutzung der Kernenergie verbunden ist. Dieser kostenintensive Charakter, kombiniert mit Sicherheitsaspekten, f\u00fchrt dazu, dass Kernenergie keine nachhaltige und erschwingliche Energiequelle f\u00fcr die kohlenstoffarme Energiewende ist und es auch in Zukunft nicht sein wird.<\/p>\n\n\n\n<h4 class=\"wp-block-heading\">Atomenergie-Kosten im Vergleich zu Erneuerbaren Energien viel zu hoch und Atomenergie passt nicht mit Erneuerbaren Energien zusammen<\/h4>\n\n\n\n<p>Die Autoren weisen zudem auf erhebliche Kostenunterschiede zwischen Kernenergie und anderen nicht-fossilen Energiequellen wie Photovoltaik und Windenergie hin, insbesondere im Hinblick auf die Stromgestehungskosten. Sie betonen die Unvereinbarkeit der Kernenergie mit erneuerbaren Energiesystemen und die Notwendigkeit von Flexibilit\u00e4t angesichts variabler Solar- und Windressourcen, die von der nur Grundlast liefernden Kernenergie nicht erbracht werden kann.<\/p>\n\n\n\n<p>Dies ist auch einer der Gr\u00fcnde, warum Kernenergie im Vergleich zu anderen Energiequellen nicht wettbewerbsf\u00e4hig ist und warum die Verl\u00e4ngerung der Laufzeiten bestehender Atomkraftwerke kostspielig ist. Der Bau neuer Atomreaktoren ist durch lange Bauzeiten und die noch l\u00e4ngere Entwicklung neuer technischer Generationen gekennzeichnet, die zu weit entfernt und ungewiss sind, um in absehbarer Zeit einen Beitrag zur Bek\u00e4mpfung des Klimawandels zu leisten.<\/p>\n\n\n\n<p>Die Entwicklung kleiner modulare Reaktoren und nicht-konventioneller Reaktorkonzepte erfordert Jahrzehnte und hat schlechtere wirtschaftliche Aussichten.<\/p>\n\n\n\n<h4 class=\"wp-block-heading\">Klimawandel erh\u00f6ht Risiken der Atomenergie<\/h4>\n\n\n\n<p>In einer Zukunft mit h\u00f6heren Temperaturen, mehr Wetterextremen und st\u00e4rkeren milit\u00e4rischen Bedrohungen ist Kernkraft besonders ung\u00fcnstig. In einer sich erw\u00e4rmenden Welt, in der Reaktoren entweder mit niedrigen Wasserst\u00e4nden in Fl\u00fcssen w\u00e4hrend Hitzewellen oder mit der Erw\u00e4rmung der Meere konfrontiert sind, kann der Verlust von K\u00fchlwasser zu Leistungsreduzierungen oder sogar Abschaltungen f\u00fchren. Dieses Risiko verschwindet bei einer stark erneuerbaren Stromversorgung.<\/p>\n\n\n\n<p>Weitere Probleme im Zusammenhang mit dem Klimawandel sind der Anstieg des Meeresspiegels, die Erosion der K\u00fcstenlinie und extreme Wetterbedingungen wie K\u00fcstenst\u00fcrme oder \u00dcberschwemmungen. All diese Probleme werfen gro\u00dfe Sicherheitsbedenken auf, insbesondere f\u00fcr Reaktoren an K\u00fcstenstandorten, da sich jeder vierte Kernreaktor der Welt an einer K\u00fcste befindet.<\/p>\n\n\n\n<h4 class=\"wp-block-heading\">Suche nach den wahren Gr\u00fcnden f\u00fcr eine unterst\u00fctzende Atompolitik<\/h4>\n\n\n\n<p>Da der Klimaschutz nicht als Begr\u00fcndung f\u00fcr einen Ausbau der Atomenergie gelten kann, regen die Autoren an, k\u00fcnftig die Beziehung zwischen der Kernkraft und den Energietransformationsprozessen in allgemeinerer Form zu untersuchen. Insbesondere sollte erforscht werden, aus welchen anderen Gr\u00fcnden bestimmte L\u00e4nder weiterhin auf Atomkraft setzen, obwohl sie regelm\u00e4\u00dfig den Klimaschutz als Hauptmotiv anf\u00fchren.<\/p>\n\n\n\n<h4 class=\"wp-block-heading\">Atombef\u00fcrworter gef\u00e4hrden unsere Zukunft<\/h4>\n\n\n\n<p>Die Ergebnisse dieser wissenschaftlichen Untersuchung zeigen deutlich: Die Atomallianz und die EU-Kommissionspr\u00e4sidentin riskieren durch ihre Unterst\u00fctzung der Atomenergie, sei es durch den Weiterbetrieb alter Reaktoren oder den Bau neuer Atomkraftwerke, ein hochgef\u00e4hrliches und verantwortungsloses Spiel. Mit jedem Zehntel Grad h\u00f6herer Erdtemperatur steigen die Risiken f\u00fcr einen neuen Super-GAU weltweit. Gleichzeitig behindern sie eine sichere und kosteng\u00fcnstige Energieversorgung, da die Kosten der Atomkraft deutlich h\u00f6her sind als die der erneuerbaren Energien und der Ausbau der Atomenergie viel zu lange dauert.<\/p>\n\n\n\n<h4 class=\"wp-block-heading\">Deutschland zeigt: Ausstieg aus Atomenergie hat keine negativen Folgen<\/h4>\n\n\n\n<p>Dabei kann Deutschland l\u00e4ngst zeigen, dass es auch ohne Atomenergie geht. Die vielfache Behauptung von CDU\/CSU, FDP und AfD, dass ein Ausstieg aus der Atomenergie negative Folgen h\u00e4tte, ist inzwischen in Deutschland eindrucksvoll widerlegt worden. <a href=\"https:\/\/presseportal.greenpeace.de\/236384-greenpeace-studie-belegt-im-jahr-nach-dem-atomausstieg-sinken-co2-ausstoss-und-strompreise\" target=\"_blank\" rel=\"noreferrer noopener\">Eine Studie von Greenpeace zeigt:<\/a> Die bef\u00fcrchteten Folgen eines Abschaltens der letzten drei Reaktoren \u2013 ein Winter-Blackout, h\u00f6here CO2-Emissionen und steigende Strompreise \u2013 sind alle im Winter 2023\/24 nicht eingetreten. Im Gegenteil: Parallel zum Atomausstieg sind die CO2-Emissionen und Strompreise gesunken, w\u00e4hrend die Versorgungssicherheit erh\u00f6ht wurde.<\/p>\n\n\n\n<p>Vor einem Jahr noch hatte auch der Bayrische Ministerpr\u00e4sident Markus S\u00f6der (CSU) Panik verbreitet, dass die Abschaltung der letzten drei Atomrektoren h\u00f6chste Probleme bereiten w\u00fcrde. <a href=\"https:\/\/www.instagram.com\/p\/C5qbuDlNAyS\/\" target=\"_blank\" rel=\"noreferrer noopener\">MdL Martin St\u00fcmpfig (B\u00fcndnis 90\/Die Gr\u00fcnen) aus dem Landtag hat dies bestens als Panikmache entlarvt.<\/a><\/p>\n\n\n\n<h4 class=\"wp-block-heading\">Der Iran zeigt auf erschreckende Weise die uns und die ganze Welt bedrohende Atompolitik<\/h4>\n\n\n\n<p>Man kann versuchen, die \u00c4u\u00dferungen von von der Leyen oder S\u00f6der als unwichtige Bayerische oder Europ\u00e4ische Provinzposse der CDU\/CSU im Wahlkampf abzutun. Doch das ist es nat\u00fcrlich nicht. Auf der einen Seite wird dadurch der Ausbau der Erneuerbaren Energien und damit der Klimaschutz stark behindert.<\/p>\n\n\n\n<p>Ebenfalls existenzbedrohend wie die Erd\u00fcberhitzung sind f\u00fcr die Menschheit die Atomwaffen, die heute bereits so stark aufget\u00fcrmt sind, dass damit vielfach ein Ausl\u00f6schen der Menschheit m\u00f6glich w\u00e4re.<\/p>\n\n\n\n<p>Unter dem Deckmantel des Ausbaus der \u201efriedlichen Atomenergie\u201c, wurden sie weltweit massiv vorangetrieben. Im Iran wurde dieser Ausbau mit dem Iranischen Atomabkommen zun\u00e4chst m\u00fchselig einged\u00e4mmt, bis der damalige US-Pr\u00e4sident Trump dieses aufk\u00fcndigte.<\/p>\n\n\n\n<p>Seitdem hat der Iran sein Atomwaffenprogramm in erschreckender Geschwindigkeit wieder ausgebaut und ist heute <a href=\"https:\/\/jungle.world\/artikel\/2024\/14\/iran-urananreicherung-aus-der-welt-der-zentrifugen\" target=\"_blank\" rel=\"noreferrer noopener\">mit seinem Zentrifugenprogramm soweit fortgeschritten<\/a>, dass er die notwendig hohe Anreicherung von waffenf\u00e4higem Uran faktisch erreicht hat.<\/p>\n\n\n\n<p>Einige m\u00f6gen die furchtbaren Angriffe des Irans auf Israel am letzten Wochenende noch als harmlos abtun, da die Drohnen und Marschflugk\u00f6rper bisher weitgehend konventionell abgefangen werden konnten. Doch die jahrzehntelange Androhung des Irans, Israel auszul\u00f6schen, hat durch den \u201eErfolg\u201c des iranischen Nuklearprogramms eine neue und furchtbare Dimension erreicht. Die Welt ist mit der Atomenergie und dem fast vollendeten iranischen Atomprogramm immer n\u00e4her an der Ausl\u00f6schung der menschlichen Zivilisation ger\u00fcckt.<\/p>\n\n\n\n<p>Es ist ganz klar: Hinter dem Ausbau der Atomenergie steht seit dem Programm \u201eAtoms for Peace\u201c des US-Pr\u00e4sidenten Dwight Eisenhower immer das Bestreben nach der Atombombe. Das ist die einzige plausible Erkl\u00e4rung f\u00fcr den Wunsch, neue Atomreaktoren bauen zu wollen, obwohl sie extrem teuer sind und lange dauern, bis sie in Betrieb genommen werden.<\/p>\n\n\n\n<p>Von der Leyen, S\u00f6der und andere Vertreter von CDU\/CSU, FDP und AfD sollten endlich eine verantwortungsvolle Energiepolitik verfolgen, und diese kann nur mit Erneuerbaren Energien erfolgen. Im Gegensatz zu Atomkraftwerken erzeugen Windkraft-, Bioenergie-, Wasserkraft-, Geothermie- und Solaranlagen keine waffentauglichen Uran- oder Plutoniumabf\u00e4lle.<\/p>\n\n\n<h5 class=\"green\">Quelle<\/h5>\r\n\n\n\n<p><a href=\"http:\/\/www.hans-josef-fell.de\" target=\"_blank\" rel=\"noreferrer noopener\">Hans-Josef Fell 2024<\/a>\u00a0|\u00a0<a href=\"http:\/\/energywatchgroup.org\/\" target=\"_blank\" rel=\"noreferrer noopener\">Pr\u00e4sident der Energy Watch Group (EWG) und Autor des EEG<\/a><\/p>\n<div class=\"shariff shariff-align-flex-start shariff-widget-align-flex-start\"><div class=\"ShariffHeadline\">Diese Meldung teilen<\/div><ul class=\"shariff-buttons theme-round orientation-horizontal buttonsize-medium\"><li class=\"shariff-button facebook shariff-nocustomcolor\" style=\"background-color:#4273c8;border-radius:1%\"><a href=\"https:\/\/www.facebook.com\/sharer\/sharer.php?u=https%3A%2F%2Fwww.sonnenseite.com%2Fde%2Fpolitik%2Fvon-der-leyen-und-atomallianz-gefaehrden-sicherheit-wirtschaft-und-klimaschutz%2F\" title=\"Bei Facebook teilen\" aria-label=\"Bei Facebook teilen\" role=\"button\" rel=\"nofollow\" class=\"shariff-link\" style=\";border-radius:1%; background-color:#3b5998; color:#fff\" target=\"_blank\"><span class=\"shariff-icon\" style=\"\"><svg width=\"32px\" height=\"20px\" xmlns=\"http:\/\/www.w3.org\/2000\/svg\" viewBox=\"0 0 18 32\"><path fill=\"#3b5998\" d=\"M17.1 0.2v4.7h-2.8q-1.5 0-2.1 0.6t-0.5 1.9v3.4h5.2l-0.7 5.3h-4.5v13.6h-5.5v-13.6h-4.5v-5.3h4.5v-3.9q0-3.3 1.9-5.2t5-1.8q2.6 0 4.1 0.2z\"\/><\/svg><\/span><\/a><\/li><li class=\"shariff-button twitter shariff-nocustomcolor\" style=\"background-color:#595959;border-radius:1%\"><a href=\"https:\/\/twitter.com\/share?url=https%3A%2F%2Fwww.sonnenseite.com%2Fde%2Fpolitik%2Fvon-der-leyen-und-atomallianz-gefaehrden-sicherheit-wirtschaft-und-klimaschutz%2F&text=Von%20der%20Leyen%20und%20Atomallianz%20gef%C3%A4hrden%20Sicherheit%2C%20Wirtschaft%20und%20Klimaschutz\" title=\"Bei X teilen\" aria-label=\"Bei X teilen\" role=\"button\" rel=\"noopener nofollow\" class=\"shariff-link\" style=\";border-radius:1%; background-color:#000; color:#fff\" target=\"_blank\"><span class=\"shariff-icon\" style=\"\"><svg width=\"32px\" height=\"20px\" xmlns=\"http:\/\/www.w3.org\/2000\/svg\" viewBox=\"0 0 24 24\"><path fill=\"#000\" d=\"M14.258 10.152L23.176 0h-2.113l-7.747 8.813L7.133 0H0l9.352 13.328L0 23.973h2.113l8.176-9.309 6.531 9.309h7.133zm-2.895 3.293l-.949-1.328L2.875 1.56h3.246l6.086 8.523.945 1.328 7.91 11.078h-3.246zm0 0\"\/><\/svg><\/span><\/a><\/li><li class=\"shariff-button xing shariff-nocustomcolor\" style=\"background-color:#29888a;border-radius:1%\"><a href=\"https:\/\/www.xing.com\/spi\/shares\/new?url=https%3A%2F%2Fwww.sonnenseite.com%2Fde%2Fpolitik%2Fvon-der-leyen-und-atomallianz-gefaehrden-sicherheit-wirtschaft-und-klimaschutz%2F\" title=\"Bei XING teilen\" aria-label=\"Bei XING teilen\" role=\"button\" rel=\"noopener nofollow\" class=\"shariff-link\" style=\";border-radius:1%; background-color:#126567; color:#fff\" target=\"_blank\"><span class=\"shariff-icon\" style=\"\"><svg width=\"32px\" height=\"20px\" xmlns=\"http:\/\/www.w3.org\/2000\/svg\" viewBox=\"0 0 25 32\"><path fill=\"#126567\" d=\"M10.7 11.9q-0.2 0.3-4.6 8.2-0.5 0.8-1.2 0.8h-4.3q-0.4 0-0.5-0.3t0-0.6l4.5-8q0 0 0 0l-2.9-5q-0.2-0.4 0-0.7 0.2-0.3 0.5-0.3h4.3q0.7 0 1.2 0.8zM25.1 0.4q0.2 0.3 0 0.7l-9.4 16.7 6 11q0.2 0.4 0 0.6-0.2 0.3-0.6 0.3h-4.3q-0.7 0-1.2-0.8l-6-11.1q0.3-0.6 9.5-16.8 0.4-0.8 1.2-0.8h4.3q0.4 0 0.5 0.3z\"\/><\/svg><\/span><\/a><\/li><li class=\"shariff-button linkedin shariff-nocustomcolor\" style=\"background-color:#1488bf;border-radius:1%\"><a href=\"https:\/\/www.linkedin.com\/sharing\/share-offsite\/?url=https%3A%2F%2Fwww.sonnenseite.com%2Fde%2Fpolitik%2Fvon-der-leyen-und-atomallianz-gefaehrden-sicherheit-wirtschaft-und-klimaschutz%2F\" title=\"Bei LinkedIn teilen\" aria-label=\"Bei LinkedIn teilen\" role=\"button\" rel=\"noopener nofollow\" class=\"shariff-link\" style=\";border-radius:1%; background-color:#0077b5; color:#fff\" target=\"_blank\"><span class=\"shariff-icon\" style=\"\"><svg width=\"32px\" height=\"20px\" xmlns=\"http:\/\/www.w3.org\/2000\/svg\" viewBox=\"0 0 27 32\"><path fill=\"#0077b5\" d=\"M6.2 11.2v17.7h-5.9v-17.7h5.9zM6.6 5.7q0 1.3-0.9 2.2t-2.4 0.9h0q-1.5 0-2.4-0.9t-0.9-2.2 0.9-2.2 2.4-0.9 2.4 0.9 0.9 2.2zM27.4 18.7v10.1h-5.9v-9.5q0-1.9-0.7-2.9t-2.3-1.1q-1.1 0-1.9 0.6t-1.2 1.5q-0.2 0.5-0.2 1.4v9.9h-5.9q0-7.1 0-11.6t0-5.3l0-0.9h5.9v2.6h0q0.4-0.6 0.7-1t1-0.9 1.6-0.8 2-0.3q3 0 4.9 2t1.9 6z\"\/><\/svg><\/span><\/a><\/li><li class=\"shariff-button printer shariff-nocustomcolor\" style=\"background-color:#a8a8a8;border-radius:1%\"><a href=\"javascript:window.print()\" title=\"drucken\" aria-label=\"drucken\" role=\"button\" rel=\"noopener nofollow\" class=\"shariff-link\" style=\";border-radius:1%; background-color:#999; color:#fff\"><span class=\"shariff-icon\" style=\"\"><svg width=\"32px\" height=\"20px\" xmlns=\"http:\/\/www.w3.org\/2000\/svg\" viewBox=\"0 0 30 32\"><path fill=\"#999\" d=\"M6.8 27.4h16v-4.6h-16v4.6zM6.8 16h16v-6.8h-2.8q-0.7 0-1.2-0.5t-0.5-1.2v-2.8h-11.4v11.4zM27.4 17.2q0-0.5-0.3-0.8t-0.8-0.4-0.8 0.4-0.3 0.8 0.3 0.8 0.8 0.3 0.8-0.3 0.3-0.8zM29.7 17.2v7.4q0 0.2-0.2 0.4t-0.4 0.2h-4v2.8q0 0.7-0.5 1.2t-1.2 0.5h-17.2q-0.7 0-1.2-0.5t-0.5-1.2v-2.8h-4q-0.2 0-0.4-0.2t-0.2-0.4v-7.4q0-1.4 1-2.4t2.4-1h1.2v-9.7q0-0.7 0.5-1.2t1.2-0.5h12q0.7 0 1.6 0.4t1.3 0.8l2.7 2.7q0.5 0.5 0.9 1.4t0.4 1.6v4.6h1.1q1.4 0 2.4 1t1 2.4z\"\/><\/svg><\/span><\/a><\/li><li class=\"shariff-button mailto shariff-nocustomcolor\" style=\"background-color:#a8a8a8;border-radius:1%\"><a href=\"mailto:?body=https%3A%2F%2Fwww.sonnenseite.com%2Fde%2Fpolitik%2Fvon-der-leyen-und-atomallianz-gefaehrden-sicherheit-wirtschaft-und-klimaschutz%2F&subject=Von%20der%20Leyen%20und%20Atomallianz%20gef%C3%A4hrden%20Sicherheit%2C%20Wirtschaft%20und%20Klimaschutz\" title=\"Per E-Mail versenden\" aria-label=\"Per E-Mail versenden\" role=\"button\" rel=\"noopener nofollow\" class=\"shariff-link\" style=\";border-radius:1%; background-color:#999; color:#fff\"><span class=\"shariff-icon\" style=\"\"><svg width=\"32px\" height=\"20px\" xmlns=\"http:\/\/www.w3.org\/2000\/svg\" viewBox=\"0 0 32 32\"><path fill=\"#999\" d=\"M32 12.7v14.2q0 1.2-0.8 2t-2 0.9h-26.3q-1.2 0-2-0.9t-0.8-2v-14.2q0.8 0.9 1.8 1.6 6.5 4.4 8.9 6.1 1 0.8 1.6 1.2t1.7 0.9 2 0.4h0.1q0.9 0 2-0.4t1.7-0.9 1.6-1.2q3-2.2 8.9-6.1 1-0.7 1.8-1.6zM32 7.4q0 1.4-0.9 2.7t-2.2 2.2q-6.7 4.7-8.4 5.8-0.2 0.1-0.7 0.5t-1 0.7-0.9 0.6-1.1 0.5-0.9 0.2h-0.1q-0.4 0-0.9-0.2t-1.1-0.5-0.9-0.6-1-0.7-0.7-0.5q-1.6-1.1-4.7-3.2t-3.6-2.6q-1.1-0.7-2.1-2t-1-2.5q0-1.4 0.7-2.3t2.1-0.9h26.3q1.2 0 2 0.8t0.9 2z\"\/><\/svg><\/span><\/a><\/li><\/ul><\/div>","protected":false},"excerpt":{"rendered":"<p>Neue Analyse zeigt die massiven Gefahren der Atomkraft. Am 21.3.2024 fand in Br\u00fcssel der Atomgipfel der [&hellip;]<\/p>\n","protected":false},"author":3,"featured_media":4539,"comment_status":"closed","ping_status":"closed","sticky":false,"template":"","format":"standard","meta":{"inline_featured_image":false,"footnotes":""},"categories":[21],"tags":[],"class_list":["post-98936","post","type-post","status-publish","format-standard","has-post-thumbnail","hentry","category-politik"],"yoast_head":"<!-- This site is optimized with the Yoast SEO plugin v26.5 - https:\/\/yoast.com\/wordpress\/plugins\/seo\/ -->\n<title>Von der Leyen und Atomallianz gef\u00e4hrden Sicherheit, Wirtschaft und Klimaschutz - Sonnenseite - \u00d6kologische Kommunikation mit Franz Alt<\/title>\n<meta name=\"description\" content=\"Neue Analyse zeigt die massiven Gefahren der Atomkraft. Am 21.3.2024 fand in Br\u00fcssel der Atomgipfel der Atom-Allianz von etwa 30 Staaten statt.\" \/>\n<meta name=\"robots\" content=\"index, follow, max-snippet:-1, max-image-preview:large, max-video-preview:-1\" \/>\n<link rel=\"canonical\" href=\"https:\/\/www.sonnenseite.com\/de\/politik\/von-der-leyen-und-atomallianz-gefaehrden-sicherheit-wirtschaft-und-klimaschutz\/\" \/>\n<meta property=\"og:locale\" content=\"de_DE\" \/>\n<meta property=\"og:type\" content=\"article\" \/>\n<meta property=\"og:title\" content=\"Von der Leyen und Atomallianz gef\u00e4hrden Sicherheit, Wirtschaft und Klimaschutz - Sonnenseite - \u00d6kologische Kommunikation mit Franz Alt\" \/>\n<meta property=\"og:description\" content=\"Neue Analyse zeigt die massiven Gefahren der Atomkraft. Am 21.3.2024 fand in Br\u00fcssel der Atomgipfel der Atom-Allianz von etwa 30 Staaten statt.\" \/>\n<meta property=\"og:url\" content=\"https:\/\/www.sonnenseite.com\/de\/politik\/von-der-leyen-und-atomallianz-gefaehrden-sicherheit-wirtschaft-und-klimaschutz\/\" \/>\n<meta property=\"og:site_name\" content=\"Sonnenseite\" \/>\n<meta property=\"article:publisher\" content=\"https:\/\/www.facebook.com\/pages\/Franz-Alt-SONNENSEITECOM\/221072987903953?fref=ts\" \/>\n<meta property=\"article:published_time\" content=\"2024-04-17T00:42:00+00:00\" \/>\n<meta property=\"og:image\" content=\"https:\/\/www.sonnenseite.com\/wp-content\/uploads\/2019\/12\/UrsulavonderLeyen-EP.jpg\" \/>\n\t<meta property=\"og:image:width\" content=\"770\" \/>\n\t<meta property=\"og:image:height\" content=\"420\" \/>\n\t<meta property=\"og:image:type\" content=\"image\/jpeg\" \/>\n<meta name=\"author\" content=\"Bigi Alt\" \/>\n<meta name=\"twitter:card\" content=\"summary_large_image\" \/>\n<meta name=\"twitter:creator\" content=\"@franzalt\" \/>\n<meta name=\"twitter:site\" content=\"@franzalt\" \/>\n<meta name=\"twitter:label1\" content=\"Verfasst von\" \/>\n\t<meta name=\"twitter:data1\" content=\"Bigi Alt\" \/>\n\t<meta name=\"twitter:label2\" content=\"Gesch\u00e4tzte Lesezeit\" \/>\n\t<meta name=\"twitter:data2\" content=\"8\u00a0Minuten\" \/>\n<script type=\"application\/ld+json\" class=\"yoast-schema-graph\">{\"@context\":\"https:\/\/schema.org\",\"@graph\":[{\"@type\":\"Article\",\"@id\":\"https:\/\/www.sonnenseite.com\/de\/politik\/von-der-leyen-und-atomallianz-gefaehrden-sicherheit-wirtschaft-und-klimaschutz\/#article\",\"isPartOf\":{\"@id\":\"https:\/\/www.sonnenseite.com\/de\/politik\/von-der-leyen-und-atomallianz-gefaehrden-sicherheit-wirtschaft-und-klimaschutz\/\"},\"author\":{\"name\":\"Bigi Alt\",\"@id\":\"https:\/\/www.sonnenseite.com\/de\/#\/schema\/person\/50fda0e926597684c7cc6695238a4eb9\"},\"headline\":\"Von der Leyen und Atomallianz gef\u00e4hrden Sicherheit, Wirtschaft und Klimaschutz\",\"datePublished\":\"2024-04-17T00:42:00+00:00\",\"mainEntityOfPage\":{\"@id\":\"https:\/\/www.sonnenseite.com\/de\/politik\/von-der-leyen-und-atomallianz-gefaehrden-sicherheit-wirtschaft-und-klimaschutz\/\"},\"wordCount\":1550,\"publisher\":{\"@id\":\"https:\/\/www.sonnenseite.com\/de\/#organization\"},\"image\":{\"@id\":\"https:\/\/www.sonnenseite.com\/de\/politik\/von-der-leyen-und-atomallianz-gefaehrden-sicherheit-wirtschaft-und-klimaschutz\/#primaryimage\"},\"thumbnailUrl\":\"https:\/\/www.sonnenseite.com\/wp-content\/uploads\/2019\/12\/UrsulavonderLeyen-EP.jpg\",\"articleSection\":[\"Politik\"],\"inLanguage\":\"de\"},{\"@type\":\"WebPage\",\"@id\":\"https:\/\/www.sonnenseite.com\/de\/politik\/von-der-leyen-und-atomallianz-gefaehrden-sicherheit-wirtschaft-und-klimaschutz\/\",\"url\":\"https:\/\/www.sonnenseite.com\/de\/politik\/von-der-leyen-und-atomallianz-gefaehrden-sicherheit-wirtschaft-und-klimaschutz\/\",\"name\":\"Von der Leyen und Atomallianz gef\u00e4hrden Sicherheit, Wirtschaft und Klimaschutz - Sonnenseite - \u00d6kologische Kommunikation mit Franz Alt\",\"isPartOf\":{\"@id\":\"https:\/\/www.sonnenseite.com\/de\/#website\"},\"primaryImageOfPage\":{\"@id\":\"https:\/\/www.sonnenseite.com\/de\/politik\/von-der-leyen-und-atomallianz-gefaehrden-sicherheit-wirtschaft-und-klimaschutz\/#primaryimage\"},\"image\":{\"@id\":\"https:\/\/www.sonnenseite.com\/de\/politik\/von-der-leyen-und-atomallianz-gefaehrden-sicherheit-wirtschaft-und-klimaschutz\/#primaryimage\"},\"thumbnailUrl\":\"https:\/\/www.sonnenseite.com\/wp-content\/uploads\/2019\/12\/UrsulavonderLeyen-EP.jpg\",\"datePublished\":\"2024-04-17T00:42:00+00:00\",\"description\":\"Neue Analyse zeigt die massiven Gefahren der Atomkraft. Am 21.3.2024 fand in Br\u00fcssel der Atomgipfel der Atom-Allianz von etwa 30 Staaten statt.\",\"breadcrumb\":{\"@id\":\"https:\/\/www.sonnenseite.com\/de\/politik\/von-der-leyen-und-atomallianz-gefaehrden-sicherheit-wirtschaft-und-klimaschutz\/#breadcrumb\"},\"inLanguage\":\"de\",\"potentialAction\":[{\"@type\":\"ReadAction\",\"target\":[\"https:\/\/www.sonnenseite.com\/de\/politik\/von-der-leyen-und-atomallianz-gefaehrden-sicherheit-wirtschaft-und-klimaschutz\/\"]}]},{\"@type\":\"ImageObject\",\"inLanguage\":\"de\",\"@id\":\"https:\/\/www.sonnenseite.com\/de\/politik\/von-der-leyen-und-atomallianz-gefaehrden-sicherheit-wirtschaft-und-klimaschutz\/#primaryimage\",\"url\":\"https:\/\/www.sonnenseite.com\/wp-content\/uploads\/2019\/12\/UrsulavonderLeyen-EP.jpg\",\"contentUrl\":\"https:\/\/www.sonnenseite.com\/wp-content\/uploads\/2019\/12\/UrsulavonderLeyen-EP.jpg\",\"width\":770,\"height\":420,\"caption\":\"Europ\u00e4ische Kommission | EU-Kommissionspr\u00e4sidentin Ursula von der Leyen | Source EP, CC-BY 4.0 | Pietro Naj-Oleari\"},{\"@type\":\"BreadcrumbList\",\"@id\":\"https:\/\/www.sonnenseite.com\/de\/politik\/von-der-leyen-und-atomallianz-gefaehrden-sicherheit-wirtschaft-und-klimaschutz\/#breadcrumb\",\"itemListElement\":[{\"@type\":\"ListItem\",\"position\":1,\"name\":\"Startseite\",\"item\":\"https:\/\/www.sonnenseite.com\/de\/\"},{\"@type\":\"ListItem\",\"position\":2,\"name\":\"Von der Leyen und Atomallianz gef\u00e4hrden Sicherheit, Wirtschaft und Klimaschutz\"}]},{\"@type\":\"WebSite\",\"@id\":\"https:\/\/www.sonnenseite.com\/de\/#website\",\"url\":\"https:\/\/www.sonnenseite.com\/de\/\",\"name\":\"Sonnenseite\",\"description\":\"\u00d6kologische Kommunikation mit Franz Alt\",\"publisher\":{\"@id\":\"https:\/\/www.sonnenseite.com\/de\/#organization\"},\"potentialAction\":[{\"@type\":\"SearchAction\",\"target\":{\"@type\":\"EntryPoint\",\"urlTemplate\":\"https:\/\/www.sonnenseite.com\/de\/?s={search_term_string}\"},\"query-input\":{\"@type\":\"PropertyValueSpecification\",\"valueRequired\":true,\"valueName\":\"search_term_string\"}}],\"inLanguage\":\"de\"},{\"@type\":\"Organization\",\"@id\":\"https:\/\/www.sonnenseite.com\/de\/#organization\",\"name\":\"Sonnenseite\",\"url\":\"https:\/\/www.sonnenseite.com\/de\/\",\"logo\":{\"@type\":\"ImageObject\",\"inLanguage\":\"de\",\"@id\":\"https:\/\/www.sonnenseite.com\/de\/#\/schema\/logo\/image\/\",\"url\":\"https:\/\/www.sonnenseite.com\/wp-content\/uploads\/2020\/05\/Sonnenseite_Logo.png\",\"contentUrl\":\"https:\/\/www.sonnenseite.com\/wp-content\/uploads\/2020\/05\/Sonnenseite_Logo.png\",\"width\":377,\"height\":90,\"caption\":\"Sonnenseite\"},\"image\":{\"@id\":\"https:\/\/www.sonnenseite.com\/de\/#\/schema\/logo\/image\/\"},\"sameAs\":[\"https:\/\/www.facebook.com\/pages\/Franz-Alt-SONNENSEITECOM\/221072987903953?fref=ts\",\"https:\/\/x.com\/franzalt\",\"http:\/\/www.youtube.com\/results?search_query&amp;amp;quot;franz_alt&amp;amp;quot;&amp;amp;amp;amp;search_type&amp;amp;amp;amp;aq=f\"]},{\"@type\":\"Person\",\"@id\":\"https:\/\/www.sonnenseite.com\/de\/#\/schema\/person\/50fda0e926597684c7cc6695238a4eb9\",\"name\":\"Bigi Alt\"}]}<\/script>\n<!-- \/ Yoast SEO plugin. -->","yoast_head_json":{"title":"Von der Leyen und Atomallianz gef\u00e4hrden Sicherheit, Wirtschaft und Klimaschutz - Sonnenseite - \u00d6kologische Kommunikation mit Franz Alt","description":"Neue Analyse zeigt die massiven Gefahren der Atomkraft. Am 21.3.2024 fand in Br\u00fcssel der Atomgipfel der Atom-Allianz von etwa 30 Staaten statt.","robots":{"index":"index","follow":"follow","max-snippet":"max-snippet:-1","max-image-preview":"max-image-preview:large","max-video-preview":"max-video-preview:-1"},"canonical":"https:\/\/www.sonnenseite.com\/de\/politik\/von-der-leyen-und-atomallianz-gefaehrden-sicherheit-wirtschaft-und-klimaschutz\/","og_locale":"de_DE","og_type":"article","og_title":"Von der Leyen und Atomallianz gef\u00e4hrden Sicherheit, Wirtschaft und Klimaschutz - Sonnenseite - \u00d6kologische Kommunikation mit Franz Alt","og_description":"Neue Analyse zeigt die massiven Gefahren der Atomkraft. Am 21.3.2024 fand in Br\u00fcssel der Atomgipfel der Atom-Allianz von etwa 30 Staaten statt.","og_url":"https:\/\/www.sonnenseite.com\/de\/politik\/von-der-leyen-und-atomallianz-gefaehrden-sicherheit-wirtschaft-und-klimaschutz\/","og_site_name":"Sonnenseite","article_publisher":"https:\/\/www.facebook.com\/pages\/Franz-Alt-SONNENSEITECOM\/221072987903953?fref=ts","article_published_time":"2024-04-17T00:42:00+00:00","og_image":[{"width":770,"height":420,"url":"https:\/\/www.sonnenseite.com\/wp-content\/uploads\/2019\/12\/UrsulavonderLeyen-EP.jpg","type":"image\/jpeg"}],"author":"Bigi Alt","twitter_card":"summary_large_image","twitter_creator":"@franzalt","twitter_site":"@franzalt","twitter_misc":{"Verfasst von":"Bigi Alt","Gesch\u00e4tzte Lesezeit":"8\u00a0Minuten"},"schema":{"@context":"https:\/\/schema.org","@graph":[{"@type":"Article","@id":"https:\/\/www.sonnenseite.com\/de\/politik\/von-der-leyen-und-atomallianz-gefaehrden-sicherheit-wirtschaft-und-klimaschutz\/#article","isPartOf":{"@id":"https:\/\/www.sonnenseite.com\/de\/politik\/von-der-leyen-und-atomallianz-gefaehrden-sicherheit-wirtschaft-und-klimaschutz\/"},"author":{"name":"Bigi Alt","@id":"https:\/\/www.sonnenseite.com\/de\/#\/schema\/person\/50fda0e926597684c7cc6695238a4eb9"},"headline":"Von der Leyen und Atomallianz gef\u00e4hrden Sicherheit, Wirtschaft und Klimaschutz","datePublished":"2024-04-17T00:42:00+00:00","mainEntityOfPage":{"@id":"https:\/\/www.sonnenseite.com\/de\/politik\/von-der-leyen-und-atomallianz-gefaehrden-sicherheit-wirtschaft-und-klimaschutz\/"},"wordCount":1550,"publisher":{"@id":"https:\/\/www.sonnenseite.com\/de\/#organization"},"image":{"@id":"https:\/\/www.sonnenseite.com\/de\/politik\/von-der-leyen-und-atomallianz-gefaehrden-sicherheit-wirtschaft-und-klimaschutz\/#primaryimage"},"thumbnailUrl":"https:\/\/www.sonnenseite.com\/wp-content\/uploads\/2019\/12\/UrsulavonderLeyen-EP.jpg","articleSection":["Politik"],"inLanguage":"de"},{"@type":"WebPage","@id":"https:\/\/www.sonnenseite.com\/de\/politik\/von-der-leyen-und-atomallianz-gefaehrden-sicherheit-wirtschaft-und-klimaschutz\/","url":"https:\/\/www.sonnenseite.com\/de\/politik\/von-der-leyen-und-atomallianz-gefaehrden-sicherheit-wirtschaft-und-klimaschutz\/","name":"Von der Leyen und Atomallianz gef\u00e4hrden Sicherheit, Wirtschaft und Klimaschutz - Sonnenseite - \u00d6kologische Kommunikation mit Franz Alt","isPartOf":{"@id":"https:\/\/www.sonnenseite.com\/de\/#website"},"primaryImageOfPage":{"@id":"https:\/\/www.sonnenseite.com\/de\/politik\/von-der-leyen-und-atomallianz-gefaehrden-sicherheit-wirtschaft-und-klimaschutz\/#primaryimage"},"image":{"@id":"https:\/\/www.sonnenseite.com\/de\/politik\/von-der-leyen-und-atomallianz-gefaehrden-sicherheit-wirtschaft-und-klimaschutz\/#primaryimage"},"thumbnailUrl":"https:\/\/www.sonnenseite.com\/wp-content\/uploads\/2019\/12\/UrsulavonderLeyen-EP.jpg","datePublished":"2024-04-17T00:42:00+00:00","description":"Neue Analyse zeigt die massiven Gefahren der Atomkraft. Am 21.3.2024 fand in Br\u00fcssel der Atomgipfel der Atom-Allianz von etwa 30 Staaten statt.","breadcrumb":{"@id":"https:\/\/www.sonnenseite.com\/de\/politik\/von-der-leyen-und-atomallianz-gefaehrden-sicherheit-wirtschaft-und-klimaschutz\/#breadcrumb"},"inLanguage":"de","potentialAction":[{"@type":"ReadAction","target":["https:\/\/www.sonnenseite.com\/de\/politik\/von-der-leyen-und-atomallianz-gefaehrden-sicherheit-wirtschaft-und-klimaschutz\/"]}]},{"@type":"ImageObject","inLanguage":"de","@id":"https:\/\/www.sonnenseite.com\/de\/politik\/von-der-leyen-und-atomallianz-gefaehrden-sicherheit-wirtschaft-und-klimaschutz\/#primaryimage","url":"https:\/\/www.sonnenseite.com\/wp-content\/uploads\/2019\/12\/UrsulavonderLeyen-EP.jpg","contentUrl":"https:\/\/www.sonnenseite.com\/wp-content\/uploads\/2019\/12\/UrsulavonderLeyen-EP.jpg","width":770,"height":420,"caption":"Europ\u00e4ische Kommission | EU-Kommissionspr\u00e4sidentin Ursula von der Leyen | Source EP, CC-BY 4.0 | Pietro Naj-Oleari"},{"@type":"BreadcrumbList","@id":"https:\/\/www.sonnenseite.com\/de\/politik\/von-der-leyen-und-atomallianz-gefaehrden-sicherheit-wirtschaft-und-klimaschutz\/#breadcrumb","itemListElement":[{"@type":"ListItem","position":1,"name":"Startseite","item":"https:\/\/www.sonnenseite.com\/de\/"},{"@type":"ListItem","position":2,"name":"Von der Leyen und Atomallianz gef\u00e4hrden Sicherheit, Wirtschaft und Klimaschutz"}]},{"@type":"WebSite","@id":"https:\/\/www.sonnenseite.com\/de\/#website","url":"https:\/\/www.sonnenseite.com\/de\/","name":"Sonnenseite","description":"\u00d6kologische Kommunikation mit Franz Alt","publisher":{"@id":"https:\/\/www.sonnenseite.com\/de\/#organization"},"potentialAction":[{"@type":"SearchAction","target":{"@type":"EntryPoint","urlTemplate":"https:\/\/www.sonnenseite.com\/de\/?s={search_term_string}"},"query-input":{"@type":"PropertyValueSpecification","valueRequired":true,"valueName":"search_term_string"}}],"inLanguage":"de"},{"@type":"Organization","@id":"https:\/\/www.sonnenseite.com\/de\/#organization","name":"Sonnenseite","url":"https:\/\/www.sonnenseite.com\/de\/","logo":{"@type":"ImageObject","inLanguage":"de","@id":"https:\/\/www.sonnenseite.com\/de\/#\/schema\/logo\/image\/","url":"https:\/\/www.sonnenseite.com\/wp-content\/uploads\/2020\/05\/Sonnenseite_Logo.png","contentUrl":"https:\/\/www.sonnenseite.com\/wp-content\/uploads\/2020\/05\/Sonnenseite_Logo.png","width":377,"height":90,"caption":"Sonnenseite"},"image":{"@id":"https:\/\/www.sonnenseite.com\/de\/#\/schema\/logo\/image\/"},"sameAs":["https:\/\/www.facebook.com\/pages\/Franz-Alt-SONNENSEITECOM\/221072987903953?fref=ts","https:\/\/x.com\/franzalt","http:\/\/www.youtube.com\/results?search_query&amp;amp;quot;franz_alt&amp;amp;quot;&amp;amp;amp;amp;search_type&amp;amp;amp;amp;aq=f"]},{"@type":"Person","@id":"https:\/\/www.sonnenseite.com\/de\/#\/schema\/person\/50fda0e926597684c7cc6695238a4eb9","name":"Bigi Alt"}]}},"_links":{"self":[{"href":"https:\/\/www.sonnenseite.com\/de\/wp-json\/wp\/v2\/posts\/98936","targetHints":{"allow":["GET"]}}],"collection":[{"href":"https:\/\/www.sonnenseite.com\/de\/wp-json\/wp\/v2\/posts"}],"about":[{"href":"https:\/\/www.sonnenseite.com\/de\/wp-json\/wp\/v2\/types\/post"}],"author":[{"embeddable":true,"href":"https:\/\/www.sonnenseite.com\/de\/wp-json\/wp\/v2\/users\/3"}],"replies":[{"embeddable":true,"href":"https:\/\/www.sonnenseite.com\/de\/wp-json\/wp\/v2\/comments?post=98936"}],"version-history":[{"count":2,"href":"https:\/\/www.sonnenseite.com\/de\/wp-json\/wp\/v2\/posts\/98936\/revisions"}],"predecessor-version":[{"id":98938,"href":"https:\/\/www.sonnenseite.com\/de\/wp-json\/wp\/v2\/posts\/98936\/revisions\/98938"}],"wp:featuredmedia":[{"embeddable":true,"href":"https:\/\/www.sonnenseite.com\/de\/wp-json\/wp\/v2\/media\/4539"}],"wp:attachment":[{"href":"https:\/\/www.sonnenseite.com\/de\/wp-json\/wp\/v2\/media?parent=98936"}],"wp:term":[{"taxonomy":"category","embeddable":true,"href":"https:\/\/www.sonnenseite.com\/de\/wp-json\/wp\/v2\/categories?post=98936"},{"taxonomy":"post_tag","embeddable":true,"href":"https:\/\/www.sonnenseite.com\/de\/wp-json\/wp\/v2\/tags?post=98936"}],"curies":[{"name":"wp","href":"https:\/\/api.w.org\/{rel}","templated":true}]}}