{"id":99065,"date":"2024-04-23T19:39:41","date_gmt":"2024-04-23T17:39:41","guid":{"rendered":"https:\/\/www.sonnenseite.com\/?p=99065"},"modified":"2024-05-09T10:17:11","modified_gmt":"2024-05-09T08:17:11","slug":"weltweit-starker-ausbau-der-erneuerbaren-energien","status":"publish","type":"post","link":"https:\/\/www.sonnenseite.com\/de\/politik\/weltweit-starker-ausbau-der-erneuerbaren-energien\/","title":{"rendered":"Weltweit starker Ausbau der Erneuerbaren Energien"},"content":{"rendered":"\n<p>IRENA Chef: Alleine in 2023 wurden mehr Erneuerbare Energien zugebaut, als die Atomenergie in 70 Jahren insgesamt erreicht hat.<\/p>\n\n\n\n<p>Letzte Woche war in Abu Dhabi die diesj\u00e4hrige <a href=\"https:\/\/coalition.irena.org\/\" target=\"_blank\" rel=\"noreferrer noopener\">Vollversammlung der International Renewable Energy Agency (IRENA).<\/a> \u00dcber 180 Nationen, und damit fast alle der bei den Vereinten Nationen anerkannten Nationen, nahmen als Mitglieder der IRENA teil.<\/p>\n\n\n\n<p>Die IRENA ist eine Regierungsorganisation, die seit ihrer Gr\u00fcndung im Jahr 2010 das Ziel verfolgt, den globalen Ausbau Erneuerbarer Energien zu unterst\u00fctzen. Bis 2010 gab es nur zwei internationale Energieregierungsorganisationen: die IAEO in Wien, die den Ausbau der Atomenergie f\u00f6rdert, und die IEA in Paris, deren Auftrag nach der \u00d6lkrise von 1973 darin besteht, die Versorgungssicherheit mit fossilen Energien zu gew\u00e4hrleisten. Ausgehend von EUROSOLAR mit seinem Pr\u00e4sidenten Hermann Scheer gelang es, die IRENA auf den Weg zu bringen. W\u00e4hrend meiner Zeit im Bundestag war ich intensiv am Gr\u00fcndungsprozess beteiligt.<\/p>\n\n\n\n<p>Im Mittelpunkt der Vollversammlung standen die neuen Analysen der IRENA zum Ausbau Erneuerbarer Energien. <a href=\"https:\/\/mc-cd8320d4-36a1-40ac-83cc-3389-cdn-endpoint.azureedge.net\/-\/media\/Files\/IRENA\/Agency\/Publication\/2024\/Mar\/IRENA_Tracking_COP28_outcomes_2024.pdf?rev=6a40bf8184744e209283c159ab779603\" target=\"_blank\" rel=\"noreferrer noopener\">Ein Bericht beleuchtete auch das globale Ziel der Verdreifachung Erneuerbarer Energien bis 2030<\/a>, das auf der Klimakonferenz COP 28 in Dubai beschlossen wurde.<\/p>\n\n\n\n<h4 class=\"wp-block-heading\">Erfolg: Der Ausbau Erneuerbarer Energien ist wesentlich st\u00e4rker als in vergangenen Vorhersagen angenommen und stellt die Atomenergie vollst\u00e4ndig in den Schatten<\/h4>\n\n\n\n<p>Nach diesem IRENA-Bericht ist der Ausbau erneuerbarer Energien wesentlich erfolgreicher und st\u00e4rker als noch vor Jahren f\u00fcr m\u00f6glich gehalten wurde. Im letzten Jahr 2023 wurden etwa 473 GW neue Kapazit\u00e4ten an erneuerbaren Energien installiert. Dies betrifft haupts\u00e4chlich PV (346 GW) und Wind (116 GW), aber auch Wasserkraft (7 GW), Bioenergie (4 GW), Geothermie (0,2 GW) und Meeresenergien (0,002 GW).<\/p>\n\n\n\n<p>Der Generalsekret\u00e4r der IRENA, Francesco La Camera, betonte in seinem Redebeitrag vor der IRENA-Vollversammlung, dass der Zubau an Erneuerbaren Energien allein im letzten Jahr 2023 mit 473 GW deutlich h\u00f6her liegt als die gesamte Atomwirtschaft in den letzten 70 Jahren aufgebaut hat. <a href=\"https:\/\/www.grs.de\/de\/aktuelles\/kernenergie-weltweit-2023#:~:text=Dementsprechend%20stieg%20die%20installierte%20elektrische,der%20Kernenergie%20zur%20Stromerzeugung%20eingeschlagen\" target=\"_blank\" rel=\"noreferrer noopener\">Tats\u00e4chlich liegt die aktuelle installierte elektrische Nettoleistung der Atomkraft im Jahr 2023 bei etwa 378 GW<\/a>, wobei ein geringf\u00fcgiger Nettozubau von 4 GW verzeichnet wurde, also etwa so viel wie allein an Bioenergiekapazit\u00e4ten zugebaut wurde.<\/p>\n\n\n\n<h4 class=\"wp-block-heading\">Herausforderung: Der Ausbau der Erneuerbaren Energien ist aktuell noch nicht stark genug<\/h4>\n\n\n\n<p>Allerdings betonte der IRENA-Bericht auch klar, dass die gegenw\u00e4rtig erfreulich hohen Ausbaugeschwindigkeiten immer noch nicht ausreichen, um das Ziel der Verdreifachung bis 2030 zu erreichen. Daher wurde auf der IRENA-Vollversammlung immer wieder die Mahnung laut, die Ausbaugeschwindigkeiten weiter zu beschleunigen.<\/p>\n\n\n\n<p>In meinem Redebeitrag bei der IRENA Coalition for Action betonte ich ebenfalls, dass selbst das Ziel der COP 28, n\u00e4mlich die Verdreifachung der Erneuerbaren-Energien-Kapazit\u00e4ten bis 2030, viel zu niedrig angesetzt ist, um effektiven Klimaschutz zu erreichen. Das Ziel m\u00fcsste die Erreichung von 100 % Erneuerbaren Energien bis 2030, sp\u00e4testens 2035 sein.<\/p>\n\n\n\n<h4 class=\"wp-block-heading\">Deutsche Regierung tritt offensiv f\u00fcr Erneuerbare Energien auf<\/h4>\n\n\n\n<p>Anders als viele andere Regierungen trat die deutsche Regierung auf der IRENA Versammlung offensiv mit Forderungen zum beschleunigten Ausbau und daf\u00fcr notwendigen politischen Rahmenbedingungen auf. Dies war wohltuend st\u00e4rker als in der Zeit unter Kanzlerin Merkel.<\/p>\n\n\n\n<p>Deutschland wurde durch Staatssekret\u00e4r Stefan Wenzel (B\u00fcndnis 90\/Die Gr\u00fcnen) vertreten.<\/p>\n\n\n\n<p>Hier ist sein Redebeitrag, den er mir dankenswerter Weise zur Verf\u00fcgung stellte. Er hob sich deutlich von den zahlreichen allgemeinen Aussagen zu Erneuerbaren Energien ab, die viele andere Regierungsvertreter boten, und machte klar, dass sie weiterhin an Atomenergie, Kohle, Erd\u00f6l und Erdgas festhalten m\u00f6chten:<\/p>\n\n\n\n<p><em>\u201eLiebe Kolleginnen und Kollegen,<\/em><\/p>\n\n\n\n<p><em>ich m\u00f6chte die Dringlichkeit der Umsetzung der COP28-Energieergebnisse unterstreichen, die Deutschland sehr begr\u00fc\u00dft. <\/em><em>Wir brauchen Tempo und Gr\u00f6\u00dfe, um die Effizienz zu verdoppeln und die erneuerbaren Energien zu verdreifachen, Methan zu reduzieren und unsere Abh\u00e4ngigkeit von fossilen Brennstoffen zu beenden.<\/em><\/p>\n\n\n\n<p><em><strong>Wir brauchen verl\u00e4ssliche Rahmenbedingungen f\u00fcr Investitionen. Was das bedeutet:<\/strong><\/em><\/p>\n\n\n\n<ul class=\"wp-block-list\">\n<li><em>Der erste wichtige Punkt ist, dass jeder Verbraucher und jedes Unternehmen, das erneuerbaren Strom produziert, den Strom ins Netz einspeisen kann und eine Verg\u00fctung erh\u00e4lt.<\/em><\/li>\n\n\n\n<li><em>Der zweite wichtige Punkt ist, dass der Netzbetreiber das Netz so betreibt, dass Flexibilit\u00e4t unterst\u00fctzt wird und verschiedene Speicher gut genutzt werden. Das k\u00f6nnen Gro\u00dfspeicher, Pumpspeicherkraftwerke, Elektroautos oder W\u00e4rmepumpen sein.<\/em><\/li>\n\n\n\n<li><em>Der dritte Punkt ist, dass die Strompreise f\u00fcr die Verbraucher kostendeckend sein m\u00fcssen. Mit erneuerbaren Energien k\u00f6nnen wir niedrigere Kosten f\u00fcr unsere Volkswirtschaften erreichen als mit fossilen Energien und wir k\u00f6nnen l\u00e4ndliche Gebiete, die bisher keinen Zugang zu Strom hatten, mit netzfernen L\u00f6sungen erschlie\u00dfen.<\/em><\/li>\n<\/ul>\n\n\n\n<p><em>In L\u00e4ndern mit schwieriger wirtschaftlicher Entwicklung, hohen Zinss\u00e4tzen oder hoher Inflation brauchen wir Instrumente, um Investitionsrisiken \u2013 ob real oder vermeintlich \u2013 zu mindern. Das k\u00f6nnten zum Beispiel Garantiezahlungen von \u00f6ffentlichen Entwicklungsbanken sein. Daran arbeiten wir mit verschiedenen Instrumenten und Partnern.\u201c<\/em><\/p>\n\n\n\n<h4 class=\"wp-block-heading\">IRENA Coalition for Action<\/h4>\n\n\n\n<p>Neben der eigentlichen Aktivit\u00e4t der Regierungen gibt es bei der IRENA seit 2014 auch ein Beratungsgremium, welches unabh\u00e4ngig von Regierungsinteressen die IRENA-Aktivit\u00e4ten unterst\u00fctzt: <a href=\"https:\/\/coalition.irena.org\/\" target=\"_blank\" rel=\"noreferrer noopener\">Die IRENA Coalition for Action.<\/a><\/p>\n\n\n\n<p>Von Anfang an konnte ich daran mitwirken.<\/p>\n\n\n\n<p>Die Coalition for Action hat in ihren Arbeitsgruppen bereits vielbeachtete Vorschl\u00e4ge erarbeitet, die auf das Ziel der Erreichung von 100 % Erneuerbaren Energien, den Ausbau der B\u00fcrgerenergien sowie die Einbindung der Landwirtschaft mit Agri-PV und nachhaltigen Biokraftstoffen abzielen.<\/p>\n\n\n\n<h4 class=\"wp-block-heading\">100% Erneuerbare Energien als entscheidendes Ziel<\/h4>\n\n\n\n<p>Auf der IRENA-Versammlung wurde <a href=\"https:\/\/mc-cd8320d4-36a1-40ac-83cc-3389-cdn-endpoint.azureedge.net\/-\/media\/Files\/IRENA\/Coalition-for-Action\/Publication\/IRENA_Coalition_100_RE_scenarios_2024.pdf?rev=4014cb6bb6b94966a2b254dabd0efb3b\" target=\"_blank\" rel=\"noreferrer noopener\">die neueste Studie der IRENA Coalition for Action vorgestellt:<\/a> Eine \u00dcbersicht \u00fcber alle weltweit verf\u00fcgbaren wissenschaftlichen Untersuchungen zur Deckung des globalen Energiebedarfs mit 100 % Erneuerbaren Energien.<\/p>\n\n\n\n<p>Die Vorstellung dieser \u00dcbersicht durch die IRENA ist besonders bedeutsam, da immer noch einige Regierungen weltweit die Machbarkeit von 100 % Erneuerbaren Energien anzweifeln. Die Studie wurde aufgrund meines Vorschlags von der Coalition for Action aufgegriffen und umgesetzt.<\/p>\n\n\n\n<h4 class=\"wp-block-heading\">Wesentliche Inhalte dieser Ver\u00f6ffentlichung zu 100% Erneuerbaren Energien:<\/h4>\n\n\n\n<p>Drei Szenarien f\u00fcr die Energiewende mit dem Ziel, bis 2050 100 % Erneuerbare Energie zu erreichen, wurden betrachtet:<\/p>\n\n\n\n<ol class=\"wp-block-list\">\n<li>Das Lappeenranta-Lahti University of Technology (LUT) Global 100% RE Scenario in Zusammenarbeit mit der Energy Watch Group (Bogdanov et al., 2021).<\/li>\n\n\n\n<li>Das 1,5\u00b0C-Szenario der University of Technology Sydney (UTS) in ihrem \u201eAchieving the Paris Climate Goals\u201c Report (Teske, 2019).<\/li>\n\n\n\n<li>Das 100% Wind-Wasser-Solar (WWS) Szenario der Stanford University, das speziell 145 L\u00e4nder abdeckt (Jacobson et al., 2022).<\/li>\n<\/ol>\n\n\n\n<p>Diese Szenarien wurden ausgew\u00e4hlt, weil sie den Grunds\u00e4tzen von 100 % Erneuerbarer Energie entsprechen, global angelegt sind und ihre Analyse bis 2050 erstrecken.<\/p>\n\n\n\n<p>Die wichtigsten Empfehlungen lauten wie folgt:<\/p>\n\n\n\n<p>Umstellung auf 100 % Erneuerbare Energien und Ausstieg aus fossilen und atomaren Brennstoffen.<\/p>\n\n\n\n<p>Erh\u00f6hung der politischen Ziele f\u00fcr Erneuerbare Energien, um einen Anteil von bis zu 100 % aus Erneuerbaren Energien zu erreichen. Dies erfordert die Schaffung von Rahmenbedingungen und Anreizen f\u00fcr ihren Einsatz und Ausbau, einschlie\u00dflich der Planung und Entwicklung von Stromnetzen und lokalen Versorgungsketten.<\/p>\n\n\n\n<p>Aufgrund ihrer Ausgereiftheit, rasch sinkenden Kosten und Einsatzf\u00e4higkeit bieten Erneuerbare Energien eine sichere Energieversorgung, ohne dass auf neue Innovationen oder riskante und sch\u00e4dliche nukleare und fossile Technologien zur\u00fcckgegriffen werden muss.<\/p>\n\n\n\n<p>Angesichts der Wettbewerbsf\u00e4higkeit Erneuerbarer Energietechnologien sollte die Erkundung und F\u00f6rderung fossiler Brennstoffe sowie der Bau neuer Infrastrukturen und Anlagen f\u00fcr fossile Brennstoffe vollst\u00e4ndig eingestellt werden. Die Fortsetzung der F\u00f6rderung fossiler Brennstoffe und des Ausbaus der Infrastruktur f\u00fchrt zu Fehlinvestitionen sowie sozio\u00f6konomischen und \u00f6kologischen Auswirkungen und Folgekosten. Zudem besteht die Gefahr, dass die globale Erw\u00e4rmung den Grenzwert von 1,5\u00b0C \u00fcberschreitet. Ein vollst\u00e4ndiger Ausstieg aus der Nutzung fossiler Brennstoffe und Subventionen f\u00fcr fossile Brennstoffe auf gerechte und ausgewogene Weise sollte daher eine Priorit\u00e4t auf der energiepolitischen Agenda darstellen.<\/p>\n\n\n\n<p>Es bleibt zu hoffen, dass diese Analyse ihre Wirkung nicht verfehlen wird. Jedenfalls ist es erstmals gelungen, die Umstellung auf 100 % Erneuerbare Energien als machbar und \u00f6konomisch vorteilhaft auf globaler Ebene den Regierungen der Welt vorzustellen.<\/p>\n\n\n\n<h4 class=\"wp-block-heading\">Klimawandel hat auch die Vereinigten Arabischen Emirate erreicht<\/h4>\n\n\n\n<p>W\u00e4hrend der IRENA Konferenzen in Abu Dhabi wurden die schlimmen Konsequenzen der Erdaufheizung sichtbar:<\/p>\n\n\n\n<p>Es gab es einen solch heftigen Regensturm, wie man ihn bisher im trockenen W\u00fcstenstaat seit vielen Jahrzehnten nicht kannte. Die \u00d6lscheichs der Emirate k\u00f6nnen wohl \u00d6l bohren, aber die von ihnen verursachten Klimawandelsch\u00e4den k\u00f6nnen sie offensichtlich nicht abfedern.<\/p>\n\n\n\n<p>Jedenfalls ist in unserem Luxushotel, St. REGIS SAADIYAT, wo die Irena Vollversammlung stattfand, das Dach so undicht, dass es in den riesigen Versammlungsr\u00e4umen Wassereinbr\u00fcche wie unter einer Dusche gab. Es war alles sehr be\u00e4ngstigend.<\/p>\n\n\n\n<p>Danach war die Technik f\u00fcr den Rest der IRENA Tagung vielfach ausgefallen:\u00a0 Dolmetscher konnten nicht mehr arbeiten, die gro\u00dfen Bildschirme fielen aus. Ausgerechnet unsere Veranstaltung, wo wir die 100% Erneuerbare Energien Studien vorstellten, musste abgebrochen werden. Tagelang war in gro\u00dfen Teilen Abu Dhabis das Internet und der Verkehr massiv eingeschr\u00e4nkt. Aber ich selbst und die Teilnehmer der Konferenz haben zum Gl\u00fcck alles bestens \u00fcberstanden \u2013 nur tausende umgeknickte Palmen leider nicht.<\/p>\n\n\n<h5 class=\"green\">Quelle<\/h5>\r\n\n\n\n<p><a href=\"http:\/\/www.hans-josef-fell.de\" target=\"_blank\" rel=\"noreferrer noopener\">Hans-Josef Fell 2024<\/a>\u00a0|\u00a0<a href=\"http:\/\/energywatchgroup.org\/\" target=\"_blank\" rel=\"noreferrer noopener\">Pr\u00e4sident der Energy Watch Group (EWG) und Autor des EEG<\/a><\/p>\n<div class=\"shariff shariff-align-flex-start shariff-widget-align-flex-start\"><div class=\"ShariffHeadline\">Diese Meldung teilen<\/div><ul class=\"shariff-buttons theme-round orientation-horizontal buttonsize-medium\"><li class=\"shariff-button facebook shariff-nocustomcolor\" style=\"background-color:#4273c8;border-radius:1%\"><a href=\"https:\/\/www.facebook.com\/sharer\/sharer.php?u=https%3A%2F%2Fwww.sonnenseite.com%2Fde%2Fpolitik%2Fweltweit-starker-ausbau-der-erneuerbaren-energien%2F\" title=\"Bei Facebook teilen\" aria-label=\"Bei Facebook teilen\" role=\"button\" rel=\"nofollow\" class=\"shariff-link\" style=\";border-radius:1%; background-color:#3b5998; color:#fff\" target=\"_blank\"><span class=\"shariff-icon\" style=\"\"><svg width=\"32px\" height=\"20px\" xmlns=\"http:\/\/www.w3.org\/2000\/svg\" viewBox=\"0 0 18 32\"><path fill=\"#3b5998\" d=\"M17.1 0.2v4.7h-2.8q-1.5 0-2.1 0.6t-0.5 1.9v3.4h5.2l-0.7 5.3h-4.5v13.6h-5.5v-13.6h-4.5v-5.3h4.5v-3.9q0-3.3 1.9-5.2t5-1.8q2.6 0 4.1 0.2z\"\/><\/svg><\/span><\/a><\/li><li class=\"shariff-button twitter shariff-nocustomcolor\" style=\"background-color:#595959;border-radius:1%\"><a href=\"https:\/\/twitter.com\/share?url=https%3A%2F%2Fwww.sonnenseite.com%2Fde%2Fpolitik%2Fweltweit-starker-ausbau-der-erneuerbaren-energien%2F&text=Weltweit%20starker%20Ausbau%20der%20Erneuerbaren%20Energien\" title=\"Bei X teilen\" aria-label=\"Bei X teilen\" role=\"button\" rel=\"noopener nofollow\" class=\"shariff-link\" style=\";border-radius:1%; background-color:#000; color:#fff\" target=\"_blank\"><span class=\"shariff-icon\" style=\"\"><svg width=\"32px\" height=\"20px\" xmlns=\"http:\/\/www.w3.org\/2000\/svg\" viewBox=\"0 0 24 24\"><path fill=\"#000\" d=\"M14.258 10.152L23.176 0h-2.113l-7.747 8.813L7.133 0H0l9.352 13.328L0 23.973h2.113l8.176-9.309 6.531 9.309h7.133zm-2.895 3.293l-.949-1.328L2.875 1.56h3.246l6.086 8.523.945 1.328 7.91 11.078h-3.246zm0 0\"\/><\/svg><\/span><\/a><\/li><li class=\"shariff-button xing shariff-nocustomcolor\" style=\"background-color:#29888a;border-radius:1%\"><a href=\"https:\/\/www.xing.com\/spi\/shares\/new?url=https%3A%2F%2Fwww.sonnenseite.com%2Fde%2Fpolitik%2Fweltweit-starker-ausbau-der-erneuerbaren-energien%2F\" title=\"Bei XING teilen\" aria-label=\"Bei XING teilen\" role=\"button\" rel=\"noopener nofollow\" class=\"shariff-link\" style=\";border-radius:1%; background-color:#126567; color:#fff\" target=\"_blank\"><span class=\"shariff-icon\" style=\"\"><svg width=\"32px\" height=\"20px\" xmlns=\"http:\/\/www.w3.org\/2000\/svg\" viewBox=\"0 0 25 32\"><path fill=\"#126567\" d=\"M10.7 11.9q-0.2 0.3-4.6 8.2-0.5 0.8-1.2 0.8h-4.3q-0.4 0-0.5-0.3t0-0.6l4.5-8q0 0 0 0l-2.9-5q-0.2-0.4 0-0.7 0.2-0.3 0.5-0.3h4.3q0.7 0 1.2 0.8zM25.1 0.4q0.2 0.3 0 0.7l-9.4 16.7 6 11q0.2 0.4 0 0.6-0.2 0.3-0.6 0.3h-4.3q-0.7 0-1.2-0.8l-6-11.1q0.3-0.6 9.5-16.8 0.4-0.8 1.2-0.8h4.3q0.4 0 0.5 0.3z\"\/><\/svg><\/span><\/a><\/li><li class=\"shariff-button linkedin shariff-nocustomcolor\" style=\"background-color:#1488bf;border-radius:1%\"><a href=\"https:\/\/www.linkedin.com\/sharing\/share-offsite\/?url=https%3A%2F%2Fwww.sonnenseite.com%2Fde%2Fpolitik%2Fweltweit-starker-ausbau-der-erneuerbaren-energien%2F\" title=\"Bei LinkedIn teilen\" aria-label=\"Bei LinkedIn teilen\" role=\"button\" rel=\"noopener nofollow\" class=\"shariff-link\" style=\";border-radius:1%; background-color:#0077b5; color:#fff\" target=\"_blank\"><span class=\"shariff-icon\" style=\"\"><svg width=\"32px\" height=\"20px\" xmlns=\"http:\/\/www.w3.org\/2000\/svg\" viewBox=\"0 0 27 32\"><path fill=\"#0077b5\" d=\"M6.2 11.2v17.7h-5.9v-17.7h5.9zM6.6 5.7q0 1.3-0.9 2.2t-2.4 0.9h0q-1.5 0-2.4-0.9t-0.9-2.2 0.9-2.2 2.4-0.9 2.4 0.9 0.9 2.2zM27.4 18.7v10.1h-5.9v-9.5q0-1.9-0.7-2.9t-2.3-1.1q-1.1 0-1.9 0.6t-1.2 1.5q-0.2 0.5-0.2 1.4v9.9h-5.9q0-7.1 0-11.6t0-5.3l0-0.9h5.9v2.6h0q0.4-0.6 0.7-1t1-0.9 1.6-0.8 2-0.3q3 0 4.9 2t1.9 6z\"\/><\/svg><\/span><\/a><\/li><li class=\"shariff-button printer shariff-nocustomcolor\" style=\"background-color:#a8a8a8;border-radius:1%\"><a href=\"javascript:window.print()\" title=\"drucken\" aria-label=\"drucken\" role=\"button\" rel=\"noopener nofollow\" class=\"shariff-link\" style=\";border-radius:1%; background-color:#999; color:#fff\"><span class=\"shariff-icon\" style=\"\"><svg width=\"32px\" height=\"20px\" xmlns=\"http:\/\/www.w3.org\/2000\/svg\" viewBox=\"0 0 30 32\"><path fill=\"#999\" d=\"M6.8 27.4h16v-4.6h-16v4.6zM6.8 16h16v-6.8h-2.8q-0.7 0-1.2-0.5t-0.5-1.2v-2.8h-11.4v11.4zM27.4 17.2q0-0.5-0.3-0.8t-0.8-0.4-0.8 0.4-0.3 0.8 0.3 0.8 0.8 0.3 0.8-0.3 0.3-0.8zM29.7 17.2v7.4q0 0.2-0.2 0.4t-0.4 0.2h-4v2.8q0 0.7-0.5 1.2t-1.2 0.5h-17.2q-0.7 0-1.2-0.5t-0.5-1.2v-2.8h-4q-0.2 0-0.4-0.2t-0.2-0.4v-7.4q0-1.4 1-2.4t2.4-1h1.2v-9.7q0-0.7 0.5-1.2t1.2-0.5h12q0.7 0 1.6 0.4t1.3 0.8l2.7 2.7q0.5 0.5 0.9 1.4t0.4 1.6v4.6h1.1q1.4 0 2.4 1t1 2.4z\"\/><\/svg><\/span><\/a><\/li><li class=\"shariff-button mailto shariff-nocustomcolor\" style=\"background-color:#a8a8a8;border-radius:1%\"><a href=\"mailto:?body=https%3A%2F%2Fwww.sonnenseite.com%2Fde%2Fpolitik%2Fweltweit-starker-ausbau-der-erneuerbaren-energien%2F&subject=Weltweit%20starker%20Ausbau%20der%20Erneuerbaren%20Energien\" title=\"Per E-Mail versenden\" aria-label=\"Per E-Mail versenden\" role=\"button\" rel=\"noopener nofollow\" class=\"shariff-link\" style=\";border-radius:1%; background-color:#999; color:#fff\"><span class=\"shariff-icon\" style=\"\"><svg width=\"32px\" height=\"20px\" xmlns=\"http:\/\/www.w3.org\/2000\/svg\" viewBox=\"0 0 32 32\"><path fill=\"#999\" d=\"M32 12.7v14.2q0 1.2-0.8 2t-2 0.9h-26.3q-1.2 0-2-0.9t-0.8-2v-14.2q0.8 0.9 1.8 1.6 6.5 4.4 8.9 6.1 1 0.8 1.6 1.2t1.7 0.9 2 0.4h0.1q0.9 0 2-0.4t1.7-0.9 1.6-1.2q3-2.2 8.9-6.1 1-0.7 1.8-1.6zM32 7.4q0 1.4-0.9 2.7t-2.2 2.2q-6.7 4.7-8.4 5.8-0.2 0.1-0.7 0.5t-1 0.7-0.9 0.6-1.1 0.5-0.9 0.2h-0.1q-0.4 0-0.9-0.2t-1.1-0.5-0.9-0.6-1-0.7-0.7-0.5q-1.6-1.1-4.7-3.2t-3.6-2.6q-1.1-0.7-2.1-2t-1-2.5q0-1.4 0.7-2.3t2.1-0.9h26.3q1.2 0 2 0.8t0.9 2z\"\/><\/svg><\/span><\/a><\/li><\/ul><\/div>","protected":false},"excerpt":{"rendered":"<p>IRENA Chef: Alleine in 2023 wurden mehr Erneuerbare Energien zugebaut, als die Atomenergie in 70 Jahren [&hellip;]<\/p>\n","protected":false},"author":3,"featured_media":60739,"comment_status":"closed","ping_status":"closed","sticky":false,"template":"","format":"standard","meta":{"inline_featured_image":false,"footnotes":""},"categories":[21],"tags":[],"class_list":["post-99065","post","type-post","status-publish","format-standard","has-post-thumbnail","hentry","category-politik"],"yoast_head":"<!-- This site is optimized with the Yoast SEO plugin v26.5 - https:\/\/yoast.com\/wordpress\/plugins\/seo\/ -->\n<title>Weltweit starker Ausbau der Erneuerbaren Energien - Sonnenseite - \u00d6kologische Kommunikation mit Franz Alt<\/title>\n<meta name=\"description\" content=\"IRENA Chef: Alleine in 2023 wurden mehr Erneuerbare Energien zugebaut, als die Atomenergie in 70 Jahren insgesamt erreicht hat. Letzte Woche war in Abu\" \/>\n<meta name=\"robots\" content=\"index, follow, max-snippet:-1, max-image-preview:large, max-video-preview:-1\" \/>\n<link rel=\"canonical\" href=\"https:\/\/www.sonnenseite.com\/de\/politik\/weltweit-starker-ausbau-der-erneuerbaren-energien\/\" \/>\n<meta property=\"og:locale\" content=\"de_DE\" \/>\n<meta property=\"og:type\" content=\"article\" \/>\n<meta property=\"og:title\" content=\"Weltweit starker Ausbau der Erneuerbaren Energien - Sonnenseite - \u00d6kologische Kommunikation mit Franz Alt\" \/>\n<meta property=\"og:description\" content=\"IRENA Chef: Alleine in 2023 wurden mehr Erneuerbare Energien zugebaut, als die Atomenergie in 70 Jahren insgesamt erreicht hat. Letzte Woche war in Abu\" \/>\n<meta property=\"og:url\" content=\"https:\/\/www.sonnenseite.com\/de\/politik\/weltweit-starker-ausbau-der-erneuerbaren-energien\/\" \/>\n<meta property=\"og:site_name\" content=\"Sonnenseite\" \/>\n<meta property=\"article:publisher\" content=\"https:\/\/www.facebook.com\/pages\/Franz-Alt-SONNENSEITECOM\/221072987903953?fref=ts\" \/>\n<meta property=\"article:published_time\" content=\"2024-04-23T17:39:41+00:00\" \/>\n<meta property=\"article:modified_time\" content=\"2024-05-09T08:17:11+00:00\" \/>\n<meta property=\"og:image\" content=\"https:\/\/www.sonnenseite.com\/wp-content\/uploads\/2020\/05\/Solar_Erde_SergeyNivens.jpg\" \/>\n\t<meta property=\"og:image:width\" content=\"770\" \/>\n\t<meta property=\"og:image:height\" content=\"420\" \/>\n\t<meta property=\"og:image:type\" content=\"image\/jpeg\" \/>\n<meta name=\"author\" content=\"Bigi Alt\" \/>\n<meta name=\"twitter:card\" content=\"summary_large_image\" \/>\n<meta name=\"twitter:creator\" content=\"@franzalt\" \/>\n<meta name=\"twitter:site\" content=\"@franzalt\" \/>\n<meta name=\"twitter:label1\" content=\"Verfasst von\" \/>\n\t<meta name=\"twitter:data1\" content=\"Bigi Alt\" \/>\n\t<meta name=\"twitter:label2\" content=\"Gesch\u00e4tzte Lesezeit\" \/>\n\t<meta name=\"twitter:data2\" content=\"8\u00a0Minuten\" \/>\n<script type=\"application\/ld+json\" class=\"yoast-schema-graph\">{\"@context\":\"https:\/\/schema.org\",\"@graph\":[{\"@type\":\"Article\",\"@id\":\"https:\/\/www.sonnenseite.com\/de\/politik\/weltweit-starker-ausbau-der-erneuerbaren-energien\/#article\",\"isPartOf\":{\"@id\":\"https:\/\/www.sonnenseite.com\/de\/politik\/weltweit-starker-ausbau-der-erneuerbaren-energien\/\"},\"author\":{\"name\":\"Bigi Alt\",\"@id\":\"https:\/\/www.sonnenseite.com\/de\/#\/schema\/person\/50fda0e926597684c7cc6695238a4eb9\"},\"headline\":\"Weltweit starker Ausbau der Erneuerbaren Energien\",\"datePublished\":\"2024-04-23T17:39:41+00:00\",\"dateModified\":\"2024-05-09T08:17:11+00:00\",\"mainEntityOfPage\":{\"@id\":\"https:\/\/www.sonnenseite.com\/de\/politik\/weltweit-starker-ausbau-der-erneuerbaren-energien\/\"},\"wordCount\":1429,\"publisher\":{\"@id\":\"https:\/\/www.sonnenseite.com\/de\/#organization\"},\"image\":{\"@id\":\"https:\/\/www.sonnenseite.com\/de\/politik\/weltweit-starker-ausbau-der-erneuerbaren-energien\/#primaryimage\"},\"thumbnailUrl\":\"https:\/\/www.sonnenseite.com\/wp-content\/uploads\/2020\/05\/Solar_Erde_SergeyNivens.jpg\",\"articleSection\":[\"Politik\"],\"inLanguage\":\"de\"},{\"@type\":\"WebPage\",\"@id\":\"https:\/\/www.sonnenseite.com\/de\/politik\/weltweit-starker-ausbau-der-erneuerbaren-energien\/\",\"url\":\"https:\/\/www.sonnenseite.com\/de\/politik\/weltweit-starker-ausbau-der-erneuerbaren-energien\/\",\"name\":\"Weltweit starker Ausbau der Erneuerbaren Energien - Sonnenseite - \u00d6kologische Kommunikation mit Franz Alt\",\"isPartOf\":{\"@id\":\"https:\/\/www.sonnenseite.com\/de\/#website\"},\"primaryImageOfPage\":{\"@id\":\"https:\/\/www.sonnenseite.com\/de\/politik\/weltweit-starker-ausbau-der-erneuerbaren-energien\/#primaryimage\"},\"image\":{\"@id\":\"https:\/\/www.sonnenseite.com\/de\/politik\/weltweit-starker-ausbau-der-erneuerbaren-energien\/#primaryimage\"},\"thumbnailUrl\":\"https:\/\/www.sonnenseite.com\/wp-content\/uploads\/2020\/05\/Solar_Erde_SergeyNivens.jpg\",\"datePublished\":\"2024-04-23T17:39:41+00:00\",\"dateModified\":\"2024-05-09T08:17:11+00:00\",\"description\":\"IRENA Chef: Alleine in 2023 wurden mehr Erneuerbare Energien zugebaut, als die Atomenergie in 70 Jahren insgesamt erreicht hat. Letzte Woche war in Abu\",\"breadcrumb\":{\"@id\":\"https:\/\/www.sonnenseite.com\/de\/politik\/weltweit-starker-ausbau-der-erneuerbaren-energien\/#breadcrumb\"},\"inLanguage\":\"de\",\"potentialAction\":[{\"@type\":\"ReadAction\",\"target\":[\"https:\/\/www.sonnenseite.com\/de\/politik\/weltweit-starker-ausbau-der-erneuerbaren-energien\/\"]}]},{\"@type\":\"ImageObject\",\"inLanguage\":\"de\",\"@id\":\"https:\/\/www.sonnenseite.com\/de\/politik\/weltweit-starker-ausbau-der-erneuerbaren-energien\/#primaryimage\",\"url\":\"https:\/\/www.sonnenseite.com\/wp-content\/uploads\/2020\/05\/Solar_Erde_SergeyNivens.jpg\",\"contentUrl\":\"https:\/\/www.sonnenseite.com\/wp-content\/uploads\/2020\/05\/Solar_Erde_SergeyNivens.jpg\",\"width\":770,\"height\":420,\"caption\":\"Depositphotos | Sergey Nivens | Weltweit haben sich die Investitionen in Erneuerbare Energien laut den Zahlen der Internationalen Energieagentur (IEA) in den letzten f\u00fcnf Jahren fast verdoppelt, angef\u00fchrt von der Solarenergie.\"},{\"@type\":\"BreadcrumbList\",\"@id\":\"https:\/\/www.sonnenseite.com\/de\/politik\/weltweit-starker-ausbau-der-erneuerbaren-energien\/#breadcrumb\",\"itemListElement\":[{\"@type\":\"ListItem\",\"position\":1,\"name\":\"Startseite\",\"item\":\"https:\/\/www.sonnenseite.com\/de\/\"},{\"@type\":\"ListItem\",\"position\":2,\"name\":\"Weltweit starker Ausbau der Erneuerbaren Energien\"}]},{\"@type\":\"WebSite\",\"@id\":\"https:\/\/www.sonnenseite.com\/de\/#website\",\"url\":\"https:\/\/www.sonnenseite.com\/de\/\",\"name\":\"Sonnenseite\",\"description\":\"\u00d6kologische Kommunikation mit Franz Alt\",\"publisher\":{\"@id\":\"https:\/\/www.sonnenseite.com\/de\/#organization\"},\"potentialAction\":[{\"@type\":\"SearchAction\",\"target\":{\"@type\":\"EntryPoint\",\"urlTemplate\":\"https:\/\/www.sonnenseite.com\/de\/?s={search_term_string}\"},\"query-input\":{\"@type\":\"PropertyValueSpecification\",\"valueRequired\":true,\"valueName\":\"search_term_string\"}}],\"inLanguage\":\"de\"},{\"@type\":\"Organization\",\"@id\":\"https:\/\/www.sonnenseite.com\/de\/#organization\",\"name\":\"Sonnenseite\",\"url\":\"https:\/\/www.sonnenseite.com\/de\/\",\"logo\":{\"@type\":\"ImageObject\",\"inLanguage\":\"de\",\"@id\":\"https:\/\/www.sonnenseite.com\/de\/#\/schema\/logo\/image\/\",\"url\":\"https:\/\/www.sonnenseite.com\/wp-content\/uploads\/2020\/05\/Sonnenseite_Logo.png\",\"contentUrl\":\"https:\/\/www.sonnenseite.com\/wp-content\/uploads\/2020\/05\/Sonnenseite_Logo.png\",\"width\":377,\"height\":90,\"caption\":\"Sonnenseite\"},\"image\":{\"@id\":\"https:\/\/www.sonnenseite.com\/de\/#\/schema\/logo\/image\/\"},\"sameAs\":[\"https:\/\/www.facebook.com\/pages\/Franz-Alt-SONNENSEITECOM\/221072987903953?fref=ts\",\"https:\/\/x.com\/franzalt\",\"http:\/\/www.youtube.com\/results?search_query&amp;amp;quot;franz_alt&amp;amp;quot;&amp;amp;amp;amp;search_type&amp;amp;amp;amp;aq=f\"]},{\"@type\":\"Person\",\"@id\":\"https:\/\/www.sonnenseite.com\/de\/#\/schema\/person\/50fda0e926597684c7cc6695238a4eb9\",\"name\":\"Bigi Alt\"}]}<\/script>\n<!-- \/ Yoast SEO plugin. -->","yoast_head_json":{"title":"Weltweit starker Ausbau der Erneuerbaren Energien - Sonnenseite - \u00d6kologische Kommunikation mit Franz Alt","description":"IRENA Chef: Alleine in 2023 wurden mehr Erneuerbare Energien zugebaut, als die Atomenergie in 70 Jahren insgesamt erreicht hat. Letzte Woche war in Abu","robots":{"index":"index","follow":"follow","max-snippet":"max-snippet:-1","max-image-preview":"max-image-preview:large","max-video-preview":"max-video-preview:-1"},"canonical":"https:\/\/www.sonnenseite.com\/de\/politik\/weltweit-starker-ausbau-der-erneuerbaren-energien\/","og_locale":"de_DE","og_type":"article","og_title":"Weltweit starker Ausbau der Erneuerbaren Energien - Sonnenseite - \u00d6kologische Kommunikation mit Franz Alt","og_description":"IRENA Chef: Alleine in 2023 wurden mehr Erneuerbare Energien zugebaut, als die Atomenergie in 70 Jahren insgesamt erreicht hat. Letzte Woche war in Abu","og_url":"https:\/\/www.sonnenseite.com\/de\/politik\/weltweit-starker-ausbau-der-erneuerbaren-energien\/","og_site_name":"Sonnenseite","article_publisher":"https:\/\/www.facebook.com\/pages\/Franz-Alt-SONNENSEITECOM\/221072987903953?fref=ts","article_published_time":"2024-04-23T17:39:41+00:00","article_modified_time":"2024-05-09T08:17:11+00:00","og_image":[{"width":770,"height":420,"url":"https:\/\/www.sonnenseite.com\/wp-content\/uploads\/2020\/05\/Solar_Erde_SergeyNivens.jpg","type":"image\/jpeg"}],"author":"Bigi Alt","twitter_card":"summary_large_image","twitter_creator":"@franzalt","twitter_site":"@franzalt","twitter_misc":{"Verfasst von":"Bigi Alt","Gesch\u00e4tzte Lesezeit":"8\u00a0Minuten"},"schema":{"@context":"https:\/\/schema.org","@graph":[{"@type":"Article","@id":"https:\/\/www.sonnenseite.com\/de\/politik\/weltweit-starker-ausbau-der-erneuerbaren-energien\/#article","isPartOf":{"@id":"https:\/\/www.sonnenseite.com\/de\/politik\/weltweit-starker-ausbau-der-erneuerbaren-energien\/"},"author":{"name":"Bigi Alt","@id":"https:\/\/www.sonnenseite.com\/de\/#\/schema\/person\/50fda0e926597684c7cc6695238a4eb9"},"headline":"Weltweit starker Ausbau der Erneuerbaren Energien","datePublished":"2024-04-23T17:39:41+00:00","dateModified":"2024-05-09T08:17:11+00:00","mainEntityOfPage":{"@id":"https:\/\/www.sonnenseite.com\/de\/politik\/weltweit-starker-ausbau-der-erneuerbaren-energien\/"},"wordCount":1429,"publisher":{"@id":"https:\/\/www.sonnenseite.com\/de\/#organization"},"image":{"@id":"https:\/\/www.sonnenseite.com\/de\/politik\/weltweit-starker-ausbau-der-erneuerbaren-energien\/#primaryimage"},"thumbnailUrl":"https:\/\/www.sonnenseite.com\/wp-content\/uploads\/2020\/05\/Solar_Erde_SergeyNivens.jpg","articleSection":["Politik"],"inLanguage":"de"},{"@type":"WebPage","@id":"https:\/\/www.sonnenseite.com\/de\/politik\/weltweit-starker-ausbau-der-erneuerbaren-energien\/","url":"https:\/\/www.sonnenseite.com\/de\/politik\/weltweit-starker-ausbau-der-erneuerbaren-energien\/","name":"Weltweit starker Ausbau der Erneuerbaren Energien - Sonnenseite - \u00d6kologische Kommunikation mit Franz Alt","isPartOf":{"@id":"https:\/\/www.sonnenseite.com\/de\/#website"},"primaryImageOfPage":{"@id":"https:\/\/www.sonnenseite.com\/de\/politik\/weltweit-starker-ausbau-der-erneuerbaren-energien\/#primaryimage"},"image":{"@id":"https:\/\/www.sonnenseite.com\/de\/politik\/weltweit-starker-ausbau-der-erneuerbaren-energien\/#primaryimage"},"thumbnailUrl":"https:\/\/www.sonnenseite.com\/wp-content\/uploads\/2020\/05\/Solar_Erde_SergeyNivens.jpg","datePublished":"2024-04-23T17:39:41+00:00","dateModified":"2024-05-09T08:17:11+00:00","description":"IRENA Chef: Alleine in 2023 wurden mehr Erneuerbare Energien zugebaut, als die Atomenergie in 70 Jahren insgesamt erreicht hat. Letzte Woche war in Abu","breadcrumb":{"@id":"https:\/\/www.sonnenseite.com\/de\/politik\/weltweit-starker-ausbau-der-erneuerbaren-energien\/#breadcrumb"},"inLanguage":"de","potentialAction":[{"@type":"ReadAction","target":["https:\/\/www.sonnenseite.com\/de\/politik\/weltweit-starker-ausbau-der-erneuerbaren-energien\/"]}]},{"@type":"ImageObject","inLanguage":"de","@id":"https:\/\/www.sonnenseite.com\/de\/politik\/weltweit-starker-ausbau-der-erneuerbaren-energien\/#primaryimage","url":"https:\/\/www.sonnenseite.com\/wp-content\/uploads\/2020\/05\/Solar_Erde_SergeyNivens.jpg","contentUrl":"https:\/\/www.sonnenseite.com\/wp-content\/uploads\/2020\/05\/Solar_Erde_SergeyNivens.jpg","width":770,"height":420,"caption":"Depositphotos | Sergey Nivens | Weltweit haben sich die Investitionen in Erneuerbare Energien laut den Zahlen der Internationalen Energieagentur (IEA) in den letzten f\u00fcnf Jahren fast verdoppelt, angef\u00fchrt von der Solarenergie."},{"@type":"BreadcrumbList","@id":"https:\/\/www.sonnenseite.com\/de\/politik\/weltweit-starker-ausbau-der-erneuerbaren-energien\/#breadcrumb","itemListElement":[{"@type":"ListItem","position":1,"name":"Startseite","item":"https:\/\/www.sonnenseite.com\/de\/"},{"@type":"ListItem","position":2,"name":"Weltweit starker Ausbau der Erneuerbaren Energien"}]},{"@type":"WebSite","@id":"https:\/\/www.sonnenseite.com\/de\/#website","url":"https:\/\/www.sonnenseite.com\/de\/","name":"Sonnenseite","description":"\u00d6kologische Kommunikation mit Franz Alt","publisher":{"@id":"https:\/\/www.sonnenseite.com\/de\/#organization"},"potentialAction":[{"@type":"SearchAction","target":{"@type":"EntryPoint","urlTemplate":"https:\/\/www.sonnenseite.com\/de\/?s={search_term_string}"},"query-input":{"@type":"PropertyValueSpecification","valueRequired":true,"valueName":"search_term_string"}}],"inLanguage":"de"},{"@type":"Organization","@id":"https:\/\/www.sonnenseite.com\/de\/#organization","name":"Sonnenseite","url":"https:\/\/www.sonnenseite.com\/de\/","logo":{"@type":"ImageObject","inLanguage":"de","@id":"https:\/\/www.sonnenseite.com\/de\/#\/schema\/logo\/image\/","url":"https:\/\/www.sonnenseite.com\/wp-content\/uploads\/2020\/05\/Sonnenseite_Logo.png","contentUrl":"https:\/\/www.sonnenseite.com\/wp-content\/uploads\/2020\/05\/Sonnenseite_Logo.png","width":377,"height":90,"caption":"Sonnenseite"},"image":{"@id":"https:\/\/www.sonnenseite.com\/de\/#\/schema\/logo\/image\/"},"sameAs":["https:\/\/www.facebook.com\/pages\/Franz-Alt-SONNENSEITECOM\/221072987903953?fref=ts","https:\/\/x.com\/franzalt","http:\/\/www.youtube.com\/results?search_query&amp;amp;quot;franz_alt&amp;amp;quot;&amp;amp;amp;amp;search_type&amp;amp;amp;amp;aq=f"]},{"@type":"Person","@id":"https:\/\/www.sonnenseite.com\/de\/#\/schema\/person\/50fda0e926597684c7cc6695238a4eb9","name":"Bigi Alt"}]}},"_links":{"self":[{"href":"https:\/\/www.sonnenseite.com\/de\/wp-json\/wp\/v2\/posts\/99065","targetHints":{"allow":["GET"]}}],"collection":[{"href":"https:\/\/www.sonnenseite.com\/de\/wp-json\/wp\/v2\/posts"}],"about":[{"href":"https:\/\/www.sonnenseite.com\/de\/wp-json\/wp\/v2\/types\/post"}],"author":[{"embeddable":true,"href":"https:\/\/www.sonnenseite.com\/de\/wp-json\/wp\/v2\/users\/3"}],"replies":[{"embeddable":true,"href":"https:\/\/www.sonnenseite.com\/de\/wp-json\/wp\/v2\/comments?post=99065"}],"version-history":[{"count":3,"href":"https:\/\/www.sonnenseite.com\/de\/wp-json\/wp\/v2\/posts\/99065\/revisions"}],"predecessor-version":[{"id":99068,"href":"https:\/\/www.sonnenseite.com\/de\/wp-json\/wp\/v2\/posts\/99065\/revisions\/99068"}],"wp:featuredmedia":[{"embeddable":true,"href":"https:\/\/www.sonnenseite.com\/de\/wp-json\/wp\/v2\/media\/60739"}],"wp:attachment":[{"href":"https:\/\/www.sonnenseite.com\/de\/wp-json\/wp\/v2\/media?parent=99065"}],"wp:term":[{"taxonomy":"category","embeddable":true,"href":"https:\/\/www.sonnenseite.com\/de\/wp-json\/wp\/v2\/categories?post=99065"},{"taxonomy":"post_tag","embeddable":true,"href":"https:\/\/www.sonnenseite.com\/de\/wp-json\/wp\/v2\/tags?post=99065"}],"curies":[{"name":"wp","href":"https:\/\/api.w.org\/{rel}","templated":true}]}}