{"id":99091,"date":"2024-04-24T08:53:14","date_gmt":"2024-04-24T06:53:14","guid":{"rendered":"https:\/\/www.sonnenseite.com\/?p=99091"},"modified":"2024-04-24T08:53:15","modified_gmt":"2024-04-24T06:53:15","slug":"studie-warum-wir-fuer-kommunalen-klimaschutz-das-grundgesetz-aendern-muessen","status":"publish","type":"post","link":"https:\/\/www.sonnenseite.com\/de\/politik\/studie-warum-wir-fuer-kommunalen-klimaschutz-das-grundgesetz-aendern-muessen\/","title":{"rendered":"Studie: Warum wir f\u00fcr kommunalen Klimaschutz das Grundgesetz \u00e4ndern m\u00fcssen"},"content":{"rendered":"\n<p>Ohne die Umsetzung vor Ort \u2013 in den Kommunen \u2013 kann Klimaschutz nicht gelingen. Wie k\u00f6nnen Bund und L\u00e4nder die Kommunen bei der Umsetzung finanziell unterst\u00fctzen? <\/p>\n\n\n\n<p>Eine verwaltungswissenschaftliche Studie des Deutschen Instituts f\u00fcr Urbanistik (Difu) im Auftrag der Klima-Allianz Deutschland kommt zu dem Ergebnis: Die beste L\u00f6sung ist die Einf\u00fchrung einer neuen Gemeinschaftsaufgabe im Grundgesetz.<\/p>\n\n\n\n<p>Sanierte Schulen und \u00f6ffentliche Geb\u00e4ude, sichere Radwege, ein zuverl\u00e4ssiger und barrierefreier \u00d6PNV: Vor unserer Haust\u00fcr, in den Kommunen, wird Klimaschutz konkret. Doch den Kommunen fehlen Geld und Personal, um all dies umzusetzen. Es hat sich bereits ein Investitionsstau aufget\u00fcrmt und j\u00e4hrlich werden weitere Milliarden ben\u00f6tigt. Wie k\u00f6nnen Bund und L\u00e4nder die Kommunen unterst\u00fctzen?<\/p>\n\n\n\n<p>Prof. Dr. Carsten K\u00fchl und Dr. Henrik Scheller vom Difu haben im Auftrag der Klima-Allianz Deutschland untersucht, wie die n\u00f6tigen Gelder ziel- und wirkungsorientiert an die Kommunen verteilt werden k\u00f6nnen. Die Studie w\u00e4gt dazu zwei Konzepte gegeneinander ab: Die Einf\u00fchrung einer neuen \u201eGemeinschaftsaufgabe Klimaschutz\u201d im Grundgesetz und die Umverteilung von Umsatzsteuereinnahmen zugunsten der Kommunen. Da f\u00fcr die Gemeinschaftsaufgabe das Grundgesetz mit einer Zweidrittelmehrheit im Parlament ge\u00e4ndert werden muss, erscheint die Umsatzsteuerl\u00f6sung als einfache Gesetzes\u00e4nderung auf den ersten Blick attraktiv.<\/p>\n\n\n\n<p>Die Untersuchung zeigt: Die Gemeinschaftsaufgabe ist der Umsatzsteuerumverteilung klar vorzuziehen. Mit der Gemeinschaftsaufgabe k\u00f6nnen die finanziellen Mittel effizient und flexibel dort eingesetzt werden, wo Investitionen in den Klimaschutz n\u00f6tig sind und die meisten Wirkungen erzielen. Zudem besteht mit der Gemeinschaftsaufgabe die M\u00f6glichkeit, finanzschwache Kommunen gezielt zu unterst\u00fctzen. Die Umsatzsteuer hingegen wird nach starren Quoten verteilt und folgt damit eher dem Gie\u00dfkannenprinzip. Eine neue Gemeinschaftsaufgabe bietet zudem die M\u00f6glichkeit, die sehr hohe Zahl an komplizierten F\u00f6rderprogrammen in die Gemeinschaftsaufgabe zu \u00fcberf\u00fchren.&nbsp;<\/p>\n\n\n\n<p><strong>Prof. Dr. Carsten K\u00fchl, Leiter des Deutschen Instituts f\u00fcr Urbanistik und Autor der Studie<\/strong>, erkl\u00e4rt: \u201eEs gilt, die Mittel dort einzusetzen, wo sie am dringendsten gebraucht werden und die gr\u00f6\u00dfte Klimaschutzwirkung erzielen. Unsere Studie verdeutlicht, dass mit der Gemeinschaftsaufgabe die Klimaschutzaufgaben der Kommunen effizienter und verl\u00e4sslicher finanziert werden k\u00f6nnen. Die Gemeinschaftsaufgabe ist die L\u00f6sung, mit der Bund, L\u00e4nder und Kommunen Klimaschutz gemeinsam vor Ort umsetzen k\u00f6nnen.\u201d<\/p>\n\n\n\n<p><strong>Stefanie Langkamp, Gesch\u00e4ftsleiterin Politik der Klima-Allianz Deutschland<\/strong>, erkl\u00e4rt: \u201eBund und L\u00e4nder sind dringend gefragt, die Kommunen beim Klimaschutz zu unterst\u00fctzen und die Finanzierung auf solide F\u00fc\u00dfe zu stellen. Wir fordern die demokratischen Parteien auf, alles Notwendige zu tun, damit die Kommunen diese wichtigen Aufgaben erf\u00fcllen k\u00f6nnen. Die Studie zeigt, dass wir daf\u00fcr das Grundgesetz \u00e4ndern m\u00fcssen \u2013 packen wir es an!\u201d<\/p>\n\n\n\n<p>Die Einhaltung der Klimaziele h\u00e4ngt ma\u00dfgeblich von der Umsetzung vor Ort ab. <strong>Andreas Wolter, Vorsitzender des Klima-B\u00fcndnis e.V. und B\u00fcrgermeister der Stadt K\u00f6ln<\/strong>, erkl\u00e4rt: \u201eAls Kommunen wollen wir Klimaschutz! Wir planen und setzen die W\u00e4rme- und Verkehrswende um. Wir machen uns auf den Weg und gestalten die Zukunft, aber durch Mangel an Geld und Personal kommen wir nicht schnell genug voran. Deswegen unterst\u00fctzen wir die Forderung nach einer Gemeinschaftsaufgabe \u2013 denn Klimaschutz ist eine gesamtgesellschaftliche Aufgabe.\u201d<\/p>\n\n\n\n<ul class=\"wp-block-list\">\n<li><a href=\"https:\/\/www.klima-allianz.de\/fileadmin\/user_upload\/Dateien\/Daten\/Publikationen\/Hintergrund\/20240418_Machbarkeitsstudie_Gemeinschaftsaufgabe_Klimaschutz.pdf\" target=\"_blank\" rel=\"noreferrer noopener\">20240418_Machbarkeitsstudie_Gemeinschaftsaufgabe_Klimaschutz.pdf<\/a><\/li>\n<\/ul>\n\n\n<h5 class=\"green\">Quelle<\/h5>\r\n\n\n\n<p><a href=\"https:\/\/www.klima-allianz.de\/presse\/meldung\/studie-warum-wir-fuer-kommunalen-klimaschutz-das-grundgesetz-aendern-muessen\">Klima Allianz Deutschland 2024<\/a><\/p>\n<div class=\"shariff shariff-align-flex-start shariff-widget-align-flex-start\"><div class=\"ShariffHeadline\">Diese Meldung teilen<\/div><ul class=\"shariff-buttons theme-round orientation-horizontal buttonsize-medium\"><li class=\"shariff-button facebook shariff-nocustomcolor\" style=\"background-color:#4273c8;border-radius:1%\"><a href=\"https:\/\/www.facebook.com\/sharer\/sharer.php?u=https%3A%2F%2Fwww.sonnenseite.com%2Fde%2Fpolitik%2Fstudie-warum-wir-fuer-kommunalen-klimaschutz-das-grundgesetz-aendern-muessen%2F\" title=\"Bei Facebook teilen\" aria-label=\"Bei Facebook teilen\" role=\"button\" rel=\"nofollow\" class=\"shariff-link\" style=\";border-radius:1%; background-color:#3b5998; color:#fff\" target=\"_blank\"><span class=\"shariff-icon\" style=\"\"><svg width=\"32px\" height=\"20px\" xmlns=\"http:\/\/www.w3.org\/2000\/svg\" viewBox=\"0 0 18 32\"><path fill=\"#3b5998\" d=\"M17.1 0.2v4.7h-2.8q-1.5 0-2.1 0.6t-0.5 1.9v3.4h5.2l-0.7 5.3h-4.5v13.6h-5.5v-13.6h-4.5v-5.3h4.5v-3.9q0-3.3 1.9-5.2t5-1.8q2.6 0 4.1 0.2z\"\/><\/svg><\/span><\/a><\/li><li class=\"shariff-button twitter shariff-nocustomcolor\" style=\"background-color:#595959;border-radius:1%\"><a href=\"https:\/\/twitter.com\/share?url=https%3A%2F%2Fwww.sonnenseite.com%2Fde%2Fpolitik%2Fstudie-warum-wir-fuer-kommunalen-klimaschutz-das-grundgesetz-aendern-muessen%2F&text=Studie%3A%20Warum%20wir%20f%C3%BCr%20kommunalen%20Klimaschutz%20das%20Grundgesetz%20%C3%A4ndern%20m%C3%BCssen\" title=\"Bei X teilen\" aria-label=\"Bei X teilen\" role=\"button\" rel=\"noopener nofollow\" class=\"shariff-link\" style=\";border-radius:1%; background-color:#000; color:#fff\" target=\"_blank\"><span class=\"shariff-icon\" style=\"\"><svg width=\"32px\" height=\"20px\" xmlns=\"http:\/\/www.w3.org\/2000\/svg\" viewBox=\"0 0 24 24\"><path fill=\"#000\" d=\"M14.258 10.152L23.176 0h-2.113l-7.747 8.813L7.133 0H0l9.352 13.328L0 23.973h2.113l8.176-9.309 6.531 9.309h7.133zm-2.895 3.293l-.949-1.328L2.875 1.56h3.246l6.086 8.523.945 1.328 7.91 11.078h-3.246zm0 0\"\/><\/svg><\/span><\/a><\/li><li class=\"shariff-button xing shariff-nocustomcolor\" style=\"background-color:#29888a;border-radius:1%\"><a href=\"https:\/\/www.xing.com\/spi\/shares\/new?url=https%3A%2F%2Fwww.sonnenseite.com%2Fde%2Fpolitik%2Fstudie-warum-wir-fuer-kommunalen-klimaschutz-das-grundgesetz-aendern-muessen%2F\" title=\"Bei XING teilen\" aria-label=\"Bei XING teilen\" role=\"button\" rel=\"noopener nofollow\" class=\"shariff-link\" style=\";border-radius:1%; background-color:#126567; color:#fff\" target=\"_blank\"><span class=\"shariff-icon\" style=\"\"><svg width=\"32px\" height=\"20px\" xmlns=\"http:\/\/www.w3.org\/2000\/svg\" viewBox=\"0 0 25 32\"><path fill=\"#126567\" d=\"M10.7 11.9q-0.2 0.3-4.6 8.2-0.5 0.8-1.2 0.8h-4.3q-0.4 0-0.5-0.3t0-0.6l4.5-8q0 0 0 0l-2.9-5q-0.2-0.4 0-0.7 0.2-0.3 0.5-0.3h4.3q0.7 0 1.2 0.8zM25.1 0.4q0.2 0.3 0 0.7l-9.4 16.7 6 11q0.2 0.4 0 0.6-0.2 0.3-0.6 0.3h-4.3q-0.7 0-1.2-0.8l-6-11.1q0.3-0.6 9.5-16.8 0.4-0.8 1.2-0.8h4.3q0.4 0 0.5 0.3z\"\/><\/svg><\/span><\/a><\/li><li class=\"shariff-button linkedin shariff-nocustomcolor\" style=\"background-color:#1488bf;border-radius:1%\"><a href=\"https:\/\/www.linkedin.com\/sharing\/share-offsite\/?url=https%3A%2F%2Fwww.sonnenseite.com%2Fde%2Fpolitik%2Fstudie-warum-wir-fuer-kommunalen-klimaschutz-das-grundgesetz-aendern-muessen%2F\" title=\"Bei LinkedIn teilen\" aria-label=\"Bei LinkedIn teilen\" role=\"button\" rel=\"noopener nofollow\" class=\"shariff-link\" style=\";border-radius:1%; background-color:#0077b5; color:#fff\" target=\"_blank\"><span class=\"shariff-icon\" style=\"\"><svg width=\"32px\" height=\"20px\" xmlns=\"http:\/\/www.w3.org\/2000\/svg\" viewBox=\"0 0 27 32\"><path fill=\"#0077b5\" d=\"M6.2 11.2v17.7h-5.9v-17.7h5.9zM6.6 5.7q0 1.3-0.9 2.2t-2.4 0.9h0q-1.5 0-2.4-0.9t-0.9-2.2 0.9-2.2 2.4-0.9 2.4 0.9 0.9 2.2zM27.4 18.7v10.1h-5.9v-9.5q0-1.9-0.7-2.9t-2.3-1.1q-1.1 0-1.9 0.6t-1.2 1.5q-0.2 0.5-0.2 1.4v9.9h-5.9q0-7.1 0-11.6t0-5.3l0-0.9h5.9v2.6h0q0.4-0.6 0.7-1t1-0.9 1.6-0.8 2-0.3q3 0 4.9 2t1.9 6z\"\/><\/svg><\/span><\/a><\/li><li class=\"shariff-button printer shariff-nocustomcolor\" style=\"background-color:#a8a8a8;border-radius:1%\"><a href=\"javascript:window.print()\" title=\"drucken\" aria-label=\"drucken\" role=\"button\" rel=\"noopener nofollow\" class=\"shariff-link\" style=\";border-radius:1%; background-color:#999; color:#fff\"><span class=\"shariff-icon\" style=\"\"><svg width=\"32px\" height=\"20px\" xmlns=\"http:\/\/www.w3.org\/2000\/svg\" viewBox=\"0 0 30 32\"><path fill=\"#999\" d=\"M6.8 27.4h16v-4.6h-16v4.6zM6.8 16h16v-6.8h-2.8q-0.7 0-1.2-0.5t-0.5-1.2v-2.8h-11.4v11.4zM27.4 17.2q0-0.5-0.3-0.8t-0.8-0.4-0.8 0.4-0.3 0.8 0.3 0.8 0.8 0.3 0.8-0.3 0.3-0.8zM29.7 17.2v7.4q0 0.2-0.2 0.4t-0.4 0.2h-4v2.8q0 0.7-0.5 1.2t-1.2 0.5h-17.2q-0.7 0-1.2-0.5t-0.5-1.2v-2.8h-4q-0.2 0-0.4-0.2t-0.2-0.4v-7.4q0-1.4 1-2.4t2.4-1h1.2v-9.7q0-0.7 0.5-1.2t1.2-0.5h12q0.7 0 1.6 0.4t1.3 0.8l2.7 2.7q0.5 0.5 0.9 1.4t0.4 1.6v4.6h1.1q1.4 0 2.4 1t1 2.4z\"\/><\/svg><\/span><\/a><\/li><li class=\"shariff-button mailto shariff-nocustomcolor\" style=\"background-color:#a8a8a8;border-radius:1%\"><a href=\"mailto:?body=https%3A%2F%2Fwww.sonnenseite.com%2Fde%2Fpolitik%2Fstudie-warum-wir-fuer-kommunalen-klimaschutz-das-grundgesetz-aendern-muessen%2F&subject=Studie%3A%20Warum%20wir%20f%C3%BCr%20kommunalen%20Klimaschutz%20das%20Grundgesetz%20%C3%A4ndern%20m%C3%BCssen\" title=\"Per E-Mail versenden\" aria-label=\"Per E-Mail versenden\" role=\"button\" rel=\"noopener nofollow\" class=\"shariff-link\" style=\";border-radius:1%; background-color:#999; color:#fff\"><span class=\"shariff-icon\" style=\"\"><svg width=\"32px\" height=\"20px\" xmlns=\"http:\/\/www.w3.org\/2000\/svg\" viewBox=\"0 0 32 32\"><path fill=\"#999\" d=\"M32 12.7v14.2q0 1.2-0.8 2t-2 0.9h-26.3q-1.2 0-2-0.9t-0.8-2v-14.2q0.8 0.9 1.8 1.6 6.5 4.4 8.9 6.1 1 0.8 1.6 1.2t1.7 0.9 2 0.4h0.1q0.9 0 2-0.4t1.7-0.9 1.6-1.2q3-2.2 8.9-6.1 1-0.7 1.8-1.6zM32 7.4q0 1.4-0.9 2.7t-2.2 2.2q-6.7 4.7-8.4 5.8-0.2 0.1-0.7 0.5t-1 0.7-0.9 0.6-1.1 0.5-0.9 0.2h-0.1q-0.4 0-0.9-0.2t-1.1-0.5-0.9-0.6-1-0.7-0.7-0.5q-1.6-1.1-4.7-3.2t-3.6-2.6q-1.1-0.7-2.1-2t-1-2.5q0-1.4 0.7-2.3t2.1-0.9h26.3q1.2 0 2 0.8t0.9 2z\"\/><\/svg><\/span><\/a><\/li><\/ul><\/div>","protected":false},"excerpt":{"rendered":"<p>Ohne die Umsetzung vor Ort \u2013 in den Kommunen \u2013 kann Klimaschutz nicht gelingen. Wie k\u00f6nnen [&hellip;]<\/p>\n","protected":false},"author":3,"featured_media":42693,"comment_status":"closed","ping_status":"closed","sticky":false,"template":"","format":"standard","meta":{"inline_featured_image":false,"footnotes":""},"categories":[21],"tags":[],"class_list":["post-99091","post","type-post","status-publish","format-standard","has-post-thumbnail","hentry","category-politik"],"yoast_head":"<!-- This site is optimized with the Yoast SEO plugin v26.5 - https:\/\/yoast.com\/wordpress\/plugins\/seo\/ -->\n<title>Studie: Warum wir f\u00fcr kommunalen Klimaschutz das Grundgesetz \u00e4ndern m\u00fcssen - Sonnenseite - \u00d6kologische Kommunikation mit Franz Alt<\/title>\n<meta name=\"description\" content=\"Ohne die Umsetzung vor Ort \u2013 in den Kommunen \u2013 kann Klimaschutz nicht gelingen. Wie k\u00f6nnen Bund und L\u00e4nder die Kommunen bei der Umsetzung finanziell\" \/>\n<meta name=\"robots\" content=\"index, follow, max-snippet:-1, max-image-preview:large, max-video-preview:-1\" \/>\n<link rel=\"canonical\" href=\"https:\/\/www.sonnenseite.com\/de\/politik\/studie-warum-wir-fuer-kommunalen-klimaschutz-das-grundgesetz-aendern-muessen\/\" \/>\n<meta property=\"og:locale\" content=\"de_DE\" \/>\n<meta property=\"og:type\" content=\"article\" \/>\n<meta property=\"og:title\" content=\"Studie: Warum wir f\u00fcr kommunalen Klimaschutz das Grundgesetz \u00e4ndern m\u00fcssen - Sonnenseite - \u00d6kologische Kommunikation mit Franz Alt\" \/>\n<meta property=\"og:description\" content=\"Ohne die Umsetzung vor Ort \u2013 in den Kommunen \u2013 kann Klimaschutz nicht gelingen. Wie k\u00f6nnen Bund und L\u00e4nder die Kommunen bei der Umsetzung finanziell\" \/>\n<meta property=\"og:url\" content=\"https:\/\/www.sonnenseite.com\/de\/politik\/studie-warum-wir-fuer-kommunalen-klimaschutz-das-grundgesetz-aendern-muessen\/\" \/>\n<meta property=\"og:site_name\" content=\"Sonnenseite\" \/>\n<meta property=\"article:publisher\" content=\"https:\/\/www.facebook.com\/pages\/Franz-Alt-SONNENSEITECOM\/221072987903953?fref=ts\" \/>\n<meta property=\"article:published_time\" content=\"2024-04-24T06:53:14+00:00\" \/>\n<meta property=\"article:modified_time\" content=\"2024-04-24T06:53:15+00:00\" \/>\n<meta property=\"og:image\" content=\"https:\/\/www.sonnenseite.com\/wp-content\/uploads\/2015\/09\/stadt_erde_SergeyNivens.jpg\" \/>\n\t<meta property=\"og:image:width\" content=\"770\" \/>\n\t<meta property=\"og:image:height\" content=\"420\" \/>\n\t<meta property=\"og:image:type\" content=\"image\/jpeg\" \/>\n<meta name=\"author\" content=\"Bigi Alt\" \/>\n<meta name=\"twitter:card\" content=\"summary_large_image\" \/>\n<meta name=\"twitter:creator\" content=\"@franzalt\" \/>\n<meta name=\"twitter:site\" content=\"@franzalt\" \/>\n<meta name=\"twitter:label1\" content=\"Verfasst von\" \/>\n\t<meta name=\"twitter:data1\" content=\"Bigi Alt\" \/>\n\t<meta name=\"twitter:label2\" content=\"Gesch\u00e4tzte Lesezeit\" \/>\n\t<meta name=\"twitter:data2\" content=\"3\u00a0Minuten\" \/>\n<script type=\"application\/ld+json\" class=\"yoast-schema-graph\">{\"@context\":\"https:\/\/schema.org\",\"@graph\":[{\"@type\":\"Article\",\"@id\":\"https:\/\/www.sonnenseite.com\/de\/politik\/studie-warum-wir-fuer-kommunalen-klimaschutz-das-grundgesetz-aendern-muessen\/#article\",\"isPartOf\":{\"@id\":\"https:\/\/www.sonnenseite.com\/de\/politik\/studie-warum-wir-fuer-kommunalen-klimaschutz-das-grundgesetz-aendern-muessen\/\"},\"author\":{\"name\":\"Bigi Alt\",\"@id\":\"https:\/\/www.sonnenseite.com\/de\/#\/schema\/person\/50fda0e926597684c7cc6695238a4eb9\"},\"headline\":\"Studie: Warum wir f\u00fcr kommunalen Klimaschutz das Grundgesetz \u00e4ndern m\u00fcssen\",\"datePublished\":\"2024-04-24T06:53:14+00:00\",\"dateModified\":\"2024-04-24T06:53:15+00:00\",\"mainEntityOfPage\":{\"@id\":\"https:\/\/www.sonnenseite.com\/de\/politik\/studie-warum-wir-fuer-kommunalen-klimaschutz-das-grundgesetz-aendern-muessen\/\"},\"wordCount\":545,\"publisher\":{\"@id\":\"https:\/\/www.sonnenseite.com\/de\/#organization\"},\"image\":{\"@id\":\"https:\/\/www.sonnenseite.com\/de\/politik\/studie-warum-wir-fuer-kommunalen-klimaschutz-das-grundgesetz-aendern-muessen\/#primaryimage\"},\"thumbnailUrl\":\"https:\/\/www.sonnenseite.com\/wp-content\/uploads\/2015\/09\/stadt_erde_SergeyNivens.jpg\",\"articleSection\":[\"Politik\"],\"inLanguage\":\"de\"},{\"@type\":\"WebPage\",\"@id\":\"https:\/\/www.sonnenseite.com\/de\/politik\/studie-warum-wir-fuer-kommunalen-klimaschutz-das-grundgesetz-aendern-muessen\/\",\"url\":\"https:\/\/www.sonnenseite.com\/de\/politik\/studie-warum-wir-fuer-kommunalen-klimaschutz-das-grundgesetz-aendern-muessen\/\",\"name\":\"Studie: Warum wir f\u00fcr kommunalen Klimaschutz das Grundgesetz \u00e4ndern m\u00fcssen - Sonnenseite - \u00d6kologische Kommunikation mit Franz Alt\",\"isPartOf\":{\"@id\":\"https:\/\/www.sonnenseite.com\/de\/#website\"},\"primaryImageOfPage\":{\"@id\":\"https:\/\/www.sonnenseite.com\/de\/politik\/studie-warum-wir-fuer-kommunalen-klimaschutz-das-grundgesetz-aendern-muessen\/#primaryimage\"},\"image\":{\"@id\":\"https:\/\/www.sonnenseite.com\/de\/politik\/studie-warum-wir-fuer-kommunalen-klimaschutz-das-grundgesetz-aendern-muessen\/#primaryimage\"},\"thumbnailUrl\":\"https:\/\/www.sonnenseite.com\/wp-content\/uploads\/2015\/09\/stadt_erde_SergeyNivens.jpg\",\"datePublished\":\"2024-04-24T06:53:14+00:00\",\"dateModified\":\"2024-04-24T06:53:15+00:00\",\"description\":\"Ohne die Umsetzung vor Ort \u2013 in den Kommunen \u2013 kann Klimaschutz nicht gelingen. Wie k\u00f6nnen Bund und L\u00e4nder die Kommunen bei der Umsetzung finanziell\",\"breadcrumb\":{\"@id\":\"https:\/\/www.sonnenseite.com\/de\/politik\/studie-warum-wir-fuer-kommunalen-klimaschutz-das-grundgesetz-aendern-muessen\/#breadcrumb\"},\"inLanguage\":\"de\",\"potentialAction\":[{\"@type\":\"ReadAction\",\"target\":[\"https:\/\/www.sonnenseite.com\/de\/politik\/studie-warum-wir-fuer-kommunalen-klimaschutz-das-grundgesetz-aendern-muessen\/\"]}]},{\"@type\":\"ImageObject\",\"inLanguage\":\"de\",\"@id\":\"https:\/\/www.sonnenseite.com\/de\/politik\/studie-warum-wir-fuer-kommunalen-klimaschutz-das-grundgesetz-aendern-muessen\/#primaryimage\",\"url\":\"https:\/\/www.sonnenseite.com\/wp-content\/uploads\/2015\/09\/stadt_erde_SergeyNivens.jpg\",\"contentUrl\":\"https:\/\/www.sonnenseite.com\/wp-content\/uploads\/2015\/09\/stadt_erde_SergeyNivens.jpg\",\"width\":770,\"height\":420,\"caption\":\"bigstock | Sergey Nivens\"},{\"@type\":\"BreadcrumbList\",\"@id\":\"https:\/\/www.sonnenseite.com\/de\/politik\/studie-warum-wir-fuer-kommunalen-klimaschutz-das-grundgesetz-aendern-muessen\/#breadcrumb\",\"itemListElement\":[{\"@type\":\"ListItem\",\"position\":1,\"name\":\"Startseite\",\"item\":\"https:\/\/www.sonnenseite.com\/de\/\"},{\"@type\":\"ListItem\",\"position\":2,\"name\":\"Studie: Warum wir f\u00fcr kommunalen Klimaschutz das Grundgesetz \u00e4ndern m\u00fcssen\"}]},{\"@type\":\"WebSite\",\"@id\":\"https:\/\/www.sonnenseite.com\/de\/#website\",\"url\":\"https:\/\/www.sonnenseite.com\/de\/\",\"name\":\"Sonnenseite\",\"description\":\"\u00d6kologische Kommunikation mit Franz Alt\",\"publisher\":{\"@id\":\"https:\/\/www.sonnenseite.com\/de\/#organization\"},\"potentialAction\":[{\"@type\":\"SearchAction\",\"target\":{\"@type\":\"EntryPoint\",\"urlTemplate\":\"https:\/\/www.sonnenseite.com\/de\/?s={search_term_string}\"},\"query-input\":{\"@type\":\"PropertyValueSpecification\",\"valueRequired\":true,\"valueName\":\"search_term_string\"}}],\"inLanguage\":\"de\"},{\"@type\":\"Organization\",\"@id\":\"https:\/\/www.sonnenseite.com\/de\/#organization\",\"name\":\"Sonnenseite\",\"url\":\"https:\/\/www.sonnenseite.com\/de\/\",\"logo\":{\"@type\":\"ImageObject\",\"inLanguage\":\"de\",\"@id\":\"https:\/\/www.sonnenseite.com\/de\/#\/schema\/logo\/image\/\",\"url\":\"https:\/\/www.sonnenseite.com\/wp-content\/uploads\/2020\/05\/Sonnenseite_Logo.png\",\"contentUrl\":\"https:\/\/www.sonnenseite.com\/wp-content\/uploads\/2020\/05\/Sonnenseite_Logo.png\",\"width\":377,\"height\":90,\"caption\":\"Sonnenseite\"},\"image\":{\"@id\":\"https:\/\/www.sonnenseite.com\/de\/#\/schema\/logo\/image\/\"},\"sameAs\":[\"https:\/\/www.facebook.com\/pages\/Franz-Alt-SONNENSEITECOM\/221072987903953?fref=ts\",\"https:\/\/x.com\/franzalt\",\"http:\/\/www.youtube.com\/results?search_query&amp;amp;quot;franz_alt&amp;amp;quot;&amp;amp;amp;amp;search_type&amp;amp;amp;amp;aq=f\"]},{\"@type\":\"Person\",\"@id\":\"https:\/\/www.sonnenseite.com\/de\/#\/schema\/person\/50fda0e926597684c7cc6695238a4eb9\",\"name\":\"Bigi Alt\"}]}<\/script>\n<!-- \/ Yoast SEO plugin. -->","yoast_head_json":{"title":"Studie: Warum wir f\u00fcr kommunalen Klimaschutz das Grundgesetz \u00e4ndern m\u00fcssen - Sonnenseite - \u00d6kologische Kommunikation mit Franz Alt","description":"Ohne die Umsetzung vor Ort \u2013 in den Kommunen \u2013 kann Klimaschutz nicht gelingen. Wie k\u00f6nnen Bund und L\u00e4nder die Kommunen bei der Umsetzung finanziell","robots":{"index":"index","follow":"follow","max-snippet":"max-snippet:-1","max-image-preview":"max-image-preview:large","max-video-preview":"max-video-preview:-1"},"canonical":"https:\/\/www.sonnenseite.com\/de\/politik\/studie-warum-wir-fuer-kommunalen-klimaschutz-das-grundgesetz-aendern-muessen\/","og_locale":"de_DE","og_type":"article","og_title":"Studie: Warum wir f\u00fcr kommunalen Klimaschutz das Grundgesetz \u00e4ndern m\u00fcssen - Sonnenseite - \u00d6kologische Kommunikation mit Franz Alt","og_description":"Ohne die Umsetzung vor Ort \u2013 in den Kommunen \u2013 kann Klimaschutz nicht gelingen. Wie k\u00f6nnen Bund und L\u00e4nder die Kommunen bei der Umsetzung finanziell","og_url":"https:\/\/www.sonnenseite.com\/de\/politik\/studie-warum-wir-fuer-kommunalen-klimaschutz-das-grundgesetz-aendern-muessen\/","og_site_name":"Sonnenseite","article_publisher":"https:\/\/www.facebook.com\/pages\/Franz-Alt-SONNENSEITECOM\/221072987903953?fref=ts","article_published_time":"2024-04-24T06:53:14+00:00","article_modified_time":"2024-04-24T06:53:15+00:00","og_image":[{"width":770,"height":420,"url":"https:\/\/www.sonnenseite.com\/wp-content\/uploads\/2015\/09\/stadt_erde_SergeyNivens.jpg","type":"image\/jpeg"}],"author":"Bigi Alt","twitter_card":"summary_large_image","twitter_creator":"@franzalt","twitter_site":"@franzalt","twitter_misc":{"Verfasst von":"Bigi Alt","Gesch\u00e4tzte Lesezeit":"3\u00a0Minuten"},"schema":{"@context":"https:\/\/schema.org","@graph":[{"@type":"Article","@id":"https:\/\/www.sonnenseite.com\/de\/politik\/studie-warum-wir-fuer-kommunalen-klimaschutz-das-grundgesetz-aendern-muessen\/#article","isPartOf":{"@id":"https:\/\/www.sonnenseite.com\/de\/politik\/studie-warum-wir-fuer-kommunalen-klimaschutz-das-grundgesetz-aendern-muessen\/"},"author":{"name":"Bigi Alt","@id":"https:\/\/www.sonnenseite.com\/de\/#\/schema\/person\/50fda0e926597684c7cc6695238a4eb9"},"headline":"Studie: Warum wir f\u00fcr kommunalen Klimaschutz das Grundgesetz \u00e4ndern m\u00fcssen","datePublished":"2024-04-24T06:53:14+00:00","dateModified":"2024-04-24T06:53:15+00:00","mainEntityOfPage":{"@id":"https:\/\/www.sonnenseite.com\/de\/politik\/studie-warum-wir-fuer-kommunalen-klimaschutz-das-grundgesetz-aendern-muessen\/"},"wordCount":545,"publisher":{"@id":"https:\/\/www.sonnenseite.com\/de\/#organization"},"image":{"@id":"https:\/\/www.sonnenseite.com\/de\/politik\/studie-warum-wir-fuer-kommunalen-klimaschutz-das-grundgesetz-aendern-muessen\/#primaryimage"},"thumbnailUrl":"https:\/\/www.sonnenseite.com\/wp-content\/uploads\/2015\/09\/stadt_erde_SergeyNivens.jpg","articleSection":["Politik"],"inLanguage":"de"},{"@type":"WebPage","@id":"https:\/\/www.sonnenseite.com\/de\/politik\/studie-warum-wir-fuer-kommunalen-klimaschutz-das-grundgesetz-aendern-muessen\/","url":"https:\/\/www.sonnenseite.com\/de\/politik\/studie-warum-wir-fuer-kommunalen-klimaschutz-das-grundgesetz-aendern-muessen\/","name":"Studie: Warum wir f\u00fcr kommunalen Klimaschutz das Grundgesetz \u00e4ndern m\u00fcssen - Sonnenseite - \u00d6kologische Kommunikation mit Franz Alt","isPartOf":{"@id":"https:\/\/www.sonnenseite.com\/de\/#website"},"primaryImageOfPage":{"@id":"https:\/\/www.sonnenseite.com\/de\/politik\/studie-warum-wir-fuer-kommunalen-klimaschutz-das-grundgesetz-aendern-muessen\/#primaryimage"},"image":{"@id":"https:\/\/www.sonnenseite.com\/de\/politik\/studie-warum-wir-fuer-kommunalen-klimaschutz-das-grundgesetz-aendern-muessen\/#primaryimage"},"thumbnailUrl":"https:\/\/www.sonnenseite.com\/wp-content\/uploads\/2015\/09\/stadt_erde_SergeyNivens.jpg","datePublished":"2024-04-24T06:53:14+00:00","dateModified":"2024-04-24T06:53:15+00:00","description":"Ohne die Umsetzung vor Ort \u2013 in den Kommunen \u2013 kann Klimaschutz nicht gelingen. Wie k\u00f6nnen Bund und L\u00e4nder die Kommunen bei der Umsetzung finanziell","breadcrumb":{"@id":"https:\/\/www.sonnenseite.com\/de\/politik\/studie-warum-wir-fuer-kommunalen-klimaschutz-das-grundgesetz-aendern-muessen\/#breadcrumb"},"inLanguage":"de","potentialAction":[{"@type":"ReadAction","target":["https:\/\/www.sonnenseite.com\/de\/politik\/studie-warum-wir-fuer-kommunalen-klimaschutz-das-grundgesetz-aendern-muessen\/"]}]},{"@type":"ImageObject","inLanguage":"de","@id":"https:\/\/www.sonnenseite.com\/de\/politik\/studie-warum-wir-fuer-kommunalen-klimaschutz-das-grundgesetz-aendern-muessen\/#primaryimage","url":"https:\/\/www.sonnenseite.com\/wp-content\/uploads\/2015\/09\/stadt_erde_SergeyNivens.jpg","contentUrl":"https:\/\/www.sonnenseite.com\/wp-content\/uploads\/2015\/09\/stadt_erde_SergeyNivens.jpg","width":770,"height":420,"caption":"bigstock | Sergey Nivens"},{"@type":"BreadcrumbList","@id":"https:\/\/www.sonnenseite.com\/de\/politik\/studie-warum-wir-fuer-kommunalen-klimaschutz-das-grundgesetz-aendern-muessen\/#breadcrumb","itemListElement":[{"@type":"ListItem","position":1,"name":"Startseite","item":"https:\/\/www.sonnenseite.com\/de\/"},{"@type":"ListItem","position":2,"name":"Studie: Warum wir f\u00fcr kommunalen Klimaschutz das Grundgesetz \u00e4ndern m\u00fcssen"}]},{"@type":"WebSite","@id":"https:\/\/www.sonnenseite.com\/de\/#website","url":"https:\/\/www.sonnenseite.com\/de\/","name":"Sonnenseite","description":"\u00d6kologische Kommunikation mit Franz Alt","publisher":{"@id":"https:\/\/www.sonnenseite.com\/de\/#organization"},"potentialAction":[{"@type":"SearchAction","target":{"@type":"EntryPoint","urlTemplate":"https:\/\/www.sonnenseite.com\/de\/?s={search_term_string}"},"query-input":{"@type":"PropertyValueSpecification","valueRequired":true,"valueName":"search_term_string"}}],"inLanguage":"de"},{"@type":"Organization","@id":"https:\/\/www.sonnenseite.com\/de\/#organization","name":"Sonnenseite","url":"https:\/\/www.sonnenseite.com\/de\/","logo":{"@type":"ImageObject","inLanguage":"de","@id":"https:\/\/www.sonnenseite.com\/de\/#\/schema\/logo\/image\/","url":"https:\/\/www.sonnenseite.com\/wp-content\/uploads\/2020\/05\/Sonnenseite_Logo.png","contentUrl":"https:\/\/www.sonnenseite.com\/wp-content\/uploads\/2020\/05\/Sonnenseite_Logo.png","width":377,"height":90,"caption":"Sonnenseite"},"image":{"@id":"https:\/\/www.sonnenseite.com\/de\/#\/schema\/logo\/image\/"},"sameAs":["https:\/\/www.facebook.com\/pages\/Franz-Alt-SONNENSEITECOM\/221072987903953?fref=ts","https:\/\/x.com\/franzalt","http:\/\/www.youtube.com\/results?search_query&amp;amp;quot;franz_alt&amp;amp;quot;&amp;amp;amp;amp;search_type&amp;amp;amp;amp;aq=f"]},{"@type":"Person","@id":"https:\/\/www.sonnenseite.com\/de\/#\/schema\/person\/50fda0e926597684c7cc6695238a4eb9","name":"Bigi Alt"}]}},"_links":{"self":[{"href":"https:\/\/www.sonnenseite.com\/de\/wp-json\/wp\/v2\/posts\/99091","targetHints":{"allow":["GET"]}}],"collection":[{"href":"https:\/\/www.sonnenseite.com\/de\/wp-json\/wp\/v2\/posts"}],"about":[{"href":"https:\/\/www.sonnenseite.com\/de\/wp-json\/wp\/v2\/types\/post"}],"author":[{"embeddable":true,"href":"https:\/\/www.sonnenseite.com\/de\/wp-json\/wp\/v2\/users\/3"}],"replies":[{"embeddable":true,"href":"https:\/\/www.sonnenseite.com\/de\/wp-json\/wp\/v2\/comments?post=99091"}],"version-history":[{"count":1,"href":"https:\/\/www.sonnenseite.com\/de\/wp-json\/wp\/v2\/posts\/99091\/revisions"}],"predecessor-version":[{"id":99092,"href":"https:\/\/www.sonnenseite.com\/de\/wp-json\/wp\/v2\/posts\/99091\/revisions\/99092"}],"wp:featuredmedia":[{"embeddable":true,"href":"https:\/\/www.sonnenseite.com\/de\/wp-json\/wp\/v2\/media\/42693"}],"wp:attachment":[{"href":"https:\/\/www.sonnenseite.com\/de\/wp-json\/wp\/v2\/media?parent=99091"}],"wp:term":[{"taxonomy":"category","embeddable":true,"href":"https:\/\/www.sonnenseite.com\/de\/wp-json\/wp\/v2\/categories?post=99091"},{"taxonomy":"post_tag","embeddable":true,"href":"https:\/\/www.sonnenseite.com\/de\/wp-json\/wp\/v2\/tags?post=99091"}],"curies":[{"name":"wp","href":"https:\/\/api.w.org\/{rel}","templated":true}]}}