{"id":99132,"date":"2024-04-26T14:28:46","date_gmt":"2024-04-26T12:28:46","guid":{"rendered":"https:\/\/www.sonnenseite.com\/?p=99132"},"modified":"2024-04-26T14:28:47","modified_gmt":"2024-04-26T12:28:47","slug":"kein-klima-schub-vom-kanzler","status":"publish","type":"post","link":"https:\/\/www.sonnenseite.com\/de\/politik\/kein-klima-schub-vom-kanzler\/","title":{"rendered":"Kein Klima-Schub vom Kanzler"},"content":{"rendered":"\n<p>Petersberger Klimadialog: Bundeskanzler Scholz vers\u00e4umt klare Zusagen, bekr\u00e4ftigt aber immerhin, dass deutsche Unterst\u00fctzung f\u00fcr Klimaschutz und -anpassung in armen L\u00e4ndern nicht nachlassen wird<\/p>\n\n\n\n<p>Die Umwelt- und Entwicklungsorganisation Germanwatch hat eine schwache Rede des Bundeskanzlers beim Petersberger Klimadialog gesehen. \u201eDie Rede des Bundeskanzlers war unterm Strich entt\u00e4uschend\u201c, sagt Lutz Weischer, Leiter des Berliner B\u00fcros von Germanwatch. \u201eIn der angespannten Haushaltslage war es zwar wichtig zu bekr\u00e4ftigen, dass Deutschland zu seinen Zusagen steht. Das ist eine Ansage an Bundesfinanzminister Lindner, dass die Mittel f\u00fcr internationalen Klimaschutz und \u2013anpassung f\u00fcr das Stopfen von Haushaltsl\u00f6chern tabu sind. Deutschland muss sein Ziel einhalten, bis 2025 j\u00e4hrlich 6 Milliarden Euro Haushaltsmittel f\u00fcr internationale Klimafinanzierung bereitzustellen. Aber die vage Bekr\u00e4ftigung bestehender Zusagen reicht nicht aus, um der Eind\u00e4mmung der globalen Klimakrise den dringend n\u00f6tigen Schub zu verleihen.\u201c<\/p>\n\n\n\n<p>Zu wichtigen Fragen habe der Kanzler klare Aussagen vermieden: Wird Deutschland ein ambitioniertes EU-Klimaziel f\u00fcr 2040 unterst\u00fctzen und darauf dr\u00e4ngen, dies so fr\u00fch vorzulegen, dass es andere gro\u00dfe Staaten zu ehrgeizigeren Zielen animieren kann? Welche internationalen Initiativen &#8211; zum Beispiel f\u00fcr internationale Abgaben auf die Profite fossiler Konzerne &#8211; unterst\u00fctzt Deutschland, damit insgesamt deutlich mehr Geld f\u00fcr Klimaschutz und \u2013anpassung zusammenkommt? Die einzige konkrete Ank\u00fcndigung, n\u00e4mlich Klimaschuldenumwandlung auch f\u00fcr Mitteleinkommensl\u00e4nder zu unterst\u00fctzen, bewertet Germanwatch als positiv. Sie sei aber ein kleiner Schritt und nicht ann\u00e4hernd ausreichend in Anbetracht der Herausforderungen. Weischer: \u201eAngela Merkel hat es zumeist verstanden, ihre Reden beim Petersberger Klimadialog zu nutzen, um mit konkreten Zusagen Signale an die internationale Gemeinschaft zu senden. Diese Chance hat Olaf Scholz heute verstreichen lassen.\u201c<\/p>\n\n\n\n<h4 class=\"wp-block-heading\">Eigenlob f\u00fcr Klimapolitik w\u00e4hrend Klimaschutzgesetz geschw\u00e4cht wird<\/h4>\n\n\n\n<p>Einen Schwerpunkt in seiner Rede hat der Bundeskanzler auf Fortschritte in der deutschen Klimapolitik gelegt. Dies kommentiert Simon Wolf, Bereichsleiter f\u00fcr deutsche und europ\u00e4ische Klimapolitik bei Germanwatch: \u201eEs ist richtig, dass die Bundesregierung beim Ausbau der Erneuerbaren Energien den Turbo eingelegt hat. Damit die Amtszeit von Kanzler Scholz aber als klimapolitischer Erfolg bewertet werden kann, muss seine Regierung auch in den anderen Sektoren f\u00fcr Schub sorgen. Doch w\u00e4hrend der Kanzler auf internationaler B\u00fchne Eigenlob betreibt, setzt seine Koalition im Bundestag fast zeitgleich eine Abschw\u00e4chung des Klimaschutzgesetzes durch, die seinem Verkehrsminister ein weiteres Durchmogeln erm\u00f6glichen soll. Mit entschlossenen Schritten Richtung Transformation des Verkehrssektors k\u00f6nnte Deutschland auch international wieder Vorbild sein &#8211; und das gleich in doppelter Hinsicht: Deutschland k\u00f6nnte damit zum einen viele andere L\u00e4nder zum klimapolitischen Handeln motivieren. Zum anderen w\u00fcrden durch einen Transformations-Turbo im Verkehrssektor die Chancen deutlich steigen, dass Deutschland ein erfolgreicher Industriestandort bleibt. Um Investitionen in den Klimaschutz und einen wirtschaftlichen Aufschwung zu erm\u00f6glichen, muss Deutschland endlich die Schuldenbremse reformieren, so wie es mittlerweile selbst IWF und OECD fordern.&#8220;<\/p>\n\n\n\n<p>Es ist beim Dialog deutlich geworden, dass die Arbeit an neuen Klimapl\u00e4nen der Staaten (NDCs) jetzt beginnen muss, damit bis 2025 diese Pl\u00e4ne von allen L\u00e4ndern vorliegen. Erste L\u00e4nder haben angedeutet, dass sie bereits in diesem Jahr ihre NDCs ank\u00fcndigen werden, so dass eine internationale Dynamik entstehen kann. Alexandra Goritz, Referentin f\u00fcr Klimaau\u00dfenpolitik bei Germanwatch, kommentiert: \u201eDie Ank\u00fcndigung von Au\u00dfenministerin Baerbock eine internationale Koalition zu bilden, die politische Unterst\u00fctzung und erforderliche Finanzmittel f\u00fcr ambitionierte NDCs mobilisiert, damit diese Entwicklungspl\u00e4ne und Investitionsbedarfe der L\u00e4nder aufzeigen, ist ein wichtiger Schritt. Damit Deutschland und die EU glaubhaft eine solche Koalition aufbauen k\u00f6nnen, m\u00fcssen direkt nach der Europawahl die Entscheidungen f\u00fcr ambitionierte europ\u00e4ische Klimaziele f\u00fcr 2035 und 2040 getroffen werden.\u201c<\/p>\n\n\n<h5 class=\"green\">Quelle<\/h5>\r\n\n\n\n<p><a href=\"https:\/\/www.germanwatch.org\/de\/90825\">Germanwatch 2024<\/a><\/p>\n<div class=\"shariff shariff-align-flex-start shariff-widget-align-flex-start\"><div class=\"ShariffHeadline\">Diese Meldung teilen<\/div><ul class=\"shariff-buttons theme-round orientation-horizontal buttonsize-medium\"><li class=\"shariff-button facebook shariff-nocustomcolor\" style=\"background-color:#4273c8;border-radius:1%\"><a href=\"https:\/\/www.facebook.com\/sharer\/sharer.php?u=https%3A%2F%2Fwww.sonnenseite.com%2Fde%2Fpolitik%2Fkein-klima-schub-vom-kanzler%2F\" title=\"Bei Facebook teilen\" aria-label=\"Bei Facebook teilen\" role=\"button\" rel=\"nofollow\" class=\"shariff-link\" style=\";border-radius:1%; background-color:#3b5998; color:#fff\" target=\"_blank\"><span class=\"shariff-icon\" style=\"\"><svg width=\"32px\" height=\"20px\" xmlns=\"http:\/\/www.w3.org\/2000\/svg\" viewBox=\"0 0 18 32\"><path fill=\"#3b5998\" d=\"M17.1 0.2v4.7h-2.8q-1.5 0-2.1 0.6t-0.5 1.9v3.4h5.2l-0.7 5.3h-4.5v13.6h-5.5v-13.6h-4.5v-5.3h4.5v-3.9q0-3.3 1.9-5.2t5-1.8q2.6 0 4.1 0.2z\"\/><\/svg><\/span><\/a><\/li><li class=\"shariff-button twitter shariff-nocustomcolor\" style=\"background-color:#595959;border-radius:1%\"><a href=\"https:\/\/twitter.com\/share?url=https%3A%2F%2Fwww.sonnenseite.com%2Fde%2Fpolitik%2Fkein-klima-schub-vom-kanzler%2F&text=Kein%20Klima-Schub%20vom%20Kanzler\" title=\"Bei X teilen\" aria-label=\"Bei X teilen\" role=\"button\" rel=\"noopener nofollow\" class=\"shariff-link\" style=\";border-radius:1%; background-color:#000; color:#fff\" target=\"_blank\"><span class=\"shariff-icon\" style=\"\"><svg width=\"32px\" height=\"20px\" xmlns=\"http:\/\/www.w3.org\/2000\/svg\" viewBox=\"0 0 24 24\"><path fill=\"#000\" d=\"M14.258 10.152L23.176 0h-2.113l-7.747 8.813L7.133 0H0l9.352 13.328L0 23.973h2.113l8.176-9.309 6.531 9.309h7.133zm-2.895 3.293l-.949-1.328L2.875 1.56h3.246l6.086 8.523.945 1.328 7.91 11.078h-3.246zm0 0\"\/><\/svg><\/span><\/a><\/li><li class=\"shariff-button xing shariff-nocustomcolor\" style=\"background-color:#29888a;border-radius:1%\"><a href=\"https:\/\/www.xing.com\/spi\/shares\/new?url=https%3A%2F%2Fwww.sonnenseite.com%2Fde%2Fpolitik%2Fkein-klima-schub-vom-kanzler%2F\" title=\"Bei XING teilen\" aria-label=\"Bei XING teilen\" role=\"button\" rel=\"noopener nofollow\" class=\"shariff-link\" style=\";border-radius:1%; background-color:#126567; color:#fff\" target=\"_blank\"><span class=\"shariff-icon\" style=\"\"><svg width=\"32px\" height=\"20px\" xmlns=\"http:\/\/www.w3.org\/2000\/svg\" viewBox=\"0 0 25 32\"><path fill=\"#126567\" d=\"M10.7 11.9q-0.2 0.3-4.6 8.2-0.5 0.8-1.2 0.8h-4.3q-0.4 0-0.5-0.3t0-0.6l4.5-8q0 0 0 0l-2.9-5q-0.2-0.4 0-0.7 0.2-0.3 0.5-0.3h4.3q0.7 0 1.2 0.8zM25.1 0.4q0.2 0.3 0 0.7l-9.4 16.7 6 11q0.2 0.4 0 0.6-0.2 0.3-0.6 0.3h-4.3q-0.7 0-1.2-0.8l-6-11.1q0.3-0.6 9.5-16.8 0.4-0.8 1.2-0.8h4.3q0.4 0 0.5 0.3z\"\/><\/svg><\/span><\/a><\/li><li class=\"shariff-button linkedin shariff-nocustomcolor\" style=\"background-color:#1488bf;border-radius:1%\"><a href=\"https:\/\/www.linkedin.com\/sharing\/share-offsite\/?url=https%3A%2F%2Fwww.sonnenseite.com%2Fde%2Fpolitik%2Fkein-klima-schub-vom-kanzler%2F\" title=\"Bei LinkedIn teilen\" aria-label=\"Bei LinkedIn teilen\" role=\"button\" rel=\"noopener nofollow\" class=\"shariff-link\" style=\";border-radius:1%; background-color:#0077b5; color:#fff\" target=\"_blank\"><span class=\"shariff-icon\" style=\"\"><svg width=\"32px\" height=\"20px\" xmlns=\"http:\/\/www.w3.org\/2000\/svg\" viewBox=\"0 0 27 32\"><path fill=\"#0077b5\" d=\"M6.2 11.2v17.7h-5.9v-17.7h5.9zM6.6 5.7q0 1.3-0.9 2.2t-2.4 0.9h0q-1.5 0-2.4-0.9t-0.9-2.2 0.9-2.2 2.4-0.9 2.4 0.9 0.9 2.2zM27.4 18.7v10.1h-5.9v-9.5q0-1.9-0.7-2.9t-2.3-1.1q-1.1 0-1.9 0.6t-1.2 1.5q-0.2 0.5-0.2 1.4v9.9h-5.9q0-7.1 0-11.6t0-5.3l0-0.9h5.9v2.6h0q0.4-0.6 0.7-1t1-0.9 1.6-0.8 2-0.3q3 0 4.9 2t1.9 6z\"\/><\/svg><\/span><\/a><\/li><li class=\"shariff-button printer shariff-nocustomcolor\" style=\"background-color:#a8a8a8;border-radius:1%\"><a href=\"javascript:window.print()\" title=\"drucken\" aria-label=\"drucken\" role=\"button\" rel=\"noopener nofollow\" class=\"shariff-link\" style=\";border-radius:1%; background-color:#999; color:#fff\"><span class=\"shariff-icon\" style=\"\"><svg width=\"32px\" height=\"20px\" xmlns=\"http:\/\/www.w3.org\/2000\/svg\" viewBox=\"0 0 30 32\"><path fill=\"#999\" d=\"M6.8 27.4h16v-4.6h-16v4.6zM6.8 16h16v-6.8h-2.8q-0.7 0-1.2-0.5t-0.5-1.2v-2.8h-11.4v11.4zM27.4 17.2q0-0.5-0.3-0.8t-0.8-0.4-0.8 0.4-0.3 0.8 0.3 0.8 0.8 0.3 0.8-0.3 0.3-0.8zM29.7 17.2v7.4q0 0.2-0.2 0.4t-0.4 0.2h-4v2.8q0 0.7-0.5 1.2t-1.2 0.5h-17.2q-0.7 0-1.2-0.5t-0.5-1.2v-2.8h-4q-0.2 0-0.4-0.2t-0.2-0.4v-7.4q0-1.4 1-2.4t2.4-1h1.2v-9.7q0-0.7 0.5-1.2t1.2-0.5h12q0.7 0 1.6 0.4t1.3 0.8l2.7 2.7q0.5 0.5 0.9 1.4t0.4 1.6v4.6h1.1q1.4 0 2.4 1t1 2.4z\"\/><\/svg><\/span><\/a><\/li><li class=\"shariff-button mailto shariff-nocustomcolor\" style=\"background-color:#a8a8a8;border-radius:1%\"><a href=\"mailto:?body=https%3A%2F%2Fwww.sonnenseite.com%2Fde%2Fpolitik%2Fkein-klima-schub-vom-kanzler%2F&subject=Kein%20Klima-Schub%20vom%20Kanzler\" title=\"Per E-Mail versenden\" aria-label=\"Per E-Mail versenden\" role=\"button\" rel=\"noopener nofollow\" class=\"shariff-link\" style=\";border-radius:1%; background-color:#999; color:#fff\"><span class=\"shariff-icon\" style=\"\"><svg width=\"32px\" height=\"20px\" xmlns=\"http:\/\/www.w3.org\/2000\/svg\" viewBox=\"0 0 32 32\"><path fill=\"#999\" d=\"M32 12.7v14.2q0 1.2-0.8 2t-2 0.9h-26.3q-1.2 0-2-0.9t-0.8-2v-14.2q0.8 0.9 1.8 1.6 6.5 4.4 8.9 6.1 1 0.8 1.6 1.2t1.7 0.9 2 0.4h0.1q0.9 0 2-0.4t1.7-0.9 1.6-1.2q3-2.2 8.9-6.1 1-0.7 1.8-1.6zM32 7.4q0 1.4-0.9 2.7t-2.2 2.2q-6.7 4.7-8.4 5.8-0.2 0.1-0.7 0.5t-1 0.7-0.9 0.6-1.1 0.5-0.9 0.2h-0.1q-0.4 0-0.9-0.2t-1.1-0.5-0.9-0.6-1-0.7-0.7-0.5q-1.6-1.1-4.7-3.2t-3.6-2.6q-1.1-0.7-2.1-2t-1-2.5q0-1.4 0.7-2.3t2.1-0.9h26.3q1.2 0 2 0.8t0.9 2z\"\/><\/svg><\/span><\/a><\/li><\/ul><\/div>","protected":false},"excerpt":{"rendered":"<p>Petersberger Klimadialog: Bundeskanzler Scholz vers\u00e4umt klare Zusagen, bekr\u00e4ftigt aber immerhin, dass deutsche Unterst\u00fctzung f\u00fcr Klimaschutz und [&hellip;]<\/p>\n","protected":false},"author":3,"featured_media":87313,"comment_status":"closed","ping_status":"closed","sticky":false,"template":"","format":"standard","meta":{"inline_featured_image":false,"footnotes":""},"categories":[21],"tags":[],"class_list":["post-99132","post","type-post","status-publish","format-standard","has-post-thumbnail","hentry","category-politik"],"yoast_head":"<!-- This site is optimized with the Yoast SEO plugin v26.5 - https:\/\/yoast.com\/wordpress\/plugins\/seo\/ -->\n<title>Kein Klima-Schub vom Kanzler - Sonnenseite - \u00d6kologische Kommunikation mit Franz Alt<\/title>\n<meta name=\"description\" content=\"Petersberger Klimadialog: Bundeskanzler Scholz vers\u00e4umt klare Zusagen, bekr\u00e4ftigt aber immerhin, dass deutsche Unterst\u00fctzung f\u00fcr Klimaschutz und\" \/>\n<meta name=\"robots\" content=\"index, follow, max-snippet:-1, max-image-preview:large, max-video-preview:-1\" \/>\n<link rel=\"canonical\" href=\"https:\/\/www.sonnenseite.com\/de\/politik\/kein-klima-schub-vom-kanzler\/\" \/>\n<meta property=\"og:locale\" content=\"de_DE\" \/>\n<meta property=\"og:type\" content=\"article\" \/>\n<meta property=\"og:title\" content=\"Kein Klima-Schub vom Kanzler - Sonnenseite - \u00d6kologische Kommunikation mit Franz Alt\" \/>\n<meta property=\"og:description\" content=\"Petersberger Klimadialog: Bundeskanzler Scholz vers\u00e4umt klare Zusagen, bekr\u00e4ftigt aber immerhin, dass deutsche Unterst\u00fctzung f\u00fcr Klimaschutz und\" \/>\n<meta property=\"og:url\" content=\"https:\/\/www.sonnenseite.com\/de\/politik\/kein-klima-schub-vom-kanzler\/\" \/>\n<meta property=\"og:site_name\" content=\"Sonnenseite\" \/>\n<meta property=\"article:publisher\" content=\"https:\/\/www.facebook.com\/pages\/Franz-Alt-SONNENSEITECOM\/221072987903953?fref=ts\" \/>\n<meta property=\"article:published_time\" content=\"2024-04-26T12:28:46+00:00\" \/>\n<meta property=\"article:modified_time\" content=\"2024-04-26T12:28:47+00:00\" \/>\n<meta property=\"og:image\" content=\"https:\/\/www.sonnenseite.com\/wp-content\/uploads\/2022\/12\/OlafScholz_Ale-Mi.jpg\" \/>\n\t<meta property=\"og:image:width\" content=\"770\" \/>\n\t<meta property=\"og:image:height\" content=\"420\" \/>\n\t<meta property=\"og:image:type\" content=\"image\/jpeg\" \/>\n<meta name=\"author\" content=\"Bigi Alt\" \/>\n<meta name=\"twitter:card\" content=\"summary_large_image\" \/>\n<meta name=\"twitter:creator\" content=\"@franzalt\" \/>\n<meta name=\"twitter:site\" content=\"@franzalt\" \/>\n<meta name=\"twitter:label1\" content=\"Verfasst von\" \/>\n\t<meta name=\"twitter:data1\" content=\"Bigi Alt\" \/>\n\t<meta name=\"twitter:label2\" content=\"Gesch\u00e4tzte Lesezeit\" \/>\n\t<meta name=\"twitter:data2\" content=\"4\u00a0Minuten\" \/>\n<script type=\"application\/ld+json\" class=\"yoast-schema-graph\">{\"@context\":\"https:\/\/schema.org\",\"@graph\":[{\"@type\":\"Article\",\"@id\":\"https:\/\/www.sonnenseite.com\/de\/politik\/kein-klima-schub-vom-kanzler\/#article\",\"isPartOf\":{\"@id\":\"https:\/\/www.sonnenseite.com\/de\/politik\/kein-klima-schub-vom-kanzler\/\"},\"author\":{\"name\":\"Bigi Alt\",\"@id\":\"https:\/\/www.sonnenseite.com\/de\/#\/schema\/person\/50fda0e926597684c7cc6695238a4eb9\"},\"headline\":\"Kein Klima-Schub vom Kanzler\",\"datePublished\":\"2024-04-26T12:28:46+00:00\",\"dateModified\":\"2024-04-26T12:28:47+00:00\",\"mainEntityOfPage\":{\"@id\":\"https:\/\/www.sonnenseite.com\/de\/politik\/kein-klima-schub-vom-kanzler\/\"},\"wordCount\":610,\"publisher\":{\"@id\":\"https:\/\/www.sonnenseite.com\/de\/#organization\"},\"image\":{\"@id\":\"https:\/\/www.sonnenseite.com\/de\/politik\/kein-klima-schub-vom-kanzler\/#primaryimage\"},\"thumbnailUrl\":\"https:\/\/www.sonnenseite.com\/wp-content\/uploads\/2022\/12\/OlafScholz_Ale-Mi.jpg\",\"articleSection\":[\"Politik\"],\"inLanguage\":\"de\"},{\"@type\":\"WebPage\",\"@id\":\"https:\/\/www.sonnenseite.com\/de\/politik\/kein-klima-schub-vom-kanzler\/\",\"url\":\"https:\/\/www.sonnenseite.com\/de\/politik\/kein-klima-schub-vom-kanzler\/\",\"name\":\"Kein Klima-Schub vom Kanzler - Sonnenseite - \u00d6kologische Kommunikation mit Franz Alt\",\"isPartOf\":{\"@id\":\"https:\/\/www.sonnenseite.com\/de\/#website\"},\"primaryImageOfPage\":{\"@id\":\"https:\/\/www.sonnenseite.com\/de\/politik\/kein-klima-schub-vom-kanzler\/#primaryimage\"},\"image\":{\"@id\":\"https:\/\/www.sonnenseite.com\/de\/politik\/kein-klima-schub-vom-kanzler\/#primaryimage\"},\"thumbnailUrl\":\"https:\/\/www.sonnenseite.com\/wp-content\/uploads\/2022\/12\/OlafScholz_Ale-Mi.jpg\",\"datePublished\":\"2024-04-26T12:28:46+00:00\",\"dateModified\":\"2024-04-26T12:28:47+00:00\",\"description\":\"Petersberger Klimadialog: Bundeskanzler Scholz vers\u00e4umt klare Zusagen, bekr\u00e4ftigt aber immerhin, dass deutsche Unterst\u00fctzung f\u00fcr Klimaschutz und\",\"breadcrumb\":{\"@id\":\"https:\/\/www.sonnenseite.com\/de\/politik\/kein-klima-schub-vom-kanzler\/#breadcrumb\"},\"inLanguage\":\"de\",\"potentialAction\":[{\"@type\":\"ReadAction\",\"target\":[\"https:\/\/www.sonnenseite.com\/de\/politik\/kein-klima-schub-vom-kanzler\/\"]}]},{\"@type\":\"ImageObject\",\"inLanguage\":\"de\",\"@id\":\"https:\/\/www.sonnenseite.com\/de\/politik\/kein-klima-schub-vom-kanzler\/#primaryimage\",\"url\":\"https:\/\/www.sonnenseite.com\/wp-content\/uploads\/2022\/12\/OlafScholz_Ale-Mi.jpg\",\"contentUrl\":\"https:\/\/www.sonnenseite.com\/wp-content\/uploads\/2022\/12\/OlafScholz_Ale-Mi.jpg\",\"width\":770,\"height\":420,\"caption\":\"Depositphotos.com | Ale-Mi | Bundeskanzler Olaf Scholz\"},{\"@type\":\"BreadcrumbList\",\"@id\":\"https:\/\/www.sonnenseite.com\/de\/politik\/kein-klima-schub-vom-kanzler\/#breadcrumb\",\"itemListElement\":[{\"@type\":\"ListItem\",\"position\":1,\"name\":\"Startseite\",\"item\":\"https:\/\/www.sonnenseite.com\/de\/\"},{\"@type\":\"ListItem\",\"position\":2,\"name\":\"Kein Klima-Schub vom Kanzler\"}]},{\"@type\":\"WebSite\",\"@id\":\"https:\/\/www.sonnenseite.com\/de\/#website\",\"url\":\"https:\/\/www.sonnenseite.com\/de\/\",\"name\":\"Sonnenseite\",\"description\":\"\u00d6kologische Kommunikation mit Franz Alt\",\"publisher\":{\"@id\":\"https:\/\/www.sonnenseite.com\/de\/#organization\"},\"potentialAction\":[{\"@type\":\"SearchAction\",\"target\":{\"@type\":\"EntryPoint\",\"urlTemplate\":\"https:\/\/www.sonnenseite.com\/de\/?s={search_term_string}\"},\"query-input\":{\"@type\":\"PropertyValueSpecification\",\"valueRequired\":true,\"valueName\":\"search_term_string\"}}],\"inLanguage\":\"de\"},{\"@type\":\"Organization\",\"@id\":\"https:\/\/www.sonnenseite.com\/de\/#organization\",\"name\":\"Sonnenseite\",\"url\":\"https:\/\/www.sonnenseite.com\/de\/\",\"logo\":{\"@type\":\"ImageObject\",\"inLanguage\":\"de\",\"@id\":\"https:\/\/www.sonnenseite.com\/de\/#\/schema\/logo\/image\/\",\"url\":\"https:\/\/www.sonnenseite.com\/wp-content\/uploads\/2020\/05\/Sonnenseite_Logo.png\",\"contentUrl\":\"https:\/\/www.sonnenseite.com\/wp-content\/uploads\/2020\/05\/Sonnenseite_Logo.png\",\"width\":377,\"height\":90,\"caption\":\"Sonnenseite\"},\"image\":{\"@id\":\"https:\/\/www.sonnenseite.com\/de\/#\/schema\/logo\/image\/\"},\"sameAs\":[\"https:\/\/www.facebook.com\/pages\/Franz-Alt-SONNENSEITECOM\/221072987903953?fref=ts\",\"https:\/\/x.com\/franzalt\",\"http:\/\/www.youtube.com\/results?search_query&amp;amp;quot;franz_alt&amp;amp;quot;&amp;amp;amp;amp;search_type&amp;amp;amp;amp;aq=f\"]},{\"@type\":\"Person\",\"@id\":\"https:\/\/www.sonnenseite.com\/de\/#\/schema\/person\/50fda0e926597684c7cc6695238a4eb9\",\"name\":\"Bigi Alt\"}]}<\/script>\n<!-- \/ Yoast SEO plugin. -->","yoast_head_json":{"title":"Kein Klima-Schub vom Kanzler - Sonnenseite - \u00d6kologische Kommunikation mit Franz Alt","description":"Petersberger Klimadialog: Bundeskanzler Scholz vers\u00e4umt klare Zusagen, bekr\u00e4ftigt aber immerhin, dass deutsche Unterst\u00fctzung f\u00fcr Klimaschutz und","robots":{"index":"index","follow":"follow","max-snippet":"max-snippet:-1","max-image-preview":"max-image-preview:large","max-video-preview":"max-video-preview:-1"},"canonical":"https:\/\/www.sonnenseite.com\/de\/politik\/kein-klima-schub-vom-kanzler\/","og_locale":"de_DE","og_type":"article","og_title":"Kein Klima-Schub vom Kanzler - Sonnenseite - \u00d6kologische Kommunikation mit Franz Alt","og_description":"Petersberger Klimadialog: Bundeskanzler Scholz vers\u00e4umt klare Zusagen, bekr\u00e4ftigt aber immerhin, dass deutsche Unterst\u00fctzung f\u00fcr Klimaschutz und","og_url":"https:\/\/www.sonnenseite.com\/de\/politik\/kein-klima-schub-vom-kanzler\/","og_site_name":"Sonnenseite","article_publisher":"https:\/\/www.facebook.com\/pages\/Franz-Alt-SONNENSEITECOM\/221072987903953?fref=ts","article_published_time":"2024-04-26T12:28:46+00:00","article_modified_time":"2024-04-26T12:28:47+00:00","og_image":[{"width":770,"height":420,"url":"https:\/\/www.sonnenseite.com\/wp-content\/uploads\/2022\/12\/OlafScholz_Ale-Mi.jpg","type":"image\/jpeg"}],"author":"Bigi Alt","twitter_card":"summary_large_image","twitter_creator":"@franzalt","twitter_site":"@franzalt","twitter_misc":{"Verfasst von":"Bigi Alt","Gesch\u00e4tzte Lesezeit":"4\u00a0Minuten"},"schema":{"@context":"https:\/\/schema.org","@graph":[{"@type":"Article","@id":"https:\/\/www.sonnenseite.com\/de\/politik\/kein-klima-schub-vom-kanzler\/#article","isPartOf":{"@id":"https:\/\/www.sonnenseite.com\/de\/politik\/kein-klima-schub-vom-kanzler\/"},"author":{"name":"Bigi Alt","@id":"https:\/\/www.sonnenseite.com\/de\/#\/schema\/person\/50fda0e926597684c7cc6695238a4eb9"},"headline":"Kein Klima-Schub vom Kanzler","datePublished":"2024-04-26T12:28:46+00:00","dateModified":"2024-04-26T12:28:47+00:00","mainEntityOfPage":{"@id":"https:\/\/www.sonnenseite.com\/de\/politik\/kein-klima-schub-vom-kanzler\/"},"wordCount":610,"publisher":{"@id":"https:\/\/www.sonnenseite.com\/de\/#organization"},"image":{"@id":"https:\/\/www.sonnenseite.com\/de\/politik\/kein-klima-schub-vom-kanzler\/#primaryimage"},"thumbnailUrl":"https:\/\/www.sonnenseite.com\/wp-content\/uploads\/2022\/12\/OlafScholz_Ale-Mi.jpg","articleSection":["Politik"],"inLanguage":"de"},{"@type":"WebPage","@id":"https:\/\/www.sonnenseite.com\/de\/politik\/kein-klima-schub-vom-kanzler\/","url":"https:\/\/www.sonnenseite.com\/de\/politik\/kein-klima-schub-vom-kanzler\/","name":"Kein Klima-Schub vom Kanzler - Sonnenseite - \u00d6kologische Kommunikation mit Franz Alt","isPartOf":{"@id":"https:\/\/www.sonnenseite.com\/de\/#website"},"primaryImageOfPage":{"@id":"https:\/\/www.sonnenseite.com\/de\/politik\/kein-klima-schub-vom-kanzler\/#primaryimage"},"image":{"@id":"https:\/\/www.sonnenseite.com\/de\/politik\/kein-klima-schub-vom-kanzler\/#primaryimage"},"thumbnailUrl":"https:\/\/www.sonnenseite.com\/wp-content\/uploads\/2022\/12\/OlafScholz_Ale-Mi.jpg","datePublished":"2024-04-26T12:28:46+00:00","dateModified":"2024-04-26T12:28:47+00:00","description":"Petersberger Klimadialog: Bundeskanzler Scholz vers\u00e4umt klare Zusagen, bekr\u00e4ftigt aber immerhin, dass deutsche Unterst\u00fctzung f\u00fcr Klimaschutz und","breadcrumb":{"@id":"https:\/\/www.sonnenseite.com\/de\/politik\/kein-klima-schub-vom-kanzler\/#breadcrumb"},"inLanguage":"de","potentialAction":[{"@type":"ReadAction","target":["https:\/\/www.sonnenseite.com\/de\/politik\/kein-klima-schub-vom-kanzler\/"]}]},{"@type":"ImageObject","inLanguage":"de","@id":"https:\/\/www.sonnenseite.com\/de\/politik\/kein-klima-schub-vom-kanzler\/#primaryimage","url":"https:\/\/www.sonnenseite.com\/wp-content\/uploads\/2022\/12\/OlafScholz_Ale-Mi.jpg","contentUrl":"https:\/\/www.sonnenseite.com\/wp-content\/uploads\/2022\/12\/OlafScholz_Ale-Mi.jpg","width":770,"height":420,"caption":"Depositphotos.com | Ale-Mi | Bundeskanzler Olaf Scholz"},{"@type":"BreadcrumbList","@id":"https:\/\/www.sonnenseite.com\/de\/politik\/kein-klima-schub-vom-kanzler\/#breadcrumb","itemListElement":[{"@type":"ListItem","position":1,"name":"Startseite","item":"https:\/\/www.sonnenseite.com\/de\/"},{"@type":"ListItem","position":2,"name":"Kein Klima-Schub vom Kanzler"}]},{"@type":"WebSite","@id":"https:\/\/www.sonnenseite.com\/de\/#website","url":"https:\/\/www.sonnenseite.com\/de\/","name":"Sonnenseite","description":"\u00d6kologische Kommunikation mit Franz Alt","publisher":{"@id":"https:\/\/www.sonnenseite.com\/de\/#organization"},"potentialAction":[{"@type":"SearchAction","target":{"@type":"EntryPoint","urlTemplate":"https:\/\/www.sonnenseite.com\/de\/?s={search_term_string}"},"query-input":{"@type":"PropertyValueSpecification","valueRequired":true,"valueName":"search_term_string"}}],"inLanguage":"de"},{"@type":"Organization","@id":"https:\/\/www.sonnenseite.com\/de\/#organization","name":"Sonnenseite","url":"https:\/\/www.sonnenseite.com\/de\/","logo":{"@type":"ImageObject","inLanguage":"de","@id":"https:\/\/www.sonnenseite.com\/de\/#\/schema\/logo\/image\/","url":"https:\/\/www.sonnenseite.com\/wp-content\/uploads\/2020\/05\/Sonnenseite_Logo.png","contentUrl":"https:\/\/www.sonnenseite.com\/wp-content\/uploads\/2020\/05\/Sonnenseite_Logo.png","width":377,"height":90,"caption":"Sonnenseite"},"image":{"@id":"https:\/\/www.sonnenseite.com\/de\/#\/schema\/logo\/image\/"},"sameAs":["https:\/\/www.facebook.com\/pages\/Franz-Alt-SONNENSEITECOM\/221072987903953?fref=ts","https:\/\/x.com\/franzalt","http:\/\/www.youtube.com\/results?search_query&amp;amp;quot;franz_alt&amp;amp;quot;&amp;amp;amp;amp;search_type&amp;amp;amp;amp;aq=f"]},{"@type":"Person","@id":"https:\/\/www.sonnenseite.com\/de\/#\/schema\/person\/50fda0e926597684c7cc6695238a4eb9","name":"Bigi Alt"}]}},"_links":{"self":[{"href":"https:\/\/www.sonnenseite.com\/de\/wp-json\/wp\/v2\/posts\/99132","targetHints":{"allow":["GET"]}}],"collection":[{"href":"https:\/\/www.sonnenseite.com\/de\/wp-json\/wp\/v2\/posts"}],"about":[{"href":"https:\/\/www.sonnenseite.com\/de\/wp-json\/wp\/v2\/types\/post"}],"author":[{"embeddable":true,"href":"https:\/\/www.sonnenseite.com\/de\/wp-json\/wp\/v2\/users\/3"}],"replies":[{"embeddable":true,"href":"https:\/\/www.sonnenseite.com\/de\/wp-json\/wp\/v2\/comments?post=99132"}],"version-history":[{"count":1,"href":"https:\/\/www.sonnenseite.com\/de\/wp-json\/wp\/v2\/posts\/99132\/revisions"}],"predecessor-version":[{"id":99133,"href":"https:\/\/www.sonnenseite.com\/de\/wp-json\/wp\/v2\/posts\/99132\/revisions\/99133"}],"wp:featuredmedia":[{"embeddable":true,"href":"https:\/\/www.sonnenseite.com\/de\/wp-json\/wp\/v2\/media\/87313"}],"wp:attachment":[{"href":"https:\/\/www.sonnenseite.com\/de\/wp-json\/wp\/v2\/media?parent=99132"}],"wp:term":[{"taxonomy":"category","embeddable":true,"href":"https:\/\/www.sonnenseite.com\/de\/wp-json\/wp\/v2\/categories?post=99132"},{"taxonomy":"post_tag","embeddable":true,"href":"https:\/\/www.sonnenseite.com\/de\/wp-json\/wp\/v2\/tags?post=99132"}],"curies":[{"name":"wp","href":"https:\/\/api.w.org\/{rel}","templated":true}]}}