{"id":99159,"date":"2024-05-01T02:52:00","date_gmt":"2024-05-01T00:52:00","guid":{"rendered":"https:\/\/www.sonnenseite.com\/?p=99159"},"modified":"2024-04-30T11:52:59","modified_gmt":"2024-04-30T09:52:59","slug":"mobilitaetsmonitor-2024-bevoelkerung-bewertet-infrastruktur-und-elektromobilitaet-kritisch","status":"publish","type":"post","link":"https:\/\/www.sonnenseite.com\/de\/mobilitaet\/mobilitaetsmonitor-2024-bevoelkerung-bewertet-infrastruktur-und-elektromobilitaet-kritisch\/","title":{"rendered":"Mobilit\u00e4tsmonitor 2024: Bev\u00f6lkerung bewertet Infrastruktur und Elektromobilit\u00e4t kritisch"},"content":{"rendered":"\n<p>Die Deutschen halten Anstrengungen im Klimaschutz weiterhin f\u00fcr wichtig. Die Einsch\u00e4tzung, dass Ma\u00dfnahmen im Energie- und Mobilit\u00e4tssektor einen Beitrag zur Verringerung der Klimabelastung leisten k\u00f6nnen, teilen heute aber weniger Menschen als noch in den Vorjahren. <\/p>\n\n\n\n<p>Das zeigt der Mobilit\u00e4tsmonitor 2024, eine repr\u00e4sentative Allensbach-Umfrage im Auftrag von acatech \u2013 Deutsche Akademie der Technikwissenschaften. Die Elektromobilit\u00e4t k\u00e4mpft laut Studie nach wie vor mit Vorbehalten: Nur 17 Prozent der Befragten ziehen in Erw\u00e4gung, sich ein E-Auto anzuschaffen \u2013 ein neuer Tiefstwert.<\/p>\n\n\n\n<p>Im Energie- und Mobilit\u00e4tssektor gibt es aus Sicht der deutschen Bev\u00f6lkerung viele Ansatzpunkte, um den Klimaschutz zu verbessern. Das zeigt der heute erschienene Mobilit\u00e4tsmonitor 2024. F\u00fcr fast zwei Drittel der Befragten (62 Prozent) ist der Ausbau des \u00f6ffentlichen Nahverkehrs eine wichtige Stellschraube, um die Klimabelastung zu reduzieren. 60 Prozent setzen auf die Ma\u00dfnahme, den G\u00fcterverkehr verst\u00e4rkt auf Schienen- und Wasserwege umzuleiten. In der Reduktion der Nutzung fossiler Brennstoffe sieht jeder bzw. jede zweite Befragte (51 Prozent) einen wichtigen Hebel f\u00fcr den Klimaschutz \u2013 sechs Prozent weniger als noch bei der ersten Mobilit\u00e4tsmonitor-Erhebung im Jahr 2020.<\/p>\n\n\n<div class=\"wp-block-image\">\n<figure class=\"aligncenter size-large\"><a href=\"https:\/\/www.sonnenseite.com\/wp-content\/uploads\/2024\/04\/Allensbach_2024_Grafiken_Mobilitaetsmonitor01.jpg\"><img loading=\"lazy\" decoding=\"async\" width=\"1024\" height=\"724\" src=\"https:\/\/www.sonnenseite.com\/wp-content\/uploads\/2024\/04\/Allensbach_2024_Grafiken_Mobilitaetsmonitor01-1024x724.jpg\" alt=\"\" class=\"wp-image-99162\" srcset=\"https:\/\/www.sonnenseite.com\/wp-content\/uploads\/2024\/04\/Allensbach_2024_Grafiken_Mobilitaetsmonitor01-1024x724.jpg 1024w, https:\/\/www.sonnenseite.com\/wp-content\/uploads\/2024\/04\/Allensbach_2024_Grafiken_Mobilitaetsmonitor01-300x212.jpg 300w, https:\/\/www.sonnenseite.com\/wp-content\/uploads\/2024\/04\/Allensbach_2024_Grafiken_Mobilitaetsmonitor01-768x543.jpg 768w, https:\/\/www.sonnenseite.com\/wp-content\/uploads\/2024\/04\/Allensbach_2024_Grafiken_Mobilitaetsmonitor01.jpg 1200w\" sizes=\"auto, (max-width: 1024px) 100vw, 1024px\" \/><\/a><\/figure>\n<\/div>\n\n\n<ul class=\"wp-block-list\">\n<li>Alle Materialien (Grafiken, Pressemitteilung, Ergebnisse in der \u00dcbersicht) zur Studie finden sich auf der\u00a0<a href=\"https:\/\/www.acatech.de\/mobilitaetsmonitor\/\" target=\"_blank\" rel=\"noreferrer noopener\">Sonderseite zum Mobilit\u00e4tsmonitor<\/a>.<\/li>\n<\/ul>\n\n\n\n<p>Ver\u00e4nderungen im Zeitverlauf sind auch bei anderen Themen zu beobachten: Dass die Umstellung der Stromversorgung auf erneuerbare Energien einen wertvollen Beitrag zum Klimaschutz leistet, glauben heute nur noch 44 Prozent der B\u00fcrgerinnen und B\u00fcrger \u2013 2020 waren es noch 56 Prozent, beim letzten Mobilit\u00e4tsmonitor im Jahr 2022 zwischenzeitlich sogar 63 Prozent.<\/p>\n\n\n\n<blockquote class=\"wp-block-quote is-layout-flow wp-block-quote-is-layout-flow\">\n<p>Die Ergebnisse des Mobilit\u00e4tsmonitors 2024 zeigen, wie sich Krisen und gesellschaftliche Debatten auf das Denken und Handeln der Menschen auswirken. 2022, nach Ausbruch des Ukraine-Kriegs und der folgenden Energieknappheit, setzte die Bev\u00f6lkerung nicht nur verst\u00e4rkt auf regenerative Energien, sondern auch auf die Kernenergie. Unter dem Eindruck von Inflation und wirtschaftlichen Problemen ist dann Klimaschutz und auch speziell die F\u00f6rderung regenerativer Energien in der Agenda der B\u00fcrger teilweise zur\u00fcckgestuft worden. Was das Mobilit\u00e4tsverhalten der Bev\u00f6lkerung angeht, zeigt der Mobilit\u00e4tsmonitor jedoch eine bemerkenswerte Stabilit\u00e4t, die von der Pandemie nur kurzfristig au\u00dfer Kraft gesetzt wurde.<\/p>\n<cite><strong>Renate K\u00f6cher, Gesch\u00e4ftsf\u00fchrerin des Instituts f\u00fcr Demoskopie Allensbach und acatech Senatorin.<\/strong><\/cite><\/blockquote>\n\n\n\n<p>Nach wie vor ist das Auto das wichtigste Verkehrsmittel: 76 Prozent der Autofahrenden nutzen es mehrmals in der Woche oder t\u00e4glich \u2013 genauso wie im Jahr 2020. Entsprechend k\u00f6nnen mehr als drei Viertel von ihnen (78 Prozent) nicht auf das Auto verzichten. Fahrrad und \u00d6ffentlicher Nahverkehr (\u00d6N) sind dagegen nur f\u00fcr 55 bzw. 41 Prozent unverzichtbar; \u00e4hnlich schnitten diese Mobilit\u00e4tsoptionen bereits bei der letzten Erhebung im Jahr 2022 ab (51 bzw. 42 Prozent).<\/p>\n\n\n\n<h4 class=\"wp-block-heading\">Stadt-Land-Vergleich verdeutlicht: Die Bed\u00fcrfnisse der Menschen unterscheiden sich \u2013 und m\u00fcssen st\u00e4rker ber\u00fccksichtigt werden<\/h4>\n\n\n\n<p>Gro\u00dfe Unterschiede bei der Bewertung der Infrastruktur zeigt ein Vergleich zwischen Stadt und Land. Unterschiedliche Rahmenbedingungen sind hierf\u00fcr die Ursache. So wird in D\u00f6rfern das Angebot an Lebensmittelm\u00e4rkten oder Haus\u00e4rzten in der direkten Umgebung um durchschnittlich zehn Prozentpunkte schlechter eingesch\u00e4tzt als in St\u00e4dten; das Angebot an Restaurants, Bars und Caf\u00e9s um fast 20 Prozentpunkte schlechter. W\u00e4hrend 84 Prozent der Gro\u00dfstadtbewohnenden das \u00d6N-Angebot als gut oder sehr gut einsch\u00e4tzen, liegt dieser Anteil bei Befragten, die in D\u00f6rfern leben, bei nur 32 Prozent.<\/p>\n\n\n\n<p>Je nach Wohnort stehen andere Themen auf der Mobilit\u00e4tsagenda: 69 Prozent der Dorfbewohnenden w\u00fcnschen sich, dass der \u00d6N h\u00e4ufiger f\u00e4hrt, wohingegen nicht mal die H\u00e4lfte (44 Prozent) der Menschen, die in Gro\u00df-, Mittel- oder Kleinst\u00e4dten leben, diesen Wunsch \u00e4u\u00dfert. In St\u00e4dten steht dagegen das Fahrrad mehr im Fokus: Ein Drittel (34 Prozent) der dort lebenden Menschen w\u00fcnscht sich mehr Radwege, in D\u00f6rfern sind es nur 23 Prozent.<\/p>\n\n\n\n<p>Insgesamt betrachtet die Bev\u00f6lkerung eine St\u00e4rkung und Modernisierung der Verkehrsinfrastruktur als wichtige Aufgabe. Dabei wird vor allem das Schienennetz aktuell kritisch wahrgenommen: 65 Prozent sehen es in einem sehr schlechten oder schlechten Zustand \u2013 ein Anteil, der sich seit 2015 verdoppelt hat, wie ein Vergleich mit fr\u00fcheren Allensbach-Erhebungen zeigt. Autobahnen werden dagegen deutlich positiver bewertet: f\u00fcr nur 28 Prozent sind diese in einem sehr schlechten oder schlechten Zustand. Schw\u00e4cher schneidet das lokale Stra\u00dfennetz ab: hier sehen 41 Prozent einen sehr schlechten oder schlechten Zustand.<\/p>\n\n\n\n<blockquote class=\"wp-block-quote is-layout-flow wp-block-quote-is-layout-flow\">\n<p>Die schlechte Bewertung der Verkehrsinfrastruktur, insbesondere der Bahninfrastruktur, macht den Modernisierungsbedarf in diesem Bereich deutlich. Hier sind in den n\u00e4chsten Jahrzehnten umfassende Ma\u00dfnahmen und Investitionen notwendig, um die Funktionalit\u00e4t sicherzustellen. Zudem m\u00fcssen wir in der Stadt- und Quartiersentwicklung die Bed\u00fcrfnisse der Bewohnenden st\u00e4rker ber\u00fccksichtigen \u2013 ein Thema, dem wir uns in den n\u00e4chsten Jahren im acatech Projekt \u201aBauen &amp; Wohnen\u2018 st\u00e4rker widmen werden.<\/p>\n<cite><strong>Jan W\u00f6rner, acatech Pr\u00e4sident<\/strong><\/cite><\/blockquote>\n\n\n\n<h4 class=\"wp-block-heading\">Elektromobilit\u00e4t: Informationsdefizite und sinkende Bereitschaft zur Anschaffung eines E-Autos<\/h4>\n\n\n\n<p>Auch die Elektromobilit\u00e4t kann einen Beitrag zur Mobilit\u00e4tswende leisten. Nach wie vor aber sind die Deutschen skeptisch: Nur noch 17 Prozent der Befragten ziehen aktuell die Anschaffung eines E-Autos in Erw\u00e4gung. Bei der ersten Ausgabe der Studie im Jahr 2020 lag dieser Anteil noch bei 24 Prozent. Stabil sind dabei auch die Vorbehalte gegen\u00fcber der E-Mobilit\u00e4t: Wie schon 2022 halten 60 Prozent der Befragten die Reichweite von E-Autos f\u00fcr zu gering; ein gleich hoher Prozentsatz stellt damals wie heute in Frage, ob Elektroautos wirklich umweltfreundlicher sind.<\/p>\n\n\n\n<p>Bei ihren Urteilen zur E-Mobilit\u00e4t verlassen sich rund zwei Drittel der Befragten (64 Prozent) auf Informationen, die sie von Freunden oder Kolleginnen und Kollegen haben. 55 Prozent setzen auf die Informationsquelle Fernsehen, 42 Prozent auf das Internet und 35 Prozent beziehen ihr Wissen aus Zeitungen und Zeitschriften. Im Vergleich zur Gesamtbev\u00f6lkerung haben sich Personen, die den Kauf eines Elektroautos in Betracht ziehen, wesentlich umfassender informiert: 58 Prozent beziehen ihr Wissen unter anderem aus dem Internet, 43 Prozent aus Zeitungen und Zeitschriften. Ihr Urteil \u00fcber die aktuelle Verf\u00fcgbarkeit von Ladestationen und die Dauer des Ladevorgangs f\u00e4llt signifikant positiver aus.<\/p>\n\n\n\n<blockquote class=\"wp-block-quote is-layout-flow wp-block-quote-is-layout-flow\">\n<p>Der Mobilit\u00e4tsmonitor 2024 zeigt deutlich, dass viele Menschen in Deutschland beim Thema E-Mobilit\u00e4t noch weitere Informationen ben\u00f6tigen. Fast die H\u00e4lfte der Befragten traute sich bei der Frage nach der gesch\u00e4tzten Ladezeit eines E-Autos keine Angabe zu. Auch Fortschritte bei der Ladeinfrastruktur und Reichweite werden von der Bev\u00f6lkerung scheinbar nicht wahrgenommen. Wir brauchen hier dringend weitere gemeinsame Anstrengungen, um den Menschen das Wissen f\u00fcr eine fundierte Meinungsbildung zur Verf\u00fcgung zu stellen.<\/p>\n<cite><strong>Thomas Weber, acatech Pr\u00e4sident<\/strong><\/cite><\/blockquote>\n\n\n\n<p>Den Befund, dass es fast der H\u00e4lfte der Befragten (48 Prozent) weniger oder gar nicht wichtig ist, ob ihr E-Auto von einem deutschen Hersteller kommt, bewertet Thomas Weber so: \u201eDie Bev\u00f6lkerung ist vor allem bei der Elektromobilit\u00e4t sehr preissensibel und spricht auch internationalen Autobauern aktuell eine gute Qualit\u00e4t zu. Dies zeigt nachdr\u00fccklich den Handlungsbedarf im Bereich der Wettbewerbsf\u00e4higkeit auf, insbesondere f\u00fcr die deutsche Industrie und alle weiteren an der Transformation beteiligten Akteure am Standort Deutschland.\u201c<\/p>\n\n\n\n<ul class=\"wp-block-list\">\n<li>Der acatech Mobilit\u00e4tsmonitor erscheint j\u00e4hrlich seit 2020, eine\u00a0<a href=\"https:\/\/www.acatech.de\/allgemein\/umfrage-zu-mobilitaet-buerger-wuenschen-passende-loesungen-fuer-stadt-und-land-und-mehr-klimaschutz\/\" target=\"_blank\" rel=\"noreferrer noopener\">Vorg\u00e4ngerversion der Studie wurde bereits 2019 ver\u00f6ffentlicht<\/a>.<\/li>\n<\/ul>\n\n\n\n<ul class=\"wp-block-list\">\n<li>Alle Materialien (Grafiken, Pressemitteilung, Ergebnisse in der \u00dcbersicht) zur Studie finden sich auf der\u00a0<a href=\"https:\/\/www.acatech.de\/mobilitaetsmonitor\/\" target=\"_blank\" rel=\"noreferrer noopener\">Sonderseite zum Mobilit\u00e4tsmonitor<\/a>.<\/li>\n<\/ul>\n\n\n<h5 class=\"green\">Quelle<\/h5>\r\n\n\n\n<p><a href=\"https:\/\/www.acatech.de\/allgemein\/umfrage-mobilitaetsmonitor-2024\/\">acatech \u2013 Deutsche Akademie der Technikwissenschaften e.V. 2024<\/a><\/p>\n<div class=\"shariff shariff-align-flex-start shariff-widget-align-flex-start\"><div class=\"ShariffHeadline\">Diese Meldung teilen<\/div><ul class=\"shariff-buttons theme-round orientation-horizontal buttonsize-medium\"><li class=\"shariff-button facebook shariff-nocustomcolor\" style=\"background-color:#4273c8;border-radius:1%\"><a href=\"https:\/\/www.facebook.com\/sharer\/sharer.php?u=https%3A%2F%2Fwww.sonnenseite.com%2Fde%2Fmobilitaet%2Fmobilitaetsmonitor-2024-bevoelkerung-bewertet-infrastruktur-und-elektromobilitaet-kritisch%2F\" title=\"Bei Facebook teilen\" aria-label=\"Bei Facebook teilen\" role=\"button\" rel=\"nofollow\" class=\"shariff-link\" style=\";border-radius:1%; background-color:#3b5998; color:#fff\" target=\"_blank\"><span class=\"shariff-icon\" style=\"\"><svg width=\"32px\" height=\"20px\" xmlns=\"http:\/\/www.w3.org\/2000\/svg\" viewBox=\"0 0 18 32\"><path fill=\"#3b5998\" d=\"M17.1 0.2v4.7h-2.8q-1.5 0-2.1 0.6t-0.5 1.9v3.4h5.2l-0.7 5.3h-4.5v13.6h-5.5v-13.6h-4.5v-5.3h4.5v-3.9q0-3.3 1.9-5.2t5-1.8q2.6 0 4.1 0.2z\"\/><\/svg><\/span><\/a><\/li><li class=\"shariff-button twitter shariff-nocustomcolor\" style=\"background-color:#595959;border-radius:1%\"><a href=\"https:\/\/twitter.com\/share?url=https%3A%2F%2Fwww.sonnenseite.com%2Fde%2Fmobilitaet%2Fmobilitaetsmonitor-2024-bevoelkerung-bewertet-infrastruktur-und-elektromobilitaet-kritisch%2F&text=Mobilit%C3%A4tsmonitor%202024%3A%20Bev%C3%B6lkerung%20bewertet%20Infrastruktur%20und%20Elektromobilit%C3%A4t%20kritisch\" title=\"Bei X teilen\" aria-label=\"Bei X teilen\" role=\"button\" rel=\"noopener nofollow\" class=\"shariff-link\" style=\";border-radius:1%; background-color:#000; color:#fff\" target=\"_blank\"><span class=\"shariff-icon\" style=\"\"><svg width=\"32px\" height=\"20px\" xmlns=\"http:\/\/www.w3.org\/2000\/svg\" viewBox=\"0 0 24 24\"><path fill=\"#000\" d=\"M14.258 10.152L23.176 0h-2.113l-7.747 8.813L7.133 0H0l9.352 13.328L0 23.973h2.113l8.176-9.309 6.531 9.309h7.133zm-2.895 3.293l-.949-1.328L2.875 1.56h3.246l6.086 8.523.945 1.328 7.91 11.078h-3.246zm0 0\"\/><\/svg><\/span><\/a><\/li><li class=\"shariff-button xing shariff-nocustomcolor\" style=\"background-color:#29888a;border-radius:1%\"><a href=\"https:\/\/www.xing.com\/spi\/shares\/new?url=https%3A%2F%2Fwww.sonnenseite.com%2Fde%2Fmobilitaet%2Fmobilitaetsmonitor-2024-bevoelkerung-bewertet-infrastruktur-und-elektromobilitaet-kritisch%2F\" title=\"Bei XING teilen\" aria-label=\"Bei XING teilen\" role=\"button\" rel=\"noopener nofollow\" class=\"shariff-link\" style=\";border-radius:1%; background-color:#126567; color:#fff\" target=\"_blank\"><span class=\"shariff-icon\" style=\"\"><svg width=\"32px\" height=\"20px\" xmlns=\"http:\/\/www.w3.org\/2000\/svg\" viewBox=\"0 0 25 32\"><path fill=\"#126567\" d=\"M10.7 11.9q-0.2 0.3-4.6 8.2-0.5 0.8-1.2 0.8h-4.3q-0.4 0-0.5-0.3t0-0.6l4.5-8q0 0 0 0l-2.9-5q-0.2-0.4 0-0.7 0.2-0.3 0.5-0.3h4.3q0.7 0 1.2 0.8zM25.1 0.4q0.2 0.3 0 0.7l-9.4 16.7 6 11q0.2 0.4 0 0.6-0.2 0.3-0.6 0.3h-4.3q-0.7 0-1.2-0.8l-6-11.1q0.3-0.6 9.5-16.8 0.4-0.8 1.2-0.8h4.3q0.4 0 0.5 0.3z\"\/><\/svg><\/span><\/a><\/li><li class=\"shariff-button linkedin shariff-nocustomcolor\" style=\"background-color:#1488bf;border-radius:1%\"><a href=\"https:\/\/www.linkedin.com\/sharing\/share-offsite\/?url=https%3A%2F%2Fwww.sonnenseite.com%2Fde%2Fmobilitaet%2Fmobilitaetsmonitor-2024-bevoelkerung-bewertet-infrastruktur-und-elektromobilitaet-kritisch%2F\" title=\"Bei LinkedIn teilen\" aria-label=\"Bei LinkedIn teilen\" role=\"button\" rel=\"noopener nofollow\" class=\"shariff-link\" style=\";border-radius:1%; background-color:#0077b5; color:#fff\" target=\"_blank\"><span class=\"shariff-icon\" style=\"\"><svg width=\"32px\" height=\"20px\" xmlns=\"http:\/\/www.w3.org\/2000\/svg\" viewBox=\"0 0 27 32\"><path fill=\"#0077b5\" d=\"M6.2 11.2v17.7h-5.9v-17.7h5.9zM6.6 5.7q0 1.3-0.9 2.2t-2.4 0.9h0q-1.5 0-2.4-0.9t-0.9-2.2 0.9-2.2 2.4-0.9 2.4 0.9 0.9 2.2zM27.4 18.7v10.1h-5.9v-9.5q0-1.9-0.7-2.9t-2.3-1.1q-1.1 0-1.9 0.6t-1.2 1.5q-0.2 0.5-0.2 1.4v9.9h-5.9q0-7.1 0-11.6t0-5.3l0-0.9h5.9v2.6h0q0.4-0.6 0.7-1t1-0.9 1.6-0.8 2-0.3q3 0 4.9 2t1.9 6z\"\/><\/svg><\/span><\/a><\/li><li class=\"shariff-button printer shariff-nocustomcolor\" style=\"background-color:#a8a8a8;border-radius:1%\"><a href=\"javascript:window.print()\" title=\"drucken\" aria-label=\"drucken\" role=\"button\" rel=\"noopener nofollow\" class=\"shariff-link\" style=\";border-radius:1%; background-color:#999; color:#fff\"><span class=\"shariff-icon\" style=\"\"><svg width=\"32px\" height=\"20px\" xmlns=\"http:\/\/www.w3.org\/2000\/svg\" viewBox=\"0 0 30 32\"><path fill=\"#999\" d=\"M6.8 27.4h16v-4.6h-16v4.6zM6.8 16h16v-6.8h-2.8q-0.7 0-1.2-0.5t-0.5-1.2v-2.8h-11.4v11.4zM27.4 17.2q0-0.5-0.3-0.8t-0.8-0.4-0.8 0.4-0.3 0.8 0.3 0.8 0.8 0.3 0.8-0.3 0.3-0.8zM29.7 17.2v7.4q0 0.2-0.2 0.4t-0.4 0.2h-4v2.8q0 0.7-0.5 1.2t-1.2 0.5h-17.2q-0.7 0-1.2-0.5t-0.5-1.2v-2.8h-4q-0.2 0-0.4-0.2t-0.2-0.4v-7.4q0-1.4 1-2.4t2.4-1h1.2v-9.7q0-0.7 0.5-1.2t1.2-0.5h12q0.7 0 1.6 0.4t1.3 0.8l2.7 2.7q0.5 0.5 0.9 1.4t0.4 1.6v4.6h1.1q1.4 0 2.4 1t1 2.4z\"\/><\/svg><\/span><\/a><\/li><li class=\"shariff-button mailto shariff-nocustomcolor\" style=\"background-color:#a8a8a8;border-radius:1%\"><a href=\"mailto:?body=https%3A%2F%2Fwww.sonnenseite.com%2Fde%2Fmobilitaet%2Fmobilitaetsmonitor-2024-bevoelkerung-bewertet-infrastruktur-und-elektromobilitaet-kritisch%2F&subject=Mobilit%C3%A4tsmonitor%202024%3A%20Bev%C3%B6lkerung%20bewertet%20Infrastruktur%20und%20Elektromobilit%C3%A4t%20kritisch\" title=\"Per E-Mail versenden\" aria-label=\"Per E-Mail versenden\" role=\"button\" rel=\"noopener nofollow\" class=\"shariff-link\" style=\";border-radius:1%; background-color:#999; color:#fff\"><span class=\"shariff-icon\" style=\"\"><svg width=\"32px\" height=\"20px\" xmlns=\"http:\/\/www.w3.org\/2000\/svg\" viewBox=\"0 0 32 32\"><path fill=\"#999\" d=\"M32 12.7v14.2q0 1.2-0.8 2t-2 0.9h-26.3q-1.2 0-2-0.9t-0.8-2v-14.2q0.8 0.9 1.8 1.6 6.5 4.4 8.9 6.1 1 0.8 1.6 1.2t1.7 0.9 2 0.4h0.1q0.9 0 2-0.4t1.7-0.9 1.6-1.2q3-2.2 8.9-6.1 1-0.7 1.8-1.6zM32 7.4q0 1.4-0.9 2.7t-2.2 2.2q-6.7 4.7-8.4 5.8-0.2 0.1-0.7 0.5t-1 0.7-0.9 0.6-1.1 0.5-0.9 0.2h-0.1q-0.4 0-0.9-0.2t-1.1-0.5-0.9-0.6-1-0.7-0.7-0.5q-1.6-1.1-4.7-3.2t-3.6-2.6q-1.1-0.7-2.1-2t-1-2.5q0-1.4 0.7-2.3t2.1-0.9h26.3q1.2 0 2 0.8t0.9 2z\"\/><\/svg><\/span><\/a><\/li><\/ul><\/div>","protected":false},"excerpt":{"rendered":"<p>Die Deutschen halten Anstrengungen im Klimaschutz weiterhin f\u00fcr wichtig. Die Einsch\u00e4tzung, dass Ma\u00dfnahmen im Energie- und [&hellip;]<\/p>\n","protected":false},"author":3,"featured_media":60689,"comment_status":"closed","ping_status":"closed","sticky":false,"template":"","format":"standard","meta":{"inline_featured_image":false,"footnotes":""},"categories":[25],"tags":[],"class_list":["post-99159","post","type-post","status-publish","format-standard","has-post-thumbnail","hentry","category-mobilitaet"],"yoast_head":"<!-- This site is optimized with the Yoast SEO plugin v26.5 - https:\/\/yoast.com\/wordpress\/plugins\/seo\/ -->\n<title>Mobilit\u00e4tsmonitor 2024: Bev\u00f6lkerung bewertet Infrastruktur und Elektromobilit\u00e4t kritisch - Sonnenseite - \u00d6kologische Kommunikation mit Franz Alt<\/title>\n<meta name=\"description\" content=\"Die Deutschen halten Anstrengungen im Klimaschutz weiterhin f\u00fcr wichtig. Die Einsch\u00e4tzung, dass Ma\u00dfnahmen im Energie- und Mobilit\u00e4tssektor einen Beitrag\" \/>\n<meta name=\"robots\" content=\"index, follow, max-snippet:-1, max-image-preview:large, max-video-preview:-1\" \/>\n<link rel=\"canonical\" href=\"https:\/\/www.sonnenseite.com\/de\/mobilitaet\/mobilitaetsmonitor-2024-bevoelkerung-bewertet-infrastruktur-und-elektromobilitaet-kritisch\/\" \/>\n<meta property=\"og:locale\" content=\"de_DE\" \/>\n<meta property=\"og:type\" content=\"article\" \/>\n<meta property=\"og:title\" content=\"Mobilit\u00e4tsmonitor 2024: Bev\u00f6lkerung bewertet Infrastruktur und Elektromobilit\u00e4t kritisch - Sonnenseite - \u00d6kologische Kommunikation mit Franz Alt\" \/>\n<meta property=\"og:description\" content=\"Die Deutschen halten Anstrengungen im Klimaschutz weiterhin f\u00fcr wichtig. Die Einsch\u00e4tzung, dass Ma\u00dfnahmen im Energie- und Mobilit\u00e4tssektor einen Beitrag\" \/>\n<meta property=\"og:url\" content=\"https:\/\/www.sonnenseite.com\/de\/mobilitaet\/mobilitaetsmonitor-2024-bevoelkerung-bewertet-infrastruktur-und-elektromobilitaet-kritisch\/\" \/>\n<meta property=\"og:site_name\" content=\"Sonnenseite\" \/>\n<meta property=\"article:publisher\" content=\"https:\/\/www.facebook.com\/pages\/Franz-Alt-SONNENSEITECOM\/221072987903953?fref=ts\" \/>\n<meta property=\"article:published_time\" content=\"2024-05-01T00:52:00+00:00\" \/>\n<meta property=\"og:image\" content=\"https:\/\/www.sonnenseite.com\/wp-content\/uploads\/2020\/06\/Elektroauto_laden_Joenomias.jpg\" \/>\n\t<meta property=\"og:image:width\" content=\"770\" \/>\n\t<meta property=\"og:image:height\" content=\"420\" \/>\n\t<meta property=\"og:image:type\" content=\"image\/jpeg\" \/>\n<meta name=\"author\" content=\"Bigi Alt\" \/>\n<meta name=\"twitter:card\" content=\"summary_large_image\" \/>\n<meta name=\"twitter:creator\" content=\"@franzalt\" \/>\n<meta name=\"twitter:site\" content=\"@franzalt\" \/>\n<meta name=\"twitter:label1\" content=\"Verfasst von\" \/>\n\t<meta name=\"twitter:data1\" content=\"Bigi Alt\" \/>\n\t<meta name=\"twitter:label2\" content=\"Gesch\u00e4tzte Lesezeit\" \/>\n\t<meta name=\"twitter:data2\" content=\"6\u00a0Minuten\" \/>\n<script type=\"application\/ld+json\" class=\"yoast-schema-graph\">{\"@context\":\"https:\/\/schema.org\",\"@graph\":[{\"@type\":\"Article\",\"@id\":\"https:\/\/www.sonnenseite.com\/de\/mobilitaet\/mobilitaetsmonitor-2024-bevoelkerung-bewertet-infrastruktur-und-elektromobilitaet-kritisch\/#article\",\"isPartOf\":{\"@id\":\"https:\/\/www.sonnenseite.com\/de\/mobilitaet\/mobilitaetsmonitor-2024-bevoelkerung-bewertet-infrastruktur-und-elektromobilitaet-kritisch\/\"},\"author\":{\"name\":\"Bigi Alt\",\"@id\":\"https:\/\/www.sonnenseite.com\/de\/#\/schema\/person\/50fda0e926597684c7cc6695238a4eb9\"},\"headline\":\"Mobilit\u00e4tsmonitor 2024: Bev\u00f6lkerung bewertet Infrastruktur und Elektromobilit\u00e4t kritisch\",\"datePublished\":\"2024-05-01T00:52:00+00:00\",\"mainEntityOfPage\":{\"@id\":\"https:\/\/www.sonnenseite.com\/de\/mobilitaet\/mobilitaetsmonitor-2024-bevoelkerung-bewertet-infrastruktur-und-elektromobilitaet-kritisch\/\"},\"wordCount\":1184,\"publisher\":{\"@id\":\"https:\/\/www.sonnenseite.com\/de\/#organization\"},\"image\":{\"@id\":\"https:\/\/www.sonnenseite.com\/de\/mobilitaet\/mobilitaetsmonitor-2024-bevoelkerung-bewertet-infrastruktur-und-elektromobilitaet-kritisch\/#primaryimage\"},\"thumbnailUrl\":\"https:\/\/www.sonnenseite.com\/wp-content\/uploads\/2020\/06\/Elektroauto_laden_Joenomias.jpg\",\"articleSection\":[\"Mobilit\u00e4t\"],\"inLanguage\":\"de\"},{\"@type\":\"WebPage\",\"@id\":\"https:\/\/www.sonnenseite.com\/de\/mobilitaet\/mobilitaetsmonitor-2024-bevoelkerung-bewertet-infrastruktur-und-elektromobilitaet-kritisch\/\",\"url\":\"https:\/\/www.sonnenseite.com\/de\/mobilitaet\/mobilitaetsmonitor-2024-bevoelkerung-bewertet-infrastruktur-und-elektromobilitaet-kritisch\/\",\"name\":\"Mobilit\u00e4tsmonitor 2024: Bev\u00f6lkerung bewertet Infrastruktur und Elektromobilit\u00e4t kritisch - Sonnenseite - \u00d6kologische Kommunikation mit Franz Alt\",\"isPartOf\":{\"@id\":\"https:\/\/www.sonnenseite.com\/de\/#website\"},\"primaryImageOfPage\":{\"@id\":\"https:\/\/www.sonnenseite.com\/de\/mobilitaet\/mobilitaetsmonitor-2024-bevoelkerung-bewertet-infrastruktur-und-elektromobilitaet-kritisch\/#primaryimage\"},\"image\":{\"@id\":\"https:\/\/www.sonnenseite.com\/de\/mobilitaet\/mobilitaetsmonitor-2024-bevoelkerung-bewertet-infrastruktur-und-elektromobilitaet-kritisch\/#primaryimage\"},\"thumbnailUrl\":\"https:\/\/www.sonnenseite.com\/wp-content\/uploads\/2020\/06\/Elektroauto_laden_Joenomias.jpg\",\"datePublished\":\"2024-05-01T00:52:00+00:00\",\"description\":\"Die Deutschen halten Anstrengungen im Klimaschutz weiterhin f\u00fcr wichtig. Die Einsch\u00e4tzung, dass Ma\u00dfnahmen im Energie- und Mobilit\u00e4tssektor einen Beitrag\",\"breadcrumb\":{\"@id\":\"https:\/\/www.sonnenseite.com\/de\/mobilitaet\/mobilitaetsmonitor-2024-bevoelkerung-bewertet-infrastruktur-und-elektromobilitaet-kritisch\/#breadcrumb\"},\"inLanguage\":\"de\",\"potentialAction\":[{\"@type\":\"ReadAction\",\"target\":[\"https:\/\/www.sonnenseite.com\/de\/mobilitaet\/mobilitaetsmonitor-2024-bevoelkerung-bewertet-infrastruktur-und-elektromobilitaet-kritisch\/\"]}]},{\"@type\":\"ImageObject\",\"inLanguage\":\"de\",\"@id\":\"https:\/\/www.sonnenseite.com\/de\/mobilitaet\/mobilitaetsmonitor-2024-bevoelkerung-bewertet-infrastruktur-und-elektromobilitaet-kritisch\/#primaryimage\",\"url\":\"https:\/\/www.sonnenseite.com\/wp-content\/uploads\/2020\/06\/Elektroauto_laden_Joenomias.jpg\",\"contentUrl\":\"https:\/\/www.sonnenseite.com\/wp-content\/uploads\/2020\/06\/Elektroauto_laden_Joenomias.jpg\",\"width\":770,\"height\":420,\"caption\":\"pixabay.com | Joenomias\"},{\"@type\":\"BreadcrumbList\",\"@id\":\"https:\/\/www.sonnenseite.com\/de\/mobilitaet\/mobilitaetsmonitor-2024-bevoelkerung-bewertet-infrastruktur-und-elektromobilitaet-kritisch\/#breadcrumb\",\"itemListElement\":[{\"@type\":\"ListItem\",\"position\":1,\"name\":\"Startseite\",\"item\":\"https:\/\/www.sonnenseite.com\/de\/\"},{\"@type\":\"ListItem\",\"position\":2,\"name\":\"Mobilit\u00e4tsmonitor 2024: Bev\u00f6lkerung bewertet Infrastruktur und Elektromobilit\u00e4t kritisch\"}]},{\"@type\":\"WebSite\",\"@id\":\"https:\/\/www.sonnenseite.com\/de\/#website\",\"url\":\"https:\/\/www.sonnenseite.com\/de\/\",\"name\":\"Sonnenseite\",\"description\":\"\u00d6kologische Kommunikation mit Franz Alt\",\"publisher\":{\"@id\":\"https:\/\/www.sonnenseite.com\/de\/#organization\"},\"potentialAction\":[{\"@type\":\"SearchAction\",\"target\":{\"@type\":\"EntryPoint\",\"urlTemplate\":\"https:\/\/www.sonnenseite.com\/de\/?s={search_term_string}\"},\"query-input\":{\"@type\":\"PropertyValueSpecification\",\"valueRequired\":true,\"valueName\":\"search_term_string\"}}],\"inLanguage\":\"de\"},{\"@type\":\"Organization\",\"@id\":\"https:\/\/www.sonnenseite.com\/de\/#organization\",\"name\":\"Sonnenseite\",\"url\":\"https:\/\/www.sonnenseite.com\/de\/\",\"logo\":{\"@type\":\"ImageObject\",\"inLanguage\":\"de\",\"@id\":\"https:\/\/www.sonnenseite.com\/de\/#\/schema\/logo\/image\/\",\"url\":\"https:\/\/www.sonnenseite.com\/wp-content\/uploads\/2020\/05\/Sonnenseite_Logo.png\",\"contentUrl\":\"https:\/\/www.sonnenseite.com\/wp-content\/uploads\/2020\/05\/Sonnenseite_Logo.png\",\"width\":377,\"height\":90,\"caption\":\"Sonnenseite\"},\"image\":{\"@id\":\"https:\/\/www.sonnenseite.com\/de\/#\/schema\/logo\/image\/\"},\"sameAs\":[\"https:\/\/www.facebook.com\/pages\/Franz-Alt-SONNENSEITECOM\/221072987903953?fref=ts\",\"https:\/\/x.com\/franzalt\",\"http:\/\/www.youtube.com\/results?search_query&amp;amp;quot;franz_alt&amp;amp;quot;&amp;amp;amp;amp;search_type&amp;amp;amp;amp;aq=f\"]},{\"@type\":\"Person\",\"@id\":\"https:\/\/www.sonnenseite.com\/de\/#\/schema\/person\/50fda0e926597684c7cc6695238a4eb9\",\"name\":\"Bigi Alt\"}]}<\/script>\n<!-- \/ Yoast SEO plugin. -->","yoast_head_json":{"title":"Mobilit\u00e4tsmonitor 2024: Bev\u00f6lkerung bewertet Infrastruktur und Elektromobilit\u00e4t kritisch - Sonnenseite - \u00d6kologische Kommunikation mit Franz Alt","description":"Die Deutschen halten Anstrengungen im Klimaschutz weiterhin f\u00fcr wichtig. Die Einsch\u00e4tzung, dass Ma\u00dfnahmen im Energie- und Mobilit\u00e4tssektor einen Beitrag","robots":{"index":"index","follow":"follow","max-snippet":"max-snippet:-1","max-image-preview":"max-image-preview:large","max-video-preview":"max-video-preview:-1"},"canonical":"https:\/\/www.sonnenseite.com\/de\/mobilitaet\/mobilitaetsmonitor-2024-bevoelkerung-bewertet-infrastruktur-und-elektromobilitaet-kritisch\/","og_locale":"de_DE","og_type":"article","og_title":"Mobilit\u00e4tsmonitor 2024: Bev\u00f6lkerung bewertet Infrastruktur und Elektromobilit\u00e4t kritisch - Sonnenseite - \u00d6kologische Kommunikation mit Franz Alt","og_description":"Die Deutschen halten Anstrengungen im Klimaschutz weiterhin f\u00fcr wichtig. Die Einsch\u00e4tzung, dass Ma\u00dfnahmen im Energie- und Mobilit\u00e4tssektor einen Beitrag","og_url":"https:\/\/www.sonnenseite.com\/de\/mobilitaet\/mobilitaetsmonitor-2024-bevoelkerung-bewertet-infrastruktur-und-elektromobilitaet-kritisch\/","og_site_name":"Sonnenseite","article_publisher":"https:\/\/www.facebook.com\/pages\/Franz-Alt-SONNENSEITECOM\/221072987903953?fref=ts","article_published_time":"2024-05-01T00:52:00+00:00","og_image":[{"width":770,"height":420,"url":"https:\/\/www.sonnenseite.com\/wp-content\/uploads\/2020\/06\/Elektroauto_laden_Joenomias.jpg","type":"image\/jpeg"}],"author":"Bigi Alt","twitter_card":"summary_large_image","twitter_creator":"@franzalt","twitter_site":"@franzalt","twitter_misc":{"Verfasst von":"Bigi Alt","Gesch\u00e4tzte Lesezeit":"6\u00a0Minuten"},"schema":{"@context":"https:\/\/schema.org","@graph":[{"@type":"Article","@id":"https:\/\/www.sonnenseite.com\/de\/mobilitaet\/mobilitaetsmonitor-2024-bevoelkerung-bewertet-infrastruktur-und-elektromobilitaet-kritisch\/#article","isPartOf":{"@id":"https:\/\/www.sonnenseite.com\/de\/mobilitaet\/mobilitaetsmonitor-2024-bevoelkerung-bewertet-infrastruktur-und-elektromobilitaet-kritisch\/"},"author":{"name":"Bigi Alt","@id":"https:\/\/www.sonnenseite.com\/de\/#\/schema\/person\/50fda0e926597684c7cc6695238a4eb9"},"headline":"Mobilit\u00e4tsmonitor 2024: Bev\u00f6lkerung bewertet Infrastruktur und Elektromobilit\u00e4t kritisch","datePublished":"2024-05-01T00:52:00+00:00","mainEntityOfPage":{"@id":"https:\/\/www.sonnenseite.com\/de\/mobilitaet\/mobilitaetsmonitor-2024-bevoelkerung-bewertet-infrastruktur-und-elektromobilitaet-kritisch\/"},"wordCount":1184,"publisher":{"@id":"https:\/\/www.sonnenseite.com\/de\/#organization"},"image":{"@id":"https:\/\/www.sonnenseite.com\/de\/mobilitaet\/mobilitaetsmonitor-2024-bevoelkerung-bewertet-infrastruktur-und-elektromobilitaet-kritisch\/#primaryimage"},"thumbnailUrl":"https:\/\/www.sonnenseite.com\/wp-content\/uploads\/2020\/06\/Elektroauto_laden_Joenomias.jpg","articleSection":["Mobilit\u00e4t"],"inLanguage":"de"},{"@type":"WebPage","@id":"https:\/\/www.sonnenseite.com\/de\/mobilitaet\/mobilitaetsmonitor-2024-bevoelkerung-bewertet-infrastruktur-und-elektromobilitaet-kritisch\/","url":"https:\/\/www.sonnenseite.com\/de\/mobilitaet\/mobilitaetsmonitor-2024-bevoelkerung-bewertet-infrastruktur-und-elektromobilitaet-kritisch\/","name":"Mobilit\u00e4tsmonitor 2024: Bev\u00f6lkerung bewertet Infrastruktur und Elektromobilit\u00e4t kritisch - Sonnenseite - \u00d6kologische Kommunikation mit Franz Alt","isPartOf":{"@id":"https:\/\/www.sonnenseite.com\/de\/#website"},"primaryImageOfPage":{"@id":"https:\/\/www.sonnenseite.com\/de\/mobilitaet\/mobilitaetsmonitor-2024-bevoelkerung-bewertet-infrastruktur-und-elektromobilitaet-kritisch\/#primaryimage"},"image":{"@id":"https:\/\/www.sonnenseite.com\/de\/mobilitaet\/mobilitaetsmonitor-2024-bevoelkerung-bewertet-infrastruktur-und-elektromobilitaet-kritisch\/#primaryimage"},"thumbnailUrl":"https:\/\/www.sonnenseite.com\/wp-content\/uploads\/2020\/06\/Elektroauto_laden_Joenomias.jpg","datePublished":"2024-05-01T00:52:00+00:00","description":"Die Deutschen halten Anstrengungen im Klimaschutz weiterhin f\u00fcr wichtig. Die Einsch\u00e4tzung, dass Ma\u00dfnahmen im Energie- und Mobilit\u00e4tssektor einen Beitrag","breadcrumb":{"@id":"https:\/\/www.sonnenseite.com\/de\/mobilitaet\/mobilitaetsmonitor-2024-bevoelkerung-bewertet-infrastruktur-und-elektromobilitaet-kritisch\/#breadcrumb"},"inLanguage":"de","potentialAction":[{"@type":"ReadAction","target":["https:\/\/www.sonnenseite.com\/de\/mobilitaet\/mobilitaetsmonitor-2024-bevoelkerung-bewertet-infrastruktur-und-elektromobilitaet-kritisch\/"]}]},{"@type":"ImageObject","inLanguage":"de","@id":"https:\/\/www.sonnenseite.com\/de\/mobilitaet\/mobilitaetsmonitor-2024-bevoelkerung-bewertet-infrastruktur-und-elektromobilitaet-kritisch\/#primaryimage","url":"https:\/\/www.sonnenseite.com\/wp-content\/uploads\/2020\/06\/Elektroauto_laden_Joenomias.jpg","contentUrl":"https:\/\/www.sonnenseite.com\/wp-content\/uploads\/2020\/06\/Elektroauto_laden_Joenomias.jpg","width":770,"height":420,"caption":"pixabay.com | Joenomias"},{"@type":"BreadcrumbList","@id":"https:\/\/www.sonnenseite.com\/de\/mobilitaet\/mobilitaetsmonitor-2024-bevoelkerung-bewertet-infrastruktur-und-elektromobilitaet-kritisch\/#breadcrumb","itemListElement":[{"@type":"ListItem","position":1,"name":"Startseite","item":"https:\/\/www.sonnenseite.com\/de\/"},{"@type":"ListItem","position":2,"name":"Mobilit\u00e4tsmonitor 2024: Bev\u00f6lkerung bewertet Infrastruktur und Elektromobilit\u00e4t kritisch"}]},{"@type":"WebSite","@id":"https:\/\/www.sonnenseite.com\/de\/#website","url":"https:\/\/www.sonnenseite.com\/de\/","name":"Sonnenseite","description":"\u00d6kologische Kommunikation mit Franz Alt","publisher":{"@id":"https:\/\/www.sonnenseite.com\/de\/#organization"},"potentialAction":[{"@type":"SearchAction","target":{"@type":"EntryPoint","urlTemplate":"https:\/\/www.sonnenseite.com\/de\/?s={search_term_string}"},"query-input":{"@type":"PropertyValueSpecification","valueRequired":true,"valueName":"search_term_string"}}],"inLanguage":"de"},{"@type":"Organization","@id":"https:\/\/www.sonnenseite.com\/de\/#organization","name":"Sonnenseite","url":"https:\/\/www.sonnenseite.com\/de\/","logo":{"@type":"ImageObject","inLanguage":"de","@id":"https:\/\/www.sonnenseite.com\/de\/#\/schema\/logo\/image\/","url":"https:\/\/www.sonnenseite.com\/wp-content\/uploads\/2020\/05\/Sonnenseite_Logo.png","contentUrl":"https:\/\/www.sonnenseite.com\/wp-content\/uploads\/2020\/05\/Sonnenseite_Logo.png","width":377,"height":90,"caption":"Sonnenseite"},"image":{"@id":"https:\/\/www.sonnenseite.com\/de\/#\/schema\/logo\/image\/"},"sameAs":["https:\/\/www.facebook.com\/pages\/Franz-Alt-SONNENSEITECOM\/221072987903953?fref=ts","https:\/\/x.com\/franzalt","http:\/\/www.youtube.com\/results?search_query&amp;amp;quot;franz_alt&amp;amp;quot;&amp;amp;amp;amp;search_type&amp;amp;amp;amp;aq=f"]},{"@type":"Person","@id":"https:\/\/www.sonnenseite.com\/de\/#\/schema\/person\/50fda0e926597684c7cc6695238a4eb9","name":"Bigi Alt"}]}},"_links":{"self":[{"href":"https:\/\/www.sonnenseite.com\/de\/wp-json\/wp\/v2\/posts\/99159","targetHints":{"allow":["GET"]}}],"collection":[{"href":"https:\/\/www.sonnenseite.com\/de\/wp-json\/wp\/v2\/posts"}],"about":[{"href":"https:\/\/www.sonnenseite.com\/de\/wp-json\/wp\/v2\/types\/post"}],"author":[{"embeddable":true,"href":"https:\/\/www.sonnenseite.com\/de\/wp-json\/wp\/v2\/users\/3"}],"replies":[{"embeddable":true,"href":"https:\/\/www.sonnenseite.com\/de\/wp-json\/wp\/v2\/comments?post=99159"}],"version-history":[{"count":3,"href":"https:\/\/www.sonnenseite.com\/de\/wp-json\/wp\/v2\/posts\/99159\/revisions"}],"predecessor-version":[{"id":99164,"href":"https:\/\/www.sonnenseite.com\/de\/wp-json\/wp\/v2\/posts\/99159\/revisions\/99164"}],"wp:featuredmedia":[{"embeddable":true,"href":"https:\/\/www.sonnenseite.com\/de\/wp-json\/wp\/v2\/media\/60689"}],"wp:attachment":[{"href":"https:\/\/www.sonnenseite.com\/de\/wp-json\/wp\/v2\/media?parent=99159"}],"wp:term":[{"taxonomy":"category","embeddable":true,"href":"https:\/\/www.sonnenseite.com\/de\/wp-json\/wp\/v2\/categories?post=99159"},{"taxonomy":"post_tag","embeddable":true,"href":"https:\/\/www.sonnenseite.com\/de\/wp-json\/wp\/v2\/tags?post=99159"}],"curies":[{"name":"wp","href":"https:\/\/api.w.org\/{rel}","templated":true}]}}