{"id":99326,"date":"2024-05-12T08:25:11","date_gmt":"2024-05-12T06:25:11","guid":{"rendered":"https:\/\/www.sonnenseite.com\/?p=99326"},"modified":"2024-05-12T08:25:12","modified_gmt":"2024-05-12T06:25:12","slug":"dudenhoeffer-aus-fuer-verbrenner-aus-wuerde-autoindustrie-zerstoeren","status":"publish","type":"post","link":"https:\/\/www.sonnenseite.com\/de\/mobilitaet\/dudenhoeffer-aus-fuer-verbrenner-aus-wuerde-autoindustrie-zerstoeren\/","title":{"rendered":"Dudenh\u00f6ffer: Aus f\u00fcr Verbrenner-Aus w\u00fcrde Autoindustrie &#8222;zerst\u00f6ren&#8220;"},"content":{"rendered":"\n<p>Auto-Experte <a href=\"https:\/\/de.wikipedia.org\/wiki\/Ferdinand_Dudenh%C3%B6ffer\">Ferdinand Dudenh\u00f6ffer<\/a> hat eindringlich vor einer R\u00fccknahme des EU-Verbrenner-Verbotes gewarnt. <\/p>\n\n\n\n<p>&#8222;Anstatt unsere Autobauer zu retten, zerst\u00f6rt das Gerede \u00fcber eine Abkehr vom Verbrenner-Aus unsere Industrie. Denn Deutschlands Hersteller brauchen den Hochlauf der E-Mobilit\u00e4t unbedingt, um in die Massenproduktion zu kommen&#8220;, sagte der \u00d6konom im Interview mit der <a href=\"https:\/\/www.osnabruecker-nachrichten.de\/\" target=\"_blank\" rel=\"noreferrer noopener\">Neuen Osnabr\u00fccker Zeitung<\/a>&#8220; (NOZ). &#8222;Wer sagt, er wolle das Verbrenner-Verbot kippen, schadet dem Standort.&#8220;<br><br>Bayerns Ministerpr\u00e4sident Markus S\u00f6der (CSU) fordert vor der Europawahl ebenso ein Aus f\u00fcr das Aus neuer Diesel und Benziner wie Sahra Wagenknecht. Auch die FDP will sich f\u00fcr eine R\u00fccknahme des Zulassungsverbotes von Verbrennern in der EU ab 2035 einsetzen.<br><br>&#8222;Inzwischen haben sich fast alle konservativen Politiker eingereiht&#8220;, sagte Dudenh\u00f6ffer der &#8222;NOZ&#8220;. &#8222;Auch EU-Kommissionspr\u00e4sidentin Ursula von der Leyen k\u00e4mpft in ihrem Europawahlkampf gegen das Elektroauto. Sie alle wollen sich beim W\u00e4hler als Retter der deutschen Autoindustrie pr\u00e4sentieren.&#8220; Aber weil die Elektromobilit\u00e4t als Konkurrenz zum Verbrenner regelrecht abgew\u00fcrgt worden sei, &#8222;wurde auch die Zukunft des Industriestandortes Deutschland schon erheblich geschw\u00e4cht&#8220;, betonte der Branchenkenner.<br><br>Neben der Diskussion \u00fcber eine R\u00fccknahme des Verbrenner-Verbotes bezeichnete Dudenh\u00f6ffer das pl\u00f6tzlich Aus der E-Auto-Pr\u00e4mien zum 1. Januar als &#8222;krassen Fehler&#8220;. Der Autolobby warf er vor, &#8222;durch ihr \u00fcberzogenes Geschrei \u00fcber angeblich fehlende Lades\u00e4ulen die eigenen Kunden abgeschreckt&#8220; zu haben.<br><br>Wom\u00f6glich sei der Zug f\u00fcr die Massenproduktion von E-Autos in Deutschland deswegen schon abgefahren. &#8222;VW, BMW, Mercedes und so weiter werden ihre E-Autos auch f\u00fcr den heimischen Markt in China bauen. Dorthin wandern die Jobs ab&#8220;, prognostizierte Dudenh\u00f6ffer in der &#8222;NOZ&#8220;. Die Konzerne seien dazu gezwungen. &#8222;Wer auf der Scholle Deutschland sitzen bleibt, wird nicht den gro\u00dfen Erfolg erzielen.&#8220;<\/p>\n\n\n<h5 class=\"green\">Quelle<\/h5>\r\n\n\n\n<p><a href=\"https:\/\/www.presseportal.de\/pm\/58964\/5776759\">Neue Osnabr\u00fccker Zeitung 2024 | PRESSSEPORTAL 2024<\/a><\/p>\n<div class=\"shariff shariff-align-flex-start shariff-widget-align-flex-start\"><div class=\"ShariffHeadline\">Diese Meldung teilen<\/div><ul class=\"shariff-buttons theme-round orientation-horizontal buttonsize-medium\"><li class=\"shariff-button facebook shariff-nocustomcolor\" style=\"background-color:#4273c8;border-radius:1%\"><a href=\"https:\/\/www.facebook.com\/sharer\/sharer.php?u=https%3A%2F%2Fwww.sonnenseite.com%2Fde%2Fmobilitaet%2Fdudenhoeffer-aus-fuer-verbrenner-aus-wuerde-autoindustrie-zerstoeren%2F\" title=\"Bei Facebook teilen\" aria-label=\"Bei Facebook teilen\" role=\"button\" rel=\"nofollow\" class=\"shariff-link\" style=\";border-radius:1%; background-color:#3b5998; color:#fff\" target=\"_blank\"><span class=\"shariff-icon\" style=\"\"><svg width=\"32px\" height=\"20px\" xmlns=\"http:\/\/www.w3.org\/2000\/svg\" viewBox=\"0 0 18 32\"><path fill=\"#3b5998\" d=\"M17.1 0.2v4.7h-2.8q-1.5 0-2.1 0.6t-0.5 1.9v3.4h5.2l-0.7 5.3h-4.5v13.6h-5.5v-13.6h-4.5v-5.3h4.5v-3.9q0-3.3 1.9-5.2t5-1.8q2.6 0 4.1 0.2z\"\/><\/svg><\/span><\/a><\/li><li class=\"shariff-button twitter shariff-nocustomcolor\" style=\"background-color:#595959;border-radius:1%\"><a href=\"https:\/\/twitter.com\/share?url=https%3A%2F%2Fwww.sonnenseite.com%2Fde%2Fmobilitaet%2Fdudenhoeffer-aus-fuer-verbrenner-aus-wuerde-autoindustrie-zerstoeren%2F&text=Dudenh%C3%B6ffer%3A%20Aus%20f%C3%BCr%20Verbrenner-Aus%20w%C3%BCrde%20Autoindustrie%20%E2%80%9Ezerst%C3%B6ren%E2%80%9C\" title=\"Bei X teilen\" aria-label=\"Bei X teilen\" role=\"button\" rel=\"noopener nofollow\" class=\"shariff-link\" style=\";border-radius:1%; background-color:#000; color:#fff\" target=\"_blank\"><span class=\"shariff-icon\" style=\"\"><svg width=\"32px\" height=\"20px\" xmlns=\"http:\/\/www.w3.org\/2000\/svg\" viewBox=\"0 0 24 24\"><path fill=\"#000\" d=\"M14.258 10.152L23.176 0h-2.113l-7.747 8.813L7.133 0H0l9.352 13.328L0 23.973h2.113l8.176-9.309 6.531 9.309h7.133zm-2.895 3.293l-.949-1.328L2.875 1.56h3.246l6.086 8.523.945 1.328 7.91 11.078h-3.246zm0 0\"\/><\/svg><\/span><\/a><\/li><li class=\"shariff-button xing shariff-nocustomcolor\" style=\"background-color:#29888a;border-radius:1%\"><a href=\"https:\/\/www.xing.com\/spi\/shares\/new?url=https%3A%2F%2Fwww.sonnenseite.com%2Fde%2Fmobilitaet%2Fdudenhoeffer-aus-fuer-verbrenner-aus-wuerde-autoindustrie-zerstoeren%2F\" title=\"Bei XING teilen\" aria-label=\"Bei XING teilen\" role=\"button\" rel=\"noopener nofollow\" class=\"shariff-link\" style=\";border-radius:1%; background-color:#126567; color:#fff\" target=\"_blank\"><span class=\"shariff-icon\" style=\"\"><svg width=\"32px\" height=\"20px\" xmlns=\"http:\/\/www.w3.org\/2000\/svg\" viewBox=\"0 0 25 32\"><path fill=\"#126567\" d=\"M10.7 11.9q-0.2 0.3-4.6 8.2-0.5 0.8-1.2 0.8h-4.3q-0.4 0-0.5-0.3t0-0.6l4.5-8q0 0 0 0l-2.9-5q-0.2-0.4 0-0.7 0.2-0.3 0.5-0.3h4.3q0.7 0 1.2 0.8zM25.1 0.4q0.2 0.3 0 0.7l-9.4 16.7 6 11q0.2 0.4 0 0.6-0.2 0.3-0.6 0.3h-4.3q-0.7 0-1.2-0.8l-6-11.1q0.3-0.6 9.5-16.8 0.4-0.8 1.2-0.8h4.3q0.4 0 0.5 0.3z\"\/><\/svg><\/span><\/a><\/li><li class=\"shariff-button linkedin shariff-nocustomcolor\" style=\"background-color:#1488bf;border-radius:1%\"><a href=\"https:\/\/www.linkedin.com\/sharing\/share-offsite\/?url=https%3A%2F%2Fwww.sonnenseite.com%2Fde%2Fmobilitaet%2Fdudenhoeffer-aus-fuer-verbrenner-aus-wuerde-autoindustrie-zerstoeren%2F\" title=\"Bei LinkedIn teilen\" aria-label=\"Bei LinkedIn teilen\" role=\"button\" rel=\"noopener nofollow\" class=\"shariff-link\" style=\";border-radius:1%; background-color:#0077b5; color:#fff\" target=\"_blank\"><span class=\"shariff-icon\" style=\"\"><svg width=\"32px\" height=\"20px\" xmlns=\"http:\/\/www.w3.org\/2000\/svg\" viewBox=\"0 0 27 32\"><path fill=\"#0077b5\" d=\"M6.2 11.2v17.7h-5.9v-17.7h5.9zM6.6 5.7q0 1.3-0.9 2.2t-2.4 0.9h0q-1.5 0-2.4-0.9t-0.9-2.2 0.9-2.2 2.4-0.9 2.4 0.9 0.9 2.2zM27.4 18.7v10.1h-5.9v-9.5q0-1.9-0.7-2.9t-2.3-1.1q-1.1 0-1.9 0.6t-1.2 1.5q-0.2 0.5-0.2 1.4v9.9h-5.9q0-7.1 0-11.6t0-5.3l0-0.9h5.9v2.6h0q0.4-0.6 0.7-1t1-0.9 1.6-0.8 2-0.3q3 0 4.9 2t1.9 6z\"\/><\/svg><\/span><\/a><\/li><li class=\"shariff-button printer shariff-nocustomcolor\" style=\"background-color:#a8a8a8;border-radius:1%\"><a href=\"javascript:window.print()\" title=\"drucken\" aria-label=\"drucken\" role=\"button\" rel=\"noopener nofollow\" class=\"shariff-link\" style=\";border-radius:1%; background-color:#999; color:#fff\"><span class=\"shariff-icon\" style=\"\"><svg width=\"32px\" height=\"20px\" xmlns=\"http:\/\/www.w3.org\/2000\/svg\" viewBox=\"0 0 30 32\"><path fill=\"#999\" d=\"M6.8 27.4h16v-4.6h-16v4.6zM6.8 16h16v-6.8h-2.8q-0.7 0-1.2-0.5t-0.5-1.2v-2.8h-11.4v11.4zM27.4 17.2q0-0.5-0.3-0.8t-0.8-0.4-0.8 0.4-0.3 0.8 0.3 0.8 0.8 0.3 0.8-0.3 0.3-0.8zM29.7 17.2v7.4q0 0.2-0.2 0.4t-0.4 0.2h-4v2.8q0 0.7-0.5 1.2t-1.2 0.5h-17.2q-0.7 0-1.2-0.5t-0.5-1.2v-2.8h-4q-0.2 0-0.4-0.2t-0.2-0.4v-7.4q0-1.4 1-2.4t2.4-1h1.2v-9.7q0-0.7 0.5-1.2t1.2-0.5h12q0.7 0 1.6 0.4t1.3 0.8l2.7 2.7q0.5 0.5 0.9 1.4t0.4 1.6v4.6h1.1q1.4 0 2.4 1t1 2.4z\"\/><\/svg><\/span><\/a><\/li><li class=\"shariff-button mailto shariff-nocustomcolor\" style=\"background-color:#a8a8a8;border-radius:1%\"><a href=\"mailto:?body=https%3A%2F%2Fwww.sonnenseite.com%2Fde%2Fmobilitaet%2Fdudenhoeffer-aus-fuer-verbrenner-aus-wuerde-autoindustrie-zerstoeren%2F&subject=Dudenh%C3%B6ffer%3A%20Aus%20f%C3%BCr%20Verbrenner-Aus%20w%C3%BCrde%20Autoindustrie%20%E2%80%9Ezerst%C3%B6ren%E2%80%9C\" title=\"Per E-Mail versenden\" aria-label=\"Per E-Mail versenden\" role=\"button\" rel=\"noopener nofollow\" class=\"shariff-link\" style=\";border-radius:1%; background-color:#999; color:#fff\"><span class=\"shariff-icon\" style=\"\"><svg width=\"32px\" height=\"20px\" xmlns=\"http:\/\/www.w3.org\/2000\/svg\" viewBox=\"0 0 32 32\"><path fill=\"#999\" d=\"M32 12.7v14.2q0 1.2-0.8 2t-2 0.9h-26.3q-1.2 0-2-0.9t-0.8-2v-14.2q0.8 0.9 1.8 1.6 6.5 4.4 8.9 6.1 1 0.8 1.6 1.2t1.7 0.9 2 0.4h0.1q0.9 0 2-0.4t1.7-0.9 1.6-1.2q3-2.2 8.9-6.1 1-0.7 1.8-1.6zM32 7.4q0 1.4-0.9 2.7t-2.2 2.2q-6.7 4.7-8.4 5.8-0.2 0.1-0.7 0.5t-1 0.7-0.9 0.6-1.1 0.5-0.9 0.2h-0.1q-0.4 0-0.9-0.2t-1.1-0.5-0.9-0.6-1-0.7-0.7-0.5q-1.6-1.1-4.7-3.2t-3.6-2.6q-1.1-0.7-2.1-2t-1-2.5q0-1.4 0.7-2.3t2.1-0.9h26.3q1.2 0 2 0.8t0.9 2z\"\/><\/svg><\/span><\/a><\/li><\/ul><\/div>","protected":false},"excerpt":{"rendered":"<p>Auto-Experte Ferdinand Dudenh\u00f6ffer hat eindringlich vor einer R\u00fccknahme des EU-Verbrenner-Verbotes gewarnt. &#8222;Anstatt unsere Autobauer zu retten, [&hellip;]<\/p>\n","protected":false},"author":3,"featured_media":24537,"comment_status":"closed","ping_status":"closed","sticky":false,"template":"","format":"standard","meta":{"inline_featured_image":false,"footnotes":""},"categories":[25],"tags":[],"class_list":["post-99326","post","type-post","status-publish","format-standard","has-post-thumbnail","hentry","category-mobilitaet"],"yoast_head":"<!-- This site is optimized with the Yoast SEO plugin v26.5 - https:\/\/yoast.com\/wordpress\/plugins\/seo\/ -->\n<title>Dudenh\u00f6ffer: Aus f\u00fcr Verbrenner-Aus w\u00fcrde Autoindustrie &quot;zerst\u00f6ren&quot; - Sonnenseite - \u00d6kologische Kommunikation mit Franz Alt<\/title>\n<meta name=\"description\" content=\"Auto-Experte Ferdinand Dudenh\u00f6ffer hat eindringlich vor einer R\u00fccknahme des EU-Verbrenner-Verbotes gewarnt. &quot;Anstatt unsere Autobauer zu retten, zerst\u00f6rt\" \/>\n<meta name=\"robots\" content=\"index, follow, max-snippet:-1, max-image-preview:large, max-video-preview:-1\" \/>\n<link rel=\"canonical\" href=\"https:\/\/www.sonnenseite.com\/de\/mobilitaet\/dudenhoeffer-aus-fuer-verbrenner-aus-wuerde-autoindustrie-zerstoeren\/\" \/>\n<meta property=\"og:locale\" content=\"de_DE\" \/>\n<meta property=\"og:type\" content=\"article\" \/>\n<meta property=\"og:title\" content=\"Dudenh\u00f6ffer: Aus f\u00fcr Verbrenner-Aus w\u00fcrde Autoindustrie &quot;zerst\u00f6ren&quot; - Sonnenseite - \u00d6kologische Kommunikation mit Franz Alt\" \/>\n<meta property=\"og:description\" content=\"Auto-Experte Ferdinand Dudenh\u00f6ffer hat eindringlich vor einer R\u00fccknahme des EU-Verbrenner-Verbotes gewarnt. &quot;Anstatt unsere Autobauer zu retten, zerst\u00f6rt\" \/>\n<meta property=\"og:url\" content=\"https:\/\/www.sonnenseite.com\/de\/mobilitaet\/dudenhoeffer-aus-fuer-verbrenner-aus-wuerde-autoindustrie-zerstoeren\/\" \/>\n<meta property=\"og:site_name\" content=\"Sonnenseite\" \/>\n<meta property=\"article:publisher\" content=\"https:\/\/www.facebook.com\/pages\/Franz-Alt-SONNENSEITECOM\/221072987903953?fref=ts\" \/>\n<meta property=\"article:published_time\" content=\"2024-05-12T06:25:11+00:00\" \/>\n<meta property=\"article:modified_time\" content=\"2024-05-12T06:25:12+00:00\" \/>\n<meta property=\"og:image\" content=\"https:\/\/www.sonnenseite.com\/wp-content\/uploads\/2017\/09\/Auto_Herz_julos.jpg\" \/>\n\t<meta property=\"og:image:width\" content=\"770\" \/>\n\t<meta property=\"og:image:height\" content=\"420\" \/>\n\t<meta property=\"og:image:type\" content=\"image\/jpeg\" \/>\n<meta name=\"author\" content=\"Bigi Alt\" \/>\n<meta name=\"twitter:card\" content=\"summary_large_image\" \/>\n<meta name=\"twitter:creator\" content=\"@franzalt\" \/>\n<meta name=\"twitter:site\" content=\"@franzalt\" \/>\n<meta name=\"twitter:label1\" content=\"Verfasst von\" \/>\n\t<meta name=\"twitter:data1\" content=\"Bigi Alt\" \/>\n\t<meta name=\"twitter:label2\" content=\"Gesch\u00e4tzte Lesezeit\" \/>\n\t<meta name=\"twitter:data2\" content=\"2\u00a0Minuten\" \/>\n<script type=\"application\/ld+json\" class=\"yoast-schema-graph\">{\"@context\":\"https:\/\/schema.org\",\"@graph\":[{\"@type\":\"Article\",\"@id\":\"https:\/\/www.sonnenseite.com\/de\/mobilitaet\/dudenhoeffer-aus-fuer-verbrenner-aus-wuerde-autoindustrie-zerstoeren\/#article\",\"isPartOf\":{\"@id\":\"https:\/\/www.sonnenseite.com\/de\/mobilitaet\/dudenhoeffer-aus-fuer-verbrenner-aus-wuerde-autoindustrie-zerstoeren\/\"},\"author\":{\"name\":\"Bigi Alt\",\"@id\":\"https:\/\/www.sonnenseite.com\/de\/#\/schema\/person\/50fda0e926597684c7cc6695238a4eb9\"},\"headline\":\"Dudenh\u00f6ffer: Aus f\u00fcr Verbrenner-Aus w\u00fcrde Autoindustrie &#8222;zerst\u00f6ren&#8220;\",\"datePublished\":\"2024-05-12T06:25:11+00:00\",\"dateModified\":\"2024-05-12T06:25:12+00:00\",\"mainEntityOfPage\":{\"@id\":\"https:\/\/www.sonnenseite.com\/de\/mobilitaet\/dudenhoeffer-aus-fuer-verbrenner-aus-wuerde-autoindustrie-zerstoeren\/\"},\"wordCount\":305,\"publisher\":{\"@id\":\"https:\/\/www.sonnenseite.com\/de\/#organization\"},\"image\":{\"@id\":\"https:\/\/www.sonnenseite.com\/de\/mobilitaet\/dudenhoeffer-aus-fuer-verbrenner-aus-wuerde-autoindustrie-zerstoeren\/#primaryimage\"},\"thumbnailUrl\":\"https:\/\/www.sonnenseite.com\/wp-content\/uploads\/2017\/09\/Auto_Herz_julos.jpg\",\"articleSection\":[\"Mobilit\u00e4t\"],\"inLanguage\":\"de\"},{\"@type\":\"WebPage\",\"@id\":\"https:\/\/www.sonnenseite.com\/de\/mobilitaet\/dudenhoeffer-aus-fuer-verbrenner-aus-wuerde-autoindustrie-zerstoeren\/\",\"url\":\"https:\/\/www.sonnenseite.com\/de\/mobilitaet\/dudenhoeffer-aus-fuer-verbrenner-aus-wuerde-autoindustrie-zerstoeren\/\",\"name\":\"Dudenh\u00f6ffer: Aus f\u00fcr Verbrenner-Aus w\u00fcrde Autoindustrie \\\"zerst\u00f6ren\\\" - Sonnenseite - \u00d6kologische Kommunikation mit Franz Alt\",\"isPartOf\":{\"@id\":\"https:\/\/www.sonnenseite.com\/de\/#website\"},\"primaryImageOfPage\":{\"@id\":\"https:\/\/www.sonnenseite.com\/de\/mobilitaet\/dudenhoeffer-aus-fuer-verbrenner-aus-wuerde-autoindustrie-zerstoeren\/#primaryimage\"},\"image\":{\"@id\":\"https:\/\/www.sonnenseite.com\/de\/mobilitaet\/dudenhoeffer-aus-fuer-verbrenner-aus-wuerde-autoindustrie-zerstoeren\/#primaryimage\"},\"thumbnailUrl\":\"https:\/\/www.sonnenseite.com\/wp-content\/uploads\/2017\/09\/Auto_Herz_julos.jpg\",\"datePublished\":\"2024-05-12T06:25:11+00:00\",\"dateModified\":\"2024-05-12T06:25:12+00:00\",\"description\":\"Auto-Experte Ferdinand Dudenh\u00f6ffer hat eindringlich vor einer R\u00fccknahme des EU-Verbrenner-Verbotes gewarnt. \\\"Anstatt unsere Autobauer zu retten, zerst\u00f6rt\",\"breadcrumb\":{\"@id\":\"https:\/\/www.sonnenseite.com\/de\/mobilitaet\/dudenhoeffer-aus-fuer-verbrenner-aus-wuerde-autoindustrie-zerstoeren\/#breadcrumb\"},\"inLanguage\":\"de\",\"potentialAction\":[{\"@type\":\"ReadAction\",\"target\":[\"https:\/\/www.sonnenseite.com\/de\/mobilitaet\/dudenhoeffer-aus-fuer-verbrenner-aus-wuerde-autoindustrie-zerstoeren\/\"]}]},{\"@type\":\"ImageObject\",\"inLanguage\":\"de\",\"@id\":\"https:\/\/www.sonnenseite.com\/de\/mobilitaet\/dudenhoeffer-aus-fuer-verbrenner-aus-wuerde-autoindustrie-zerstoeren\/#primaryimage\",\"url\":\"https:\/\/www.sonnenseite.com\/wp-content\/uploads\/2017\/09\/Auto_Herz_julos.jpg\",\"contentUrl\":\"https:\/\/www.sonnenseite.com\/wp-content\/uploads\/2017\/09\/Auto_Herz_julos.jpg\",\"width\":770,\"height\":420,\"caption\":\"Depositphotos | julos\"},{\"@type\":\"BreadcrumbList\",\"@id\":\"https:\/\/www.sonnenseite.com\/de\/mobilitaet\/dudenhoeffer-aus-fuer-verbrenner-aus-wuerde-autoindustrie-zerstoeren\/#breadcrumb\",\"itemListElement\":[{\"@type\":\"ListItem\",\"position\":1,\"name\":\"Startseite\",\"item\":\"https:\/\/www.sonnenseite.com\/de\/\"},{\"@type\":\"ListItem\",\"position\":2,\"name\":\"Dudenh\u00f6ffer: Aus f\u00fcr Verbrenner-Aus w\u00fcrde Autoindustrie &#8222;zerst\u00f6ren&#8220;\"}]},{\"@type\":\"WebSite\",\"@id\":\"https:\/\/www.sonnenseite.com\/de\/#website\",\"url\":\"https:\/\/www.sonnenseite.com\/de\/\",\"name\":\"Sonnenseite\",\"description\":\"\u00d6kologische Kommunikation mit Franz Alt\",\"publisher\":{\"@id\":\"https:\/\/www.sonnenseite.com\/de\/#organization\"},\"potentialAction\":[{\"@type\":\"SearchAction\",\"target\":{\"@type\":\"EntryPoint\",\"urlTemplate\":\"https:\/\/www.sonnenseite.com\/de\/?s={search_term_string}\"},\"query-input\":{\"@type\":\"PropertyValueSpecification\",\"valueRequired\":true,\"valueName\":\"search_term_string\"}}],\"inLanguage\":\"de\"},{\"@type\":\"Organization\",\"@id\":\"https:\/\/www.sonnenseite.com\/de\/#organization\",\"name\":\"Sonnenseite\",\"url\":\"https:\/\/www.sonnenseite.com\/de\/\",\"logo\":{\"@type\":\"ImageObject\",\"inLanguage\":\"de\",\"@id\":\"https:\/\/www.sonnenseite.com\/de\/#\/schema\/logo\/image\/\",\"url\":\"https:\/\/www.sonnenseite.com\/wp-content\/uploads\/2020\/05\/Sonnenseite_Logo.png\",\"contentUrl\":\"https:\/\/www.sonnenseite.com\/wp-content\/uploads\/2020\/05\/Sonnenseite_Logo.png\",\"width\":377,\"height\":90,\"caption\":\"Sonnenseite\"},\"image\":{\"@id\":\"https:\/\/www.sonnenseite.com\/de\/#\/schema\/logo\/image\/\"},\"sameAs\":[\"https:\/\/www.facebook.com\/pages\/Franz-Alt-SONNENSEITECOM\/221072987903953?fref=ts\",\"https:\/\/x.com\/franzalt\",\"http:\/\/www.youtube.com\/results?search_query&amp;amp;quot;franz_alt&amp;amp;quot;&amp;amp;amp;amp;search_type&amp;amp;amp;amp;aq=f\"]},{\"@type\":\"Person\",\"@id\":\"https:\/\/www.sonnenseite.com\/de\/#\/schema\/person\/50fda0e926597684c7cc6695238a4eb9\",\"name\":\"Bigi Alt\"}]}<\/script>\n<!-- \/ Yoast SEO plugin. -->","yoast_head_json":{"title":"Dudenh\u00f6ffer: Aus f\u00fcr Verbrenner-Aus w\u00fcrde Autoindustrie \"zerst\u00f6ren\" - Sonnenseite - \u00d6kologische Kommunikation mit Franz Alt","description":"Auto-Experte Ferdinand Dudenh\u00f6ffer hat eindringlich vor einer R\u00fccknahme des EU-Verbrenner-Verbotes gewarnt. \"Anstatt unsere Autobauer zu retten, zerst\u00f6rt","robots":{"index":"index","follow":"follow","max-snippet":"max-snippet:-1","max-image-preview":"max-image-preview:large","max-video-preview":"max-video-preview:-1"},"canonical":"https:\/\/www.sonnenseite.com\/de\/mobilitaet\/dudenhoeffer-aus-fuer-verbrenner-aus-wuerde-autoindustrie-zerstoeren\/","og_locale":"de_DE","og_type":"article","og_title":"Dudenh\u00f6ffer: Aus f\u00fcr Verbrenner-Aus w\u00fcrde Autoindustrie \"zerst\u00f6ren\" - Sonnenseite - \u00d6kologische Kommunikation mit Franz Alt","og_description":"Auto-Experte Ferdinand Dudenh\u00f6ffer hat eindringlich vor einer R\u00fccknahme des EU-Verbrenner-Verbotes gewarnt. \"Anstatt unsere Autobauer zu retten, zerst\u00f6rt","og_url":"https:\/\/www.sonnenseite.com\/de\/mobilitaet\/dudenhoeffer-aus-fuer-verbrenner-aus-wuerde-autoindustrie-zerstoeren\/","og_site_name":"Sonnenseite","article_publisher":"https:\/\/www.facebook.com\/pages\/Franz-Alt-SONNENSEITECOM\/221072987903953?fref=ts","article_published_time":"2024-05-12T06:25:11+00:00","article_modified_time":"2024-05-12T06:25:12+00:00","og_image":[{"width":770,"height":420,"url":"https:\/\/www.sonnenseite.com\/wp-content\/uploads\/2017\/09\/Auto_Herz_julos.jpg","type":"image\/jpeg"}],"author":"Bigi Alt","twitter_card":"summary_large_image","twitter_creator":"@franzalt","twitter_site":"@franzalt","twitter_misc":{"Verfasst von":"Bigi Alt","Gesch\u00e4tzte Lesezeit":"2\u00a0Minuten"},"schema":{"@context":"https:\/\/schema.org","@graph":[{"@type":"Article","@id":"https:\/\/www.sonnenseite.com\/de\/mobilitaet\/dudenhoeffer-aus-fuer-verbrenner-aus-wuerde-autoindustrie-zerstoeren\/#article","isPartOf":{"@id":"https:\/\/www.sonnenseite.com\/de\/mobilitaet\/dudenhoeffer-aus-fuer-verbrenner-aus-wuerde-autoindustrie-zerstoeren\/"},"author":{"name":"Bigi Alt","@id":"https:\/\/www.sonnenseite.com\/de\/#\/schema\/person\/50fda0e926597684c7cc6695238a4eb9"},"headline":"Dudenh\u00f6ffer: Aus f\u00fcr Verbrenner-Aus w\u00fcrde Autoindustrie &#8222;zerst\u00f6ren&#8220;","datePublished":"2024-05-12T06:25:11+00:00","dateModified":"2024-05-12T06:25:12+00:00","mainEntityOfPage":{"@id":"https:\/\/www.sonnenseite.com\/de\/mobilitaet\/dudenhoeffer-aus-fuer-verbrenner-aus-wuerde-autoindustrie-zerstoeren\/"},"wordCount":305,"publisher":{"@id":"https:\/\/www.sonnenseite.com\/de\/#organization"},"image":{"@id":"https:\/\/www.sonnenseite.com\/de\/mobilitaet\/dudenhoeffer-aus-fuer-verbrenner-aus-wuerde-autoindustrie-zerstoeren\/#primaryimage"},"thumbnailUrl":"https:\/\/www.sonnenseite.com\/wp-content\/uploads\/2017\/09\/Auto_Herz_julos.jpg","articleSection":["Mobilit\u00e4t"],"inLanguage":"de"},{"@type":"WebPage","@id":"https:\/\/www.sonnenseite.com\/de\/mobilitaet\/dudenhoeffer-aus-fuer-verbrenner-aus-wuerde-autoindustrie-zerstoeren\/","url":"https:\/\/www.sonnenseite.com\/de\/mobilitaet\/dudenhoeffer-aus-fuer-verbrenner-aus-wuerde-autoindustrie-zerstoeren\/","name":"Dudenh\u00f6ffer: Aus f\u00fcr Verbrenner-Aus w\u00fcrde Autoindustrie \"zerst\u00f6ren\" - Sonnenseite - \u00d6kologische Kommunikation mit Franz Alt","isPartOf":{"@id":"https:\/\/www.sonnenseite.com\/de\/#website"},"primaryImageOfPage":{"@id":"https:\/\/www.sonnenseite.com\/de\/mobilitaet\/dudenhoeffer-aus-fuer-verbrenner-aus-wuerde-autoindustrie-zerstoeren\/#primaryimage"},"image":{"@id":"https:\/\/www.sonnenseite.com\/de\/mobilitaet\/dudenhoeffer-aus-fuer-verbrenner-aus-wuerde-autoindustrie-zerstoeren\/#primaryimage"},"thumbnailUrl":"https:\/\/www.sonnenseite.com\/wp-content\/uploads\/2017\/09\/Auto_Herz_julos.jpg","datePublished":"2024-05-12T06:25:11+00:00","dateModified":"2024-05-12T06:25:12+00:00","description":"Auto-Experte Ferdinand Dudenh\u00f6ffer hat eindringlich vor einer R\u00fccknahme des EU-Verbrenner-Verbotes gewarnt. \"Anstatt unsere Autobauer zu retten, zerst\u00f6rt","breadcrumb":{"@id":"https:\/\/www.sonnenseite.com\/de\/mobilitaet\/dudenhoeffer-aus-fuer-verbrenner-aus-wuerde-autoindustrie-zerstoeren\/#breadcrumb"},"inLanguage":"de","potentialAction":[{"@type":"ReadAction","target":["https:\/\/www.sonnenseite.com\/de\/mobilitaet\/dudenhoeffer-aus-fuer-verbrenner-aus-wuerde-autoindustrie-zerstoeren\/"]}]},{"@type":"ImageObject","inLanguage":"de","@id":"https:\/\/www.sonnenseite.com\/de\/mobilitaet\/dudenhoeffer-aus-fuer-verbrenner-aus-wuerde-autoindustrie-zerstoeren\/#primaryimage","url":"https:\/\/www.sonnenseite.com\/wp-content\/uploads\/2017\/09\/Auto_Herz_julos.jpg","contentUrl":"https:\/\/www.sonnenseite.com\/wp-content\/uploads\/2017\/09\/Auto_Herz_julos.jpg","width":770,"height":420,"caption":"Depositphotos | julos"},{"@type":"BreadcrumbList","@id":"https:\/\/www.sonnenseite.com\/de\/mobilitaet\/dudenhoeffer-aus-fuer-verbrenner-aus-wuerde-autoindustrie-zerstoeren\/#breadcrumb","itemListElement":[{"@type":"ListItem","position":1,"name":"Startseite","item":"https:\/\/www.sonnenseite.com\/de\/"},{"@type":"ListItem","position":2,"name":"Dudenh\u00f6ffer: Aus f\u00fcr Verbrenner-Aus w\u00fcrde Autoindustrie &#8222;zerst\u00f6ren&#8220;"}]},{"@type":"WebSite","@id":"https:\/\/www.sonnenseite.com\/de\/#website","url":"https:\/\/www.sonnenseite.com\/de\/","name":"Sonnenseite","description":"\u00d6kologische Kommunikation mit Franz Alt","publisher":{"@id":"https:\/\/www.sonnenseite.com\/de\/#organization"},"potentialAction":[{"@type":"SearchAction","target":{"@type":"EntryPoint","urlTemplate":"https:\/\/www.sonnenseite.com\/de\/?s={search_term_string}"},"query-input":{"@type":"PropertyValueSpecification","valueRequired":true,"valueName":"search_term_string"}}],"inLanguage":"de"},{"@type":"Organization","@id":"https:\/\/www.sonnenseite.com\/de\/#organization","name":"Sonnenseite","url":"https:\/\/www.sonnenseite.com\/de\/","logo":{"@type":"ImageObject","inLanguage":"de","@id":"https:\/\/www.sonnenseite.com\/de\/#\/schema\/logo\/image\/","url":"https:\/\/www.sonnenseite.com\/wp-content\/uploads\/2020\/05\/Sonnenseite_Logo.png","contentUrl":"https:\/\/www.sonnenseite.com\/wp-content\/uploads\/2020\/05\/Sonnenseite_Logo.png","width":377,"height":90,"caption":"Sonnenseite"},"image":{"@id":"https:\/\/www.sonnenseite.com\/de\/#\/schema\/logo\/image\/"},"sameAs":["https:\/\/www.facebook.com\/pages\/Franz-Alt-SONNENSEITECOM\/221072987903953?fref=ts","https:\/\/x.com\/franzalt","http:\/\/www.youtube.com\/results?search_query&amp;amp;quot;franz_alt&amp;amp;quot;&amp;amp;amp;amp;search_type&amp;amp;amp;amp;aq=f"]},{"@type":"Person","@id":"https:\/\/www.sonnenseite.com\/de\/#\/schema\/person\/50fda0e926597684c7cc6695238a4eb9","name":"Bigi Alt"}]}},"_links":{"self":[{"href":"https:\/\/www.sonnenseite.com\/de\/wp-json\/wp\/v2\/posts\/99326","targetHints":{"allow":["GET"]}}],"collection":[{"href":"https:\/\/www.sonnenseite.com\/de\/wp-json\/wp\/v2\/posts"}],"about":[{"href":"https:\/\/www.sonnenseite.com\/de\/wp-json\/wp\/v2\/types\/post"}],"author":[{"embeddable":true,"href":"https:\/\/www.sonnenseite.com\/de\/wp-json\/wp\/v2\/users\/3"}],"replies":[{"embeddable":true,"href":"https:\/\/www.sonnenseite.com\/de\/wp-json\/wp\/v2\/comments?post=99326"}],"version-history":[{"count":1,"href":"https:\/\/www.sonnenseite.com\/de\/wp-json\/wp\/v2\/posts\/99326\/revisions"}],"predecessor-version":[{"id":99327,"href":"https:\/\/www.sonnenseite.com\/de\/wp-json\/wp\/v2\/posts\/99326\/revisions\/99327"}],"wp:featuredmedia":[{"embeddable":true,"href":"https:\/\/www.sonnenseite.com\/de\/wp-json\/wp\/v2\/media\/24537"}],"wp:attachment":[{"href":"https:\/\/www.sonnenseite.com\/de\/wp-json\/wp\/v2\/media?parent=99326"}],"wp:term":[{"taxonomy":"category","embeddable":true,"href":"https:\/\/www.sonnenseite.com\/de\/wp-json\/wp\/v2\/categories?post=99326"},{"taxonomy":"post_tag","embeddable":true,"href":"https:\/\/www.sonnenseite.com\/de\/wp-json\/wp\/v2\/tags?post=99326"}],"curies":[{"name":"wp","href":"https:\/\/api.w.org\/{rel}","templated":true}]}}