{"id":99739,"date":"2024-06-03T10:02:18","date_gmt":"2024-06-03T08:02:18","guid":{"rendered":"https:\/\/www.sonnenseite.com\/?p=99739"},"modified":"2024-06-03T10:43:50","modified_gmt":"2024-06-03T08:43:50","slug":"das-umweltbewussstsein-junger-menschen-2023","status":"publish","type":"post","link":"https:\/\/www.sonnenseite.com\/de\/zukunft\/das-umweltbewussstsein-junger-menschen-2023\/","title":{"rendered":"Das Umweltbewussstsein junger Menschen 2023"},"content":{"rendered":"\n<p>Umwelt- und Klimaschutz bleiben f\u00fcr Jugendliche wichtig \u2013 Bedeutung anderer Themen nimmt zu. Jugendstudie \u201eZukunft? Jugend fragen! 2023\u201c<\/p>\n\n\n\n<p>F\u00fcr knapp acht von zehn Jugendlichen in Deutschland ist der Schutz von Umwelt und Klima ein wichtiges Thema. Das ergab die repr\u00e4sentative Studie \u201eZukunft? Jugend fragen! 2023\u201c, die im Auftrag des Umweltbundesamtes (UBA) und des Bundesumweltministeriums (BMUV) durchgef\u00fchrt wurde. Das ist weniger als bei der letzten Befragung vor zwei Jahren. Andere Themen gewinnen demgegen\u00fcber an Bedeutung: Der Zustand des Bildungswesens, soziale Gerechtigkeit sowie die gestiegenen Preise sind f\u00fcr etwa je neun von zehn Befragten wichtig.<\/p>\n\n\n\n<p>Bundesumweltministerin Steffi Lemke: \u201eIch freue mich, dass Jugendliche positiv auf Europa blicken und unsere Demokratie wertsch\u00e4tzen. Die aktuellen Krisen lassen den Umwelt- und \u2060<a target=\"_blank\" href=\"https:\/\/www.umweltbundesamt.de\/service\/glossar\/k?tag=Klimaschutz#alphabar\" rel=\"noreferrer noopener\">Klimaschutz<\/a>\u2060 auch bei jungen Menschen etwas in den Hintergrund r\u00fccken. Die Zusammenarbeit mit jungen Menschen ist f\u00fcr das Bundesumweltministerium von gro\u00dfer Bedeutung, auch die Jugendstudie wurde gemeinsam mit ihnen erarbeitet. Aus Gespr\u00e4chen mit jungen Menschen wei\u00df ich, wie wichtig es f\u00fcr sie ist, an politischen Prozessen beteiligt zu werden. Deswegen hoffe ich, dass sie bei der Europawahl am 9. Juni ihr Wahlrecht nutzen, gerade auch die Erstw\u00e4hler ab 16 Jahren. Umweltpolitik ist Zukunftspolitik und das geht nur mit allen Generationen.\u201c<\/p>\n\n\n\n<p>Dirk Messner, Pr\u00e4sident des Umweltbundesamts, erg\u00e4nzt: \u201eDie Jugendstudie zeigt, dass wir die Anliegen und Perspektiven der Jugend wieder st\u00e4rker wahr- und ernst nehmen und ihnen wieder vermehrt Geh\u00f6r verschaffen m\u00fcssen. Gerade damit die engagierten Jugendlichen motiviert bleiben, m\u00fcssen wir zeigen, dass ihr Einsatz etwas bewirkt. Deswegen ist es von gro\u00dfer Bedeutung, dass die Politik auch die Ideen der jungen Menschen zum Erreichen von Umwelt- und Klimazielen aufgreift und umsetzt.\u201c<\/p>\n\n\n<div class=\"wp-block-image\">\n<figure class=\"aligncenter size-large is-resized\"><a href=\"https:\/\/www.sonnenseite.com\/wp-content\/uploads\/2024\/06\/UBA_zukunft_jugend_fragen_-_2023.jpg\"><img loading=\"lazy\" decoding=\"async\" width=\"1024\" height=\"576\" src=\"https:\/\/www.sonnenseite.com\/wp-content\/uploads\/2024\/06\/UBA_zukunft_jugend_fragen_-_2023-1024x576.jpg\" alt=\"\" class=\"wp-image-99742\" style=\"width:686px;height:auto\" srcset=\"https:\/\/www.sonnenseite.com\/wp-content\/uploads\/2024\/06\/UBA_zukunft_jugend_fragen_-_2023-1024x576.jpg 1024w, https:\/\/www.sonnenseite.com\/wp-content\/uploads\/2024\/06\/UBA_zukunft_jugend_fragen_-_2023-300x169.jpg 300w, https:\/\/www.sonnenseite.com\/wp-content\/uploads\/2024\/06\/UBA_zukunft_jugend_fragen_-_2023-768x432.jpg 768w, https:\/\/www.sonnenseite.com\/wp-content\/uploads\/2024\/06\/UBA_zukunft_jugend_fragen_-_2023.jpg 1244w\" sizes=\"auto, (max-width: 1024px) 100vw, 1024px\" \/><\/a><\/figure>\n<\/div>\n\n\n<h4 class=\"wp-block-heading\">Zukunftsaussichten: Individueller Optimismus trifft auf gesamtgesellschaftliche Bedenken<\/h4>\n\n\n\n<p>Ihre pers\u00f6nlichen Zukunftsaussichten sehen junge Menschen weiterhin \u00fcberwiegend positiv, allerdings blicken sie gesellschaftspolitisch zunehmend pessimistischer in die Zukunft.<\/p>\n\n\n\n<h4 class=\"wp-block-heading\">Demokratie und Europa wichtig f\u00fcr junge Menschen<\/h4>\n\n\n\n<p>F\u00fcr eine deutliche Mehrheit der jungen Menschen ist es wichtig, in einer Demokratie zu leben (94&nbsp;Prozent). Knapp dreiviertel der jungen Menschen stehen hinter der Europ\u00e4ischen Union. Dies sind gut eine Woche vor der Europawahl ermutigende Zahlen.<\/p>\n\n\n\n<h4 class=\"wp-block-heading\">Unternehmen und Politik in der Verantwortung<\/h4>\n\n\n\n<p>Beim Umwelt- und Klimaschutz erwarten die jungen Menschen vor allem von der Wirtschaft mehr. 74 Prozent der Befragten finden, dass die Unternehmen in diesem Bereich nicht genug tun. Die Mehrheit ist dabei der Auffassung, dass dem Staat die Rolle zukommt, der Wirtschaft st\u00e4rkere Vorgaben zu machen, z. B. durch eine feste Obergrenze f\u00fcr CO<sub>2<\/sub>-Emissionen. Einschneidende Ma\u00dfnahmen f\u00fcr Privatpersonen, wie beispielsweise eine starke Begrenzung von Flugreisen, werden aber abgelehnt.<\/p>\n\n\n\n<h4 class=\"wp-block-heading\">Zustimmung zur Arbeit der Umweltverb\u00e4nde und Kritik an radikalem Einsatz f\u00fcr Klimaschutz<\/h4>\n\n\n\n<p>Der Einsatz von Umweltverb\u00e4nden und Initiativen wird mehrheitlich positiv bewertet, radikaler Einsatz f\u00fcr den Klimaschutz findet keinen Zuspruch. Die Wirkung von Klimaaktivistinnen und -aktivisten wird negativ bewertet.<\/p>\n\n\n\n<ul class=\"wp-block-list\">\n<li><a href=\"https:\/\/www.umweltbundesamt.de\/publikationen\/zukunft-jugend-fragen-2023\">Zukunft? Jugend fragen! \u2013 2023<\/a><\/li>\n<\/ul>\n\n\n<h5 class=\"green\">Quelle<\/h5>\r\n\n\n\n<p><a href=\"http:\/\/www.umweltbundesamt.de\">Umweltbundesamt.de 2024<\/a><\/p>\n<div class=\"shariff shariff-align-flex-start shariff-widget-align-flex-start\"><div class=\"ShariffHeadline\">Diese Meldung teilen<\/div><ul class=\"shariff-buttons theme-round orientation-horizontal buttonsize-medium\"><li class=\"shariff-button facebook shariff-nocustomcolor\" style=\"background-color:#4273c8;border-radius:1%\"><a href=\"https:\/\/www.facebook.com\/sharer\/sharer.php?u=https%3A%2F%2Fwww.sonnenseite.com%2Fde%2Fzukunft%2Fdas-umweltbewussstsein-junger-menschen-2023%2F\" title=\"Bei Facebook teilen\" aria-label=\"Bei Facebook teilen\" role=\"button\" rel=\"nofollow\" class=\"shariff-link\" style=\";border-radius:1%; background-color:#3b5998; color:#fff\" target=\"_blank\"><span class=\"shariff-icon\" style=\"\"><svg width=\"32px\" height=\"20px\" xmlns=\"http:\/\/www.w3.org\/2000\/svg\" viewBox=\"0 0 18 32\"><path fill=\"#3b5998\" d=\"M17.1 0.2v4.7h-2.8q-1.5 0-2.1 0.6t-0.5 1.9v3.4h5.2l-0.7 5.3h-4.5v13.6h-5.5v-13.6h-4.5v-5.3h4.5v-3.9q0-3.3 1.9-5.2t5-1.8q2.6 0 4.1 0.2z\"\/><\/svg><\/span><\/a><\/li><li class=\"shariff-button twitter shariff-nocustomcolor\" style=\"background-color:#595959;border-radius:1%\"><a href=\"https:\/\/twitter.com\/share?url=https%3A%2F%2Fwww.sonnenseite.com%2Fde%2Fzukunft%2Fdas-umweltbewussstsein-junger-menschen-2023%2F&text=Das%20Umweltbewussstsein%20junger%20Menschen%202023\" title=\"Bei X teilen\" aria-label=\"Bei X teilen\" role=\"button\" rel=\"noopener nofollow\" class=\"shariff-link\" style=\";border-radius:1%; background-color:#000; color:#fff\" target=\"_blank\"><span class=\"shariff-icon\" style=\"\"><svg width=\"32px\" height=\"20px\" xmlns=\"http:\/\/www.w3.org\/2000\/svg\" viewBox=\"0 0 24 24\"><path fill=\"#000\" d=\"M14.258 10.152L23.176 0h-2.113l-7.747 8.813L7.133 0H0l9.352 13.328L0 23.973h2.113l8.176-9.309 6.531 9.309h7.133zm-2.895 3.293l-.949-1.328L2.875 1.56h3.246l6.086 8.523.945 1.328 7.91 11.078h-3.246zm0 0\"\/><\/svg><\/span><\/a><\/li><li class=\"shariff-button xing shariff-nocustomcolor\" style=\"background-color:#29888a;border-radius:1%\"><a href=\"https:\/\/www.xing.com\/spi\/shares\/new?url=https%3A%2F%2Fwww.sonnenseite.com%2Fde%2Fzukunft%2Fdas-umweltbewussstsein-junger-menschen-2023%2F\" title=\"Bei XING teilen\" aria-label=\"Bei XING teilen\" role=\"button\" rel=\"noopener nofollow\" class=\"shariff-link\" style=\";border-radius:1%; background-color:#126567; color:#fff\" target=\"_blank\"><span class=\"shariff-icon\" style=\"\"><svg width=\"32px\" height=\"20px\" xmlns=\"http:\/\/www.w3.org\/2000\/svg\" viewBox=\"0 0 25 32\"><path fill=\"#126567\" d=\"M10.7 11.9q-0.2 0.3-4.6 8.2-0.5 0.8-1.2 0.8h-4.3q-0.4 0-0.5-0.3t0-0.6l4.5-8q0 0 0 0l-2.9-5q-0.2-0.4 0-0.7 0.2-0.3 0.5-0.3h4.3q0.7 0 1.2 0.8zM25.1 0.4q0.2 0.3 0 0.7l-9.4 16.7 6 11q0.2 0.4 0 0.6-0.2 0.3-0.6 0.3h-4.3q-0.7 0-1.2-0.8l-6-11.1q0.3-0.6 9.5-16.8 0.4-0.8 1.2-0.8h4.3q0.4 0 0.5 0.3z\"\/><\/svg><\/span><\/a><\/li><li class=\"shariff-button linkedin shariff-nocustomcolor\" style=\"background-color:#1488bf;border-radius:1%\"><a href=\"https:\/\/www.linkedin.com\/sharing\/share-offsite\/?url=https%3A%2F%2Fwww.sonnenseite.com%2Fde%2Fzukunft%2Fdas-umweltbewussstsein-junger-menschen-2023%2F\" title=\"Bei LinkedIn teilen\" aria-label=\"Bei LinkedIn teilen\" role=\"button\" rel=\"noopener nofollow\" class=\"shariff-link\" style=\";border-radius:1%; background-color:#0077b5; color:#fff\" target=\"_blank\"><span class=\"shariff-icon\" style=\"\"><svg width=\"32px\" height=\"20px\" xmlns=\"http:\/\/www.w3.org\/2000\/svg\" viewBox=\"0 0 27 32\"><path fill=\"#0077b5\" d=\"M6.2 11.2v17.7h-5.9v-17.7h5.9zM6.6 5.7q0 1.3-0.9 2.2t-2.4 0.9h0q-1.5 0-2.4-0.9t-0.9-2.2 0.9-2.2 2.4-0.9 2.4 0.9 0.9 2.2zM27.4 18.7v10.1h-5.9v-9.5q0-1.9-0.7-2.9t-2.3-1.1q-1.1 0-1.9 0.6t-1.2 1.5q-0.2 0.5-0.2 1.4v9.9h-5.9q0-7.1 0-11.6t0-5.3l0-0.9h5.9v2.6h0q0.4-0.6 0.7-1t1-0.9 1.6-0.8 2-0.3q3 0 4.9 2t1.9 6z\"\/><\/svg><\/span><\/a><\/li><li class=\"shariff-button printer shariff-nocustomcolor\" style=\"background-color:#a8a8a8;border-radius:1%\"><a href=\"javascript:window.print()\" title=\"drucken\" aria-label=\"drucken\" role=\"button\" rel=\"noopener nofollow\" class=\"shariff-link\" style=\";border-radius:1%; background-color:#999; color:#fff\"><span class=\"shariff-icon\" style=\"\"><svg width=\"32px\" height=\"20px\" xmlns=\"http:\/\/www.w3.org\/2000\/svg\" viewBox=\"0 0 30 32\"><path fill=\"#999\" d=\"M6.8 27.4h16v-4.6h-16v4.6zM6.8 16h16v-6.8h-2.8q-0.7 0-1.2-0.5t-0.5-1.2v-2.8h-11.4v11.4zM27.4 17.2q0-0.5-0.3-0.8t-0.8-0.4-0.8 0.4-0.3 0.8 0.3 0.8 0.8 0.3 0.8-0.3 0.3-0.8zM29.7 17.2v7.4q0 0.2-0.2 0.4t-0.4 0.2h-4v2.8q0 0.7-0.5 1.2t-1.2 0.5h-17.2q-0.7 0-1.2-0.5t-0.5-1.2v-2.8h-4q-0.2 0-0.4-0.2t-0.2-0.4v-7.4q0-1.4 1-2.4t2.4-1h1.2v-9.7q0-0.7 0.5-1.2t1.2-0.5h12q0.7 0 1.6 0.4t1.3 0.8l2.7 2.7q0.5 0.5 0.9 1.4t0.4 1.6v4.6h1.1q1.4 0 2.4 1t1 2.4z\"\/><\/svg><\/span><\/a><\/li><li class=\"shariff-button mailto shariff-nocustomcolor\" style=\"background-color:#a8a8a8;border-radius:1%\"><a href=\"mailto:?body=https%3A%2F%2Fwww.sonnenseite.com%2Fde%2Fzukunft%2Fdas-umweltbewussstsein-junger-menschen-2023%2F&subject=Das%20Umweltbewussstsein%20junger%20Menschen%202023\" title=\"Per E-Mail versenden\" aria-label=\"Per E-Mail versenden\" role=\"button\" rel=\"noopener nofollow\" class=\"shariff-link\" style=\";border-radius:1%; background-color:#999; color:#fff\"><span class=\"shariff-icon\" style=\"\"><svg width=\"32px\" height=\"20px\" xmlns=\"http:\/\/www.w3.org\/2000\/svg\" viewBox=\"0 0 32 32\"><path fill=\"#999\" d=\"M32 12.7v14.2q0 1.2-0.8 2t-2 0.9h-26.3q-1.2 0-2-0.9t-0.8-2v-14.2q0.8 0.9 1.8 1.6 6.5 4.4 8.9 6.1 1 0.8 1.6 1.2t1.7 0.9 2 0.4h0.1q0.9 0 2-0.4t1.7-0.9 1.6-1.2q3-2.2 8.9-6.1 1-0.7 1.8-1.6zM32 7.4q0 1.4-0.9 2.7t-2.2 2.2q-6.7 4.7-8.4 5.8-0.2 0.1-0.7 0.5t-1 0.7-0.9 0.6-1.1 0.5-0.9 0.2h-0.1q-0.4 0-0.9-0.2t-1.1-0.5-0.9-0.6-1-0.7-0.7-0.5q-1.6-1.1-4.7-3.2t-3.6-2.6q-1.1-0.7-2.1-2t-1-2.5q0-1.4 0.7-2.3t2.1-0.9h26.3q1.2 0 2 0.8t0.9 2z\"\/><\/svg><\/span><\/a><\/li><\/ul><\/div>","protected":false},"excerpt":{"rendered":"<p>Umwelt- und Klimaschutz bleiben f\u00fcr Jugendliche wichtig \u2013 Bedeutung anderer Themen nimmt zu. Jugendstudie \u201eZukunft? Jugend [&hellip;]<\/p>\n","protected":false},"author":3,"featured_media":35808,"comment_status":"closed","ping_status":"closed","sticky":false,"template":"","format":"standard","meta":{"inline_featured_image":false,"footnotes":""},"categories":[27],"tags":[],"class_list":["post-99739","post","type-post","status-publish","format-standard","has-post-thumbnail","hentry","category-zukunft"],"yoast_head":"<!-- This site is optimized with the Yoast SEO plugin v26.5 - https:\/\/yoast.com\/wordpress\/plugins\/seo\/ -->\n<title>Das Umweltbewussstsein junger Menschen 2023 - Sonnenseite - \u00d6kologische Kommunikation mit Franz Alt<\/title>\n<meta name=\"description\" content=\"Umwelt- und Klimaschutz bleiben f\u00fcr Jugendliche wichtig \u2013 Bedeutung anderer Themen nimmt zu. Jugendstudie \u201eZukunft? Jugend fragen! 2023\u201c F\u00fcr knapp acht\" \/>\n<meta name=\"robots\" content=\"index, follow, max-snippet:-1, max-image-preview:large, max-video-preview:-1\" \/>\n<link rel=\"canonical\" href=\"https:\/\/www.sonnenseite.com\/de\/zukunft\/das-umweltbewussstsein-junger-menschen-2023\/\" \/>\n<meta property=\"og:locale\" content=\"de_DE\" \/>\n<meta property=\"og:type\" content=\"article\" \/>\n<meta property=\"og:title\" content=\"Das Umweltbewussstsein junger Menschen 2023 - Sonnenseite - \u00d6kologische Kommunikation mit Franz Alt\" \/>\n<meta property=\"og:description\" content=\"Umwelt- und Klimaschutz bleiben f\u00fcr Jugendliche wichtig \u2013 Bedeutung anderer Themen nimmt zu. Jugendstudie \u201eZukunft? Jugend fragen! 2023\u201c F\u00fcr knapp acht\" \/>\n<meta property=\"og:url\" content=\"https:\/\/www.sonnenseite.com\/de\/zukunft\/das-umweltbewussstsein-junger-menschen-2023\/\" \/>\n<meta property=\"og:site_name\" content=\"Sonnenseite\" \/>\n<meta property=\"article:publisher\" content=\"https:\/\/www.facebook.com\/pages\/Franz-Alt-SONNENSEITECOM\/221072987903953?fref=ts\" \/>\n<meta property=\"article:published_time\" content=\"2024-06-03T08:02:18+00:00\" \/>\n<meta property=\"article:modified_time\" content=\"2024-06-03T08:43:50+00:00\" \/>\n<meta property=\"og:image\" content=\"https:\/\/www.sonnenseite.com\/wp-content\/uploads\/2016\/07\/Jugend02_olly.jpg\" \/>\n\t<meta property=\"og:image:width\" content=\"770\" \/>\n\t<meta property=\"og:image:height\" content=\"420\" \/>\n\t<meta property=\"og:image:type\" content=\"image\/jpeg\" \/>\n<meta name=\"author\" content=\"Bigi Alt\" \/>\n<meta name=\"twitter:card\" content=\"summary_large_image\" \/>\n<meta name=\"twitter:creator\" content=\"@franzalt\" \/>\n<meta name=\"twitter:site\" content=\"@franzalt\" \/>\n<meta name=\"twitter:label1\" content=\"Verfasst von\" \/>\n\t<meta name=\"twitter:data1\" content=\"Bigi Alt\" \/>\n\t<meta name=\"twitter:label2\" content=\"Gesch\u00e4tzte Lesezeit\" \/>\n\t<meta name=\"twitter:data2\" content=\"3\u00a0Minuten\" \/>\n<script type=\"application\/ld+json\" class=\"yoast-schema-graph\">{\"@context\":\"https:\/\/schema.org\",\"@graph\":[{\"@type\":\"Article\",\"@id\":\"https:\/\/www.sonnenseite.com\/de\/zukunft\/das-umweltbewussstsein-junger-menschen-2023\/#article\",\"isPartOf\":{\"@id\":\"https:\/\/www.sonnenseite.com\/de\/zukunft\/das-umweltbewussstsein-junger-menschen-2023\/\"},\"author\":{\"name\":\"Bigi Alt\",\"@id\":\"https:\/\/www.sonnenseite.com\/de\/#\/schema\/person\/50fda0e926597684c7cc6695238a4eb9\"},\"headline\":\"Das Umweltbewussstsein junger Menschen 2023\",\"datePublished\":\"2024-06-03T08:02:18+00:00\",\"dateModified\":\"2024-06-03T08:43:50+00:00\",\"mainEntityOfPage\":{\"@id\":\"https:\/\/www.sonnenseite.com\/de\/zukunft\/das-umweltbewussstsein-junger-menschen-2023\/\"},\"wordCount\":483,\"publisher\":{\"@id\":\"https:\/\/www.sonnenseite.com\/de\/#organization\"},\"image\":{\"@id\":\"https:\/\/www.sonnenseite.com\/de\/zukunft\/das-umweltbewussstsein-junger-menschen-2023\/#primaryimage\"},\"thumbnailUrl\":\"https:\/\/www.sonnenseite.com\/wp-content\/uploads\/2016\/07\/Jugend02_olly.jpg\",\"articleSection\":[\"Zukunft\"],\"inLanguage\":\"de\"},{\"@type\":\"WebPage\",\"@id\":\"https:\/\/www.sonnenseite.com\/de\/zukunft\/das-umweltbewussstsein-junger-menschen-2023\/\",\"url\":\"https:\/\/www.sonnenseite.com\/de\/zukunft\/das-umweltbewussstsein-junger-menschen-2023\/\",\"name\":\"Das Umweltbewussstsein junger Menschen 2023 - Sonnenseite - \u00d6kologische Kommunikation mit Franz Alt\",\"isPartOf\":{\"@id\":\"https:\/\/www.sonnenseite.com\/de\/#website\"},\"primaryImageOfPage\":{\"@id\":\"https:\/\/www.sonnenseite.com\/de\/zukunft\/das-umweltbewussstsein-junger-menschen-2023\/#primaryimage\"},\"image\":{\"@id\":\"https:\/\/www.sonnenseite.com\/de\/zukunft\/das-umweltbewussstsein-junger-menschen-2023\/#primaryimage\"},\"thumbnailUrl\":\"https:\/\/www.sonnenseite.com\/wp-content\/uploads\/2016\/07\/Jugend02_olly.jpg\",\"datePublished\":\"2024-06-03T08:02:18+00:00\",\"dateModified\":\"2024-06-03T08:43:50+00:00\",\"description\":\"Umwelt- und Klimaschutz bleiben f\u00fcr Jugendliche wichtig \u2013 Bedeutung anderer Themen nimmt zu. Jugendstudie \u201eZukunft? Jugend fragen! 2023\u201c F\u00fcr knapp acht\",\"breadcrumb\":{\"@id\":\"https:\/\/www.sonnenseite.com\/de\/zukunft\/das-umweltbewussstsein-junger-menschen-2023\/#breadcrumb\"},\"inLanguage\":\"de\",\"potentialAction\":[{\"@type\":\"ReadAction\",\"target\":[\"https:\/\/www.sonnenseite.com\/de\/zukunft\/das-umweltbewussstsein-junger-menschen-2023\/\"]}]},{\"@type\":\"ImageObject\",\"inLanguage\":\"de\",\"@id\":\"https:\/\/www.sonnenseite.com\/de\/zukunft\/das-umweltbewussstsein-junger-menschen-2023\/#primaryimage\",\"url\":\"https:\/\/www.sonnenseite.com\/wp-content\/uploads\/2016\/07\/Jugend02_olly.jpg\",\"contentUrl\":\"https:\/\/www.sonnenseite.com\/wp-content\/uploads\/2016\/07\/Jugend02_olly.jpg\",\"width\":770,\"height\":420,\"caption\":\"Fotolia.com | olly\"},{\"@type\":\"BreadcrumbList\",\"@id\":\"https:\/\/www.sonnenseite.com\/de\/zukunft\/das-umweltbewussstsein-junger-menschen-2023\/#breadcrumb\",\"itemListElement\":[{\"@type\":\"ListItem\",\"position\":1,\"name\":\"Startseite\",\"item\":\"https:\/\/www.sonnenseite.com\/de\/\"},{\"@type\":\"ListItem\",\"position\":2,\"name\":\"Das Umweltbewussstsein junger Menschen 2023\"}]},{\"@type\":\"WebSite\",\"@id\":\"https:\/\/www.sonnenseite.com\/de\/#website\",\"url\":\"https:\/\/www.sonnenseite.com\/de\/\",\"name\":\"Sonnenseite\",\"description\":\"\u00d6kologische Kommunikation mit Franz Alt\",\"publisher\":{\"@id\":\"https:\/\/www.sonnenseite.com\/de\/#organization\"},\"potentialAction\":[{\"@type\":\"SearchAction\",\"target\":{\"@type\":\"EntryPoint\",\"urlTemplate\":\"https:\/\/www.sonnenseite.com\/de\/?s={search_term_string}\"},\"query-input\":{\"@type\":\"PropertyValueSpecification\",\"valueRequired\":true,\"valueName\":\"search_term_string\"}}],\"inLanguage\":\"de\"},{\"@type\":\"Organization\",\"@id\":\"https:\/\/www.sonnenseite.com\/de\/#organization\",\"name\":\"Sonnenseite\",\"url\":\"https:\/\/www.sonnenseite.com\/de\/\",\"logo\":{\"@type\":\"ImageObject\",\"inLanguage\":\"de\",\"@id\":\"https:\/\/www.sonnenseite.com\/de\/#\/schema\/logo\/image\/\",\"url\":\"https:\/\/www.sonnenseite.com\/wp-content\/uploads\/2020\/05\/Sonnenseite_Logo.png\",\"contentUrl\":\"https:\/\/www.sonnenseite.com\/wp-content\/uploads\/2020\/05\/Sonnenseite_Logo.png\",\"width\":377,\"height\":90,\"caption\":\"Sonnenseite\"},\"image\":{\"@id\":\"https:\/\/www.sonnenseite.com\/de\/#\/schema\/logo\/image\/\"},\"sameAs\":[\"https:\/\/www.facebook.com\/pages\/Franz-Alt-SONNENSEITECOM\/221072987903953?fref=ts\",\"https:\/\/x.com\/franzalt\",\"http:\/\/www.youtube.com\/results?search_query&amp;amp;quot;franz_alt&amp;amp;quot;&amp;amp;amp;amp;search_type&amp;amp;amp;amp;aq=f\"]},{\"@type\":\"Person\",\"@id\":\"https:\/\/www.sonnenseite.com\/de\/#\/schema\/person\/50fda0e926597684c7cc6695238a4eb9\",\"name\":\"Bigi Alt\"}]}<\/script>\n<!-- \/ Yoast SEO plugin. -->","yoast_head_json":{"title":"Das Umweltbewussstsein junger Menschen 2023 - Sonnenseite - \u00d6kologische Kommunikation mit Franz Alt","description":"Umwelt- und Klimaschutz bleiben f\u00fcr Jugendliche wichtig \u2013 Bedeutung anderer Themen nimmt zu. Jugendstudie \u201eZukunft? Jugend fragen! 2023\u201c F\u00fcr knapp acht","robots":{"index":"index","follow":"follow","max-snippet":"max-snippet:-1","max-image-preview":"max-image-preview:large","max-video-preview":"max-video-preview:-1"},"canonical":"https:\/\/www.sonnenseite.com\/de\/zukunft\/das-umweltbewussstsein-junger-menschen-2023\/","og_locale":"de_DE","og_type":"article","og_title":"Das Umweltbewussstsein junger Menschen 2023 - Sonnenseite - \u00d6kologische Kommunikation mit Franz Alt","og_description":"Umwelt- und Klimaschutz bleiben f\u00fcr Jugendliche wichtig \u2013 Bedeutung anderer Themen nimmt zu. Jugendstudie \u201eZukunft? Jugend fragen! 2023\u201c F\u00fcr knapp acht","og_url":"https:\/\/www.sonnenseite.com\/de\/zukunft\/das-umweltbewussstsein-junger-menschen-2023\/","og_site_name":"Sonnenseite","article_publisher":"https:\/\/www.facebook.com\/pages\/Franz-Alt-SONNENSEITECOM\/221072987903953?fref=ts","article_published_time":"2024-06-03T08:02:18+00:00","article_modified_time":"2024-06-03T08:43:50+00:00","og_image":[{"width":770,"height":420,"url":"https:\/\/www.sonnenseite.com\/wp-content\/uploads\/2016\/07\/Jugend02_olly.jpg","type":"image\/jpeg"}],"author":"Bigi Alt","twitter_card":"summary_large_image","twitter_creator":"@franzalt","twitter_site":"@franzalt","twitter_misc":{"Verfasst von":"Bigi Alt","Gesch\u00e4tzte Lesezeit":"3\u00a0Minuten"},"schema":{"@context":"https:\/\/schema.org","@graph":[{"@type":"Article","@id":"https:\/\/www.sonnenseite.com\/de\/zukunft\/das-umweltbewussstsein-junger-menschen-2023\/#article","isPartOf":{"@id":"https:\/\/www.sonnenseite.com\/de\/zukunft\/das-umweltbewussstsein-junger-menschen-2023\/"},"author":{"name":"Bigi Alt","@id":"https:\/\/www.sonnenseite.com\/de\/#\/schema\/person\/50fda0e926597684c7cc6695238a4eb9"},"headline":"Das Umweltbewussstsein junger Menschen 2023","datePublished":"2024-06-03T08:02:18+00:00","dateModified":"2024-06-03T08:43:50+00:00","mainEntityOfPage":{"@id":"https:\/\/www.sonnenseite.com\/de\/zukunft\/das-umweltbewussstsein-junger-menschen-2023\/"},"wordCount":483,"publisher":{"@id":"https:\/\/www.sonnenseite.com\/de\/#organization"},"image":{"@id":"https:\/\/www.sonnenseite.com\/de\/zukunft\/das-umweltbewussstsein-junger-menschen-2023\/#primaryimage"},"thumbnailUrl":"https:\/\/www.sonnenseite.com\/wp-content\/uploads\/2016\/07\/Jugend02_olly.jpg","articleSection":["Zukunft"],"inLanguage":"de"},{"@type":"WebPage","@id":"https:\/\/www.sonnenseite.com\/de\/zukunft\/das-umweltbewussstsein-junger-menschen-2023\/","url":"https:\/\/www.sonnenseite.com\/de\/zukunft\/das-umweltbewussstsein-junger-menschen-2023\/","name":"Das Umweltbewussstsein junger Menschen 2023 - Sonnenseite - \u00d6kologische Kommunikation mit Franz Alt","isPartOf":{"@id":"https:\/\/www.sonnenseite.com\/de\/#website"},"primaryImageOfPage":{"@id":"https:\/\/www.sonnenseite.com\/de\/zukunft\/das-umweltbewussstsein-junger-menschen-2023\/#primaryimage"},"image":{"@id":"https:\/\/www.sonnenseite.com\/de\/zukunft\/das-umweltbewussstsein-junger-menschen-2023\/#primaryimage"},"thumbnailUrl":"https:\/\/www.sonnenseite.com\/wp-content\/uploads\/2016\/07\/Jugend02_olly.jpg","datePublished":"2024-06-03T08:02:18+00:00","dateModified":"2024-06-03T08:43:50+00:00","description":"Umwelt- und Klimaschutz bleiben f\u00fcr Jugendliche wichtig \u2013 Bedeutung anderer Themen nimmt zu. Jugendstudie \u201eZukunft? Jugend fragen! 2023\u201c F\u00fcr knapp acht","breadcrumb":{"@id":"https:\/\/www.sonnenseite.com\/de\/zukunft\/das-umweltbewussstsein-junger-menschen-2023\/#breadcrumb"},"inLanguage":"de","potentialAction":[{"@type":"ReadAction","target":["https:\/\/www.sonnenseite.com\/de\/zukunft\/das-umweltbewussstsein-junger-menschen-2023\/"]}]},{"@type":"ImageObject","inLanguage":"de","@id":"https:\/\/www.sonnenseite.com\/de\/zukunft\/das-umweltbewussstsein-junger-menschen-2023\/#primaryimage","url":"https:\/\/www.sonnenseite.com\/wp-content\/uploads\/2016\/07\/Jugend02_olly.jpg","contentUrl":"https:\/\/www.sonnenseite.com\/wp-content\/uploads\/2016\/07\/Jugend02_olly.jpg","width":770,"height":420,"caption":"Fotolia.com | olly"},{"@type":"BreadcrumbList","@id":"https:\/\/www.sonnenseite.com\/de\/zukunft\/das-umweltbewussstsein-junger-menschen-2023\/#breadcrumb","itemListElement":[{"@type":"ListItem","position":1,"name":"Startseite","item":"https:\/\/www.sonnenseite.com\/de\/"},{"@type":"ListItem","position":2,"name":"Das Umweltbewussstsein junger Menschen 2023"}]},{"@type":"WebSite","@id":"https:\/\/www.sonnenseite.com\/de\/#website","url":"https:\/\/www.sonnenseite.com\/de\/","name":"Sonnenseite","description":"\u00d6kologische Kommunikation mit Franz Alt","publisher":{"@id":"https:\/\/www.sonnenseite.com\/de\/#organization"},"potentialAction":[{"@type":"SearchAction","target":{"@type":"EntryPoint","urlTemplate":"https:\/\/www.sonnenseite.com\/de\/?s={search_term_string}"},"query-input":{"@type":"PropertyValueSpecification","valueRequired":true,"valueName":"search_term_string"}}],"inLanguage":"de"},{"@type":"Organization","@id":"https:\/\/www.sonnenseite.com\/de\/#organization","name":"Sonnenseite","url":"https:\/\/www.sonnenseite.com\/de\/","logo":{"@type":"ImageObject","inLanguage":"de","@id":"https:\/\/www.sonnenseite.com\/de\/#\/schema\/logo\/image\/","url":"https:\/\/www.sonnenseite.com\/wp-content\/uploads\/2020\/05\/Sonnenseite_Logo.png","contentUrl":"https:\/\/www.sonnenseite.com\/wp-content\/uploads\/2020\/05\/Sonnenseite_Logo.png","width":377,"height":90,"caption":"Sonnenseite"},"image":{"@id":"https:\/\/www.sonnenseite.com\/de\/#\/schema\/logo\/image\/"},"sameAs":["https:\/\/www.facebook.com\/pages\/Franz-Alt-SONNENSEITECOM\/221072987903953?fref=ts","https:\/\/x.com\/franzalt","http:\/\/www.youtube.com\/results?search_query&amp;amp;quot;franz_alt&amp;amp;quot;&amp;amp;amp;amp;search_type&amp;amp;amp;amp;aq=f"]},{"@type":"Person","@id":"https:\/\/www.sonnenseite.com\/de\/#\/schema\/person\/50fda0e926597684c7cc6695238a4eb9","name":"Bigi Alt"}]}},"_links":{"self":[{"href":"https:\/\/www.sonnenseite.com\/de\/wp-json\/wp\/v2\/posts\/99739","targetHints":{"allow":["GET"]}}],"collection":[{"href":"https:\/\/www.sonnenseite.com\/de\/wp-json\/wp\/v2\/posts"}],"about":[{"href":"https:\/\/www.sonnenseite.com\/de\/wp-json\/wp\/v2\/types\/post"}],"author":[{"embeddable":true,"href":"https:\/\/www.sonnenseite.com\/de\/wp-json\/wp\/v2\/users\/3"}],"replies":[{"embeddable":true,"href":"https:\/\/www.sonnenseite.com\/de\/wp-json\/wp\/v2\/comments?post=99739"}],"version-history":[{"count":4,"href":"https:\/\/www.sonnenseite.com\/de\/wp-json\/wp\/v2\/posts\/99739\/revisions"}],"predecessor-version":[{"id":99745,"href":"https:\/\/www.sonnenseite.com\/de\/wp-json\/wp\/v2\/posts\/99739\/revisions\/99745"}],"wp:featuredmedia":[{"embeddable":true,"href":"https:\/\/www.sonnenseite.com\/de\/wp-json\/wp\/v2\/media\/35808"}],"wp:attachment":[{"href":"https:\/\/www.sonnenseite.com\/de\/wp-json\/wp\/v2\/media?parent=99739"}],"wp:term":[{"taxonomy":"category","embeddable":true,"href":"https:\/\/www.sonnenseite.com\/de\/wp-json\/wp\/v2\/categories?post=99739"},{"taxonomy":"post_tag","embeddable":true,"href":"https:\/\/www.sonnenseite.com\/de\/wp-json\/wp\/v2\/tags?post=99739"}],"curies":[{"name":"wp","href":"https:\/\/api.w.org\/{rel}","templated":true}]}}