{"id":99944,"date":"2024-06-11T18:11:09","date_gmt":"2024-06-11T16:11:09","guid":{"rendered":"https:\/\/www.sonnenseite.com\/?p=99944"},"modified":"2024-06-14T13:34:59","modified_gmt":"2024-06-14T11:34:59","slug":"klaus-toepfer-das-gruene-gewissen-deutschlands","status":"publish","type":"post","link":"https:\/\/www.sonnenseite.com\/de\/franz-alt\/kommentare-interviews\/klaus-toepfer-das-gruene-gewissen-deutschlands\/","title":{"rendered":"Klaus T\u00f6pfer \u2013 das gr\u00fcne Gewissen Deutschlands"},"content":{"rendered":"\n<p>\u00dcber 40 Jahre lang war <a href=\"https:\/\/www.kas.de\/de\/web\/geschichte-der-cdu\/personen\/biogramm-detail\/-\/content\/klaus-toepfer-v1\">Klaus T\u00f6pfer<\/a> nicht nur das gr\u00fcne Gewissen der CDU, sondern ganz Deutschlands. Kaum ein anderer Politiker hatte partei\u00fcbergreifend ein Ansehen und eine Fachkompetenz wie der ehemalige deutsche Umweltminister.<\/p>\n\n\n\n<p>Und kaum ein anderer Politiker hat sein Ministerium nachhaltig so gepr\u00e4gt wie er \u2013 und das in einer Zeit, in der Umwelt und Klimawandel noch Nischenthemen waren. Kanzler Scholz sagt zurecht: \u201eKlaus T\u00f6pfer hat Klimaschutz zu einem wichtigen Anliegen gemacht \u2013 weltweit und in Deutschland.\u201c<\/p>\n\n\n\n<p>Wir waren \u00fcber den Umweltschutz 45 Jahre Freunde. Als ich 1986 nach der Reaktor-Katastrophe in Tschernobyl aus der CDU austreten wollte, sagte Klaus T\u00f6pfer: \u201eFranz, bleib in der Partei \u2013 wir machen aus der CDU eine Anti-Atompartei.\u201c 1995 ermunterte er mich, zusammen mit allen deutschen Umweltverb\u00e4nden die Aktion \u201eGlobaler \u00f6kologischer Marshallplan\u201c zu starten.<\/p>\n\n\n\n<p><strong>Unsere Hauptforderungen:<\/strong> Eine solare Energiewende, eine \u00f6kologische Verkehrswende, eine nachhaltige Wasserwende, eine gr\u00fcne Waldwende und eine \u00f6kologische Landwirtschaftswende. T\u00f6pfer war der Antreiber dieser Aktion. Es war sein Verdienst, dass aus Anlass der ersten Klimakonferenz 1995 in Berlin schon damals <a href=\"http:\/\/www.eco-world.de\/scripts\/basics\/econews\/basics.prg?a_no=2756\">750.000 Menschen diese Forderungen unterschrieben<\/a> haben.<\/p>\n\n\n\n<p>Der engagierte Christ Klaus T\u00f6pfer war zusammen mit dem <a href=\"https:\/\/de.wikipedia.org\/wiki\/Hermann_Scheer_(Politiker,_1944)\">Solarpolitiker Hermann Scheer<\/a> beinahe Dauergast in meinem ersten Umweltmagazin \u201eZeitsprung\u201c, das ich in der ARD moderierte. &nbsp;(Foto). H\u00e4ufig zum Missvergn\u00fcgen von Kanzler Kohl forderte T\u00f6pfer schon damals, was sp\u00e4ter erst die Gr\u00fcnen gefordert haben. Er war ein \u00d6ko-Pionier.<\/p>\n\n\n\n<p>Auch deshalb dr\u00e4ngte Kohl seinen unbequemen Parteifreund, in Nairobi die Pr\u00e4sidentschaft der Umweltorganisation der UNO des <a href=\"https:\/\/de.wikipedia.org\/wiki\/Umweltprogramm_der_Vereinten_Nationen\" target=\"_blank\" rel=\"noreferrer noopener\">UN-Umweltprogramms Unep<\/a> zu \u00fcbernehmen. Aber auch von Nairobi aus mischte sich Klaus T\u00f6pfer immer wieder in die deutsche Umweltpolitik ein. Angela Merkel wurde in Deutschland T\u00f6pfers Nachfolgerin im Bundesumweltministerium. Ein halbes Menschleben lang hat mich Klaus T\u00f6pfer ermuntert, f\u00fcr die solare Weltrevolution weltweit zu k\u00e4mpfen. <\/p>\n\n\n\n<blockquote class=\"wp-block-quote is-layout-flow wp-block-quote-is-layout-flow\">\n<p>\u201eDie Menschheit steht, wissenschaftlich nachgewiesen, vor einem \u00e4u\u00dferst kritischen Entscheidungspunkt. Wird nicht jetzt gehandelt, so werden die Klimaver\u00e4nderungen diese zwei Grad \u00fcberschreiten, die als \u00e4u\u00dferste Klimaerh\u00f6hung wissenschaftlich nachgewiesen sind. \u00a0Alles, was dar\u00fcber hinaus geht, wird dem Menschen nicht mehr eine Anpassung erlauben. Besonders die \u00c4rmsten der Armen, die f\u00fcr die Verursachung des Klimawandels nichts beigetragen haben, <a href=\"https:\/\/www.klimareporter.de\/europaeische-union\/toepfer-energiewende-bringt-frieden\">werden die Opfer sein<\/a>.\u201c<\/p>\n<cite>Klaus T\u00f6pfer<\/cite><\/blockquote>\n\n\n\n<p>Viele Jahre sp\u00e4ter erst, 2015, &nbsp;hat die ganze Welt in Paris dies anerkannt und als Paris-Ziel formuliert. Der Umweltpolitiker T\u00f6pfer war seiner Zeit weit voraus. <a href=\"https:\/\/www.sonnenseite.com\/de\/politik\/klaus-toepfer-energie-fuer-neun-milliarden-menschen\/\">Sein Verm\u00e4chtnis:<\/a> \u201eEs reicht nicht Visionen zu haben. Man muss sie auch umsetzen.\u201c<\/p>\n\n\n\n<p>Klaus T\u00f6pfer war als Mensch bei aller festen \u00dcberzeugung immer tolerant und als Politiker kompromissbereit. Er lehrte als Professor an mehreren Universit\u00e4ten. Das machte ihn unabh\u00e4ngig. <\/p>\n\n\n\n<p>Nach Tschernobyl forderte er \u2013 in der CDU damals vergeblich \u2013 eine Energieversorgung ohne Kernenergie und mittelfristig einen Ausstieg aus der fossilen Energiewirtschaft. <\/p>\n\n\n\n<p>Er organisierte als Bauminister den Umzug von Bonn nach Berlin und sorgte daf\u00fcr, dass au\u00dfer dem Kanzleramt alle Regierungsgeb\u00e4ude nicht neu gebaut werden mussten, sondern renoviert wurden. Er machte Berlin zur ersten solaren Hauptstadt der Welt, alle Ministerien erhielten Solaranlagen. <\/p>\n\n\n\n<p>Klaus T\u00f6pfer war ein unabh\u00e4ngiger Politiker wie es sie heute kaum noch gibt. Ein Vorbild auch f\u00fcr Journalisten. Danke, lieber Freund!<\/p>\n\n\n\n<ul class=\"wp-block-list\">\n<li><a href=\"https:\/\/www.klimareporter.de\/international\/der-gruene-schwarze\">klimareporter: Nachruf &#8222;Der gr\u00fcne Schwarze&#8220; von Joachim Wille<\/a><\/li>\n<\/ul>\n\n\n<h5 class=\"green\">Quelle<\/h5>\r\n\n\n\n<p><a href=\"mailto:franzalt@sonnenseite.com\">FRANZ ALT 2024<\/a><\/p>\n<div class=\"shariff shariff-align-flex-start shariff-widget-align-flex-start\"><div class=\"ShariffHeadline\">Diese Meldung teilen<\/div><ul class=\"shariff-buttons theme-round orientation-horizontal buttonsize-medium\"><li class=\"shariff-button facebook shariff-nocustomcolor\" style=\"background-color:#4273c8;border-radius:1%\"><a href=\"https:\/\/www.facebook.com\/sharer\/sharer.php?u=https%3A%2F%2Fwww.sonnenseite.com%2Fde%2Ffranz-alt%2Fkommentare-interviews%2Fklaus-toepfer-das-gruene-gewissen-deutschlands%2F\" title=\"Bei Facebook teilen\" aria-label=\"Bei Facebook teilen\" role=\"button\" rel=\"nofollow\" class=\"shariff-link\" style=\";border-radius:1%; background-color:#3b5998; color:#fff\" target=\"_blank\"><span class=\"shariff-icon\" style=\"\"><svg width=\"32px\" height=\"20px\" xmlns=\"http:\/\/www.w3.org\/2000\/svg\" viewBox=\"0 0 18 32\"><path fill=\"#3b5998\" d=\"M17.1 0.2v4.7h-2.8q-1.5 0-2.1 0.6t-0.5 1.9v3.4h5.2l-0.7 5.3h-4.5v13.6h-5.5v-13.6h-4.5v-5.3h4.5v-3.9q0-3.3 1.9-5.2t5-1.8q2.6 0 4.1 0.2z\"\/><\/svg><\/span><\/a><\/li><li class=\"shariff-button twitter shariff-nocustomcolor\" style=\"background-color:#595959;border-radius:1%\"><a href=\"https:\/\/twitter.com\/share?url=https%3A%2F%2Fwww.sonnenseite.com%2Fde%2Ffranz-alt%2Fkommentare-interviews%2Fklaus-toepfer-das-gruene-gewissen-deutschlands%2F&text=Klaus%20T%C3%B6pfer%20%E2%80%93%20das%20gr%C3%BCne%20Gewissen%20Deutschlands\" title=\"Bei X teilen\" aria-label=\"Bei X teilen\" role=\"button\" rel=\"noopener nofollow\" class=\"shariff-link\" style=\";border-radius:1%; background-color:#000; color:#fff\" target=\"_blank\"><span class=\"shariff-icon\" style=\"\"><svg width=\"32px\" height=\"20px\" xmlns=\"http:\/\/www.w3.org\/2000\/svg\" viewBox=\"0 0 24 24\"><path fill=\"#000\" d=\"M14.258 10.152L23.176 0h-2.113l-7.747 8.813L7.133 0H0l9.352 13.328L0 23.973h2.113l8.176-9.309 6.531 9.309h7.133zm-2.895 3.293l-.949-1.328L2.875 1.56h3.246l6.086 8.523.945 1.328 7.91 11.078h-3.246zm0 0\"\/><\/svg><\/span><\/a><\/li><li class=\"shariff-button xing shariff-nocustomcolor\" style=\"background-color:#29888a;border-radius:1%\"><a href=\"https:\/\/www.xing.com\/spi\/shares\/new?url=https%3A%2F%2Fwww.sonnenseite.com%2Fde%2Ffranz-alt%2Fkommentare-interviews%2Fklaus-toepfer-das-gruene-gewissen-deutschlands%2F\" title=\"Bei XING teilen\" aria-label=\"Bei XING teilen\" role=\"button\" rel=\"noopener nofollow\" class=\"shariff-link\" style=\";border-radius:1%; background-color:#126567; color:#fff\" target=\"_blank\"><span class=\"shariff-icon\" style=\"\"><svg width=\"32px\" height=\"20px\" xmlns=\"http:\/\/www.w3.org\/2000\/svg\" viewBox=\"0 0 25 32\"><path fill=\"#126567\" d=\"M10.7 11.9q-0.2 0.3-4.6 8.2-0.5 0.8-1.2 0.8h-4.3q-0.4 0-0.5-0.3t0-0.6l4.5-8q0 0 0 0l-2.9-5q-0.2-0.4 0-0.7 0.2-0.3 0.5-0.3h4.3q0.7 0 1.2 0.8zM25.1 0.4q0.2 0.3 0 0.7l-9.4 16.7 6 11q0.2 0.4 0 0.6-0.2 0.3-0.6 0.3h-4.3q-0.7 0-1.2-0.8l-6-11.1q0.3-0.6 9.5-16.8 0.4-0.8 1.2-0.8h4.3q0.4 0 0.5 0.3z\"\/><\/svg><\/span><\/a><\/li><li class=\"shariff-button linkedin shariff-nocustomcolor\" style=\"background-color:#1488bf;border-radius:1%\"><a href=\"https:\/\/www.linkedin.com\/sharing\/share-offsite\/?url=https%3A%2F%2Fwww.sonnenseite.com%2Fde%2Ffranz-alt%2Fkommentare-interviews%2Fklaus-toepfer-das-gruene-gewissen-deutschlands%2F\" title=\"Bei LinkedIn teilen\" aria-label=\"Bei LinkedIn teilen\" role=\"button\" rel=\"noopener nofollow\" class=\"shariff-link\" style=\";border-radius:1%; background-color:#0077b5; color:#fff\" target=\"_blank\"><span class=\"shariff-icon\" style=\"\"><svg width=\"32px\" height=\"20px\" xmlns=\"http:\/\/www.w3.org\/2000\/svg\" viewBox=\"0 0 27 32\"><path fill=\"#0077b5\" d=\"M6.2 11.2v17.7h-5.9v-17.7h5.9zM6.6 5.7q0 1.3-0.9 2.2t-2.4 0.9h0q-1.5 0-2.4-0.9t-0.9-2.2 0.9-2.2 2.4-0.9 2.4 0.9 0.9 2.2zM27.4 18.7v10.1h-5.9v-9.5q0-1.9-0.7-2.9t-2.3-1.1q-1.1 0-1.9 0.6t-1.2 1.5q-0.2 0.5-0.2 1.4v9.9h-5.9q0-7.1 0-11.6t0-5.3l0-0.9h5.9v2.6h0q0.4-0.6 0.7-1t1-0.9 1.6-0.8 2-0.3q3 0 4.9 2t1.9 6z\"\/><\/svg><\/span><\/a><\/li><li class=\"shariff-button printer shariff-nocustomcolor\" style=\"background-color:#a8a8a8;border-radius:1%\"><a href=\"javascript:window.print()\" title=\"drucken\" aria-label=\"drucken\" role=\"button\" rel=\"noopener nofollow\" class=\"shariff-link\" style=\";border-radius:1%; background-color:#999; color:#fff\"><span class=\"shariff-icon\" style=\"\"><svg width=\"32px\" height=\"20px\" xmlns=\"http:\/\/www.w3.org\/2000\/svg\" viewBox=\"0 0 30 32\"><path fill=\"#999\" d=\"M6.8 27.4h16v-4.6h-16v4.6zM6.8 16h16v-6.8h-2.8q-0.7 0-1.2-0.5t-0.5-1.2v-2.8h-11.4v11.4zM27.4 17.2q0-0.5-0.3-0.8t-0.8-0.4-0.8 0.4-0.3 0.8 0.3 0.8 0.8 0.3 0.8-0.3 0.3-0.8zM29.7 17.2v7.4q0 0.2-0.2 0.4t-0.4 0.2h-4v2.8q0 0.7-0.5 1.2t-1.2 0.5h-17.2q-0.7 0-1.2-0.5t-0.5-1.2v-2.8h-4q-0.2 0-0.4-0.2t-0.2-0.4v-7.4q0-1.4 1-2.4t2.4-1h1.2v-9.7q0-0.7 0.5-1.2t1.2-0.5h12q0.7 0 1.6 0.4t1.3 0.8l2.7 2.7q0.5 0.5 0.9 1.4t0.4 1.6v4.6h1.1q1.4 0 2.4 1t1 2.4z\"\/><\/svg><\/span><\/a><\/li><li class=\"shariff-button mailto shariff-nocustomcolor\" style=\"background-color:#a8a8a8;border-radius:1%\"><a href=\"mailto:?body=https%3A%2F%2Fwww.sonnenseite.com%2Fde%2Ffranz-alt%2Fkommentare-interviews%2Fklaus-toepfer-das-gruene-gewissen-deutschlands%2F&subject=Klaus%20T%C3%B6pfer%20%E2%80%93%20das%20gr%C3%BCne%20Gewissen%20Deutschlands\" title=\"Per E-Mail versenden\" aria-label=\"Per E-Mail versenden\" role=\"button\" rel=\"noopener nofollow\" class=\"shariff-link\" style=\";border-radius:1%; background-color:#999; color:#fff\"><span class=\"shariff-icon\" style=\"\"><svg width=\"32px\" height=\"20px\" xmlns=\"http:\/\/www.w3.org\/2000\/svg\" viewBox=\"0 0 32 32\"><path fill=\"#999\" d=\"M32 12.7v14.2q0 1.2-0.8 2t-2 0.9h-26.3q-1.2 0-2-0.9t-0.8-2v-14.2q0.8 0.9 1.8 1.6 6.5 4.4 8.9 6.1 1 0.8 1.6 1.2t1.7 0.9 2 0.4h0.1q0.9 0 2-0.4t1.7-0.9 1.6-1.2q3-2.2 8.9-6.1 1-0.7 1.8-1.6zM32 7.4q0 1.4-0.9 2.7t-2.2 2.2q-6.7 4.7-8.4 5.8-0.2 0.1-0.7 0.5t-1 0.7-0.9 0.6-1.1 0.5-0.9 0.2h-0.1q-0.4 0-0.9-0.2t-1.1-0.5-0.9-0.6-1-0.7-0.7-0.5q-1.6-1.1-4.7-3.2t-3.6-2.6q-1.1-0.7-2.1-2t-1-2.5q0-1.4 0.7-2.3t2.1-0.9h26.3q1.2 0 2 0.8t0.9 2z\"\/><\/svg><\/span><\/a><\/li><\/ul><\/div>","protected":false},"excerpt":{"rendered":"<p>\u00dcber 40 Jahre lang war Klaus T\u00f6pfer nicht nur das gr\u00fcne Gewissen der CDU, sondern ganz [&hellip;]<\/p>\n","protected":false},"author":3,"featured_media":99945,"comment_status":"closed","ping_status":"closed","sticky":false,"template":"","format":"standard","meta":{"inline_featured_image":false,"footnotes":""},"categories":[29],"tags":[],"class_list":["post-99944","post","type-post","status-publish","format-standard","has-post-thumbnail","hentry","category-kommentare-interviews"],"yoast_head":"<!-- This site is optimized with the Yoast SEO plugin v26.5 - https:\/\/yoast.com\/wordpress\/plugins\/seo\/ -->\n<title>Klaus T\u00f6pfer \u2013 das gr\u00fcne Gewissen Deutschlands - Sonnenseite - \u00d6kologische Kommunikation mit Franz Alt<\/title>\n<meta name=\"description\" content=\"\u00dcber 40 Jahre lang war Klaus T\u00f6pfer nicht nur das gr\u00fcne Gewissen der CDU, sondern ganz Deutschlands. Kaum ein anderer Politiker hatte partei\u00fcbergreifend\" \/>\n<meta name=\"robots\" content=\"index, follow, max-snippet:-1, max-image-preview:large, max-video-preview:-1\" \/>\n<link rel=\"canonical\" href=\"https:\/\/www.sonnenseite.com\/de\/franz-alt\/kommentare-interviews\/klaus-toepfer-das-gruene-gewissen-deutschlands\/\" \/>\n<meta property=\"og:locale\" content=\"de_DE\" \/>\n<meta property=\"og:type\" content=\"article\" \/>\n<meta property=\"og:title\" content=\"Klaus T\u00f6pfer \u2013 das gr\u00fcne Gewissen Deutschlands - Sonnenseite - \u00d6kologische Kommunikation mit Franz Alt\" \/>\n<meta property=\"og:description\" content=\"\u00dcber 40 Jahre lang war Klaus T\u00f6pfer nicht nur das gr\u00fcne Gewissen der CDU, sondern ganz Deutschlands. Kaum ein anderer Politiker hatte partei\u00fcbergreifend\" \/>\n<meta property=\"og:url\" content=\"https:\/\/www.sonnenseite.com\/de\/franz-alt\/kommentare-interviews\/klaus-toepfer-das-gruene-gewissen-deutschlands\/\" \/>\n<meta property=\"og:site_name\" content=\"Sonnenseite\" \/>\n<meta property=\"article:publisher\" content=\"https:\/\/www.facebook.com\/pages\/Franz-Alt-SONNENSEITECOM\/221072987903953?fref=ts\" \/>\n<meta property=\"article:published_time\" content=\"2024-06-11T16:11:09+00:00\" \/>\n<meta property=\"article:modified_time\" content=\"2024-06-14T11:34:59+00:00\" \/>\n<meta property=\"og:image\" content=\"https:\/\/www.sonnenseite.com\/wp-content\/uploads\/2024\/06\/scheer-toepfer-zeitsprung.jpg\" \/>\n\t<meta property=\"og:image:width\" content=\"770\" \/>\n\t<meta property=\"og:image:height\" content=\"420\" \/>\n\t<meta property=\"og:image:type\" content=\"image\/jpeg\" \/>\n<meta name=\"author\" content=\"Bigi Alt\" \/>\n<meta name=\"twitter:card\" content=\"summary_large_image\" \/>\n<meta name=\"twitter:creator\" content=\"@franzalt\" \/>\n<meta name=\"twitter:site\" content=\"@franzalt\" \/>\n<meta name=\"twitter:label1\" content=\"Verfasst von\" \/>\n\t<meta name=\"twitter:data1\" content=\"Bigi Alt\" \/>\n\t<meta name=\"twitter:label2\" content=\"Gesch\u00e4tzte Lesezeit\" \/>\n\t<meta name=\"twitter:data2\" content=\"3\u00a0Minuten\" \/>\n<script type=\"application\/ld+json\" class=\"yoast-schema-graph\">{\"@context\":\"https:\/\/schema.org\",\"@graph\":[{\"@type\":\"Article\",\"@id\":\"https:\/\/www.sonnenseite.com\/de\/franz-alt\/kommentare-interviews\/klaus-toepfer-das-gruene-gewissen-deutschlands\/#article\",\"isPartOf\":{\"@id\":\"https:\/\/www.sonnenseite.com\/de\/franz-alt\/kommentare-interviews\/klaus-toepfer-das-gruene-gewissen-deutschlands\/\"},\"author\":{\"name\":\"Bigi Alt\",\"@id\":\"https:\/\/www.sonnenseite.com\/de\/#\/schema\/person\/50fda0e926597684c7cc6695238a4eb9\"},\"headline\":\"Klaus T\u00f6pfer \u2013 das gr\u00fcne Gewissen Deutschlands\",\"datePublished\":\"2024-06-11T16:11:09+00:00\",\"dateModified\":\"2024-06-14T11:34:59+00:00\",\"mainEntityOfPage\":{\"@id\":\"https:\/\/www.sonnenseite.com\/de\/franz-alt\/kommentare-interviews\/klaus-toepfer-das-gruene-gewissen-deutschlands\/\"},\"wordCount\":544,\"publisher\":{\"@id\":\"https:\/\/www.sonnenseite.com\/de\/#organization\"},\"image\":{\"@id\":\"https:\/\/www.sonnenseite.com\/de\/franz-alt\/kommentare-interviews\/klaus-toepfer-das-gruene-gewissen-deutschlands\/#primaryimage\"},\"thumbnailUrl\":\"https:\/\/www.sonnenseite.com\/wp-content\/uploads\/2024\/06\/scheer-toepfer-zeitsprung.jpg\",\"articleSection\":[\"Kommentare &amp; Interviews\"],\"inLanguage\":\"de\"},{\"@type\":\"WebPage\",\"@id\":\"https:\/\/www.sonnenseite.com\/de\/franz-alt\/kommentare-interviews\/klaus-toepfer-das-gruene-gewissen-deutschlands\/\",\"url\":\"https:\/\/www.sonnenseite.com\/de\/franz-alt\/kommentare-interviews\/klaus-toepfer-das-gruene-gewissen-deutschlands\/\",\"name\":\"Klaus T\u00f6pfer \u2013 das gr\u00fcne Gewissen Deutschlands - Sonnenseite - \u00d6kologische Kommunikation mit Franz Alt\",\"isPartOf\":{\"@id\":\"https:\/\/www.sonnenseite.com\/de\/#website\"},\"primaryImageOfPage\":{\"@id\":\"https:\/\/www.sonnenseite.com\/de\/franz-alt\/kommentare-interviews\/klaus-toepfer-das-gruene-gewissen-deutschlands\/#primaryimage\"},\"image\":{\"@id\":\"https:\/\/www.sonnenseite.com\/de\/franz-alt\/kommentare-interviews\/klaus-toepfer-das-gruene-gewissen-deutschlands\/#primaryimage\"},\"thumbnailUrl\":\"https:\/\/www.sonnenseite.com\/wp-content\/uploads\/2024\/06\/scheer-toepfer-zeitsprung.jpg\",\"datePublished\":\"2024-06-11T16:11:09+00:00\",\"dateModified\":\"2024-06-14T11:34:59+00:00\",\"description\":\"\u00dcber 40 Jahre lang war Klaus T\u00f6pfer nicht nur das gr\u00fcne Gewissen der CDU, sondern ganz Deutschlands. Kaum ein anderer Politiker hatte partei\u00fcbergreifend\",\"breadcrumb\":{\"@id\":\"https:\/\/www.sonnenseite.com\/de\/franz-alt\/kommentare-interviews\/klaus-toepfer-das-gruene-gewissen-deutschlands\/#breadcrumb\"},\"inLanguage\":\"de\",\"potentialAction\":[{\"@type\":\"ReadAction\",\"target\":[\"https:\/\/www.sonnenseite.com\/de\/franz-alt\/kommentare-interviews\/klaus-toepfer-das-gruene-gewissen-deutschlands\/\"]}]},{\"@type\":\"ImageObject\",\"inLanguage\":\"de\",\"@id\":\"https:\/\/www.sonnenseite.com\/de\/franz-alt\/kommentare-interviews\/klaus-toepfer-das-gruene-gewissen-deutschlands\/#primaryimage\",\"url\":\"https:\/\/www.sonnenseite.com\/wp-content\/uploads\/2024\/06\/scheer-toepfer-zeitsprung.jpg\",\"contentUrl\":\"https:\/\/www.sonnenseite.com\/wp-content\/uploads\/2024\/06\/scheer-toepfer-zeitsprung.jpg\",\"width\":770,\"height\":420,\"caption\":\"SWR.de | v.l.n.rechts: Hermann Scheer - Klaus T\u00f6pfer - Franz Alt (1996)\"},{\"@type\":\"BreadcrumbList\",\"@id\":\"https:\/\/www.sonnenseite.com\/de\/franz-alt\/kommentare-interviews\/klaus-toepfer-das-gruene-gewissen-deutschlands\/#breadcrumb\",\"itemListElement\":[{\"@type\":\"ListItem\",\"position\":1,\"name\":\"Startseite\",\"item\":\"https:\/\/www.sonnenseite.com\/de\/\"},{\"@type\":\"ListItem\",\"position\":2,\"name\":\"Klaus T\u00f6pfer \u2013 das gr\u00fcne Gewissen Deutschlands\"}]},{\"@type\":\"WebSite\",\"@id\":\"https:\/\/www.sonnenseite.com\/de\/#website\",\"url\":\"https:\/\/www.sonnenseite.com\/de\/\",\"name\":\"Sonnenseite\",\"description\":\"\u00d6kologische Kommunikation mit Franz Alt\",\"publisher\":{\"@id\":\"https:\/\/www.sonnenseite.com\/de\/#organization\"},\"potentialAction\":[{\"@type\":\"SearchAction\",\"target\":{\"@type\":\"EntryPoint\",\"urlTemplate\":\"https:\/\/www.sonnenseite.com\/de\/?s={search_term_string}\"},\"query-input\":{\"@type\":\"PropertyValueSpecification\",\"valueRequired\":true,\"valueName\":\"search_term_string\"}}],\"inLanguage\":\"de\"},{\"@type\":\"Organization\",\"@id\":\"https:\/\/www.sonnenseite.com\/de\/#organization\",\"name\":\"Sonnenseite\",\"url\":\"https:\/\/www.sonnenseite.com\/de\/\",\"logo\":{\"@type\":\"ImageObject\",\"inLanguage\":\"de\",\"@id\":\"https:\/\/www.sonnenseite.com\/de\/#\/schema\/logo\/image\/\",\"url\":\"https:\/\/www.sonnenseite.com\/wp-content\/uploads\/2020\/05\/Sonnenseite_Logo.png\",\"contentUrl\":\"https:\/\/www.sonnenseite.com\/wp-content\/uploads\/2020\/05\/Sonnenseite_Logo.png\",\"width\":377,\"height\":90,\"caption\":\"Sonnenseite\"},\"image\":{\"@id\":\"https:\/\/www.sonnenseite.com\/de\/#\/schema\/logo\/image\/\"},\"sameAs\":[\"https:\/\/www.facebook.com\/pages\/Franz-Alt-SONNENSEITECOM\/221072987903953?fref=ts\",\"https:\/\/x.com\/franzalt\",\"http:\/\/www.youtube.com\/results?search_query&amp;amp;quot;franz_alt&amp;amp;quot;&amp;amp;amp;amp;search_type&amp;amp;amp;amp;aq=f\"]},{\"@type\":\"Person\",\"@id\":\"https:\/\/www.sonnenseite.com\/de\/#\/schema\/person\/50fda0e926597684c7cc6695238a4eb9\",\"name\":\"Bigi Alt\"}]}<\/script>\n<!-- \/ Yoast SEO plugin. -->","yoast_head_json":{"title":"Klaus T\u00f6pfer \u2013 das gr\u00fcne Gewissen Deutschlands - Sonnenseite - \u00d6kologische Kommunikation mit Franz Alt","description":"\u00dcber 40 Jahre lang war Klaus T\u00f6pfer nicht nur das gr\u00fcne Gewissen der CDU, sondern ganz Deutschlands. Kaum ein anderer Politiker hatte partei\u00fcbergreifend","robots":{"index":"index","follow":"follow","max-snippet":"max-snippet:-1","max-image-preview":"max-image-preview:large","max-video-preview":"max-video-preview:-1"},"canonical":"https:\/\/www.sonnenseite.com\/de\/franz-alt\/kommentare-interviews\/klaus-toepfer-das-gruene-gewissen-deutschlands\/","og_locale":"de_DE","og_type":"article","og_title":"Klaus T\u00f6pfer \u2013 das gr\u00fcne Gewissen Deutschlands - Sonnenseite - \u00d6kologische Kommunikation mit Franz Alt","og_description":"\u00dcber 40 Jahre lang war Klaus T\u00f6pfer nicht nur das gr\u00fcne Gewissen der CDU, sondern ganz Deutschlands. Kaum ein anderer Politiker hatte partei\u00fcbergreifend","og_url":"https:\/\/www.sonnenseite.com\/de\/franz-alt\/kommentare-interviews\/klaus-toepfer-das-gruene-gewissen-deutschlands\/","og_site_name":"Sonnenseite","article_publisher":"https:\/\/www.facebook.com\/pages\/Franz-Alt-SONNENSEITECOM\/221072987903953?fref=ts","article_published_time":"2024-06-11T16:11:09+00:00","article_modified_time":"2024-06-14T11:34:59+00:00","og_image":[{"width":770,"height":420,"url":"https:\/\/www.sonnenseite.com\/wp-content\/uploads\/2024\/06\/scheer-toepfer-zeitsprung.jpg","type":"image\/jpeg"}],"author":"Bigi Alt","twitter_card":"summary_large_image","twitter_creator":"@franzalt","twitter_site":"@franzalt","twitter_misc":{"Verfasst von":"Bigi Alt","Gesch\u00e4tzte Lesezeit":"3\u00a0Minuten"},"schema":{"@context":"https:\/\/schema.org","@graph":[{"@type":"Article","@id":"https:\/\/www.sonnenseite.com\/de\/franz-alt\/kommentare-interviews\/klaus-toepfer-das-gruene-gewissen-deutschlands\/#article","isPartOf":{"@id":"https:\/\/www.sonnenseite.com\/de\/franz-alt\/kommentare-interviews\/klaus-toepfer-das-gruene-gewissen-deutschlands\/"},"author":{"name":"Bigi Alt","@id":"https:\/\/www.sonnenseite.com\/de\/#\/schema\/person\/50fda0e926597684c7cc6695238a4eb9"},"headline":"Klaus T\u00f6pfer \u2013 das gr\u00fcne Gewissen Deutschlands","datePublished":"2024-06-11T16:11:09+00:00","dateModified":"2024-06-14T11:34:59+00:00","mainEntityOfPage":{"@id":"https:\/\/www.sonnenseite.com\/de\/franz-alt\/kommentare-interviews\/klaus-toepfer-das-gruene-gewissen-deutschlands\/"},"wordCount":544,"publisher":{"@id":"https:\/\/www.sonnenseite.com\/de\/#organization"},"image":{"@id":"https:\/\/www.sonnenseite.com\/de\/franz-alt\/kommentare-interviews\/klaus-toepfer-das-gruene-gewissen-deutschlands\/#primaryimage"},"thumbnailUrl":"https:\/\/www.sonnenseite.com\/wp-content\/uploads\/2024\/06\/scheer-toepfer-zeitsprung.jpg","articleSection":["Kommentare &amp; Interviews"],"inLanguage":"de"},{"@type":"WebPage","@id":"https:\/\/www.sonnenseite.com\/de\/franz-alt\/kommentare-interviews\/klaus-toepfer-das-gruene-gewissen-deutschlands\/","url":"https:\/\/www.sonnenseite.com\/de\/franz-alt\/kommentare-interviews\/klaus-toepfer-das-gruene-gewissen-deutschlands\/","name":"Klaus T\u00f6pfer \u2013 das gr\u00fcne Gewissen Deutschlands - Sonnenseite - \u00d6kologische Kommunikation mit Franz Alt","isPartOf":{"@id":"https:\/\/www.sonnenseite.com\/de\/#website"},"primaryImageOfPage":{"@id":"https:\/\/www.sonnenseite.com\/de\/franz-alt\/kommentare-interviews\/klaus-toepfer-das-gruene-gewissen-deutschlands\/#primaryimage"},"image":{"@id":"https:\/\/www.sonnenseite.com\/de\/franz-alt\/kommentare-interviews\/klaus-toepfer-das-gruene-gewissen-deutschlands\/#primaryimage"},"thumbnailUrl":"https:\/\/www.sonnenseite.com\/wp-content\/uploads\/2024\/06\/scheer-toepfer-zeitsprung.jpg","datePublished":"2024-06-11T16:11:09+00:00","dateModified":"2024-06-14T11:34:59+00:00","description":"\u00dcber 40 Jahre lang war Klaus T\u00f6pfer nicht nur das gr\u00fcne Gewissen der CDU, sondern ganz Deutschlands. Kaum ein anderer Politiker hatte partei\u00fcbergreifend","breadcrumb":{"@id":"https:\/\/www.sonnenseite.com\/de\/franz-alt\/kommentare-interviews\/klaus-toepfer-das-gruene-gewissen-deutschlands\/#breadcrumb"},"inLanguage":"de","potentialAction":[{"@type":"ReadAction","target":["https:\/\/www.sonnenseite.com\/de\/franz-alt\/kommentare-interviews\/klaus-toepfer-das-gruene-gewissen-deutschlands\/"]}]},{"@type":"ImageObject","inLanguage":"de","@id":"https:\/\/www.sonnenseite.com\/de\/franz-alt\/kommentare-interviews\/klaus-toepfer-das-gruene-gewissen-deutschlands\/#primaryimage","url":"https:\/\/www.sonnenseite.com\/wp-content\/uploads\/2024\/06\/scheer-toepfer-zeitsprung.jpg","contentUrl":"https:\/\/www.sonnenseite.com\/wp-content\/uploads\/2024\/06\/scheer-toepfer-zeitsprung.jpg","width":770,"height":420,"caption":"SWR.de | v.l.n.rechts: Hermann Scheer - Klaus T\u00f6pfer - Franz Alt (1996)"},{"@type":"BreadcrumbList","@id":"https:\/\/www.sonnenseite.com\/de\/franz-alt\/kommentare-interviews\/klaus-toepfer-das-gruene-gewissen-deutschlands\/#breadcrumb","itemListElement":[{"@type":"ListItem","position":1,"name":"Startseite","item":"https:\/\/www.sonnenseite.com\/de\/"},{"@type":"ListItem","position":2,"name":"Klaus T\u00f6pfer \u2013 das gr\u00fcne Gewissen Deutschlands"}]},{"@type":"WebSite","@id":"https:\/\/www.sonnenseite.com\/de\/#website","url":"https:\/\/www.sonnenseite.com\/de\/","name":"Sonnenseite","description":"\u00d6kologische Kommunikation mit Franz Alt","publisher":{"@id":"https:\/\/www.sonnenseite.com\/de\/#organization"},"potentialAction":[{"@type":"SearchAction","target":{"@type":"EntryPoint","urlTemplate":"https:\/\/www.sonnenseite.com\/de\/?s={search_term_string}"},"query-input":{"@type":"PropertyValueSpecification","valueRequired":true,"valueName":"search_term_string"}}],"inLanguage":"de"},{"@type":"Organization","@id":"https:\/\/www.sonnenseite.com\/de\/#organization","name":"Sonnenseite","url":"https:\/\/www.sonnenseite.com\/de\/","logo":{"@type":"ImageObject","inLanguage":"de","@id":"https:\/\/www.sonnenseite.com\/de\/#\/schema\/logo\/image\/","url":"https:\/\/www.sonnenseite.com\/wp-content\/uploads\/2020\/05\/Sonnenseite_Logo.png","contentUrl":"https:\/\/www.sonnenseite.com\/wp-content\/uploads\/2020\/05\/Sonnenseite_Logo.png","width":377,"height":90,"caption":"Sonnenseite"},"image":{"@id":"https:\/\/www.sonnenseite.com\/de\/#\/schema\/logo\/image\/"},"sameAs":["https:\/\/www.facebook.com\/pages\/Franz-Alt-SONNENSEITECOM\/221072987903953?fref=ts","https:\/\/x.com\/franzalt","http:\/\/www.youtube.com\/results?search_query&amp;amp;quot;franz_alt&amp;amp;quot;&amp;amp;amp;amp;search_type&amp;amp;amp;amp;aq=f"]},{"@type":"Person","@id":"https:\/\/www.sonnenseite.com\/de\/#\/schema\/person\/50fda0e926597684c7cc6695238a4eb9","name":"Bigi Alt"}]}},"_links":{"self":[{"href":"https:\/\/www.sonnenseite.com\/de\/wp-json\/wp\/v2\/posts\/99944","targetHints":{"allow":["GET"]}}],"collection":[{"href":"https:\/\/www.sonnenseite.com\/de\/wp-json\/wp\/v2\/posts"}],"about":[{"href":"https:\/\/www.sonnenseite.com\/de\/wp-json\/wp\/v2\/types\/post"}],"author":[{"embeddable":true,"href":"https:\/\/www.sonnenseite.com\/de\/wp-json\/wp\/v2\/users\/3"}],"replies":[{"embeddable":true,"href":"https:\/\/www.sonnenseite.com\/de\/wp-json\/wp\/v2\/comments?post=99944"}],"version-history":[{"count":9,"href":"https:\/\/www.sonnenseite.com\/de\/wp-json\/wp\/v2\/posts\/99944\/revisions"}],"predecessor-version":[{"id":100035,"href":"https:\/\/www.sonnenseite.com\/de\/wp-json\/wp\/v2\/posts\/99944\/revisions\/100035"}],"wp:featuredmedia":[{"embeddable":true,"href":"https:\/\/www.sonnenseite.com\/de\/wp-json\/wp\/v2\/media\/99945"}],"wp:attachment":[{"href":"https:\/\/www.sonnenseite.com\/de\/wp-json\/wp\/v2\/media?parent=99944"}],"wp:term":[{"taxonomy":"category","embeddable":true,"href":"https:\/\/www.sonnenseite.com\/de\/wp-json\/wp\/v2\/categories?post=99944"},{"taxonomy":"post_tag","embeddable":true,"href":"https:\/\/www.sonnenseite.com\/de\/wp-json\/wp\/v2\/tags?post=99944"}],"curies":[{"name":"wp","href":"https:\/\/api.w.org\/{rel}","templated":true}]}}