{"id":99965,"date":"2024-06-12T12:47:52","date_gmt":"2024-06-12T10:47:52","guid":{"rendered":"https:\/\/www.sonnenseite.com\/?p=99965"},"modified":"2024-06-12T12:47:53","modified_gmt":"2024-06-12T10:47:53","slug":"philippsburg-wird-vom-atomstandort-zum-solar-vorreiter","status":"publish","type":"post","link":"https:\/\/www.sonnenseite.com\/de\/wirtschaft\/philippsburg-wird-vom-atomstandort-zum-solar-vorreiter\/","title":{"rendered":"Philippsburg wird vom Atomstandort zum Solar-Vorreiter"},"content":{"rendered":"\n<p>Die <a href=\"https:\/\/www.philippsburg.de\">Stadt Philippsburg<\/a> hat im nationalen \u201eWattbewerb\u201c unter 247 St\u00e4dten den vierten Platz erreicht und steht unter den baden-w\u00fcrttembergischen Teilnehmern sogar an der Spitze. <a href=\"https:\/\/www.wirthgruppe.com\">Unternehmen der Wirth Gruppe<\/a> haben dazu wesentlich beigetragen.<\/p>\n\n\n\n<p>Philippsburg, einst bekannt f\u00fcr sein Atomkraftwerk, hat sich zu einem f\u00fchrenden Solar-Standort entwickelt. Die Stadt am Rhein, die jahrzehntelang mit Kernenergie gleichgesetzt wurde, erlebt nun eine Transformation zur nachhaltigen Energiegewinnung durch Solarenergie. B\u00fcrgermeister Stefan Martus kann jetzt stolz verk\u00fcnden, dass Philippsburg im nationalen &#8222;Wattbewerb&#8220; unter 247 St\u00e4dten den vierten Platz erreicht hat und unter den baden-w\u00fcrttembergischen Teilnehmern sogar an der Spitze steht. Unternehmen der Wirth Gruppe haben dazu wesentlich beigetragen.<br><br><strong>Im Industriepark Philippsburg hat sich ein Photovoltaik-Hotspot entwickelt<\/strong><br><br>Nach der \u00dcbernahme des ehemaligen Goodyearwerkes in Philippsburg entwickelt die Wirth Gruppe dort den Industriepark Philippsburg (IPP). Es haben sich mehrere Solarunternehmen aus der Wirth Gruppe niedergelassen. Die Wirsol Roof Solutions und solar4trade unterhalten dort das Lager f\u00fcr alle PV-Komponenten. Auch das Solarteur-Camp Rhein-Neckar zur Ausbildung der Solarteure wurde dort angesiedelt. Die Photovoltaikanlagen auf den gro\u00dfen Hallend\u00e4chern tragen entscheidend zum Ausbau der Solarenergie in Philippsburg bei. Insgesamt 3,75 Megawatt installierte Leistung produzieren dort etwa 3,8 Millionen Kilowattstunden Solarstrom. Im Jahr k\u00f6nnen so 2,2 Tonnen CO2-Aussto\u00df vermieden werden.<br><br>&#8222;Wir wollen unseren Solarstandort in Philippsburg weiter ausbauen und werden mit weiteren Anlagen auch k\u00fcnftig nennenswerte Beitr\u00e4ge f\u00fcr den PV-Zubau in Philippsburg leisten&#8220;, erkl\u00e4rte Andreas Wirth f\u00fcr die Wirth Gruppe.<br><br><strong>Philippsburg hat in zwei Jahren die meiste PV-Leistung zugebaut<\/strong><br><br>Die Auszeichnung Philippsburgs beim PV-Ausbau spiegelt die zugebaute Leistung durch Photovoltaikanlagen wider, sowie den kontinuierlichen Ausbau neuer Anlagen. Bei der Preisverleihung konnte Stefan Martus, nach der Begr\u00fc\u00dfung durch Bundespr\u00e4sident Frank Walter Steinmeier, den Preis f\u00fcr den bundesweit vierth\u00f6chsten Zubau an Photovoltaikausbau in der Kategorie &#8222;St\u00e4dte&#8220; entgegennehmen. In Anwesenheit von St\u00e4dtetagspr\u00e4sident Markus Lewe wurde Philippsburg auch f\u00fcr den Spitzenplatz in Baden-W\u00fcrttemberg geehrt.<br><br>&#8222;Wir werden am PV-Ausbau dranbleiben, um den baden-w\u00fcrttembergischen Spitzenplatz \u00a0im Wattbewerb zu behalten und bundesweit noch weiter vorne zu landen. Dabei setzen wir auf die Unterst\u00fctzung der B\u00fcrgerinnen und B\u00fcrger und hier ans\u00e4ssigen Unternehmen&#8220;, erkl\u00e4rte B\u00fcrgermeister Stefan Martus.<br><br>Vor allem die <a href=\"https:\/\/www.philippsburg.de\/index.php\/aktuelles-lesen\/preisverleihung-im-schloss-bellevue-bei-bundespraesident-frank-walter-steinmeier-in-berlin.html\">B\u00fcrger von Philippsburg<\/a> haben zum Erfolg beigetragen, indem viele private PV-Anlagen auf ihren D\u00e4chern installiert wurden. Philippsburg setzt damit ein starkes Zeichen f\u00fcr die Energiewende und zeigt, dass nachhaltige Energiekonzepte eine lebenswerte Zukunft erm\u00f6glichen. Die Stadt Philippsburg hat bereits 1,5 Millionen Euro f\u00fcr weitere Photovoltaikanlagen eingeplant, die auf \u00f6ffentlichen Geb\u00e4uden wie Schulen und Feuerwehrh\u00e4usern installiert werden sollen. Auch das Rathaus von Philippsburg ist bereits mit Solaranlagen ausgestattet. Dieser Trend wird durch die wirtschaftlichen Vorteile der Solarenergie weiter verst\u00e4rkt. Mit der derzeit erzeugten Sonnenenergie k\u00f6nnte Philippsburg theoretisch seine kleinen und mittleren Unternehmen vollst\u00e4ndig autark versorgen.<br><\/p>\n\n\n<h5 class=\"green\">Quelle<\/h5>\r\n\n\n\n<p><a href=\"https:\/\/www.wirthgruppe.com\">WIRTH GRUPPE 2024<\/a> | <a href=\"https:\/\/www.pr-newscenter.com\/public\/pm\/read\/6259044\/Philippsburg_wird_vom_Atomstandort_zum_Solar-Vorreiter\">PRNewsCenter 2024<\/a> |  <a href=\"https:\/\/myconvento.com\" target=\"_blank\" rel=\"noreferrer noopener\">myconvento.com<\/a> | <a href=\"https:\/\/www.philippsburg.de\">https:\/\/www.philippsburg.de<\/a><\/p>\n<div class=\"shariff shariff-align-flex-start shariff-widget-align-flex-start\"><div class=\"ShariffHeadline\">Diese Meldung teilen<\/div><ul class=\"shariff-buttons theme-round orientation-horizontal buttonsize-medium\"><li class=\"shariff-button facebook shariff-nocustomcolor\" style=\"background-color:#4273c8;border-radius:1%\"><a href=\"https:\/\/www.facebook.com\/sharer\/sharer.php?u=https%3A%2F%2Fwww.sonnenseite.com%2Fde%2Fwirtschaft%2Fphilippsburg-wird-vom-atomstandort-zum-solar-vorreiter%2F\" title=\"Bei Facebook teilen\" aria-label=\"Bei Facebook teilen\" role=\"button\" rel=\"nofollow\" class=\"shariff-link\" style=\";border-radius:1%; background-color:#3b5998; color:#fff\" target=\"_blank\"><span class=\"shariff-icon\" style=\"\"><svg width=\"32px\" height=\"20px\" xmlns=\"http:\/\/www.w3.org\/2000\/svg\" viewBox=\"0 0 18 32\"><path fill=\"#3b5998\" d=\"M17.1 0.2v4.7h-2.8q-1.5 0-2.1 0.6t-0.5 1.9v3.4h5.2l-0.7 5.3h-4.5v13.6h-5.5v-13.6h-4.5v-5.3h4.5v-3.9q0-3.3 1.9-5.2t5-1.8q2.6 0 4.1 0.2z\"\/><\/svg><\/span><\/a><\/li><li class=\"shariff-button twitter shariff-nocustomcolor\" style=\"background-color:#595959;border-radius:1%\"><a href=\"https:\/\/twitter.com\/share?url=https%3A%2F%2Fwww.sonnenseite.com%2Fde%2Fwirtschaft%2Fphilippsburg-wird-vom-atomstandort-zum-solar-vorreiter%2F&text=Philippsburg%20wird%20vom%20Atomstandort%20zum%20Solar-Vorreiter\" title=\"Bei X teilen\" aria-label=\"Bei X teilen\" role=\"button\" rel=\"noopener nofollow\" class=\"shariff-link\" style=\";border-radius:1%; background-color:#000; color:#fff\" target=\"_blank\"><span class=\"shariff-icon\" style=\"\"><svg width=\"32px\" height=\"20px\" xmlns=\"http:\/\/www.w3.org\/2000\/svg\" viewBox=\"0 0 24 24\"><path fill=\"#000\" d=\"M14.258 10.152L23.176 0h-2.113l-7.747 8.813L7.133 0H0l9.352 13.328L0 23.973h2.113l8.176-9.309 6.531 9.309h7.133zm-2.895 3.293l-.949-1.328L2.875 1.56h3.246l6.086 8.523.945 1.328 7.91 11.078h-3.246zm0 0\"\/><\/svg><\/span><\/a><\/li><li class=\"shariff-button xing shariff-nocustomcolor\" style=\"background-color:#29888a;border-radius:1%\"><a href=\"https:\/\/www.xing.com\/spi\/shares\/new?url=https%3A%2F%2Fwww.sonnenseite.com%2Fde%2Fwirtschaft%2Fphilippsburg-wird-vom-atomstandort-zum-solar-vorreiter%2F\" title=\"Bei XING teilen\" aria-label=\"Bei XING teilen\" role=\"button\" rel=\"noopener nofollow\" class=\"shariff-link\" style=\";border-radius:1%; background-color:#126567; color:#fff\" target=\"_blank\"><span class=\"shariff-icon\" style=\"\"><svg width=\"32px\" height=\"20px\" xmlns=\"http:\/\/www.w3.org\/2000\/svg\" viewBox=\"0 0 25 32\"><path fill=\"#126567\" d=\"M10.7 11.9q-0.2 0.3-4.6 8.2-0.5 0.8-1.2 0.8h-4.3q-0.4 0-0.5-0.3t0-0.6l4.5-8q0 0 0 0l-2.9-5q-0.2-0.4 0-0.7 0.2-0.3 0.5-0.3h4.3q0.7 0 1.2 0.8zM25.1 0.4q0.2 0.3 0 0.7l-9.4 16.7 6 11q0.2 0.4 0 0.6-0.2 0.3-0.6 0.3h-4.3q-0.7 0-1.2-0.8l-6-11.1q0.3-0.6 9.5-16.8 0.4-0.8 1.2-0.8h4.3q0.4 0 0.5 0.3z\"\/><\/svg><\/span><\/a><\/li><li class=\"shariff-button linkedin shariff-nocustomcolor\" style=\"background-color:#1488bf;border-radius:1%\"><a href=\"https:\/\/www.linkedin.com\/sharing\/share-offsite\/?url=https%3A%2F%2Fwww.sonnenseite.com%2Fde%2Fwirtschaft%2Fphilippsburg-wird-vom-atomstandort-zum-solar-vorreiter%2F\" title=\"Bei LinkedIn teilen\" aria-label=\"Bei LinkedIn teilen\" role=\"button\" rel=\"noopener nofollow\" class=\"shariff-link\" style=\";border-radius:1%; background-color:#0077b5; color:#fff\" target=\"_blank\"><span class=\"shariff-icon\" style=\"\"><svg width=\"32px\" height=\"20px\" xmlns=\"http:\/\/www.w3.org\/2000\/svg\" viewBox=\"0 0 27 32\"><path fill=\"#0077b5\" d=\"M6.2 11.2v17.7h-5.9v-17.7h5.9zM6.6 5.7q0 1.3-0.9 2.2t-2.4 0.9h0q-1.5 0-2.4-0.9t-0.9-2.2 0.9-2.2 2.4-0.9 2.4 0.9 0.9 2.2zM27.4 18.7v10.1h-5.9v-9.5q0-1.9-0.7-2.9t-2.3-1.1q-1.1 0-1.9 0.6t-1.2 1.5q-0.2 0.5-0.2 1.4v9.9h-5.9q0-7.1 0-11.6t0-5.3l0-0.9h5.9v2.6h0q0.4-0.6 0.7-1t1-0.9 1.6-0.8 2-0.3q3 0 4.9 2t1.9 6z\"\/><\/svg><\/span><\/a><\/li><li class=\"shariff-button printer shariff-nocustomcolor\" style=\"background-color:#a8a8a8;border-radius:1%\"><a href=\"javascript:window.print()\" title=\"drucken\" aria-label=\"drucken\" role=\"button\" rel=\"noopener nofollow\" class=\"shariff-link\" style=\";border-radius:1%; background-color:#999; color:#fff\"><span class=\"shariff-icon\" style=\"\"><svg width=\"32px\" height=\"20px\" xmlns=\"http:\/\/www.w3.org\/2000\/svg\" viewBox=\"0 0 30 32\"><path fill=\"#999\" d=\"M6.8 27.4h16v-4.6h-16v4.6zM6.8 16h16v-6.8h-2.8q-0.7 0-1.2-0.5t-0.5-1.2v-2.8h-11.4v11.4zM27.4 17.2q0-0.5-0.3-0.8t-0.8-0.4-0.8 0.4-0.3 0.8 0.3 0.8 0.8 0.3 0.8-0.3 0.3-0.8zM29.7 17.2v7.4q0 0.2-0.2 0.4t-0.4 0.2h-4v2.8q0 0.7-0.5 1.2t-1.2 0.5h-17.2q-0.7 0-1.2-0.5t-0.5-1.2v-2.8h-4q-0.2 0-0.4-0.2t-0.2-0.4v-7.4q0-1.4 1-2.4t2.4-1h1.2v-9.7q0-0.7 0.5-1.2t1.2-0.5h12q0.7 0 1.6 0.4t1.3 0.8l2.7 2.7q0.5 0.5 0.9 1.4t0.4 1.6v4.6h1.1q1.4 0 2.4 1t1 2.4z\"\/><\/svg><\/span><\/a><\/li><li class=\"shariff-button mailto shariff-nocustomcolor\" style=\"background-color:#a8a8a8;border-radius:1%\"><a href=\"mailto:?body=https%3A%2F%2Fwww.sonnenseite.com%2Fde%2Fwirtschaft%2Fphilippsburg-wird-vom-atomstandort-zum-solar-vorreiter%2F&subject=Philippsburg%20wird%20vom%20Atomstandort%20zum%20Solar-Vorreiter\" title=\"Per E-Mail versenden\" aria-label=\"Per E-Mail versenden\" role=\"button\" rel=\"noopener nofollow\" class=\"shariff-link\" style=\";border-radius:1%; background-color:#999; color:#fff\"><span class=\"shariff-icon\" style=\"\"><svg width=\"32px\" height=\"20px\" xmlns=\"http:\/\/www.w3.org\/2000\/svg\" viewBox=\"0 0 32 32\"><path fill=\"#999\" d=\"M32 12.7v14.2q0 1.2-0.8 2t-2 0.9h-26.3q-1.2 0-2-0.9t-0.8-2v-14.2q0.8 0.9 1.8 1.6 6.5 4.4 8.9 6.1 1 0.8 1.6 1.2t1.7 0.9 2 0.4h0.1q0.9 0 2-0.4t1.7-0.9 1.6-1.2q3-2.2 8.9-6.1 1-0.7 1.8-1.6zM32 7.4q0 1.4-0.9 2.7t-2.2 2.2q-6.7 4.7-8.4 5.8-0.2 0.1-0.7 0.5t-1 0.7-0.9 0.6-1.1 0.5-0.9 0.2h-0.1q-0.4 0-0.9-0.2t-1.1-0.5-0.9-0.6-1-0.7-0.7-0.5q-1.6-1.1-4.7-3.2t-3.6-2.6q-1.1-0.7-2.1-2t-1-2.5q0-1.4 0.7-2.3t2.1-0.9h26.3q1.2 0 2 0.8t0.9 2z\"\/><\/svg><\/span><\/a><\/li><\/ul><\/div>","protected":false},"excerpt":{"rendered":"<p>Die Stadt Philippsburg hat im nationalen \u201eWattbewerb\u201c unter 247 St\u00e4dten den vierten Platz erreicht und steht [&hellip;]<\/p>\n","protected":false},"author":3,"featured_media":99966,"comment_status":"closed","ping_status":"closed","sticky":false,"template":"","format":"standard","meta":{"inline_featured_image":false,"footnotes":""},"categories":[24],"tags":[],"class_list":["post-99965","post","type-post","status-publish","format-standard","has-post-thumbnail","hentry","category-wirtschaft"],"yoast_head":"<!-- This site is optimized with the Yoast SEO plugin v26.5 - https:\/\/yoast.com\/wordpress\/plugins\/seo\/ -->\n<title>Philippsburg wird vom Atomstandort zum Solar-Vorreiter - Sonnenseite - \u00d6kologische Kommunikation mit Franz Alt<\/title>\n<meta name=\"description\" content=\"Die Stadt Philippsburg hat im nationalen \u201eWattbewerb\u201c unter 247 St\u00e4dten den vierten Platz erreicht und steht unter den baden-w\u00fcrttembergischen Teilnehmern\" \/>\n<meta name=\"robots\" content=\"index, follow, max-snippet:-1, max-image-preview:large, max-video-preview:-1\" \/>\n<link rel=\"canonical\" href=\"https:\/\/www.sonnenseite.com\/de\/wirtschaft\/philippsburg-wird-vom-atomstandort-zum-solar-vorreiter\/\" \/>\n<meta property=\"og:locale\" content=\"de_DE\" \/>\n<meta property=\"og:type\" content=\"article\" \/>\n<meta property=\"og:title\" content=\"Philippsburg wird vom Atomstandort zum Solar-Vorreiter - Sonnenseite - \u00d6kologische Kommunikation mit Franz Alt\" \/>\n<meta property=\"og:description\" content=\"Die Stadt Philippsburg hat im nationalen \u201eWattbewerb\u201c unter 247 St\u00e4dten den vierten Platz erreicht und steht unter den baden-w\u00fcrttembergischen Teilnehmern\" \/>\n<meta property=\"og:url\" content=\"https:\/\/www.sonnenseite.com\/de\/wirtschaft\/philippsburg-wird-vom-atomstandort-zum-solar-vorreiter\/\" \/>\n<meta property=\"og:site_name\" content=\"Sonnenseite\" \/>\n<meta property=\"article:publisher\" content=\"https:\/\/www.facebook.com\/pages\/Franz-Alt-SONNENSEITECOM\/221072987903953?fref=ts\" \/>\n<meta property=\"article:published_time\" content=\"2024-06-12T10:47:52+00:00\" \/>\n<meta property=\"article:modified_time\" content=\"2024-06-12T10:47:53+00:00\" \/>\n<meta property=\"og:image\" content=\"https:\/\/www.sonnenseite.com\/wp-content\/uploads\/2024\/06\/WirthGruppe_philippsburg.jpg\" \/>\n\t<meta property=\"og:image:width\" content=\"770\" \/>\n\t<meta property=\"og:image:height\" content=\"420\" \/>\n\t<meta property=\"og:image:type\" content=\"image\/jpeg\" \/>\n<meta name=\"author\" content=\"Bigi Alt\" \/>\n<meta name=\"twitter:card\" content=\"summary_large_image\" \/>\n<meta name=\"twitter:creator\" content=\"@franzalt\" \/>\n<meta name=\"twitter:site\" content=\"@franzalt\" \/>\n<meta name=\"twitter:label1\" content=\"Verfasst von\" \/>\n\t<meta name=\"twitter:data1\" content=\"Bigi Alt\" \/>\n\t<meta name=\"twitter:label2\" content=\"Gesch\u00e4tzte Lesezeit\" \/>\n\t<meta name=\"twitter:data2\" content=\"3\u00a0Minuten\" \/>\n<script type=\"application\/ld+json\" class=\"yoast-schema-graph\">{\"@context\":\"https:\/\/schema.org\",\"@graph\":[{\"@type\":\"Article\",\"@id\":\"https:\/\/www.sonnenseite.com\/de\/wirtschaft\/philippsburg-wird-vom-atomstandort-zum-solar-vorreiter\/#article\",\"isPartOf\":{\"@id\":\"https:\/\/www.sonnenseite.com\/de\/wirtschaft\/philippsburg-wird-vom-atomstandort-zum-solar-vorreiter\/\"},\"author\":{\"name\":\"Bigi Alt\",\"@id\":\"https:\/\/www.sonnenseite.com\/de\/#\/schema\/person\/50fda0e926597684c7cc6695238a4eb9\"},\"headline\":\"Philippsburg wird vom Atomstandort zum Solar-Vorreiter\",\"datePublished\":\"2024-06-12T10:47:52+00:00\",\"dateModified\":\"2024-06-12T10:47:53+00:00\",\"mainEntityOfPage\":{\"@id\":\"https:\/\/www.sonnenseite.com\/de\/wirtschaft\/philippsburg-wird-vom-atomstandort-zum-solar-vorreiter\/\"},\"wordCount\":486,\"publisher\":{\"@id\":\"https:\/\/www.sonnenseite.com\/de\/#organization\"},\"image\":{\"@id\":\"https:\/\/www.sonnenseite.com\/de\/wirtschaft\/philippsburg-wird-vom-atomstandort-zum-solar-vorreiter\/#primaryimage\"},\"thumbnailUrl\":\"https:\/\/www.sonnenseite.com\/wp-content\/uploads\/2024\/06\/WirthGruppe_philippsburg.jpg\",\"articleSection\":[\"Wirtschaft\"],\"inLanguage\":\"de\"},{\"@type\":\"WebPage\",\"@id\":\"https:\/\/www.sonnenseite.com\/de\/wirtschaft\/philippsburg-wird-vom-atomstandort-zum-solar-vorreiter\/\",\"url\":\"https:\/\/www.sonnenseite.com\/de\/wirtschaft\/philippsburg-wird-vom-atomstandort-zum-solar-vorreiter\/\",\"name\":\"Philippsburg wird vom Atomstandort zum Solar-Vorreiter - Sonnenseite - \u00d6kologische Kommunikation mit Franz Alt\",\"isPartOf\":{\"@id\":\"https:\/\/www.sonnenseite.com\/de\/#website\"},\"primaryImageOfPage\":{\"@id\":\"https:\/\/www.sonnenseite.com\/de\/wirtschaft\/philippsburg-wird-vom-atomstandort-zum-solar-vorreiter\/#primaryimage\"},\"image\":{\"@id\":\"https:\/\/www.sonnenseite.com\/de\/wirtschaft\/philippsburg-wird-vom-atomstandort-zum-solar-vorreiter\/#primaryimage\"},\"thumbnailUrl\":\"https:\/\/www.sonnenseite.com\/wp-content\/uploads\/2024\/06\/WirthGruppe_philippsburg.jpg\",\"datePublished\":\"2024-06-12T10:47:52+00:00\",\"dateModified\":\"2024-06-12T10:47:53+00:00\",\"description\":\"Die Stadt Philippsburg hat im nationalen \u201eWattbewerb\u201c unter 247 St\u00e4dten den vierten Platz erreicht und steht unter den baden-w\u00fcrttembergischen Teilnehmern\",\"breadcrumb\":{\"@id\":\"https:\/\/www.sonnenseite.com\/de\/wirtschaft\/philippsburg-wird-vom-atomstandort-zum-solar-vorreiter\/#breadcrumb\"},\"inLanguage\":\"de\",\"potentialAction\":[{\"@type\":\"ReadAction\",\"target\":[\"https:\/\/www.sonnenseite.com\/de\/wirtschaft\/philippsburg-wird-vom-atomstandort-zum-solar-vorreiter\/\"]}]},{\"@type\":\"ImageObject\",\"inLanguage\":\"de\",\"@id\":\"https:\/\/www.sonnenseite.com\/de\/wirtschaft\/philippsburg-wird-vom-atomstandort-zum-solar-vorreiter\/#primaryimage\",\"url\":\"https:\/\/www.sonnenseite.com\/wp-content\/uploads\/2024\/06\/WirthGruppe_philippsburg.jpg\",\"contentUrl\":\"https:\/\/www.sonnenseite.com\/wp-content\/uploads\/2024\/06\/WirthGruppe_philippsburg.jpg\",\"width\":770,\"height\":420,\"caption\":\"Wirth Gruppe | hilippsburg\"},{\"@type\":\"BreadcrumbList\",\"@id\":\"https:\/\/www.sonnenseite.com\/de\/wirtschaft\/philippsburg-wird-vom-atomstandort-zum-solar-vorreiter\/#breadcrumb\",\"itemListElement\":[{\"@type\":\"ListItem\",\"position\":1,\"name\":\"Startseite\",\"item\":\"https:\/\/www.sonnenseite.com\/de\/\"},{\"@type\":\"ListItem\",\"position\":2,\"name\":\"Philippsburg wird vom Atomstandort zum Solar-Vorreiter\"}]},{\"@type\":\"WebSite\",\"@id\":\"https:\/\/www.sonnenseite.com\/de\/#website\",\"url\":\"https:\/\/www.sonnenseite.com\/de\/\",\"name\":\"Sonnenseite\",\"description\":\"\u00d6kologische Kommunikation mit Franz Alt\",\"publisher\":{\"@id\":\"https:\/\/www.sonnenseite.com\/de\/#organization\"},\"potentialAction\":[{\"@type\":\"SearchAction\",\"target\":{\"@type\":\"EntryPoint\",\"urlTemplate\":\"https:\/\/www.sonnenseite.com\/de\/?s={search_term_string}\"},\"query-input\":{\"@type\":\"PropertyValueSpecification\",\"valueRequired\":true,\"valueName\":\"search_term_string\"}}],\"inLanguage\":\"de\"},{\"@type\":\"Organization\",\"@id\":\"https:\/\/www.sonnenseite.com\/de\/#organization\",\"name\":\"Sonnenseite\",\"url\":\"https:\/\/www.sonnenseite.com\/de\/\",\"logo\":{\"@type\":\"ImageObject\",\"inLanguage\":\"de\",\"@id\":\"https:\/\/www.sonnenseite.com\/de\/#\/schema\/logo\/image\/\",\"url\":\"https:\/\/www.sonnenseite.com\/wp-content\/uploads\/2020\/05\/Sonnenseite_Logo.png\",\"contentUrl\":\"https:\/\/www.sonnenseite.com\/wp-content\/uploads\/2020\/05\/Sonnenseite_Logo.png\",\"width\":377,\"height\":90,\"caption\":\"Sonnenseite\"},\"image\":{\"@id\":\"https:\/\/www.sonnenseite.com\/de\/#\/schema\/logo\/image\/\"},\"sameAs\":[\"https:\/\/www.facebook.com\/pages\/Franz-Alt-SONNENSEITECOM\/221072987903953?fref=ts\",\"https:\/\/x.com\/franzalt\",\"http:\/\/www.youtube.com\/results?search_query&amp;amp;quot;franz_alt&amp;amp;quot;&amp;amp;amp;amp;search_type&amp;amp;amp;amp;aq=f\"]},{\"@type\":\"Person\",\"@id\":\"https:\/\/www.sonnenseite.com\/de\/#\/schema\/person\/50fda0e926597684c7cc6695238a4eb9\",\"name\":\"Bigi Alt\"}]}<\/script>\n<!-- \/ Yoast SEO plugin. -->","yoast_head_json":{"title":"Philippsburg wird vom Atomstandort zum Solar-Vorreiter - Sonnenseite - \u00d6kologische Kommunikation mit Franz Alt","description":"Die Stadt Philippsburg hat im nationalen \u201eWattbewerb\u201c unter 247 St\u00e4dten den vierten Platz erreicht und steht unter den baden-w\u00fcrttembergischen Teilnehmern","robots":{"index":"index","follow":"follow","max-snippet":"max-snippet:-1","max-image-preview":"max-image-preview:large","max-video-preview":"max-video-preview:-1"},"canonical":"https:\/\/www.sonnenseite.com\/de\/wirtschaft\/philippsburg-wird-vom-atomstandort-zum-solar-vorreiter\/","og_locale":"de_DE","og_type":"article","og_title":"Philippsburg wird vom Atomstandort zum Solar-Vorreiter - Sonnenseite - \u00d6kologische Kommunikation mit Franz Alt","og_description":"Die Stadt Philippsburg hat im nationalen \u201eWattbewerb\u201c unter 247 St\u00e4dten den vierten Platz erreicht und steht unter den baden-w\u00fcrttembergischen Teilnehmern","og_url":"https:\/\/www.sonnenseite.com\/de\/wirtschaft\/philippsburg-wird-vom-atomstandort-zum-solar-vorreiter\/","og_site_name":"Sonnenseite","article_publisher":"https:\/\/www.facebook.com\/pages\/Franz-Alt-SONNENSEITECOM\/221072987903953?fref=ts","article_published_time":"2024-06-12T10:47:52+00:00","article_modified_time":"2024-06-12T10:47:53+00:00","og_image":[{"width":770,"height":420,"url":"https:\/\/www.sonnenseite.com\/wp-content\/uploads\/2024\/06\/WirthGruppe_philippsburg.jpg","type":"image\/jpeg"}],"author":"Bigi Alt","twitter_card":"summary_large_image","twitter_creator":"@franzalt","twitter_site":"@franzalt","twitter_misc":{"Verfasst von":"Bigi Alt","Gesch\u00e4tzte Lesezeit":"3\u00a0Minuten"},"schema":{"@context":"https:\/\/schema.org","@graph":[{"@type":"Article","@id":"https:\/\/www.sonnenseite.com\/de\/wirtschaft\/philippsburg-wird-vom-atomstandort-zum-solar-vorreiter\/#article","isPartOf":{"@id":"https:\/\/www.sonnenseite.com\/de\/wirtschaft\/philippsburg-wird-vom-atomstandort-zum-solar-vorreiter\/"},"author":{"name":"Bigi Alt","@id":"https:\/\/www.sonnenseite.com\/de\/#\/schema\/person\/50fda0e926597684c7cc6695238a4eb9"},"headline":"Philippsburg wird vom Atomstandort zum Solar-Vorreiter","datePublished":"2024-06-12T10:47:52+00:00","dateModified":"2024-06-12T10:47:53+00:00","mainEntityOfPage":{"@id":"https:\/\/www.sonnenseite.com\/de\/wirtschaft\/philippsburg-wird-vom-atomstandort-zum-solar-vorreiter\/"},"wordCount":486,"publisher":{"@id":"https:\/\/www.sonnenseite.com\/de\/#organization"},"image":{"@id":"https:\/\/www.sonnenseite.com\/de\/wirtschaft\/philippsburg-wird-vom-atomstandort-zum-solar-vorreiter\/#primaryimage"},"thumbnailUrl":"https:\/\/www.sonnenseite.com\/wp-content\/uploads\/2024\/06\/WirthGruppe_philippsburg.jpg","articleSection":["Wirtschaft"],"inLanguage":"de"},{"@type":"WebPage","@id":"https:\/\/www.sonnenseite.com\/de\/wirtschaft\/philippsburg-wird-vom-atomstandort-zum-solar-vorreiter\/","url":"https:\/\/www.sonnenseite.com\/de\/wirtschaft\/philippsburg-wird-vom-atomstandort-zum-solar-vorreiter\/","name":"Philippsburg wird vom Atomstandort zum Solar-Vorreiter - Sonnenseite - \u00d6kologische Kommunikation mit Franz Alt","isPartOf":{"@id":"https:\/\/www.sonnenseite.com\/de\/#website"},"primaryImageOfPage":{"@id":"https:\/\/www.sonnenseite.com\/de\/wirtschaft\/philippsburg-wird-vom-atomstandort-zum-solar-vorreiter\/#primaryimage"},"image":{"@id":"https:\/\/www.sonnenseite.com\/de\/wirtschaft\/philippsburg-wird-vom-atomstandort-zum-solar-vorreiter\/#primaryimage"},"thumbnailUrl":"https:\/\/www.sonnenseite.com\/wp-content\/uploads\/2024\/06\/WirthGruppe_philippsburg.jpg","datePublished":"2024-06-12T10:47:52+00:00","dateModified":"2024-06-12T10:47:53+00:00","description":"Die Stadt Philippsburg hat im nationalen \u201eWattbewerb\u201c unter 247 St\u00e4dten den vierten Platz erreicht und steht unter den baden-w\u00fcrttembergischen Teilnehmern","breadcrumb":{"@id":"https:\/\/www.sonnenseite.com\/de\/wirtschaft\/philippsburg-wird-vom-atomstandort-zum-solar-vorreiter\/#breadcrumb"},"inLanguage":"de","potentialAction":[{"@type":"ReadAction","target":["https:\/\/www.sonnenseite.com\/de\/wirtschaft\/philippsburg-wird-vom-atomstandort-zum-solar-vorreiter\/"]}]},{"@type":"ImageObject","inLanguage":"de","@id":"https:\/\/www.sonnenseite.com\/de\/wirtschaft\/philippsburg-wird-vom-atomstandort-zum-solar-vorreiter\/#primaryimage","url":"https:\/\/www.sonnenseite.com\/wp-content\/uploads\/2024\/06\/WirthGruppe_philippsburg.jpg","contentUrl":"https:\/\/www.sonnenseite.com\/wp-content\/uploads\/2024\/06\/WirthGruppe_philippsburg.jpg","width":770,"height":420,"caption":"Wirth Gruppe | hilippsburg"},{"@type":"BreadcrumbList","@id":"https:\/\/www.sonnenseite.com\/de\/wirtschaft\/philippsburg-wird-vom-atomstandort-zum-solar-vorreiter\/#breadcrumb","itemListElement":[{"@type":"ListItem","position":1,"name":"Startseite","item":"https:\/\/www.sonnenseite.com\/de\/"},{"@type":"ListItem","position":2,"name":"Philippsburg wird vom Atomstandort zum Solar-Vorreiter"}]},{"@type":"WebSite","@id":"https:\/\/www.sonnenseite.com\/de\/#website","url":"https:\/\/www.sonnenseite.com\/de\/","name":"Sonnenseite","description":"\u00d6kologische Kommunikation mit Franz Alt","publisher":{"@id":"https:\/\/www.sonnenseite.com\/de\/#organization"},"potentialAction":[{"@type":"SearchAction","target":{"@type":"EntryPoint","urlTemplate":"https:\/\/www.sonnenseite.com\/de\/?s={search_term_string}"},"query-input":{"@type":"PropertyValueSpecification","valueRequired":true,"valueName":"search_term_string"}}],"inLanguage":"de"},{"@type":"Organization","@id":"https:\/\/www.sonnenseite.com\/de\/#organization","name":"Sonnenseite","url":"https:\/\/www.sonnenseite.com\/de\/","logo":{"@type":"ImageObject","inLanguage":"de","@id":"https:\/\/www.sonnenseite.com\/de\/#\/schema\/logo\/image\/","url":"https:\/\/www.sonnenseite.com\/wp-content\/uploads\/2020\/05\/Sonnenseite_Logo.png","contentUrl":"https:\/\/www.sonnenseite.com\/wp-content\/uploads\/2020\/05\/Sonnenseite_Logo.png","width":377,"height":90,"caption":"Sonnenseite"},"image":{"@id":"https:\/\/www.sonnenseite.com\/de\/#\/schema\/logo\/image\/"},"sameAs":["https:\/\/www.facebook.com\/pages\/Franz-Alt-SONNENSEITECOM\/221072987903953?fref=ts","https:\/\/x.com\/franzalt","http:\/\/www.youtube.com\/results?search_query&amp;amp;quot;franz_alt&amp;amp;quot;&amp;amp;amp;amp;search_type&amp;amp;amp;amp;aq=f"]},{"@type":"Person","@id":"https:\/\/www.sonnenseite.com\/de\/#\/schema\/person\/50fda0e926597684c7cc6695238a4eb9","name":"Bigi Alt"}]}},"_links":{"self":[{"href":"https:\/\/www.sonnenseite.com\/de\/wp-json\/wp\/v2\/posts\/99965","targetHints":{"allow":["GET"]}}],"collection":[{"href":"https:\/\/www.sonnenseite.com\/de\/wp-json\/wp\/v2\/posts"}],"about":[{"href":"https:\/\/www.sonnenseite.com\/de\/wp-json\/wp\/v2\/types\/post"}],"author":[{"embeddable":true,"href":"https:\/\/www.sonnenseite.com\/de\/wp-json\/wp\/v2\/users\/3"}],"replies":[{"embeddable":true,"href":"https:\/\/www.sonnenseite.com\/de\/wp-json\/wp\/v2\/comments?post=99965"}],"version-history":[{"count":2,"href":"https:\/\/www.sonnenseite.com\/de\/wp-json\/wp\/v2\/posts\/99965\/revisions"}],"predecessor-version":[{"id":99969,"href":"https:\/\/www.sonnenseite.com\/de\/wp-json\/wp\/v2\/posts\/99965\/revisions\/99969"}],"wp:featuredmedia":[{"embeddable":true,"href":"https:\/\/www.sonnenseite.com\/de\/wp-json\/wp\/v2\/media\/99966"}],"wp:attachment":[{"href":"https:\/\/www.sonnenseite.com\/de\/wp-json\/wp\/v2\/media?parent=99965"}],"wp:term":[{"taxonomy":"category","embeddable":true,"href":"https:\/\/www.sonnenseite.com\/de\/wp-json\/wp\/v2\/categories?post=99965"},{"taxonomy":"post_tag","embeddable":true,"href":"https:\/\/www.sonnenseite.com\/de\/wp-json\/wp\/v2\/tags?post=99965"}],"curies":[{"name":"wp","href":"https:\/\/api.w.org\/{rel}","templated":true}]}}